{"id":17292,"date":"2026-01-27T00:45:00","date_gmt":"2026-01-27T06:45:00","guid":{"rendered":"https:\/\/sanluisinforma.com\/?p=17292"},"modified":"2026-01-26T23:16:18","modified_gmt":"2026-01-27T05:16:18","slug":"gobierno-de-la-capital-beneficia-con-modernizacion-vial-la-zona-rural-de-la-delegacion-la-pila","status":"publish","type":"post","link":"https:\/\/sanluisinforma.com\/?p=17292","title":{"rendered":"Gobierno de la Capital beneficia con modernizaci\u00f3n vial la zona rural de la Delegaci\u00f3n La Pila"},"content":{"rendered":"\n<p><\/p>\n\n\n\n<ul class=\"wp-block-list\">\n<li>En la entrega de la Calle 3, en la localidad de Cerritos de la Delegaci\u00f3n La Pila, el Alcalde Enrique Galindo anunci\u00f3 m\u00e1s obras para esta zona del Municipio de San Luis Potos\u00ed; la titular de esta demarcaci\u00f3n, Daniela Cid subray\u00f3 la respuesta del Gobierno de la Capital para realizar esta obra, de gran relevancia para los habitantes de la zona.<\/li>\n<\/ul>\n\n\n\n<p>Al inaugurar la Calle 3, en la localidad Cerritos de la Delegaci\u00f3n de La Pila, el Presidente Municipal Enrique Galindo Ceballos remarc\u00f3 la relevancia de las gestiones de la misma ciudadan\u00eda para mejorar su entorno inmediato con proyectos de este tipo, con los que se atienden sus principales necesidades con obras muy bien hechas y con garant\u00eda.<\/p>\n\n\n\n<p>El Alcalde Capitalino&nbsp; anunci\u00f3 un plan para rehabilitar el camino de acceso hacia esta localidad,&nbsp; as\u00ed como otras arterias a solicitud de habitantes de Cerritos: &#8220;porque damos nuestra palabra y con acciones como \u00e9sta cumplimos como autoridad&#8221;.<\/p>\n\n\n\n<p>Por su parte, la Delegada de La Pila, Alexandra Daniela Cid Gonz\u00e1lez, resalt\u00f3 la respuesta por parte de Alcalde Enrique Galindo para concretar esta obra, la que no s\u00f3lo favorecer\u00e1 a vecinas y vecinos, sino a estudiantes de la telesecundaria: &#8220;De esta manera, nos mantenemos de frente a la ciudadan\u00eda, adem\u00e1s de que continuar\u00e1n las obras tanto en esta demarcaci\u00f3n, as\u00ed como en el resto de San Luis&#8221;, a\u00f1adi\u00f3.<\/p>\n\n\n\n<p>El representante de la CMIC, Leopoldo Stevens P\u00e9rez, mencion\u00f3 la importancia de seguir con la transformaci\u00f3n de espacios como \u00e9ste y reconoci\u00f3 que estos proyectos de gran calidad y durabilidad son realizados por constructores potosinos, lo que coadyuva en la reactivaci\u00f3n de la econom\u00eda local, a trav\u00e9s de la obra p\u00fablica.<\/p>\n\n\n\n<p>En la explicaci\u00f3n de los trabajos realizados en la calle 3 en el tramo de Calle 1 a las v\u00edas del tren, el Director de Obras P\u00fablicas, Eustorgio Ch\u00e1vez Garza, resalt\u00f3 los 2 mil 300 metros cuadrados nuevos de pavimento colocado, adem\u00e1s de la modernizaci\u00f3n de las redes de drenaje, de descargas sanitarias y de agua potable, a lo que se sumaron banquetas, la habilitaci\u00f3n de 10 rampas, adem\u00e1s de la colocaci\u00f3n de pintura, se\u00f1al\u00e9tica nueva y m\u00e1s de una docena de luminarias, para tambi\u00e9n tener m\u00e1s seguridad<\/p>\n","protected":false},"excerpt":{"rendered":"<p>Al inaugurar la Calle 3, en la localidad Cerritos de la Delegaci\u00f3n de La Pila, el Presidente Municipal Enrique Galindo<\/p>\n","protected":false},"author":2,"featured_media":17293,"comment_status":"closed","ping_status":"closed","sticky":false,"template":"","format":"standard","meta":{"footnotes":""},"categories":[25,30],"tags":[],"class_list":["post-17292","post","type-post","status-publish","format-standard","has-post-thumbnail","hentry","category-local","category-portada"],"yoast_head":"<!-- This site is optimized with the Yoast SEO plugin v24.1 - https:\/\/yoast.com\/wordpress\/plugins\/seo\/ -->\n<title>Gobierno de la Capital beneficia con modernizaci\u00f3n vial la zona rural de la Delegaci\u00f3n La Pila - sanluisinforma.com<\/title>\n<meta name=\"robots\" content=\"index, follow, max-snippet:-1, max-image-preview:large, max-video-preview:-1\" \/>\n<link rel=\"canonical\" href=\"https:\/\/sanluisinforma.com\/?p=17292\" \/>\n<meta property=\"og:locale\" content=\"es_MX\" \/>\n<meta property=\"og:type\" content=\"article\" \/>\n<meta property=\"og:title\" content=\"Gobierno de la Capital beneficia con modernizaci\u00f3n vial la zona rural de la Delegaci\u00f3n La Pila - sanluisinforma.com\" \/>\n<meta property=\"og:description\" content=\"Al inaugurar la Calle 3, en la localidad Cerritos de la Delegaci\u00f3n de La Pila, el Presidente Municipal Enrique Galindo\" \/>\n<meta property=\"og:url\" content=\"https:\/\/sanluisinforma.com\/?p=17292\" \/>\n<meta property=\"og:site_name\" content=\"sanluisinforma.com\" \/>\n<meta property=\"article:published_time\" content=\"2026-01-27T06:45:00+00:00\" \/>\n<meta property=\"article:modified_time\" content=\"2026-01-27T05:16:18+00:00\" \/>\n<meta property=\"og:image\" content=\"https:\/\/sanluisinforma.com\/wp-content\/uploads\/2026\/01\/unnamed-2-23.jpg\" \/>\n\t<meta property=\"og:image:width\" content=\"400\" \/>\n\t<meta property=\"og:image:height\" content=\"300\" \/>\n\t<meta property=\"og:image:type\" content=\"image\/jpeg\" \/>\n<meta name=\"author\" content=\"sanluisinforma.com\" \/>\n<meta name=\"twitter:card\" content=\"summary_large_image\" \/>\n<meta name=\"twitter:label1\" content=\"Escrito por\" \/>\n\t<meta name=\"twitter:data1\" content=\"sanluisinforma.com\" \/>\n\t<meta name=\"twitter:label2\" content=\"Tiempo de lectura\" \/>\n\t<meta name=\"twitter:data2\" content=\"2 minutos\" \/>\n<script type=\"application\/ld+json\" class=\"yoast-schema-graph\">{\"@context\":\"https:\/\/schema.org\",\"@graph\":[{\"@type\":\"Article\",\"@id\":\"https:\/\/sanluisinforma.com\/?p=17292#article\",\"isPartOf\":{\"@id\":\"https:\/\/sanluisinforma.com\/?p=17292\"},\"author\":{\"name\":\"sanluisinforma.com\",\"@id\":\"https:\/\/sanluisinforma.com\/#\/schema\/person\/c30648f71476be533b6f59d092905c8b\"},\"headline\":\"Gobierno de la Capital beneficia con modernizaci\u00f3n vial la zona rural de la Delegaci\u00f3n La Pila\",\"datePublished\":\"2026-01-27T06:45:00+00:00\",\"dateModified\":\"2026-01-27T05:16:18+00:00\",\"mainEntityOfPage\":{\"@id\":\"https:\/\/sanluisinforma.com\/?p=17292\"},\"wordCount\":409,\"publisher\":{\"@id\":\"https:\/\/sanluisinforma.com\/#organization\"},\"image\":{\"@id\":\"https:\/\/sanluisinforma.com\/?p=17292#primaryimage\"},\"thumbnailUrl\":\"https:\/\/sanluisinforma.com\/wp-content\/uploads\/2026\/01\/unnamed-2-23.jpg\",\"articleSection\":[\"Local\",\"Portada\"],\"inLanguage\":\"es\"},{\"@type\":\"WebPage\",\"@id\":\"https:\/\/sanluisinforma.com\/?p=17292\",\"url\":\"https:\/\/sanluisinforma.com\/?p=17292\",\"name\":\"Gobierno de la Capital beneficia con modernizaci\u00f3n vial la zona rural de la Delegaci\u00f3n La Pila - sanluisinforma.com\",\"isPartOf\":{\"@id\":\"https:\/\/sanluisinforma.com\/#website\"},\"primaryImageOfPage\":{\"@id\":\"https:\/\/sanluisinforma.com\/?p=17292#primaryimage\"},\"image\":{\"@id\":\"https:\/\/sanluisinforma.com\/?p=17292#primaryimage\"},\"thumbnailUrl\":\"https:\/\/sanluisinforma.com\/wp-content\/uploads\/2026\/01\/unnamed-2-23.jpg\",\"datePublished\":\"2026-01-27T06:45:00+00:00\",\"dateModified\":\"2026-01-27T05:16:18+00:00\",\"breadcrumb\":{\"@id\":\"https:\/\/sanluisinforma.com\/?p=17292#breadcrumb\"},\"inLanguage\":\"es\",\"potentialAction\":[{\"@type\":\"ReadAction\",\"target\":[\"https:\/\/sanluisinforma.com\/?p=17292\"]}]},{\"@type\":\"ImageObject\",\"inLanguage\":\"es\",\"@id\":\"https:\/\/sanluisinforma.com\/?p=17292#primaryimage\",\"url\":\"https:\/\/sanluisinforma.com\/wp-content\/uploads\/2026\/01\/unnamed-2-23.jpg\",\"contentUrl\":\"https:\/\/sanluisinforma.com\/wp-content\/uploads\/2026\/01\/unnamed-2-23.jpg\",\"width\":400,\"height\":300},{\"@type\":\"BreadcrumbList\",\"@id\":\"https:\/\/sanluisinforma.com\/?p=17292#breadcrumb\",\"itemListElement\":[{\"@type\":\"ListItem\",\"position\":1,\"name\":\"Inicio\",\"item\":\"https:\/\/sanluisinforma.com\/\"},{\"@type\":\"ListItem\",\"position\":2,\"name\":\"Gobierno de la Capital beneficia con modernizaci\u00f3n vial la zona rural de la Delegaci\u00f3n La Pila\"}]},{\"@type\":\"WebSite\",\"@id\":\"https:\/\/sanluisinforma.com\/#website\",\"url\":\"https:\/\/sanluisinforma.com\/\",\"name\":\"sanluisinforma.com\",\"description\":\"Periodico San Luis Informa\",\"publisher\":{\"@id\":\"https:\/\/sanluisinforma.com\/#organization\"},\"potentialAction\":[{\"@type\":\"SearchAction\",\"target\":{\"@type\":\"EntryPoint\",\"urlTemplate\":\"https:\/\/sanluisinforma.com\/?s={search_term_string}\"},\"query-input\":{\"@type\":\"PropertyValueSpecification\",\"valueRequired\":true,\"valueName\":\"search_term_string\"}}],\"inLanguage\":\"es\"},{\"@type\":\"Organization\",\"@id\":\"https:\/\/sanluisinforma.com\/#organization\",\"name\":\"sanluisinforma.com\",\"url\":\"https:\/\/sanluisinforma.com\/\",\"logo\":{\"@type\":\"ImageObject\",\"inLanguage\":\"es\",\"@id\":\"https:\/\/sanluisinforma.com\/#\/schema\/logo\/image\/\",\"url\":\"https:\/\/sanluisinforma.com\/wp-content\/uploads\/2026\/03\/sanluisinforma-V.jpg\",\"contentUrl\":\"https:\/\/sanluisinforma.com\/wp-content\/uploads\/2026\/03\/sanluisinforma-V.jpg\",\"width\":500,\"height\":156,\"caption\":\"sanluisinforma.com\"},\"image\":{\"@id\":\"https:\/\/sanluisinforma.com\/#\/schema\/logo\/image\/\"}},{\"@type\":\"Person\",\"@id\":\"https:\/\/sanluisinforma.com\/#\/schema\/person\/c30648f71476be533b6f59d092905c8b\",\"name\":\"sanluisinforma.com\",\"image\":{\"@type\":\"ImageObject\",\"inLanguage\":\"es\",\"@id\":\"https:\/\/sanluisinforma.com\/#\/schema\/person\/image\/\",\"url\":\"https:\/\/secure.gravatar.com\/avatar\/86e3114e34a1eecefb963e0a02f0093f93b092dddb2fe1517596343751081a87?s=96&d=mm&r=g\",\"contentUrl\":\"https:\/\/secure.gravatar.com\/avatar\/86e3114e34a1eecefb963e0a02f0093f93b092dddb2fe1517596343751081a87?s=96&d=mm&r=g\",\"caption\":\"sanluisinforma.com\"},\"url\":\"https:\/\/sanluisinforma.com\/?author=2\"}]}<\/script>\n<!-- \/ Yoast SEO plugin. -->","yoast_head_json":{"title":"Gobierno de la Capital beneficia con modernizaci\u00f3n vial la zona rural de la Delegaci\u00f3n La Pila - sanluisinforma.com","robots":{"index":"index","follow":"follow","max-snippet":"max-snippet:-1","max-image-preview":"max-image-preview:large","max-video-preview":"max-video-preview:-1"},"canonical":"https:\/\/sanluisinforma.com\/?p=17292","og_locale":"es_MX","og_type":"article","og_title":"Gobierno de la Capital beneficia con modernizaci\u00f3n vial la zona rural de la Delegaci\u00f3n La Pila - sanluisinforma.com","og_description":"Al inaugurar la Calle 3, en la localidad Cerritos de la Delegaci\u00f3n de La Pila, el Presidente Municipal Enrique Galindo","og_url":"https:\/\/sanluisinforma.com\/?p=17292","og_site_name":"sanluisinforma.com","article_published_time":"2026-01-27T06:45:00+00:00","article_modified_time":"2026-01-27T05:16:18+00:00","og_image":[{"width":400,"height":300,"url":"https:\/\/sanluisinforma.com\/wp-content\/uploads\/2026\/01\/unnamed-2-23.jpg","type":"image\/jpeg"}],"author":"sanluisinforma.com","twitter_card":"summary_large_image","twitter_misc":{"Escrito por":"sanluisinforma.com","Tiempo de lectura":"2 minutos"},"schema":{"@context":"https:\/\/schema.org","@graph":[{"@type":"Article","@id":"https:\/\/sanluisinforma.com\/?p=17292#article","isPartOf":{"@id":"https:\/\/sanluisinforma.com\/?p=17292"},"author":{"name":"sanluisinforma.com","@id":"https:\/\/sanluisinforma.com\/#\/schema\/person\/c30648f71476be533b6f59d092905c8b"},"headline":"Gobierno de la Capital beneficia con modernizaci\u00f3n vial la zona rural de la Delegaci\u00f3n La Pila","datePublished":"2026-01-27T06:45:00+00:00","dateModified":"2026-01-27T05:16:18+00:00","mainEntityOfPage":{"@id":"https:\/\/sanluisinforma.com\/?p=17292"},"wordCount":409,"publisher":{"@id":"https:\/\/sanluisinforma.com\/#organization"},"image":{"@id":"https:\/\/sanluisinforma.com\/?p=17292#primaryimage"},"thumbnailUrl":"https:\/\/sanluisinforma.com\/wp-content\/uploads\/2026\/01\/unnamed-2-23.jpg","articleSection":["Local","Portada"],"inLanguage":"es"},{"@type":"WebPage","@id":"https:\/\/sanluisinforma.com\/?p=17292","url":"https:\/\/sanluisinforma.com\/?p=17292","name":"Gobierno de la Capital beneficia con modernizaci\u00f3n vial la zona rural de la Delegaci\u00f3n La Pila - sanluisinforma.com","isPartOf":{"@id":"https:\/\/sanluisinforma.com\/#website"},"primaryImageOfPage":{"@id":"https:\/\/sanluisinforma.com\/?p=17292#primaryimage"},"image":{"@id":"https:\/\/sanluisinforma.com\/?p=17292#primaryimage"},"thumbnailUrl":"https:\/\/sanluisinforma.com\/wp-content\/uploads\/2026\/01\/unnamed-2-23.jpg","datePublished":"2026-01-27T06:45:00+00:00","dateModified":"2026-01-27T05:16:18+00:00","breadcrumb":{"@id":"https:\/\/sanluisinforma.com\/?p=17292#breadcrumb"},"inLanguage":"es","potentialAction":[{"@type":"ReadAction","target":["https:\/\/sanluisinforma.com\/?p=17292"]}]},{"@type":"ImageObject","inLanguage":"es","@id":"https:\/\/sanluisinforma.com\/?p=17292#primaryimage","url":"https:\/\/sanluisinforma.com\/wp-content\/uploads\/2026\/01\/unnamed-2-23.jpg","contentUrl":"https:\/\/sanluisinforma.com\/wp-content\/uploads\/2026\/01\/unnamed-2-23.jpg","width":400,"height":300},{"@type":"BreadcrumbList","@id":"https:\/\/sanluisinforma.com\/?p=17292#breadcrumb","itemListElement":[{"@type":"ListItem","position":1,"name":"Inicio","item":"https:\/\/sanluisinforma.com\/"},{"@type":"ListItem","position":2,"name":"Gobierno de la Capital beneficia con modernizaci\u00f3n vial la zona rural de la Delegaci\u00f3n La Pila"}]},{"@type":"WebSite","@id":"https:\/\/sanluisinforma.com\/#website","url":"https:\/\/sanluisinforma.com\/","name":"sanluisinforma.com","description":"Periodico San Luis Informa","publisher":{"@id":"https:\/\/sanluisinforma.com\/#organization"},"potentialAction":[{"@type":"SearchAction","target":{"@type":"EntryPoint","urlTemplate":"https:\/\/sanluisinforma.com\/?s={search_term_string}"},"query-input":{"@type":"PropertyValueSpecification","valueRequired":true,"valueName":"search_term_string"}}],"inLanguage":"es"},{"@type":"Organization","@id":"https:\/\/sanluisinforma.com\/#organization","name":"sanluisinforma.com","url":"https:\/\/sanluisinforma.com\/","logo":{"@type":"ImageObject","inLanguage":"es","@id":"https:\/\/sanluisinforma.com\/#\/schema\/logo\/image\/","url":"https:\/\/sanluisinforma.com\/wp-content\/uploads\/2026\/03\/sanluisinforma-V.jpg","contentUrl":"https:\/\/sanluisinforma.com\/wp-content\/uploads\/2026\/03\/sanluisinforma-V.jpg","width":500,"height":156,"caption":"sanluisinforma.com"},"image":{"@id":"https:\/\/sanluisinforma.com\/#\/schema\/logo\/image\/"}},{"@type":"Person","@id":"https:\/\/sanluisinforma.com\/#\/schema\/person\/c30648f71476be533b6f59d092905c8b","name":"sanluisinforma.com","image":{"@type":"ImageObject","inLanguage":"es","@id":"https:\/\/sanluisinforma.com\/#\/schema\/person\/image\/","url":"https:\/\/secure.gravatar.com\/avatar\/86e3114e34a1eecefb963e0a02f0093f93b092dddb2fe1517596343751081a87?s=96&d=mm&r=g","contentUrl":"https:\/\/secure.gravatar.com\/avatar\/86e3114e34a1eecefb963e0a02f0093f93b092dddb2fe1517596343751081a87?s=96&d=mm&r=g","caption":"sanluisinforma.com"},"url":"https:\/\/sanluisinforma.com\/?author=2"}]}},"_links":{"self":[{"href":"https:\/\/sanluisinforma.com\/index.php?rest_route=\/wp\/v2\/posts\/17292","targetHints":{"allow":["GET"]}}],"collection":[{"href":"https:\/\/sanluisinforma.com\/index.php?rest_route=\/wp\/v2\/posts"}],"about":[{"href":"https:\/\/sanluisinforma.com\/index.php?rest_route=\/wp\/v2\/types\/post"}],"author":[{"embeddable":true,"href":"https:\/\/sanluisinforma.com\/index.php?rest_route=\/wp\/v2\/users\/2"}],"replies":[{"embeddable":true,"href":"https:\/\/sanluisinforma.com\/index.php?rest_route=%2Fwp%2Fv2%2Fcomments&post=17292"}],"version-history":[{"count":1,"href":"https:\/\/sanluisinforma.com\/index.php?rest_route=\/wp\/v2\/posts\/17292\/revisions"}],"predecessor-version":[{"id":17294,"href":"https:\/\/sanluisinforma.com\/index.php?rest_route=\/wp\/v2\/posts\/17292\/revisions\/17294"}],"wp:featuredmedia":[{"embeddable":true,"href":"https:\/\/sanluisinforma.com\/index.php?rest_route=\/wp\/v2\/media\/17293"}],"wp:attachment":[{"href":"https:\/\/sanluisinforma.com\/index.php?rest_route=%2Fwp%2Fv2%2Fmedia&parent=17292"}],"wp:term":[{"taxonomy":"category","embeddable":true,"href":"https:\/\/sanluisinforma.com\/index.php?rest_route=%2Fwp%2Fv2%2Fcategories&post=17292"},{"taxonomy":"post_tag","embeddable":true,"href":"https:\/\/sanluisinforma.com\/index.php?rest_route=%2Fwp%2Fv2%2Ftags&post=17292"}],"curies":[{"name":"wp","href":"https:\/\/api.w.org\/{rel}","templated":true}]}}