{"id":17300,"date":"2026-01-28T00:50:00","date_gmt":"2026-01-28T06:50:00","guid":{"rendered":"https:\/\/sanluisinforma.com\/?p=17300"},"modified":"2026-01-27T19:04:00","modified_gmt":"2026-01-28T01:04:00","slug":"alcalde-galindo-arranca-ecologia-tactica-2026-una-accion-conjunta-de-ciudadanos-y-gobierno","status":"publish","type":"post","link":"https:\/\/sanluisinforma.com\/?p=17300","title":{"rendered":"Alcalde Galindo arranca Ecolog\u00eda T\u00e1ctica 2026, una acci\u00f3n conjunta de ciudadanos y gobierno"},"content":{"rendered":"\n<p>El Presidente Municipal encabez\u00f3 el primer operativo de remediaci\u00f3n de tiraderos clandestinos en este a\u00f1o, en un amplio predio abandonado de la calle Villanueva, en la colonia Villa Campestre, atendiendo de manera directa las solicitudes de las vecinas y vecinos que ped\u00edan recuperar ese espacio.<\/p>\n\n\n\n<p>En la colonia Villa Campestre, el Alcalde Enrique Galindo Ceballos encabez\u00f3 la primera intervenci\u00f3n del a\u00f1o de Ecolog\u00eda T\u00e1ctica dentro del programa Capital al 100, transformando un predio abandonado en la calle Villanueva. El Presidente Municipal enfatiz\u00f3 que el \u00e9xito de estas acciones radica en el trabajo conjunto: \u201cLa clave no es s\u00f3lo que vengamos nosotros, sino que es un mecanismo para activar gobierno y comunidad juntos\u201d.<\/p>\n\n\n\n<p>La jornada, edici\u00f3n 467 de Capital al 100, respondi\u00f3 directamente a solicitudes de vecinas y vecinos para recuperar el espacio. social. El Alcalde Enrique Galindo reconoci\u00f3 el esfuerzo diario del personal operativo del Ayuntamiento y el apoyo de la empresa Red Ambiental, a quienes calific\u00f3 como los que \u201cse la rifan todos los d\u00edas\u201d para mejorar la ciudad.<\/p>\n\n\n\n<p>Destac\u00f3 que iniciativas como Capital al 100, Ecolog\u00eda T\u00e1ctica, Domingo de Pilas y Alumbrado T\u00e1ctico han impulsado resultados concretos, como el posicionamiento de San Luis Potos\u00ed como la segunda ciudad mejor iluminada del pa\u00eds y la segunda en mantenimiento de parques y jardines, seg\u00fan datos recientes del INEGI.<\/p>\n\n\n\n<p>El Director de Gesti\u00f3n Ecol\u00f3gica y Manejo de Residuos, Jaime Mendieta Rivera, detall\u00f3 que durante 2025 el programa Ecolog\u00eda T\u00e1ctica se aplic\u00f3 en seis puntos distintos de la Capital, consolid\u00e1ndose como una estrategia efectiva para recuperar espacios p\u00fablicos, combatir la acumulaci\u00f3n de basura y mejorar el entorno urbano de manera inmediata y participativa.<\/p>\n\n\n\n<p>Con estas intervenciones, el Gobierno Municipal refuerza su modelo de gobernanza cercana, donde las peticiones ciudadanas son el origen de las acciones y la colaboraci\u00f3n es el motor principal de los cambios visibles en la ciudad.<\/p>\n","protected":false},"excerpt":{"rendered":"<p>El Presidente Municipal encabez\u00f3 el primer operativo de remediaci\u00f3n de tiraderos clandestinos en este a\u00f1o, en un amplio predio abandonado<\/p>\n","protected":false},"author":2,"featured_media":17301,"comment_status":"closed","ping_status":"closed","sticky":false,"template":"","format":"standard","meta":{"footnotes":""},"categories":[25,30],"tags":[],"class_list":["post-17300","post","type-post","status-publish","format-standard","has-post-thumbnail","hentry","category-local","category-portada"],"yoast_head":"<!-- This site is optimized with the Yoast SEO plugin v24.1 - https:\/\/yoast.com\/wordpress\/plugins\/seo\/ -->\n<title>Alcalde Galindo arranca Ecolog\u00eda T\u00e1ctica 2026, una acci\u00f3n conjunta de ciudadanos y gobierno - sanluisinforma.com<\/title>\n<meta name=\"robots\" content=\"index, follow, max-snippet:-1, max-image-preview:large, max-video-preview:-1\" \/>\n<link rel=\"canonical\" href=\"https:\/\/sanluisinforma.com\/?p=17300\" \/>\n<meta property=\"og:locale\" content=\"es_MX\" \/>\n<meta property=\"og:type\" content=\"article\" \/>\n<meta property=\"og:title\" content=\"Alcalde Galindo arranca Ecolog\u00eda T\u00e1ctica 2026, una acci\u00f3n conjunta de ciudadanos y gobierno - sanluisinforma.com\" \/>\n<meta property=\"og:description\" content=\"El Presidente Municipal encabez\u00f3 el primer operativo de remediaci\u00f3n de tiraderos clandestinos en este a\u00f1o, en un amplio predio abandonado\" \/>\n<meta property=\"og:url\" content=\"https:\/\/sanluisinforma.com\/?p=17300\" \/>\n<meta property=\"og:site_name\" content=\"sanluisinforma.com\" \/>\n<meta property=\"article:published_time\" content=\"2026-01-28T06:50:00+00:00\" \/>\n<meta property=\"article:modified_time\" content=\"2026-01-28T01:04:00+00:00\" \/>\n<meta property=\"og:image\" content=\"https:\/\/sanluisinforma.com\/wp-content\/uploads\/2026\/01\/unnamed-27.jpg\" \/>\n\t<meta property=\"og:image:width\" content=\"400\" \/>\n\t<meta property=\"og:image:height\" content=\"241\" \/>\n\t<meta property=\"og:image:type\" content=\"image\/jpeg\" \/>\n<meta name=\"author\" content=\"sanluisinforma.com\" \/>\n<meta name=\"twitter:card\" content=\"summary_large_image\" \/>\n<meta name=\"twitter:label1\" content=\"Escrito por\" \/>\n\t<meta name=\"twitter:data1\" content=\"sanluisinforma.com\" \/>\n\t<meta name=\"twitter:label2\" content=\"Tiempo de lectura\" \/>\n\t<meta name=\"twitter:data2\" content=\"2 minutos\" \/>\n<script type=\"application\/ld+json\" class=\"yoast-schema-graph\">{\"@context\":\"https:\/\/schema.org\",\"@graph\":[{\"@type\":\"Article\",\"@id\":\"https:\/\/sanluisinforma.com\/?p=17300#article\",\"isPartOf\":{\"@id\":\"https:\/\/sanluisinforma.com\/?p=17300\"},\"author\":{\"name\":\"sanluisinforma.com\",\"@id\":\"https:\/\/sanluisinforma.com\/#\/schema\/person\/c30648f71476be533b6f59d092905c8b\"},\"headline\":\"Alcalde Galindo arranca Ecolog\u00eda T\u00e1ctica 2026, una acci\u00f3n conjunta de ciudadanos y gobierno\",\"datePublished\":\"2026-01-28T06:50:00+00:00\",\"dateModified\":\"2026-01-28T01:04:00+00:00\",\"mainEntityOfPage\":{\"@id\":\"https:\/\/sanluisinforma.com\/?p=17300\"},\"wordCount\":340,\"publisher\":{\"@id\":\"https:\/\/sanluisinforma.com\/#organization\"},\"image\":{\"@id\":\"https:\/\/sanluisinforma.com\/?p=17300#primaryimage\"},\"thumbnailUrl\":\"https:\/\/sanluisinforma.com\/wp-content\/uploads\/2026\/01\/unnamed-27.jpg\",\"articleSection\":[\"Local\",\"Portada\"],\"inLanguage\":\"es\"},{\"@type\":\"WebPage\",\"@id\":\"https:\/\/sanluisinforma.com\/?p=17300\",\"url\":\"https:\/\/sanluisinforma.com\/?p=17300\",\"name\":\"Alcalde Galindo arranca Ecolog\u00eda T\u00e1ctica 2026, una acci\u00f3n conjunta de ciudadanos y gobierno - sanluisinforma.com\",\"isPartOf\":{\"@id\":\"https:\/\/sanluisinforma.com\/#website\"},\"primaryImageOfPage\":{\"@id\":\"https:\/\/sanluisinforma.com\/?p=17300#primaryimage\"},\"image\":{\"@id\":\"https:\/\/sanluisinforma.com\/?p=17300#primaryimage\"},\"thumbnailUrl\":\"https:\/\/sanluisinforma.com\/wp-content\/uploads\/2026\/01\/unnamed-27.jpg\",\"datePublished\":\"2026-01-28T06:50:00+00:00\",\"dateModified\":\"2026-01-28T01:04:00+00:00\",\"breadcrumb\":{\"@id\":\"https:\/\/sanluisinforma.com\/?p=17300#breadcrumb\"},\"inLanguage\":\"es\",\"potentialAction\":[{\"@type\":\"ReadAction\",\"target\":[\"https:\/\/sanluisinforma.com\/?p=17300\"]}]},{\"@type\":\"ImageObject\",\"inLanguage\":\"es\",\"@id\":\"https:\/\/sanluisinforma.com\/?p=17300#primaryimage\",\"url\":\"https:\/\/sanluisinforma.com\/wp-content\/uploads\/2026\/01\/unnamed-27.jpg\",\"contentUrl\":\"https:\/\/sanluisinforma.com\/wp-content\/uploads\/2026\/01\/unnamed-27.jpg\",\"width\":400,\"height\":241},{\"@type\":\"BreadcrumbList\",\"@id\":\"https:\/\/sanluisinforma.com\/?p=17300#breadcrumb\",\"itemListElement\":[{\"@type\":\"ListItem\",\"position\":1,\"name\":\"Inicio\",\"item\":\"https:\/\/sanluisinforma.com\/\"},{\"@type\":\"ListItem\",\"position\":2,\"name\":\"Alcalde Galindo arranca Ecolog\u00eda T\u00e1ctica 2026, una acci\u00f3n conjunta de ciudadanos y gobierno\"}]},{\"@type\":\"WebSite\",\"@id\":\"https:\/\/sanluisinforma.com\/#website\",\"url\":\"https:\/\/sanluisinforma.com\/\",\"name\":\"sanluisinforma.com\",\"description\":\"Periodico San Luis Informa\",\"publisher\":{\"@id\":\"https:\/\/sanluisinforma.com\/#organization\"},\"potentialAction\":[{\"@type\":\"SearchAction\",\"target\":{\"@type\":\"EntryPoint\",\"urlTemplate\":\"https:\/\/sanluisinforma.com\/?s={search_term_string}\"},\"query-input\":{\"@type\":\"PropertyValueSpecification\",\"valueRequired\":true,\"valueName\":\"search_term_string\"}}],\"inLanguage\":\"es\"},{\"@type\":\"Organization\",\"@id\":\"https:\/\/sanluisinforma.com\/#organization\",\"name\":\"sanluisinforma.com\",\"url\":\"https:\/\/sanluisinforma.com\/\",\"logo\":{\"@type\":\"ImageObject\",\"inLanguage\":\"es\",\"@id\":\"https:\/\/sanluisinforma.com\/#\/schema\/logo\/image\/\",\"url\":\"https:\/\/sanluisinforma.com\/wp-content\/uploads\/2026\/03\/sanluisinforma-V.jpg\",\"contentUrl\":\"https:\/\/sanluisinforma.com\/wp-content\/uploads\/2026\/03\/sanluisinforma-V.jpg\",\"width\":500,\"height\":156,\"caption\":\"sanluisinforma.com\"},\"image\":{\"@id\":\"https:\/\/sanluisinforma.com\/#\/schema\/logo\/image\/\"}},{\"@type\":\"Person\",\"@id\":\"https:\/\/sanluisinforma.com\/#\/schema\/person\/c30648f71476be533b6f59d092905c8b\",\"name\":\"sanluisinforma.com\",\"image\":{\"@type\":\"ImageObject\",\"inLanguage\":\"es\",\"@id\":\"https:\/\/sanluisinforma.com\/#\/schema\/person\/image\/\",\"url\":\"https:\/\/secure.gravatar.com\/avatar\/86e3114e34a1eecefb963e0a02f0093f93b092dddb2fe1517596343751081a87?s=96&d=mm&r=g\",\"contentUrl\":\"https:\/\/secure.gravatar.com\/avatar\/86e3114e34a1eecefb963e0a02f0093f93b092dddb2fe1517596343751081a87?s=96&d=mm&r=g\",\"caption\":\"sanluisinforma.com\"},\"url\":\"https:\/\/sanluisinforma.com\/?author=2\"}]}<\/script>\n<!-- \/ Yoast SEO plugin. -->","yoast_head_json":{"title":"Alcalde Galindo arranca Ecolog\u00eda T\u00e1ctica 2026, una acci\u00f3n conjunta de ciudadanos y gobierno - sanluisinforma.com","robots":{"index":"index","follow":"follow","max-snippet":"max-snippet:-1","max-image-preview":"max-image-preview:large","max-video-preview":"max-video-preview:-1"},"canonical":"https:\/\/sanluisinforma.com\/?p=17300","og_locale":"es_MX","og_type":"article","og_title":"Alcalde Galindo arranca Ecolog\u00eda T\u00e1ctica 2026, una acci\u00f3n conjunta de ciudadanos y gobierno - sanluisinforma.com","og_description":"El Presidente Municipal encabez\u00f3 el primer operativo de remediaci\u00f3n de tiraderos clandestinos en este a\u00f1o, en un amplio predio abandonado","og_url":"https:\/\/sanluisinforma.com\/?p=17300","og_site_name":"sanluisinforma.com","article_published_time":"2026-01-28T06:50:00+00:00","article_modified_time":"2026-01-28T01:04:00+00:00","og_image":[{"width":400,"height":241,"url":"https:\/\/sanluisinforma.com\/wp-content\/uploads\/2026\/01\/unnamed-27.jpg","type":"image\/jpeg"}],"author":"sanluisinforma.com","twitter_card":"summary_large_image","twitter_misc":{"Escrito por":"sanluisinforma.com","Tiempo de lectura":"2 minutos"},"schema":{"@context":"https:\/\/schema.org","@graph":[{"@type":"Article","@id":"https:\/\/sanluisinforma.com\/?p=17300#article","isPartOf":{"@id":"https:\/\/sanluisinforma.com\/?p=17300"},"author":{"name":"sanluisinforma.com","@id":"https:\/\/sanluisinforma.com\/#\/schema\/person\/c30648f71476be533b6f59d092905c8b"},"headline":"Alcalde Galindo arranca Ecolog\u00eda T\u00e1ctica 2026, una acci\u00f3n conjunta de ciudadanos y gobierno","datePublished":"2026-01-28T06:50:00+00:00","dateModified":"2026-01-28T01:04:00+00:00","mainEntityOfPage":{"@id":"https:\/\/sanluisinforma.com\/?p=17300"},"wordCount":340,"publisher":{"@id":"https:\/\/sanluisinforma.com\/#organization"},"image":{"@id":"https:\/\/sanluisinforma.com\/?p=17300#primaryimage"},"thumbnailUrl":"https:\/\/sanluisinforma.com\/wp-content\/uploads\/2026\/01\/unnamed-27.jpg","articleSection":["Local","Portada"],"inLanguage":"es"},{"@type":"WebPage","@id":"https:\/\/sanluisinforma.com\/?p=17300","url":"https:\/\/sanluisinforma.com\/?p=17300","name":"Alcalde Galindo arranca Ecolog\u00eda T\u00e1ctica 2026, una acci\u00f3n conjunta de ciudadanos y gobierno - sanluisinforma.com","isPartOf":{"@id":"https:\/\/sanluisinforma.com\/#website"},"primaryImageOfPage":{"@id":"https:\/\/sanluisinforma.com\/?p=17300#primaryimage"},"image":{"@id":"https:\/\/sanluisinforma.com\/?p=17300#primaryimage"},"thumbnailUrl":"https:\/\/sanluisinforma.com\/wp-content\/uploads\/2026\/01\/unnamed-27.jpg","datePublished":"2026-01-28T06:50:00+00:00","dateModified":"2026-01-28T01:04:00+00:00","breadcrumb":{"@id":"https:\/\/sanluisinforma.com\/?p=17300#breadcrumb"},"inLanguage":"es","potentialAction":[{"@type":"ReadAction","target":["https:\/\/sanluisinforma.com\/?p=17300"]}]},{"@type":"ImageObject","inLanguage":"es","@id":"https:\/\/sanluisinforma.com\/?p=17300#primaryimage","url":"https:\/\/sanluisinforma.com\/wp-content\/uploads\/2026\/01\/unnamed-27.jpg","contentUrl":"https:\/\/sanluisinforma.com\/wp-content\/uploads\/2026\/01\/unnamed-27.jpg","width":400,"height":241},{"@type":"BreadcrumbList","@id":"https:\/\/sanluisinforma.com\/?p=17300#breadcrumb","itemListElement":[{"@type":"ListItem","position":1,"name":"Inicio","item":"https:\/\/sanluisinforma.com\/"},{"@type":"ListItem","position":2,"name":"Alcalde Galindo arranca Ecolog\u00eda T\u00e1ctica 2026, una acci\u00f3n conjunta de ciudadanos y gobierno"}]},{"@type":"WebSite","@id":"https:\/\/sanluisinforma.com\/#website","url":"https:\/\/sanluisinforma.com\/","name":"sanluisinforma.com","description":"Periodico San Luis Informa","publisher":{"@id":"https:\/\/sanluisinforma.com\/#organization"},"potentialAction":[{"@type":"SearchAction","target":{"@type":"EntryPoint","urlTemplate":"https:\/\/sanluisinforma.com\/?s={search_term_string}"},"query-input":{"@type":"PropertyValueSpecification","valueRequired":true,"valueName":"search_term_string"}}],"inLanguage":"es"},{"@type":"Organization","@id":"https:\/\/sanluisinforma.com\/#organization","name":"sanluisinforma.com","url":"https:\/\/sanluisinforma.com\/","logo":{"@type":"ImageObject","inLanguage":"es","@id":"https:\/\/sanluisinforma.com\/#\/schema\/logo\/image\/","url":"https:\/\/sanluisinforma.com\/wp-content\/uploads\/2026\/03\/sanluisinforma-V.jpg","contentUrl":"https:\/\/sanluisinforma.com\/wp-content\/uploads\/2026\/03\/sanluisinforma-V.jpg","width":500,"height":156,"caption":"sanluisinforma.com"},"image":{"@id":"https:\/\/sanluisinforma.com\/#\/schema\/logo\/image\/"}},{"@type":"Person","@id":"https:\/\/sanluisinforma.com\/#\/schema\/person\/c30648f71476be533b6f59d092905c8b","name":"sanluisinforma.com","image":{"@type":"ImageObject","inLanguage":"es","@id":"https:\/\/sanluisinforma.com\/#\/schema\/person\/image\/","url":"https:\/\/secure.gravatar.com\/avatar\/86e3114e34a1eecefb963e0a02f0093f93b092dddb2fe1517596343751081a87?s=96&d=mm&r=g","contentUrl":"https:\/\/secure.gravatar.com\/avatar\/86e3114e34a1eecefb963e0a02f0093f93b092dddb2fe1517596343751081a87?s=96&d=mm&r=g","caption":"sanluisinforma.com"},"url":"https:\/\/sanluisinforma.com\/?author=2"}]}},"_links":{"self":[{"href":"https:\/\/sanluisinforma.com\/index.php?rest_route=\/wp\/v2\/posts\/17300","targetHints":{"allow":["GET"]}}],"collection":[{"href":"https:\/\/sanluisinforma.com\/index.php?rest_route=\/wp\/v2\/posts"}],"about":[{"href":"https:\/\/sanluisinforma.com\/index.php?rest_route=\/wp\/v2\/types\/post"}],"author":[{"embeddable":true,"href":"https:\/\/sanluisinforma.com\/index.php?rest_route=\/wp\/v2\/users\/2"}],"replies":[{"embeddable":true,"href":"https:\/\/sanluisinforma.com\/index.php?rest_route=%2Fwp%2Fv2%2Fcomments&post=17300"}],"version-history":[{"count":1,"href":"https:\/\/sanluisinforma.com\/index.php?rest_route=\/wp\/v2\/posts\/17300\/revisions"}],"predecessor-version":[{"id":17302,"href":"https:\/\/sanluisinforma.com\/index.php?rest_route=\/wp\/v2\/posts\/17300\/revisions\/17302"}],"wp:featuredmedia":[{"embeddable":true,"href":"https:\/\/sanluisinforma.com\/index.php?rest_route=\/wp\/v2\/media\/17301"}],"wp:attachment":[{"href":"https:\/\/sanluisinforma.com\/index.php?rest_route=%2Fwp%2Fv2%2Fmedia&parent=17300"}],"wp:term":[{"taxonomy":"category","embeddable":true,"href":"https:\/\/sanluisinforma.com\/index.php?rest_route=%2Fwp%2Fv2%2Fcategories&post=17300"},{"taxonomy":"post_tag","embeddable":true,"href":"https:\/\/sanluisinforma.com\/index.php?rest_route=%2Fwp%2Fv2%2Ftags&post=17300"}],"curies":[{"name":"wp","href":"https:\/\/api.w.org\/{rel}","templated":true}]}}