{"id":17317,"date":"2026-01-29T00:45:00","date_gmt":"2026-01-29T06:45:00","guid":{"rendered":"https:\/\/sanluisinforma.com\/?p=17317"},"modified":"2026-01-28T22:46:23","modified_gmt":"2026-01-29T04:46:23","slug":"mas-luz-y-seguridad-san-luis-capital-atiende-fallas-de-alumbrado","status":"publish","type":"post","link":"https:\/\/sanluisinforma.com\/?p=17317","title":{"rendered":"M\u00e1s luz y seguridad: San Luis Capital atiende fallas de alumbrado"},"content":{"rendered":"\n<p><\/p>\n\n\n\n<p>En las \u00faltimas horas, el ayuntamiento capitalino atendi\u00f3 reportes en las colonias Ponciano Arriaga y Jard\u00edn<\/p>\n\n\n\n<p>Con el objetivo de que San Luis Capital se mantenga iluminada y segura, el ayuntamiento realiza diariamente labores de mantenimiento y correcci\u00f3n de fallas en el sistema de alumbrado p\u00fablico. En las \u00faltimas horas, el \u00e1rea responsable atendi\u00f3 diversos reportes ciudadanos, entre ellos uno en la colonia Ponciano Arriaga, espec\u00edficamente en el Andador Circuito Sur, donde se detect\u00f3 un corto circuito ocasionado por el contacto del cable de control con una varilla.<\/p>\n\n\n\n<p>Durante la revisi\u00f3n, el personal t\u00e9cnico instal\u00f3 un separador y sustituy\u00f3 una fotocelda da\u00f1ada, lo que permiti\u00f3 restablecer el funcionamiento de cuatro luminarias en el tramo comprendido entre las calles Oslo y Londres, quedando el sistema en \u00f3ptimas condiciones.<\/p>\n\n\n\n<p>De igual manera, se dio atenci\u00f3n a un reporte de luminarias apagadas en el circuito conformado por las calles Scop, Valent\u00edn Gama, Naranjos y Eucaliptos, en la colonia Jard\u00edn. Se detect\u00f3 una fotocelda y su base en mal estado, por lo que se procedi\u00f3 a su reemplazo, logrando encender un total de 20 luminarias y dejar completamente iluminado el sector.<\/p>\n\n\n\n<p>Estas acciones responden a la instrucci\u00f3n precisa del alcalde Enrique Galindo Ceballos de atender con prontitud los reportes ciudadanos, a fin de que la poblaci\u00f3n se sienta atendida, segura y cuente con una ciudad mejor iluminada.<\/p>\n","protected":false},"excerpt":{"rendered":"<p>En las \u00faltimas horas, el ayuntamiento capitalino atendi\u00f3 reportes en las colonias Ponciano Arriaga y Jard\u00edn Con el objetivo de<\/p>\n","protected":false},"author":2,"featured_media":17318,"comment_status":"closed","ping_status":"closed","sticky":false,"template":"","format":"standard","meta":{"footnotes":""},"categories":[25,30],"tags":[],"class_list":["post-17317","post","type-post","status-publish","format-standard","has-post-thumbnail","hentry","category-local","category-portada"],"yoast_head":"<!-- This site is optimized with the Yoast SEO plugin v24.1 - https:\/\/yoast.com\/wordpress\/plugins\/seo\/ -->\n<title>M\u00e1s luz y seguridad: San Luis Capital atiende fallas de alumbrado - sanluisinforma.com<\/title>\n<meta name=\"robots\" content=\"index, follow, max-snippet:-1, max-image-preview:large, max-video-preview:-1\" \/>\n<link rel=\"canonical\" href=\"https:\/\/sanluisinforma.com\/?p=17317\" \/>\n<meta property=\"og:locale\" content=\"es_MX\" \/>\n<meta property=\"og:type\" content=\"article\" \/>\n<meta property=\"og:title\" content=\"M\u00e1s luz y seguridad: San Luis Capital atiende fallas de alumbrado - sanluisinforma.com\" \/>\n<meta property=\"og:description\" content=\"En las \u00faltimas horas, el ayuntamiento capitalino atendi\u00f3 reportes en las colonias Ponciano Arriaga y Jard\u00edn Con el objetivo de\" \/>\n<meta property=\"og:url\" content=\"https:\/\/sanluisinforma.com\/?p=17317\" \/>\n<meta property=\"og:site_name\" content=\"sanluisinforma.com\" \/>\n<meta property=\"article:published_time\" content=\"2026-01-29T06:45:00+00:00\" \/>\n<meta property=\"article:modified_time\" content=\"2026-01-29T04:46:23+00:00\" \/>\n<meta property=\"og:image\" content=\"https:\/\/sanluisinforma.com\/wp-content\/uploads\/2026\/01\/unnamed-28.jpg\" \/>\n\t<meta property=\"og:image:width\" content=\"400\" \/>\n\t<meta property=\"og:image:height\" content=\"533\" \/>\n\t<meta property=\"og:image:type\" content=\"image\/jpeg\" \/>\n<meta name=\"author\" content=\"sanluisinforma.com\" \/>\n<meta name=\"twitter:card\" content=\"summary_large_image\" \/>\n<meta name=\"twitter:label1\" content=\"Escrito por\" \/>\n\t<meta name=\"twitter:data1\" content=\"sanluisinforma.com\" \/>\n\t<meta name=\"twitter:label2\" content=\"Tiempo de lectura\" \/>\n\t<meta name=\"twitter:data2\" content=\"2 minutos\" \/>\n<script type=\"application\/ld+json\" class=\"yoast-schema-graph\">{\"@context\":\"https:\/\/schema.org\",\"@graph\":[{\"@type\":\"Article\",\"@id\":\"https:\/\/sanluisinforma.com\/?p=17317#article\",\"isPartOf\":{\"@id\":\"https:\/\/sanluisinforma.com\/?p=17317\"},\"author\":{\"name\":\"sanluisinforma.com\",\"@id\":\"https:\/\/sanluisinforma.com\/#\/schema\/person\/c30648f71476be533b6f59d092905c8b\"},\"headline\":\"M\u00e1s luz y seguridad: San Luis Capital atiende fallas de alumbrado\",\"datePublished\":\"2026-01-29T06:45:00+00:00\",\"dateModified\":\"2026-01-29T04:46:23+00:00\",\"mainEntityOfPage\":{\"@id\":\"https:\/\/sanluisinforma.com\/?p=17317\"},\"wordCount\":246,\"publisher\":{\"@id\":\"https:\/\/sanluisinforma.com\/#organization\"},\"image\":{\"@id\":\"https:\/\/sanluisinforma.com\/?p=17317#primaryimage\"},\"thumbnailUrl\":\"https:\/\/sanluisinforma.com\/wp-content\/uploads\/2026\/01\/unnamed-28.jpg\",\"articleSection\":[\"Local\",\"Portada\"],\"inLanguage\":\"es\"},{\"@type\":\"WebPage\",\"@id\":\"https:\/\/sanluisinforma.com\/?p=17317\",\"url\":\"https:\/\/sanluisinforma.com\/?p=17317\",\"name\":\"M\u00e1s luz y seguridad: San Luis Capital atiende fallas de alumbrado - sanluisinforma.com\",\"isPartOf\":{\"@id\":\"https:\/\/sanluisinforma.com\/#website\"},\"primaryImageOfPage\":{\"@id\":\"https:\/\/sanluisinforma.com\/?p=17317#primaryimage\"},\"image\":{\"@id\":\"https:\/\/sanluisinforma.com\/?p=17317#primaryimage\"},\"thumbnailUrl\":\"https:\/\/sanluisinforma.com\/wp-content\/uploads\/2026\/01\/unnamed-28.jpg\",\"datePublished\":\"2026-01-29T06:45:00+00:00\",\"dateModified\":\"2026-01-29T04:46:23+00:00\",\"breadcrumb\":{\"@id\":\"https:\/\/sanluisinforma.com\/?p=17317#breadcrumb\"},\"inLanguage\":\"es\",\"potentialAction\":[{\"@type\":\"ReadAction\",\"target\":[\"https:\/\/sanluisinforma.com\/?p=17317\"]}]},{\"@type\":\"ImageObject\",\"inLanguage\":\"es\",\"@id\":\"https:\/\/sanluisinforma.com\/?p=17317#primaryimage\",\"url\":\"https:\/\/sanluisinforma.com\/wp-content\/uploads\/2026\/01\/unnamed-28.jpg\",\"contentUrl\":\"https:\/\/sanluisinforma.com\/wp-content\/uploads\/2026\/01\/unnamed-28.jpg\",\"width\":400,\"height\":533},{\"@type\":\"BreadcrumbList\",\"@id\":\"https:\/\/sanluisinforma.com\/?p=17317#breadcrumb\",\"itemListElement\":[{\"@type\":\"ListItem\",\"position\":1,\"name\":\"Inicio\",\"item\":\"https:\/\/sanluisinforma.com\/\"},{\"@type\":\"ListItem\",\"position\":2,\"name\":\"M\u00e1s luz y seguridad: San Luis Capital atiende fallas de alumbrado\"}]},{\"@type\":\"WebSite\",\"@id\":\"https:\/\/sanluisinforma.com\/#website\",\"url\":\"https:\/\/sanluisinforma.com\/\",\"name\":\"sanluisinforma.com\",\"description\":\"Periodico San Luis Informa\",\"publisher\":{\"@id\":\"https:\/\/sanluisinforma.com\/#organization\"},\"potentialAction\":[{\"@type\":\"SearchAction\",\"target\":{\"@type\":\"EntryPoint\",\"urlTemplate\":\"https:\/\/sanluisinforma.com\/?s={search_term_string}\"},\"query-input\":{\"@type\":\"PropertyValueSpecification\",\"valueRequired\":true,\"valueName\":\"search_term_string\"}}],\"inLanguage\":\"es\"},{\"@type\":\"Organization\",\"@id\":\"https:\/\/sanluisinforma.com\/#organization\",\"name\":\"sanluisinforma.com\",\"url\":\"https:\/\/sanluisinforma.com\/\",\"logo\":{\"@type\":\"ImageObject\",\"inLanguage\":\"es\",\"@id\":\"https:\/\/sanluisinforma.com\/#\/schema\/logo\/image\/\",\"url\":\"https:\/\/sanluisinforma.com\/wp-content\/uploads\/2026\/03\/sanluisinforma-V.jpg\",\"contentUrl\":\"https:\/\/sanluisinforma.com\/wp-content\/uploads\/2026\/03\/sanluisinforma-V.jpg\",\"width\":500,\"height\":156,\"caption\":\"sanluisinforma.com\"},\"image\":{\"@id\":\"https:\/\/sanluisinforma.com\/#\/schema\/logo\/image\/\"}},{\"@type\":\"Person\",\"@id\":\"https:\/\/sanluisinforma.com\/#\/schema\/person\/c30648f71476be533b6f59d092905c8b\",\"name\":\"sanluisinforma.com\",\"image\":{\"@type\":\"ImageObject\",\"inLanguage\":\"es\",\"@id\":\"https:\/\/sanluisinforma.com\/#\/schema\/person\/image\/\",\"url\":\"https:\/\/secure.gravatar.com\/avatar\/86e3114e34a1eecefb963e0a02f0093f93b092dddb2fe1517596343751081a87?s=96&d=mm&r=g\",\"contentUrl\":\"https:\/\/secure.gravatar.com\/avatar\/86e3114e34a1eecefb963e0a02f0093f93b092dddb2fe1517596343751081a87?s=96&d=mm&r=g\",\"caption\":\"sanluisinforma.com\"},\"url\":\"https:\/\/sanluisinforma.com\/?author=2\"}]}<\/script>\n<!-- \/ Yoast SEO plugin. -->","yoast_head_json":{"title":"M\u00e1s luz y seguridad: San Luis Capital atiende fallas de alumbrado - sanluisinforma.com","robots":{"index":"index","follow":"follow","max-snippet":"max-snippet:-1","max-image-preview":"max-image-preview:large","max-video-preview":"max-video-preview:-1"},"canonical":"https:\/\/sanluisinforma.com\/?p=17317","og_locale":"es_MX","og_type":"article","og_title":"M\u00e1s luz y seguridad: San Luis Capital atiende fallas de alumbrado - sanluisinforma.com","og_description":"En las \u00faltimas horas, el ayuntamiento capitalino atendi\u00f3 reportes en las colonias Ponciano Arriaga y Jard\u00edn Con el objetivo de","og_url":"https:\/\/sanluisinforma.com\/?p=17317","og_site_name":"sanluisinforma.com","article_published_time":"2026-01-29T06:45:00+00:00","article_modified_time":"2026-01-29T04:46:23+00:00","og_image":[{"width":400,"height":533,"url":"https:\/\/sanluisinforma.com\/wp-content\/uploads\/2026\/01\/unnamed-28.jpg","type":"image\/jpeg"}],"author":"sanluisinforma.com","twitter_card":"summary_large_image","twitter_misc":{"Escrito por":"sanluisinforma.com","Tiempo de lectura":"2 minutos"},"schema":{"@context":"https:\/\/schema.org","@graph":[{"@type":"Article","@id":"https:\/\/sanluisinforma.com\/?p=17317#article","isPartOf":{"@id":"https:\/\/sanluisinforma.com\/?p=17317"},"author":{"name":"sanluisinforma.com","@id":"https:\/\/sanluisinforma.com\/#\/schema\/person\/c30648f71476be533b6f59d092905c8b"},"headline":"M\u00e1s luz y seguridad: San Luis Capital atiende fallas de alumbrado","datePublished":"2026-01-29T06:45:00+00:00","dateModified":"2026-01-29T04:46:23+00:00","mainEntityOfPage":{"@id":"https:\/\/sanluisinforma.com\/?p=17317"},"wordCount":246,"publisher":{"@id":"https:\/\/sanluisinforma.com\/#organization"},"image":{"@id":"https:\/\/sanluisinforma.com\/?p=17317#primaryimage"},"thumbnailUrl":"https:\/\/sanluisinforma.com\/wp-content\/uploads\/2026\/01\/unnamed-28.jpg","articleSection":["Local","Portada"],"inLanguage":"es"},{"@type":"WebPage","@id":"https:\/\/sanluisinforma.com\/?p=17317","url":"https:\/\/sanluisinforma.com\/?p=17317","name":"M\u00e1s luz y seguridad: San Luis Capital atiende fallas de alumbrado - sanluisinforma.com","isPartOf":{"@id":"https:\/\/sanluisinforma.com\/#website"},"primaryImageOfPage":{"@id":"https:\/\/sanluisinforma.com\/?p=17317#primaryimage"},"image":{"@id":"https:\/\/sanluisinforma.com\/?p=17317#primaryimage"},"thumbnailUrl":"https:\/\/sanluisinforma.com\/wp-content\/uploads\/2026\/01\/unnamed-28.jpg","datePublished":"2026-01-29T06:45:00+00:00","dateModified":"2026-01-29T04:46:23+00:00","breadcrumb":{"@id":"https:\/\/sanluisinforma.com\/?p=17317#breadcrumb"},"inLanguage":"es","potentialAction":[{"@type":"ReadAction","target":["https:\/\/sanluisinforma.com\/?p=17317"]}]},{"@type":"ImageObject","inLanguage":"es","@id":"https:\/\/sanluisinforma.com\/?p=17317#primaryimage","url":"https:\/\/sanluisinforma.com\/wp-content\/uploads\/2026\/01\/unnamed-28.jpg","contentUrl":"https:\/\/sanluisinforma.com\/wp-content\/uploads\/2026\/01\/unnamed-28.jpg","width":400,"height":533},{"@type":"BreadcrumbList","@id":"https:\/\/sanluisinforma.com\/?p=17317#breadcrumb","itemListElement":[{"@type":"ListItem","position":1,"name":"Inicio","item":"https:\/\/sanluisinforma.com\/"},{"@type":"ListItem","position":2,"name":"M\u00e1s luz y seguridad: San Luis Capital atiende fallas de alumbrado"}]},{"@type":"WebSite","@id":"https:\/\/sanluisinforma.com\/#website","url":"https:\/\/sanluisinforma.com\/","name":"sanluisinforma.com","description":"Periodico San Luis Informa","publisher":{"@id":"https:\/\/sanluisinforma.com\/#organization"},"potentialAction":[{"@type":"SearchAction","target":{"@type":"EntryPoint","urlTemplate":"https:\/\/sanluisinforma.com\/?s={search_term_string}"},"query-input":{"@type":"PropertyValueSpecification","valueRequired":true,"valueName":"search_term_string"}}],"inLanguage":"es"},{"@type":"Organization","@id":"https:\/\/sanluisinforma.com\/#organization","name":"sanluisinforma.com","url":"https:\/\/sanluisinforma.com\/","logo":{"@type":"ImageObject","inLanguage":"es","@id":"https:\/\/sanluisinforma.com\/#\/schema\/logo\/image\/","url":"https:\/\/sanluisinforma.com\/wp-content\/uploads\/2026\/03\/sanluisinforma-V.jpg","contentUrl":"https:\/\/sanluisinforma.com\/wp-content\/uploads\/2026\/03\/sanluisinforma-V.jpg","width":500,"height":156,"caption":"sanluisinforma.com"},"image":{"@id":"https:\/\/sanluisinforma.com\/#\/schema\/logo\/image\/"}},{"@type":"Person","@id":"https:\/\/sanluisinforma.com\/#\/schema\/person\/c30648f71476be533b6f59d092905c8b","name":"sanluisinforma.com","image":{"@type":"ImageObject","inLanguage":"es","@id":"https:\/\/sanluisinforma.com\/#\/schema\/person\/image\/","url":"https:\/\/secure.gravatar.com\/avatar\/86e3114e34a1eecefb963e0a02f0093f93b092dddb2fe1517596343751081a87?s=96&d=mm&r=g","contentUrl":"https:\/\/secure.gravatar.com\/avatar\/86e3114e34a1eecefb963e0a02f0093f93b092dddb2fe1517596343751081a87?s=96&d=mm&r=g","caption":"sanluisinforma.com"},"url":"https:\/\/sanluisinforma.com\/?author=2"}]}},"_links":{"self":[{"href":"https:\/\/sanluisinforma.com\/index.php?rest_route=\/wp\/v2\/posts\/17317","targetHints":{"allow":["GET"]}}],"collection":[{"href":"https:\/\/sanluisinforma.com\/index.php?rest_route=\/wp\/v2\/posts"}],"about":[{"href":"https:\/\/sanluisinforma.com\/index.php?rest_route=\/wp\/v2\/types\/post"}],"author":[{"embeddable":true,"href":"https:\/\/sanluisinforma.com\/index.php?rest_route=\/wp\/v2\/users\/2"}],"replies":[{"embeddable":true,"href":"https:\/\/sanluisinforma.com\/index.php?rest_route=%2Fwp%2Fv2%2Fcomments&post=17317"}],"version-history":[{"count":1,"href":"https:\/\/sanluisinforma.com\/index.php?rest_route=\/wp\/v2\/posts\/17317\/revisions"}],"predecessor-version":[{"id":17319,"href":"https:\/\/sanluisinforma.com\/index.php?rest_route=\/wp\/v2\/posts\/17317\/revisions\/17319"}],"wp:featuredmedia":[{"embeddable":true,"href":"https:\/\/sanluisinforma.com\/index.php?rest_route=\/wp\/v2\/media\/17318"}],"wp:attachment":[{"href":"https:\/\/sanluisinforma.com\/index.php?rest_route=%2Fwp%2Fv2%2Fmedia&parent=17317"}],"wp:term":[{"taxonomy":"category","embeddable":true,"href":"https:\/\/sanluisinforma.com\/index.php?rest_route=%2Fwp%2Fv2%2Fcategories&post=17317"},{"taxonomy":"post_tag","embeddable":true,"href":"https:\/\/sanluisinforma.com\/index.php?rest_route=%2Fwp%2Fv2%2Ftags&post=17317"}],"curies":[{"name":"wp","href":"https:\/\/api.w.org\/{rel}","templated":true}]}}