{"id":17338,"date":"2026-01-30T00:55:00","date_gmt":"2026-01-30T06:55:00","guid":{"rendered":"https:\/\/sanluisinforma.com\/?p=17338"},"modified":"2026-01-29T19:23:22","modified_gmt":"2026-01-30T01:23:22","slug":"alianza-pvem-morena-y-pt-fortalece-gobernabilidad-y-dialogo-politico-en-el-estado","status":"publish","type":"post","link":"https:\/\/sanluisinforma.com\/?p=17338","title":{"rendered":"Alianza Pvem, Morena  Y PT fortalece gobernabilidad y di\u00e1logo pol\u00edtico en el Estado"},"content":{"rendered":"\n<p>\u2022 Con esta s\u00f3lida alianza nacional, se consolida un proyecto pol\u00edtico de cara al proceso electoral del 2027.<\/p>\n\n\n\n<p>En el contexto de las alianzas pol\u00edticas que consolidaron a nivel nacional, el secretario general de Gobierno, J. Guadalupe Torres S\u00e1nchez reconoci\u00f3 la altura pol\u00edtica, madurez y sensibilidad de las dirigencias del Partido Verde Ecologista de M\u00e9xico, Morena y Partido del Trabajo, al lograr una unidad anticipada de cara al pr\u00f3ximo proceso electoral.<br>Destac\u00f3 que esta coalici\u00f3n representa una garant\u00eda de triunfo porque es una alianza s\u00f3lida con amplia presencia territorial, bases organizadas y un respaldo social significativo; por lo que toca al Estado, dijo, ahora nos corresponde fortalecer el di\u00e1logo y la gobernabilidad en mesas de di\u00e1logo permanentes para determinar decisiones relevantes y alcanzar la continuidad del proyecto pol\u00edtico.<br>Asimismo, Torres S\u00e1nchez reiter\u00f3 la importancia de la comunicaci\u00f3n constante desde la Secretar\u00eda General de Gobierno no solo con los partidos que integran la coalici\u00f3n sino con todas las fuerzas pol\u00edticas, como un elemento clave para garantizar gobernabilidad, estabilidad y paz social, especialmente en la antesala de un proceso electoral.<\/p>\n","protected":false},"excerpt":{"rendered":"<p>\u2022 Con esta s\u00f3lida alianza nacional, se consolida un proyecto pol\u00edtico de cara al proceso electoral del 2027. En el<\/p>\n","protected":false},"author":2,"featured_media":17339,"comment_status":"closed","ping_status":"closed","sticky":false,"template":"","format":"standard","meta":{"footnotes":""},"categories":[25,30],"tags":[],"class_list":["post-17338","post","type-post","status-publish","format-standard","has-post-thumbnail","hentry","category-local","category-portada"],"yoast_head":"<!-- This site is optimized with the Yoast SEO plugin v24.1 - https:\/\/yoast.com\/wordpress\/plugins\/seo\/ -->\n<title>Alianza Pvem, Morena Y PT fortalece gobernabilidad y di\u00e1logo pol\u00edtico en el Estado - sanluisinforma.com<\/title>\n<meta name=\"robots\" content=\"index, follow, max-snippet:-1, max-image-preview:large, max-video-preview:-1\" \/>\n<link rel=\"canonical\" href=\"https:\/\/sanluisinforma.com\/?p=17338\" \/>\n<meta property=\"og:locale\" content=\"es_MX\" \/>\n<meta property=\"og:type\" content=\"article\" \/>\n<meta property=\"og:title\" content=\"Alianza Pvem, Morena Y PT fortalece gobernabilidad y di\u00e1logo pol\u00edtico en el Estado - sanluisinforma.com\" \/>\n<meta property=\"og:description\" content=\"\u2022 Con esta s\u00f3lida alianza nacional, se consolida un proyecto pol\u00edtico de cara al proceso electoral del 2027. En el\" \/>\n<meta property=\"og:url\" content=\"https:\/\/sanluisinforma.com\/?p=17338\" \/>\n<meta property=\"og:site_name\" content=\"sanluisinforma.com\" \/>\n<meta property=\"article:published_time\" content=\"2026-01-30T06:55:00+00:00\" \/>\n<meta property=\"article:modified_time\" content=\"2026-01-30T01:23:22+00:00\" \/>\n<meta property=\"og:image\" content=\"https:\/\/sanluisinforma.com\/wp-content\/uploads\/2026\/01\/unnamed-1-24.jpg\" \/>\n\t<meta property=\"og:image:width\" content=\"400\" \/>\n\t<meta property=\"og:image:height\" content=\"265\" \/>\n\t<meta property=\"og:image:type\" content=\"image\/jpeg\" \/>\n<meta name=\"author\" content=\"sanluisinforma.com\" \/>\n<meta name=\"twitter:card\" content=\"summary_large_image\" \/>\n<meta name=\"twitter:label1\" content=\"Escrito por\" \/>\n\t<meta name=\"twitter:data1\" content=\"sanluisinforma.com\" \/>\n\t<meta name=\"twitter:label2\" content=\"Tiempo de lectura\" \/>\n\t<meta name=\"twitter:data2\" content=\"2 minutos\" \/>\n<script type=\"application\/ld+json\" class=\"yoast-schema-graph\">{\"@context\":\"https:\/\/schema.org\",\"@graph\":[{\"@type\":\"Article\",\"@id\":\"https:\/\/sanluisinforma.com\/?p=17338#article\",\"isPartOf\":{\"@id\":\"https:\/\/sanluisinforma.com\/?p=17338\"},\"author\":{\"name\":\"sanluisinforma.com\",\"@id\":\"https:\/\/sanluisinforma.com\/#\/schema\/person\/c30648f71476be533b6f59d092905c8b\"},\"headline\":\"Alianza Pvem, Morena Y PT fortalece gobernabilidad y di\u00e1logo pol\u00edtico en el Estado\",\"datePublished\":\"2026-01-30T06:55:00+00:00\",\"dateModified\":\"2026-01-30T01:23:22+00:00\",\"mainEntityOfPage\":{\"@id\":\"https:\/\/sanluisinforma.com\/?p=17338\"},\"wordCount\":209,\"publisher\":{\"@id\":\"https:\/\/sanluisinforma.com\/#organization\"},\"image\":{\"@id\":\"https:\/\/sanluisinforma.com\/?p=17338#primaryimage\"},\"thumbnailUrl\":\"https:\/\/sanluisinforma.com\/wp-content\/uploads\/2026\/01\/unnamed-1-24.jpg\",\"articleSection\":[\"Local\",\"Portada\"],\"inLanguage\":\"es\"},{\"@type\":\"WebPage\",\"@id\":\"https:\/\/sanluisinforma.com\/?p=17338\",\"url\":\"https:\/\/sanluisinforma.com\/?p=17338\",\"name\":\"Alianza Pvem, Morena Y PT fortalece gobernabilidad y di\u00e1logo pol\u00edtico en el Estado - sanluisinforma.com\",\"isPartOf\":{\"@id\":\"https:\/\/sanluisinforma.com\/#website\"},\"primaryImageOfPage\":{\"@id\":\"https:\/\/sanluisinforma.com\/?p=17338#primaryimage\"},\"image\":{\"@id\":\"https:\/\/sanluisinforma.com\/?p=17338#primaryimage\"},\"thumbnailUrl\":\"https:\/\/sanluisinforma.com\/wp-content\/uploads\/2026\/01\/unnamed-1-24.jpg\",\"datePublished\":\"2026-01-30T06:55:00+00:00\",\"dateModified\":\"2026-01-30T01:23:22+00:00\",\"breadcrumb\":{\"@id\":\"https:\/\/sanluisinforma.com\/?p=17338#breadcrumb\"},\"inLanguage\":\"es\",\"potentialAction\":[{\"@type\":\"ReadAction\",\"target\":[\"https:\/\/sanluisinforma.com\/?p=17338\"]}]},{\"@type\":\"ImageObject\",\"inLanguage\":\"es\",\"@id\":\"https:\/\/sanluisinforma.com\/?p=17338#primaryimage\",\"url\":\"https:\/\/sanluisinforma.com\/wp-content\/uploads\/2026\/01\/unnamed-1-24.jpg\",\"contentUrl\":\"https:\/\/sanluisinforma.com\/wp-content\/uploads\/2026\/01\/unnamed-1-24.jpg\",\"width\":400,\"height\":265},{\"@type\":\"BreadcrumbList\",\"@id\":\"https:\/\/sanluisinforma.com\/?p=17338#breadcrumb\",\"itemListElement\":[{\"@type\":\"ListItem\",\"position\":1,\"name\":\"Inicio\",\"item\":\"https:\/\/sanluisinforma.com\/\"},{\"@type\":\"ListItem\",\"position\":2,\"name\":\"Alianza Pvem, Morena Y PT fortalece gobernabilidad y di\u00e1logo pol\u00edtico en el Estado\"}]},{\"@type\":\"WebSite\",\"@id\":\"https:\/\/sanluisinforma.com\/#website\",\"url\":\"https:\/\/sanluisinforma.com\/\",\"name\":\"sanluisinforma.com\",\"description\":\"Periodico San Luis Informa\",\"publisher\":{\"@id\":\"https:\/\/sanluisinforma.com\/#organization\"},\"potentialAction\":[{\"@type\":\"SearchAction\",\"target\":{\"@type\":\"EntryPoint\",\"urlTemplate\":\"https:\/\/sanluisinforma.com\/?s={search_term_string}\"},\"query-input\":{\"@type\":\"PropertyValueSpecification\",\"valueRequired\":true,\"valueName\":\"search_term_string\"}}],\"inLanguage\":\"es\"},{\"@type\":\"Organization\",\"@id\":\"https:\/\/sanluisinforma.com\/#organization\",\"name\":\"sanluisinforma.com\",\"url\":\"https:\/\/sanluisinforma.com\/\",\"logo\":{\"@type\":\"ImageObject\",\"inLanguage\":\"es\",\"@id\":\"https:\/\/sanluisinforma.com\/#\/schema\/logo\/image\/\",\"url\":\"https:\/\/sanluisinforma.com\/wp-content\/uploads\/2026\/03\/sanluisinforma-V.jpg\",\"contentUrl\":\"https:\/\/sanluisinforma.com\/wp-content\/uploads\/2026\/03\/sanluisinforma-V.jpg\",\"width\":500,\"height\":156,\"caption\":\"sanluisinforma.com\"},\"image\":{\"@id\":\"https:\/\/sanluisinforma.com\/#\/schema\/logo\/image\/\"}},{\"@type\":\"Person\",\"@id\":\"https:\/\/sanluisinforma.com\/#\/schema\/person\/c30648f71476be533b6f59d092905c8b\",\"name\":\"sanluisinforma.com\",\"image\":{\"@type\":\"ImageObject\",\"inLanguage\":\"es\",\"@id\":\"https:\/\/sanluisinforma.com\/#\/schema\/person\/image\/\",\"url\":\"https:\/\/secure.gravatar.com\/avatar\/86e3114e34a1eecefb963e0a02f0093f93b092dddb2fe1517596343751081a87?s=96&d=mm&r=g\",\"contentUrl\":\"https:\/\/secure.gravatar.com\/avatar\/86e3114e34a1eecefb963e0a02f0093f93b092dddb2fe1517596343751081a87?s=96&d=mm&r=g\",\"caption\":\"sanluisinforma.com\"},\"url\":\"https:\/\/sanluisinforma.com\/?author=2\"}]}<\/script>\n<!-- \/ Yoast SEO plugin. -->","yoast_head_json":{"title":"Alianza Pvem, Morena Y PT fortalece gobernabilidad y di\u00e1logo pol\u00edtico en el Estado - sanluisinforma.com","robots":{"index":"index","follow":"follow","max-snippet":"max-snippet:-1","max-image-preview":"max-image-preview:large","max-video-preview":"max-video-preview:-1"},"canonical":"https:\/\/sanluisinforma.com\/?p=17338","og_locale":"es_MX","og_type":"article","og_title":"Alianza Pvem, Morena Y PT fortalece gobernabilidad y di\u00e1logo pol\u00edtico en el Estado - sanluisinforma.com","og_description":"\u2022 Con esta s\u00f3lida alianza nacional, se consolida un proyecto pol\u00edtico de cara al proceso electoral del 2027. En el","og_url":"https:\/\/sanluisinforma.com\/?p=17338","og_site_name":"sanluisinforma.com","article_published_time":"2026-01-30T06:55:00+00:00","article_modified_time":"2026-01-30T01:23:22+00:00","og_image":[{"width":400,"height":265,"url":"https:\/\/sanluisinforma.com\/wp-content\/uploads\/2026\/01\/unnamed-1-24.jpg","type":"image\/jpeg"}],"author":"sanluisinforma.com","twitter_card":"summary_large_image","twitter_misc":{"Escrito por":"sanluisinforma.com","Tiempo de lectura":"2 minutos"},"schema":{"@context":"https:\/\/schema.org","@graph":[{"@type":"Article","@id":"https:\/\/sanluisinforma.com\/?p=17338#article","isPartOf":{"@id":"https:\/\/sanluisinforma.com\/?p=17338"},"author":{"name":"sanluisinforma.com","@id":"https:\/\/sanluisinforma.com\/#\/schema\/person\/c30648f71476be533b6f59d092905c8b"},"headline":"Alianza Pvem, Morena Y PT fortalece gobernabilidad y di\u00e1logo pol\u00edtico en el Estado","datePublished":"2026-01-30T06:55:00+00:00","dateModified":"2026-01-30T01:23:22+00:00","mainEntityOfPage":{"@id":"https:\/\/sanluisinforma.com\/?p=17338"},"wordCount":209,"publisher":{"@id":"https:\/\/sanluisinforma.com\/#organization"},"image":{"@id":"https:\/\/sanluisinforma.com\/?p=17338#primaryimage"},"thumbnailUrl":"https:\/\/sanluisinforma.com\/wp-content\/uploads\/2026\/01\/unnamed-1-24.jpg","articleSection":["Local","Portada"],"inLanguage":"es"},{"@type":"WebPage","@id":"https:\/\/sanluisinforma.com\/?p=17338","url":"https:\/\/sanluisinforma.com\/?p=17338","name":"Alianza Pvem, Morena Y PT fortalece gobernabilidad y di\u00e1logo pol\u00edtico en el Estado - sanluisinforma.com","isPartOf":{"@id":"https:\/\/sanluisinforma.com\/#website"},"primaryImageOfPage":{"@id":"https:\/\/sanluisinforma.com\/?p=17338#primaryimage"},"image":{"@id":"https:\/\/sanluisinforma.com\/?p=17338#primaryimage"},"thumbnailUrl":"https:\/\/sanluisinforma.com\/wp-content\/uploads\/2026\/01\/unnamed-1-24.jpg","datePublished":"2026-01-30T06:55:00+00:00","dateModified":"2026-01-30T01:23:22+00:00","breadcrumb":{"@id":"https:\/\/sanluisinforma.com\/?p=17338#breadcrumb"},"inLanguage":"es","potentialAction":[{"@type":"ReadAction","target":["https:\/\/sanluisinforma.com\/?p=17338"]}]},{"@type":"ImageObject","inLanguage":"es","@id":"https:\/\/sanluisinforma.com\/?p=17338#primaryimage","url":"https:\/\/sanluisinforma.com\/wp-content\/uploads\/2026\/01\/unnamed-1-24.jpg","contentUrl":"https:\/\/sanluisinforma.com\/wp-content\/uploads\/2026\/01\/unnamed-1-24.jpg","width":400,"height":265},{"@type":"BreadcrumbList","@id":"https:\/\/sanluisinforma.com\/?p=17338#breadcrumb","itemListElement":[{"@type":"ListItem","position":1,"name":"Inicio","item":"https:\/\/sanluisinforma.com\/"},{"@type":"ListItem","position":2,"name":"Alianza Pvem, Morena Y PT fortalece gobernabilidad y di\u00e1logo pol\u00edtico en el Estado"}]},{"@type":"WebSite","@id":"https:\/\/sanluisinforma.com\/#website","url":"https:\/\/sanluisinforma.com\/","name":"sanluisinforma.com","description":"Periodico San Luis Informa","publisher":{"@id":"https:\/\/sanluisinforma.com\/#organization"},"potentialAction":[{"@type":"SearchAction","target":{"@type":"EntryPoint","urlTemplate":"https:\/\/sanluisinforma.com\/?s={search_term_string}"},"query-input":{"@type":"PropertyValueSpecification","valueRequired":true,"valueName":"search_term_string"}}],"inLanguage":"es"},{"@type":"Organization","@id":"https:\/\/sanluisinforma.com\/#organization","name":"sanluisinforma.com","url":"https:\/\/sanluisinforma.com\/","logo":{"@type":"ImageObject","inLanguage":"es","@id":"https:\/\/sanluisinforma.com\/#\/schema\/logo\/image\/","url":"https:\/\/sanluisinforma.com\/wp-content\/uploads\/2026\/03\/sanluisinforma-V.jpg","contentUrl":"https:\/\/sanluisinforma.com\/wp-content\/uploads\/2026\/03\/sanluisinforma-V.jpg","width":500,"height":156,"caption":"sanluisinforma.com"},"image":{"@id":"https:\/\/sanluisinforma.com\/#\/schema\/logo\/image\/"}},{"@type":"Person","@id":"https:\/\/sanluisinforma.com\/#\/schema\/person\/c30648f71476be533b6f59d092905c8b","name":"sanluisinforma.com","image":{"@type":"ImageObject","inLanguage":"es","@id":"https:\/\/sanluisinforma.com\/#\/schema\/person\/image\/","url":"https:\/\/secure.gravatar.com\/avatar\/86e3114e34a1eecefb963e0a02f0093f93b092dddb2fe1517596343751081a87?s=96&d=mm&r=g","contentUrl":"https:\/\/secure.gravatar.com\/avatar\/86e3114e34a1eecefb963e0a02f0093f93b092dddb2fe1517596343751081a87?s=96&d=mm&r=g","caption":"sanluisinforma.com"},"url":"https:\/\/sanluisinforma.com\/?author=2"}]}},"_links":{"self":[{"href":"https:\/\/sanluisinforma.com\/index.php?rest_route=\/wp\/v2\/posts\/17338","targetHints":{"allow":["GET"]}}],"collection":[{"href":"https:\/\/sanluisinforma.com\/index.php?rest_route=\/wp\/v2\/posts"}],"about":[{"href":"https:\/\/sanluisinforma.com\/index.php?rest_route=\/wp\/v2\/types\/post"}],"author":[{"embeddable":true,"href":"https:\/\/sanluisinforma.com\/index.php?rest_route=\/wp\/v2\/users\/2"}],"replies":[{"embeddable":true,"href":"https:\/\/sanluisinforma.com\/index.php?rest_route=%2Fwp%2Fv2%2Fcomments&post=17338"}],"version-history":[{"count":1,"href":"https:\/\/sanluisinforma.com\/index.php?rest_route=\/wp\/v2\/posts\/17338\/revisions"}],"predecessor-version":[{"id":17340,"href":"https:\/\/sanluisinforma.com\/index.php?rest_route=\/wp\/v2\/posts\/17338\/revisions\/17340"}],"wp:featuredmedia":[{"embeddable":true,"href":"https:\/\/sanluisinforma.com\/index.php?rest_route=\/wp\/v2\/media\/17339"}],"wp:attachment":[{"href":"https:\/\/sanluisinforma.com\/index.php?rest_route=%2Fwp%2Fv2%2Fmedia&parent=17338"}],"wp:term":[{"taxonomy":"category","embeddable":true,"href":"https:\/\/sanluisinforma.com\/index.php?rest_route=%2Fwp%2Fv2%2Fcategories&post=17338"},{"taxonomy":"post_tag","embeddable":true,"href":"https:\/\/sanluisinforma.com\/index.php?rest_route=%2Fwp%2Fv2%2Ftags&post=17338"}],"curies":[{"name":"wp","href":"https:\/\/api.w.org\/{rel}","templated":true}]}}