{"id":17372,"date":"2026-02-01T00:55:00","date_gmt":"2026-02-01T06:55:00","guid":{"rendered":"https:\/\/sanluisinforma.com\/?p=17372"},"modified":"2026-01-31T19:43:27","modified_gmt":"2026-02-01T01:43:27","slug":"las-bicicletas-tambien-viajaran-en-metrored-anuncia-ricardo-gallardo","status":"publish","type":"post","link":"https:\/\/sanluisinforma.com\/?p=17372","title":{"rendered":"Las bicicletas tambien viajar\u00e1n en Metrored , anuncia Ricardo Gallardo"},"content":{"rendered":"\n<p><br>\u2022 El proyecto permitir\u00e1 combinar bicicleta y transporte p\u00fablico, lo que fortalecer\u00e1 la movilidad sustentable y beneficiar\u00e1 a miles de habitantes, destac\u00f3 el Gobernador Estatal.<\/p>\n\n\n\n<p>El Gobernador de San Luis Potos\u00ed, Ricardo Gallardo Cardona, anunci\u00f3 la primera etapa de instalaci\u00f3n de equipo especializado para el traslado seguro de bicicletas en unidades del sistema de MetroRed, con lo que las y los potosinos podr\u00e1n combinar el transporte gratuito con el uso de bicicleta, impulsando una movilidad sustentable sin l\u00edmites y promoviendo la reducci\u00f3n de uso vehicular.<br>El Gobernador potosino instruy\u00f3 a la Secretar\u00eda de Comunicaciones y Transportes (SCT) determinar las rutas seleccionadas en esta primera etapa, y resalt\u00f3 que este proyecto permitir\u00e1 reducir tiempos de traslado, mejorar la conexi\u00f3n entre colonias y puntos de la zona metropolitana y confirmar el cambio que se vive y se siente en San Luis Potos\u00ed.<br>Ricardo Gallardo tambi\u00e9n dio a conocer que, este proyecto vuelve a poner los ojos en la entidad potosina, pues ser\u00e1 de los pocos a nivel nacional que promueve un transporte verde sustentable gratuito con el uso de bicicleta, tras revelar que se arrancar\u00e1 con un periodo de prueba que permitir\u00e1 evaluar el servicio y fortalecer la movilidad moderna,<\/p>\n","protected":false},"excerpt":{"rendered":"<p>\u2022 El proyecto permitir\u00e1 combinar bicicleta y transporte p\u00fablico, lo que fortalecer\u00e1 la movilidad sustentable y beneficiar\u00e1 a miles de<\/p>\n","protected":false},"author":2,"featured_media":17373,"comment_status":"closed","ping_status":"closed","sticky":false,"template":"","format":"standard","meta":{"footnotes":""},"categories":[25,30],"tags":[],"class_list":["post-17372","post","type-post","status-publish","format-standard","has-post-thumbnail","hentry","category-local","category-portada"],"yoast_head":"<!-- This site is optimized with the Yoast SEO plugin v24.1 - https:\/\/yoast.com\/wordpress\/plugins\/seo\/ -->\n<title>Las bicicletas tambien viajar\u00e1n en Metrored , anuncia Ricardo Gallardo - sanluisinforma.com<\/title>\n<meta name=\"robots\" content=\"index, follow, max-snippet:-1, max-image-preview:large, max-video-preview:-1\" \/>\n<link rel=\"canonical\" href=\"https:\/\/sanluisinforma.com\/?p=17372\" \/>\n<meta property=\"og:locale\" content=\"es_MX\" \/>\n<meta property=\"og:type\" content=\"article\" \/>\n<meta property=\"og:title\" content=\"Las bicicletas tambien viajar\u00e1n en Metrored , anuncia Ricardo Gallardo - sanluisinforma.com\" \/>\n<meta property=\"og:description\" content=\"\u2022 El proyecto permitir\u00e1 combinar bicicleta y transporte p\u00fablico, lo que fortalecer\u00e1 la movilidad sustentable y beneficiar\u00e1 a miles de\" \/>\n<meta property=\"og:url\" content=\"https:\/\/sanluisinforma.com\/?p=17372\" \/>\n<meta property=\"og:site_name\" content=\"sanluisinforma.com\" \/>\n<meta property=\"article:published_time\" content=\"2026-02-01T06:55:00+00:00\" \/>\n<meta property=\"article:modified_time\" content=\"2026-02-01T01:43:27+00:00\" \/>\n<meta property=\"og:image\" content=\"https:\/\/sanluisinforma.com\/wp-content\/uploads\/2026\/01\/unnamed-31.jpg\" \/>\n\t<meta property=\"og:image:width\" content=\"400\" \/>\n\t<meta property=\"og:image:height\" content=\"266\" \/>\n\t<meta property=\"og:image:type\" content=\"image\/jpeg\" \/>\n<meta name=\"author\" content=\"sanluisinforma.com\" \/>\n<meta name=\"twitter:card\" content=\"summary_large_image\" \/>\n<meta name=\"twitter:label1\" content=\"Escrito por\" \/>\n\t<meta name=\"twitter:data1\" content=\"sanluisinforma.com\" \/>\n\t<meta name=\"twitter:label2\" content=\"Tiempo de lectura\" \/>\n\t<meta name=\"twitter:data2\" content=\"2 minutos\" \/>\n<script type=\"application\/ld+json\" class=\"yoast-schema-graph\">{\"@context\":\"https:\/\/schema.org\",\"@graph\":[{\"@type\":\"Article\",\"@id\":\"https:\/\/sanluisinforma.com\/?p=17372#article\",\"isPartOf\":{\"@id\":\"https:\/\/sanluisinforma.com\/?p=17372\"},\"author\":{\"name\":\"sanluisinforma.com\",\"@id\":\"https:\/\/sanluisinforma.com\/#\/schema\/person\/c30648f71476be533b6f59d092905c8b\"},\"headline\":\"Las bicicletas tambien viajar\u00e1n en Metrored , anuncia Ricardo Gallardo\",\"datePublished\":\"2026-02-01T06:55:00+00:00\",\"dateModified\":\"2026-02-01T01:43:27+00:00\",\"mainEntityOfPage\":{\"@id\":\"https:\/\/sanluisinforma.com\/?p=17372\"},\"wordCount\":215,\"publisher\":{\"@id\":\"https:\/\/sanluisinforma.com\/#organization\"},\"image\":{\"@id\":\"https:\/\/sanluisinforma.com\/?p=17372#primaryimage\"},\"thumbnailUrl\":\"https:\/\/sanluisinforma.com\/wp-content\/uploads\/2026\/01\/unnamed-31.jpg\",\"articleSection\":[\"Local\",\"Portada\"],\"inLanguage\":\"es\"},{\"@type\":\"WebPage\",\"@id\":\"https:\/\/sanluisinforma.com\/?p=17372\",\"url\":\"https:\/\/sanluisinforma.com\/?p=17372\",\"name\":\"Las bicicletas tambien viajar\u00e1n en Metrored , anuncia Ricardo Gallardo - sanluisinforma.com\",\"isPartOf\":{\"@id\":\"https:\/\/sanluisinforma.com\/#website\"},\"primaryImageOfPage\":{\"@id\":\"https:\/\/sanluisinforma.com\/?p=17372#primaryimage\"},\"image\":{\"@id\":\"https:\/\/sanluisinforma.com\/?p=17372#primaryimage\"},\"thumbnailUrl\":\"https:\/\/sanluisinforma.com\/wp-content\/uploads\/2026\/01\/unnamed-31.jpg\",\"datePublished\":\"2026-02-01T06:55:00+00:00\",\"dateModified\":\"2026-02-01T01:43:27+00:00\",\"breadcrumb\":{\"@id\":\"https:\/\/sanluisinforma.com\/?p=17372#breadcrumb\"},\"inLanguage\":\"es\",\"potentialAction\":[{\"@type\":\"ReadAction\",\"target\":[\"https:\/\/sanluisinforma.com\/?p=17372\"]}]},{\"@type\":\"ImageObject\",\"inLanguage\":\"es\",\"@id\":\"https:\/\/sanluisinforma.com\/?p=17372#primaryimage\",\"url\":\"https:\/\/sanluisinforma.com\/wp-content\/uploads\/2026\/01\/unnamed-31.jpg\",\"contentUrl\":\"https:\/\/sanluisinforma.com\/wp-content\/uploads\/2026\/01\/unnamed-31.jpg\",\"width\":400,\"height\":266},{\"@type\":\"BreadcrumbList\",\"@id\":\"https:\/\/sanluisinforma.com\/?p=17372#breadcrumb\",\"itemListElement\":[{\"@type\":\"ListItem\",\"position\":1,\"name\":\"Inicio\",\"item\":\"https:\/\/sanluisinforma.com\/\"},{\"@type\":\"ListItem\",\"position\":2,\"name\":\"Las bicicletas tambien viajar\u00e1n en Metrored , anuncia Ricardo Gallardo\"}]},{\"@type\":\"WebSite\",\"@id\":\"https:\/\/sanluisinforma.com\/#website\",\"url\":\"https:\/\/sanluisinforma.com\/\",\"name\":\"sanluisinforma.com\",\"description\":\"Periodico San Luis Informa\",\"publisher\":{\"@id\":\"https:\/\/sanluisinforma.com\/#organization\"},\"potentialAction\":[{\"@type\":\"SearchAction\",\"target\":{\"@type\":\"EntryPoint\",\"urlTemplate\":\"https:\/\/sanluisinforma.com\/?s={search_term_string}\"},\"query-input\":{\"@type\":\"PropertyValueSpecification\",\"valueRequired\":true,\"valueName\":\"search_term_string\"}}],\"inLanguage\":\"es\"},{\"@type\":\"Organization\",\"@id\":\"https:\/\/sanluisinforma.com\/#organization\",\"name\":\"sanluisinforma.com\",\"url\":\"https:\/\/sanluisinforma.com\/\",\"logo\":{\"@type\":\"ImageObject\",\"inLanguage\":\"es\",\"@id\":\"https:\/\/sanluisinforma.com\/#\/schema\/logo\/image\/\",\"url\":\"https:\/\/sanluisinforma.com\/wp-content\/uploads\/2026\/03\/sanluisinforma-V.jpg\",\"contentUrl\":\"https:\/\/sanluisinforma.com\/wp-content\/uploads\/2026\/03\/sanluisinforma-V.jpg\",\"width\":500,\"height\":156,\"caption\":\"sanluisinforma.com\"},\"image\":{\"@id\":\"https:\/\/sanluisinforma.com\/#\/schema\/logo\/image\/\"}},{\"@type\":\"Person\",\"@id\":\"https:\/\/sanluisinforma.com\/#\/schema\/person\/c30648f71476be533b6f59d092905c8b\",\"name\":\"sanluisinforma.com\",\"image\":{\"@type\":\"ImageObject\",\"inLanguage\":\"es\",\"@id\":\"https:\/\/sanluisinforma.com\/#\/schema\/person\/image\/\",\"url\":\"https:\/\/secure.gravatar.com\/avatar\/86e3114e34a1eecefb963e0a02f0093f93b092dddb2fe1517596343751081a87?s=96&d=mm&r=g\",\"contentUrl\":\"https:\/\/secure.gravatar.com\/avatar\/86e3114e34a1eecefb963e0a02f0093f93b092dddb2fe1517596343751081a87?s=96&d=mm&r=g\",\"caption\":\"sanluisinforma.com\"},\"url\":\"https:\/\/sanluisinforma.com\/?author=2\"}]}<\/script>\n<!-- \/ Yoast SEO plugin. -->","yoast_head_json":{"title":"Las bicicletas tambien viajar\u00e1n en Metrored , anuncia Ricardo Gallardo - sanluisinforma.com","robots":{"index":"index","follow":"follow","max-snippet":"max-snippet:-1","max-image-preview":"max-image-preview:large","max-video-preview":"max-video-preview:-1"},"canonical":"https:\/\/sanluisinforma.com\/?p=17372","og_locale":"es_MX","og_type":"article","og_title":"Las bicicletas tambien viajar\u00e1n en Metrored , anuncia Ricardo Gallardo - sanluisinforma.com","og_description":"\u2022 El proyecto permitir\u00e1 combinar bicicleta y transporte p\u00fablico, lo que fortalecer\u00e1 la movilidad sustentable y beneficiar\u00e1 a miles de","og_url":"https:\/\/sanluisinforma.com\/?p=17372","og_site_name":"sanluisinforma.com","article_published_time":"2026-02-01T06:55:00+00:00","article_modified_time":"2026-02-01T01:43:27+00:00","og_image":[{"width":400,"height":266,"url":"https:\/\/sanluisinforma.com\/wp-content\/uploads\/2026\/01\/unnamed-31.jpg","type":"image\/jpeg"}],"author":"sanluisinforma.com","twitter_card":"summary_large_image","twitter_misc":{"Escrito por":"sanluisinforma.com","Tiempo de lectura":"2 minutos"},"schema":{"@context":"https:\/\/schema.org","@graph":[{"@type":"Article","@id":"https:\/\/sanluisinforma.com\/?p=17372#article","isPartOf":{"@id":"https:\/\/sanluisinforma.com\/?p=17372"},"author":{"name":"sanluisinforma.com","@id":"https:\/\/sanluisinforma.com\/#\/schema\/person\/c30648f71476be533b6f59d092905c8b"},"headline":"Las bicicletas tambien viajar\u00e1n en Metrored , anuncia Ricardo Gallardo","datePublished":"2026-02-01T06:55:00+00:00","dateModified":"2026-02-01T01:43:27+00:00","mainEntityOfPage":{"@id":"https:\/\/sanluisinforma.com\/?p=17372"},"wordCount":215,"publisher":{"@id":"https:\/\/sanluisinforma.com\/#organization"},"image":{"@id":"https:\/\/sanluisinforma.com\/?p=17372#primaryimage"},"thumbnailUrl":"https:\/\/sanluisinforma.com\/wp-content\/uploads\/2026\/01\/unnamed-31.jpg","articleSection":["Local","Portada"],"inLanguage":"es"},{"@type":"WebPage","@id":"https:\/\/sanluisinforma.com\/?p=17372","url":"https:\/\/sanluisinforma.com\/?p=17372","name":"Las bicicletas tambien viajar\u00e1n en Metrored , anuncia Ricardo Gallardo - sanluisinforma.com","isPartOf":{"@id":"https:\/\/sanluisinforma.com\/#website"},"primaryImageOfPage":{"@id":"https:\/\/sanluisinforma.com\/?p=17372#primaryimage"},"image":{"@id":"https:\/\/sanluisinforma.com\/?p=17372#primaryimage"},"thumbnailUrl":"https:\/\/sanluisinforma.com\/wp-content\/uploads\/2026\/01\/unnamed-31.jpg","datePublished":"2026-02-01T06:55:00+00:00","dateModified":"2026-02-01T01:43:27+00:00","breadcrumb":{"@id":"https:\/\/sanluisinforma.com\/?p=17372#breadcrumb"},"inLanguage":"es","potentialAction":[{"@type":"ReadAction","target":["https:\/\/sanluisinforma.com\/?p=17372"]}]},{"@type":"ImageObject","inLanguage":"es","@id":"https:\/\/sanluisinforma.com\/?p=17372#primaryimage","url":"https:\/\/sanluisinforma.com\/wp-content\/uploads\/2026\/01\/unnamed-31.jpg","contentUrl":"https:\/\/sanluisinforma.com\/wp-content\/uploads\/2026\/01\/unnamed-31.jpg","width":400,"height":266},{"@type":"BreadcrumbList","@id":"https:\/\/sanluisinforma.com\/?p=17372#breadcrumb","itemListElement":[{"@type":"ListItem","position":1,"name":"Inicio","item":"https:\/\/sanluisinforma.com\/"},{"@type":"ListItem","position":2,"name":"Las bicicletas tambien viajar\u00e1n en Metrored , anuncia Ricardo Gallardo"}]},{"@type":"WebSite","@id":"https:\/\/sanluisinforma.com\/#website","url":"https:\/\/sanluisinforma.com\/","name":"sanluisinforma.com","description":"Periodico San Luis Informa","publisher":{"@id":"https:\/\/sanluisinforma.com\/#organization"},"potentialAction":[{"@type":"SearchAction","target":{"@type":"EntryPoint","urlTemplate":"https:\/\/sanluisinforma.com\/?s={search_term_string}"},"query-input":{"@type":"PropertyValueSpecification","valueRequired":true,"valueName":"search_term_string"}}],"inLanguage":"es"},{"@type":"Organization","@id":"https:\/\/sanluisinforma.com\/#organization","name":"sanluisinforma.com","url":"https:\/\/sanluisinforma.com\/","logo":{"@type":"ImageObject","inLanguage":"es","@id":"https:\/\/sanluisinforma.com\/#\/schema\/logo\/image\/","url":"https:\/\/sanluisinforma.com\/wp-content\/uploads\/2026\/03\/sanluisinforma-V.jpg","contentUrl":"https:\/\/sanluisinforma.com\/wp-content\/uploads\/2026\/03\/sanluisinforma-V.jpg","width":500,"height":156,"caption":"sanluisinforma.com"},"image":{"@id":"https:\/\/sanluisinforma.com\/#\/schema\/logo\/image\/"}},{"@type":"Person","@id":"https:\/\/sanluisinforma.com\/#\/schema\/person\/c30648f71476be533b6f59d092905c8b","name":"sanluisinforma.com","image":{"@type":"ImageObject","inLanguage":"es","@id":"https:\/\/sanluisinforma.com\/#\/schema\/person\/image\/","url":"https:\/\/secure.gravatar.com\/avatar\/86e3114e34a1eecefb963e0a02f0093f93b092dddb2fe1517596343751081a87?s=96&d=mm&r=g","contentUrl":"https:\/\/secure.gravatar.com\/avatar\/86e3114e34a1eecefb963e0a02f0093f93b092dddb2fe1517596343751081a87?s=96&d=mm&r=g","caption":"sanluisinforma.com"},"url":"https:\/\/sanluisinforma.com\/?author=2"}]}},"_links":{"self":[{"href":"https:\/\/sanluisinforma.com\/index.php?rest_route=\/wp\/v2\/posts\/17372","targetHints":{"allow":["GET"]}}],"collection":[{"href":"https:\/\/sanluisinforma.com\/index.php?rest_route=\/wp\/v2\/posts"}],"about":[{"href":"https:\/\/sanluisinforma.com\/index.php?rest_route=\/wp\/v2\/types\/post"}],"author":[{"embeddable":true,"href":"https:\/\/sanluisinforma.com\/index.php?rest_route=\/wp\/v2\/users\/2"}],"replies":[{"embeddable":true,"href":"https:\/\/sanluisinforma.com\/index.php?rest_route=%2Fwp%2Fv2%2Fcomments&post=17372"}],"version-history":[{"count":1,"href":"https:\/\/sanluisinforma.com\/index.php?rest_route=\/wp\/v2\/posts\/17372\/revisions"}],"predecessor-version":[{"id":17374,"href":"https:\/\/sanluisinforma.com\/index.php?rest_route=\/wp\/v2\/posts\/17372\/revisions\/17374"}],"wp:featuredmedia":[{"embeddable":true,"href":"https:\/\/sanluisinforma.com\/index.php?rest_route=\/wp\/v2\/media\/17373"}],"wp:attachment":[{"href":"https:\/\/sanluisinforma.com\/index.php?rest_route=%2Fwp%2Fv2%2Fmedia&parent=17372"}],"wp:term":[{"taxonomy":"category","embeddable":true,"href":"https:\/\/sanluisinforma.com\/index.php?rest_route=%2Fwp%2Fv2%2Fcategories&post=17372"},{"taxonomy":"post_tag","embeddable":true,"href":"https:\/\/sanluisinforma.com\/index.php?rest_route=%2Fwp%2Fv2%2Ftags&post=17372"}],"curies":[{"name":"wp","href":"https:\/\/api.w.org\/{rel}","templated":true}]}}