{"id":17385,"date":"2026-02-02T00:40:00","date_gmt":"2026-02-02T06:40:00","guid":{"rendered":"https:\/\/sanluisinforma.com\/?p=17385"},"modified":"2026-02-01T21:05:35","modified_gmt":"2026-02-02T03:05:35","slug":"cumplimos-con-ustedes-presidenta-claudia-sheinbaum-inaugura-carretera-de-gran-contenido-social","status":"publish","type":"post","link":"https:\/\/sanluisinforma.com\/?p=17385","title":{"rendered":"Cumplimos con ustedes : Presidenta Claudia  Sheinbaum inaugura carretera de gran contenido social"},"content":{"rendered":"\n<p><\/p>\n\n\n\n<p>* \u201cNos comprometimos a hacer esta carretera y no hay nada que sea m\u00e1s felicidad para la relaci\u00f3n de pueblo y gobierno que cumplir\u201d, afirm\u00f3<br>* La obra carretera reduce el tiempo de traslado entre ambas entidades a una hora y media; tiene una extensi\u00f3n de m\u00e1s de 134 km, represent\u00f3 una inversi\u00f3n de mil 822 mdp y gener\u00f3 5 mil 466 empleos<\/p>\n\n\n\n<p>*Bavispe, Sonora, a 31 de enero de 2026.-* La Presidenta Claudia Sheinbaum Pardo inaugur\u00f3 la carretera Bavispe-Nuevo Casas Grandes, cumpliendo el compromiso que realiz\u00f3 en marzo de 2025 de entregar esta obra que conecta a Sonora y Chihuahua, reduciendo el traslado entre las dos entidades a una hora y media, la cual tuvo una inversi\u00f3n de mil 822 millones de pesos (mdp) y gener\u00f3 5 mil 466 empleos.<\/p>\n\n\n\n<p>*\u201cNos comprometimos a hacer esta carretera y no hay nada que sea m\u00e1s felicidad para la relaci\u00f3n de pueblo y gobierno que cumplir. As\u00ed que hoy venimos a decir: cumplimos con ustedes. Es una realidad esta carretera\u201d*, expres\u00f3.<\/p>\n\n\n\n<p>Record\u00f3 que M\u00e9xico est\u00e1 viviendo un momento hist\u00f3rico con la llegada de la Cuarta Transformaci\u00f3n de la vida p\u00fablica, que de 2018 a 2024 sac\u00f3 de la pobreza a 13.5 millones de mexicanas y mexicanos gracias al aumento del salario m\u00ednimo y a los Programas para el Bienestar, sin aumentar la inflaci\u00f3n y con r\u00e9cord en Inversi\u00f3n Extranjera Directa (IED).<\/p>\n\n\n\n<p>Destac\u00f3 que para 2026, el Gobierno de M\u00e9xico destinar\u00e1 un bill\u00f3n de pesos para dar continuidad a los Programas para el Bienestar, los cuales se fortalecen con la creaci\u00f3n de tres nuevos apoyos de su administraci\u00f3n: la Pensi\u00f3n Mujeres Bienestar, la Beca Rita Cetina y Salud Casa por Casa.<\/p>\n\n\n\n<p>El secretario de Infraestructura, Comunicaciones y Transportes, Jes\u00fas Antonio Esteva Medina, detall\u00f3 que esta obra tiene una longitud de m\u00e1s de 134 kil\u00f3metros, de los cuales 18 est\u00e1n en Sonora y 116 km en Chihuahua, con una inversi\u00f3n superior a los mil 822 mdp; durante su construcci\u00f3n, este proyecto gener\u00f3 5 mil 466 empleos, entre directos e indirectos.<\/p>\n\n\n\n<p>El gobernador de Sonora, Alfonso Durazo Monta\u00f1o, reconoci\u00f3 a la Presidenta de M\u00e9xico por cumplir el compromiso que realiz\u00f3 el pasado 30 de marzo de 2025, de concluir esta obra que inici\u00f3 el expresidente Andr\u00e9s Manuel L\u00f3pez Obrador y destac\u00f3 que adem\u00e1s se atiende una demanda hist\u00f3rica de los habitantes de la Sierra de Sonora gracias a la continuidad de la Cuarta Transformaci\u00f3n.<\/p>\n","protected":false},"excerpt":{"rendered":"<p>* \u201cNos comprometimos a hacer esta carretera y no hay nada que sea m\u00e1s felicidad para la relaci\u00f3n de pueblo<\/p>\n","protected":false},"author":2,"featured_media":17400,"comment_status":"closed","ping_status":"closed","sticky":false,"template":"","format":"standard","meta":{"footnotes":""},"categories":[26],"tags":[],"class_list":["post-17385","post","type-post","status-publish","format-standard","has-post-thumbnail","hentry","category-nacional"],"yoast_head":"<!-- This site is optimized with the Yoast SEO plugin v24.1 - https:\/\/yoast.com\/wordpress\/plugins\/seo\/ -->\n<title>Cumplimos con ustedes : Presidenta Claudia Sheinbaum inaugura carretera de gran contenido social - sanluisinforma.com<\/title>\n<meta name=\"robots\" content=\"index, follow, max-snippet:-1, max-image-preview:large, max-video-preview:-1\" \/>\n<link rel=\"canonical\" href=\"https:\/\/sanluisinforma.com\/?p=17385\" \/>\n<meta property=\"og:locale\" content=\"es_MX\" \/>\n<meta property=\"og:type\" content=\"article\" \/>\n<meta property=\"og:title\" content=\"Cumplimos con ustedes : Presidenta Claudia Sheinbaum inaugura carretera de gran contenido social - sanluisinforma.com\" \/>\n<meta property=\"og:description\" content=\"* \u201cNos comprometimos a hacer esta carretera y no hay nada que sea m\u00e1s felicidad para la relaci\u00f3n de pueblo\" \/>\n<meta property=\"og:url\" content=\"https:\/\/sanluisinforma.com\/?p=17385\" \/>\n<meta property=\"og:site_name\" content=\"sanluisinforma.com\" \/>\n<meta property=\"article:published_time\" content=\"2026-02-02T06:40:00+00:00\" \/>\n<meta property=\"article:modified_time\" content=\"2026-02-02T03:05:35+00:00\" \/>\n<meta property=\"og:image\" content=\"https:\/\/sanluisinforma.com\/wp-content\/uploads\/2026\/02\/Image.jpg\" \/>\n\t<meta property=\"og:image:width\" content=\"400\" \/>\n\t<meta property=\"og:image:height\" content=\"233\" \/>\n\t<meta property=\"og:image:type\" content=\"image\/jpeg\" \/>\n<meta name=\"author\" content=\"sanluisinforma.com\" \/>\n<meta name=\"twitter:card\" content=\"summary_large_image\" \/>\n<meta name=\"twitter:label1\" content=\"Escrito por\" \/>\n\t<meta name=\"twitter:data1\" content=\"sanluisinforma.com\" \/>\n\t<meta name=\"twitter:label2\" content=\"Tiempo de lectura\" \/>\n\t<meta name=\"twitter:data2\" content=\"3 minutos\" \/>\n<script type=\"application\/ld+json\" class=\"yoast-schema-graph\">{\"@context\":\"https:\/\/schema.org\",\"@graph\":[{\"@type\":\"Article\",\"@id\":\"https:\/\/sanluisinforma.com\/?p=17385#article\",\"isPartOf\":{\"@id\":\"https:\/\/sanluisinforma.com\/?p=17385\"},\"author\":{\"name\":\"sanluisinforma.com\",\"@id\":\"https:\/\/sanluisinforma.com\/#\/schema\/person\/c30648f71476be533b6f59d092905c8b\"},\"headline\":\"Cumplimos con ustedes : Presidenta Claudia Sheinbaum inaugura carretera de gran contenido social\",\"datePublished\":\"2026-02-02T06:40:00+00:00\",\"dateModified\":\"2026-02-02T03:05:35+00:00\",\"mainEntityOfPage\":{\"@id\":\"https:\/\/sanluisinforma.com\/?p=17385\"},\"wordCount\":422,\"publisher\":{\"@id\":\"https:\/\/sanluisinforma.com\/#organization\"},\"image\":{\"@id\":\"https:\/\/sanluisinforma.com\/?p=17385#primaryimage\"},\"thumbnailUrl\":\"https:\/\/sanluisinforma.com\/wp-content\/uploads\/2026\/02\/Image.jpg\",\"articleSection\":[\"Nacional\"],\"inLanguage\":\"es\"},{\"@type\":\"WebPage\",\"@id\":\"https:\/\/sanluisinforma.com\/?p=17385\",\"url\":\"https:\/\/sanluisinforma.com\/?p=17385\",\"name\":\"Cumplimos con ustedes : Presidenta Claudia Sheinbaum inaugura carretera de gran contenido social - sanluisinforma.com\",\"isPartOf\":{\"@id\":\"https:\/\/sanluisinforma.com\/#website\"},\"primaryImageOfPage\":{\"@id\":\"https:\/\/sanluisinforma.com\/?p=17385#primaryimage\"},\"image\":{\"@id\":\"https:\/\/sanluisinforma.com\/?p=17385#primaryimage\"},\"thumbnailUrl\":\"https:\/\/sanluisinforma.com\/wp-content\/uploads\/2026\/02\/Image.jpg\",\"datePublished\":\"2026-02-02T06:40:00+00:00\",\"dateModified\":\"2026-02-02T03:05:35+00:00\",\"breadcrumb\":{\"@id\":\"https:\/\/sanluisinforma.com\/?p=17385#breadcrumb\"},\"inLanguage\":\"es\",\"potentialAction\":[{\"@type\":\"ReadAction\",\"target\":[\"https:\/\/sanluisinforma.com\/?p=17385\"]}]},{\"@type\":\"ImageObject\",\"inLanguage\":\"es\",\"@id\":\"https:\/\/sanluisinforma.com\/?p=17385#primaryimage\",\"url\":\"https:\/\/sanluisinforma.com\/wp-content\/uploads\/2026\/02\/Image.jpg\",\"contentUrl\":\"https:\/\/sanluisinforma.com\/wp-content\/uploads\/2026\/02\/Image.jpg\",\"width\":400,\"height\":233},{\"@type\":\"BreadcrumbList\",\"@id\":\"https:\/\/sanluisinforma.com\/?p=17385#breadcrumb\",\"itemListElement\":[{\"@type\":\"ListItem\",\"position\":1,\"name\":\"Inicio\",\"item\":\"https:\/\/sanluisinforma.com\/\"},{\"@type\":\"ListItem\",\"position\":2,\"name\":\"Cumplimos con ustedes : Presidenta Claudia Sheinbaum inaugura carretera de gran contenido social\"}]},{\"@type\":\"WebSite\",\"@id\":\"https:\/\/sanluisinforma.com\/#website\",\"url\":\"https:\/\/sanluisinforma.com\/\",\"name\":\"sanluisinforma.com\",\"description\":\"Periodico San Luis Informa\",\"publisher\":{\"@id\":\"https:\/\/sanluisinforma.com\/#organization\"},\"potentialAction\":[{\"@type\":\"SearchAction\",\"target\":{\"@type\":\"EntryPoint\",\"urlTemplate\":\"https:\/\/sanluisinforma.com\/?s={search_term_string}\"},\"query-input\":{\"@type\":\"PropertyValueSpecification\",\"valueRequired\":true,\"valueName\":\"search_term_string\"}}],\"inLanguage\":\"es\"},{\"@type\":\"Organization\",\"@id\":\"https:\/\/sanluisinforma.com\/#organization\",\"name\":\"sanluisinforma.com\",\"url\":\"https:\/\/sanluisinforma.com\/\",\"logo\":{\"@type\":\"ImageObject\",\"inLanguage\":\"es\",\"@id\":\"https:\/\/sanluisinforma.com\/#\/schema\/logo\/image\/\",\"url\":\"https:\/\/sanluisinforma.com\/wp-content\/uploads\/2026\/03\/sanluisinforma-V.jpg\",\"contentUrl\":\"https:\/\/sanluisinforma.com\/wp-content\/uploads\/2026\/03\/sanluisinforma-V.jpg\",\"width\":500,\"height\":156,\"caption\":\"sanluisinforma.com\"},\"image\":{\"@id\":\"https:\/\/sanluisinforma.com\/#\/schema\/logo\/image\/\"}},{\"@type\":\"Person\",\"@id\":\"https:\/\/sanluisinforma.com\/#\/schema\/person\/c30648f71476be533b6f59d092905c8b\",\"name\":\"sanluisinforma.com\",\"image\":{\"@type\":\"ImageObject\",\"inLanguage\":\"es\",\"@id\":\"https:\/\/sanluisinforma.com\/#\/schema\/person\/image\/\",\"url\":\"https:\/\/secure.gravatar.com\/avatar\/86e3114e34a1eecefb963e0a02f0093f93b092dddb2fe1517596343751081a87?s=96&d=mm&r=g\",\"contentUrl\":\"https:\/\/secure.gravatar.com\/avatar\/86e3114e34a1eecefb963e0a02f0093f93b092dddb2fe1517596343751081a87?s=96&d=mm&r=g\",\"caption\":\"sanluisinforma.com\"},\"url\":\"https:\/\/sanluisinforma.com\/?author=2\"}]}<\/script>\n<!-- \/ Yoast SEO plugin. -->","yoast_head_json":{"title":"Cumplimos con ustedes : Presidenta Claudia Sheinbaum inaugura carretera de gran contenido social - sanluisinforma.com","robots":{"index":"index","follow":"follow","max-snippet":"max-snippet:-1","max-image-preview":"max-image-preview:large","max-video-preview":"max-video-preview:-1"},"canonical":"https:\/\/sanluisinforma.com\/?p=17385","og_locale":"es_MX","og_type":"article","og_title":"Cumplimos con ustedes : Presidenta Claudia Sheinbaum inaugura carretera de gran contenido social - sanluisinforma.com","og_description":"* \u201cNos comprometimos a hacer esta carretera y no hay nada que sea m\u00e1s felicidad para la relaci\u00f3n de pueblo","og_url":"https:\/\/sanluisinforma.com\/?p=17385","og_site_name":"sanluisinforma.com","article_published_time":"2026-02-02T06:40:00+00:00","article_modified_time":"2026-02-02T03:05:35+00:00","og_image":[{"width":400,"height":233,"url":"https:\/\/sanluisinforma.com\/wp-content\/uploads\/2026\/02\/Image.jpg","type":"image\/jpeg"}],"author":"sanluisinforma.com","twitter_card":"summary_large_image","twitter_misc":{"Escrito por":"sanluisinforma.com","Tiempo de lectura":"3 minutos"},"schema":{"@context":"https:\/\/schema.org","@graph":[{"@type":"Article","@id":"https:\/\/sanluisinforma.com\/?p=17385#article","isPartOf":{"@id":"https:\/\/sanluisinforma.com\/?p=17385"},"author":{"name":"sanluisinforma.com","@id":"https:\/\/sanluisinforma.com\/#\/schema\/person\/c30648f71476be533b6f59d092905c8b"},"headline":"Cumplimos con ustedes : Presidenta Claudia Sheinbaum inaugura carretera de gran contenido social","datePublished":"2026-02-02T06:40:00+00:00","dateModified":"2026-02-02T03:05:35+00:00","mainEntityOfPage":{"@id":"https:\/\/sanluisinforma.com\/?p=17385"},"wordCount":422,"publisher":{"@id":"https:\/\/sanluisinforma.com\/#organization"},"image":{"@id":"https:\/\/sanluisinforma.com\/?p=17385#primaryimage"},"thumbnailUrl":"https:\/\/sanluisinforma.com\/wp-content\/uploads\/2026\/02\/Image.jpg","articleSection":["Nacional"],"inLanguage":"es"},{"@type":"WebPage","@id":"https:\/\/sanluisinforma.com\/?p=17385","url":"https:\/\/sanluisinforma.com\/?p=17385","name":"Cumplimos con ustedes : Presidenta Claudia Sheinbaum inaugura carretera de gran contenido social - sanluisinforma.com","isPartOf":{"@id":"https:\/\/sanluisinforma.com\/#website"},"primaryImageOfPage":{"@id":"https:\/\/sanluisinforma.com\/?p=17385#primaryimage"},"image":{"@id":"https:\/\/sanluisinforma.com\/?p=17385#primaryimage"},"thumbnailUrl":"https:\/\/sanluisinforma.com\/wp-content\/uploads\/2026\/02\/Image.jpg","datePublished":"2026-02-02T06:40:00+00:00","dateModified":"2026-02-02T03:05:35+00:00","breadcrumb":{"@id":"https:\/\/sanluisinforma.com\/?p=17385#breadcrumb"},"inLanguage":"es","potentialAction":[{"@type":"ReadAction","target":["https:\/\/sanluisinforma.com\/?p=17385"]}]},{"@type":"ImageObject","inLanguage":"es","@id":"https:\/\/sanluisinforma.com\/?p=17385#primaryimage","url":"https:\/\/sanluisinforma.com\/wp-content\/uploads\/2026\/02\/Image.jpg","contentUrl":"https:\/\/sanluisinforma.com\/wp-content\/uploads\/2026\/02\/Image.jpg","width":400,"height":233},{"@type":"BreadcrumbList","@id":"https:\/\/sanluisinforma.com\/?p=17385#breadcrumb","itemListElement":[{"@type":"ListItem","position":1,"name":"Inicio","item":"https:\/\/sanluisinforma.com\/"},{"@type":"ListItem","position":2,"name":"Cumplimos con ustedes : Presidenta Claudia Sheinbaum inaugura carretera de gran contenido social"}]},{"@type":"WebSite","@id":"https:\/\/sanluisinforma.com\/#website","url":"https:\/\/sanluisinforma.com\/","name":"sanluisinforma.com","description":"Periodico San Luis Informa","publisher":{"@id":"https:\/\/sanluisinforma.com\/#organization"},"potentialAction":[{"@type":"SearchAction","target":{"@type":"EntryPoint","urlTemplate":"https:\/\/sanluisinforma.com\/?s={search_term_string}"},"query-input":{"@type":"PropertyValueSpecification","valueRequired":true,"valueName":"search_term_string"}}],"inLanguage":"es"},{"@type":"Organization","@id":"https:\/\/sanluisinforma.com\/#organization","name":"sanluisinforma.com","url":"https:\/\/sanluisinforma.com\/","logo":{"@type":"ImageObject","inLanguage":"es","@id":"https:\/\/sanluisinforma.com\/#\/schema\/logo\/image\/","url":"https:\/\/sanluisinforma.com\/wp-content\/uploads\/2026\/03\/sanluisinforma-V.jpg","contentUrl":"https:\/\/sanluisinforma.com\/wp-content\/uploads\/2026\/03\/sanluisinforma-V.jpg","width":500,"height":156,"caption":"sanluisinforma.com"},"image":{"@id":"https:\/\/sanluisinforma.com\/#\/schema\/logo\/image\/"}},{"@type":"Person","@id":"https:\/\/sanluisinforma.com\/#\/schema\/person\/c30648f71476be533b6f59d092905c8b","name":"sanluisinforma.com","image":{"@type":"ImageObject","inLanguage":"es","@id":"https:\/\/sanluisinforma.com\/#\/schema\/person\/image\/","url":"https:\/\/secure.gravatar.com\/avatar\/86e3114e34a1eecefb963e0a02f0093f93b092dddb2fe1517596343751081a87?s=96&d=mm&r=g","contentUrl":"https:\/\/secure.gravatar.com\/avatar\/86e3114e34a1eecefb963e0a02f0093f93b092dddb2fe1517596343751081a87?s=96&d=mm&r=g","caption":"sanluisinforma.com"},"url":"https:\/\/sanluisinforma.com\/?author=2"}]}},"_links":{"self":[{"href":"https:\/\/sanluisinforma.com\/index.php?rest_route=\/wp\/v2\/posts\/17385","targetHints":{"allow":["GET"]}}],"collection":[{"href":"https:\/\/sanluisinforma.com\/index.php?rest_route=\/wp\/v2\/posts"}],"about":[{"href":"https:\/\/sanluisinforma.com\/index.php?rest_route=\/wp\/v2\/types\/post"}],"author":[{"embeddable":true,"href":"https:\/\/sanluisinforma.com\/index.php?rest_route=\/wp\/v2\/users\/2"}],"replies":[{"embeddable":true,"href":"https:\/\/sanluisinforma.com\/index.php?rest_route=%2Fwp%2Fv2%2Fcomments&post=17385"}],"version-history":[{"count":1,"href":"https:\/\/sanluisinforma.com\/index.php?rest_route=\/wp\/v2\/posts\/17385\/revisions"}],"predecessor-version":[{"id":17386,"href":"https:\/\/sanluisinforma.com\/index.php?rest_route=\/wp\/v2\/posts\/17385\/revisions\/17386"}],"wp:featuredmedia":[{"embeddable":true,"href":"https:\/\/sanluisinforma.com\/index.php?rest_route=\/wp\/v2\/media\/17400"}],"wp:attachment":[{"href":"https:\/\/sanluisinforma.com\/index.php?rest_route=%2Fwp%2Fv2%2Fmedia&parent=17385"}],"wp:term":[{"taxonomy":"category","embeddable":true,"href":"https:\/\/sanluisinforma.com\/index.php?rest_route=%2Fwp%2Fv2%2Fcategories&post=17385"},{"taxonomy":"post_tag","embeddable":true,"href":"https:\/\/sanluisinforma.com\/index.php?rest_route=%2Fwp%2Fv2%2Ftags&post=17385"}],"curies":[{"name":"wp","href":"https:\/\/api.w.org\/{rel}","templated":true}]}}