{"id":18062,"date":"2026-03-03T03:25:17","date_gmt":"2026-03-03T09:25:17","guid":{"rendered":"https:\/\/sanluisinforma.com\/?p=18062"},"modified":"2026-03-04T03:24:23","modified_gmt":"2026-03-04T09:24:23","slug":"inicia-cuenta-regresiva-rumbo-a-la-copa-del-mundo-de-canada-estados-unidos-y-mexico","status":"publish","type":"post","link":"https:\/\/sanluisinforma.com\/?p=18062","title":{"rendered":"Inicia cuenta regresiva rumbo a la Copa del Mundo de Canad\u00e1, Estados Unidos y M\u00e9xico"},"content":{"rendered":"\n<p><\/p>\n\n\n\n<p>Faltan menos de 100 dias para que arranque torneo de FIFA<\/p>\n\n\n\n<p>&nbsp;La mayor\u00eda de las selecciones que participar\u00e1n en esta nueva edici\u00f3n del torneo mundialista ya est\u00e1n confirmadas,&nbsp; ya se llevo a cabo el sorteo, que dej\u00f3 como partido inaugural el enfrentamiento entre la selecci\u00f3n de M\u00e9xico&nbsp; y &nbsp;Sud\u00e1frica.<\/p>\n\n\n\n<p>Cabe menciona que hay varios detalles que faltan definir de cara al inicio del Mundial 2026. odr\u00e1n jugar un m\u00e1ximo de dos partidos entre las fechas designadas, y entre los principales enfrentamientos confirmados est\u00e1n:<\/p>\n\n\n\n<p>Brasil vs. Francia<\/p>\n\n\n\n<p>Inglaterra vs. Uruguay<\/p>\n\n\n\n<p>Marruecos vs. Ecuador<\/p>\n\n\n\n<p>Colombia vs. Croacia<\/p>\n\n\n\n<p>M\u00e9xico vs. Portugal<\/p>\n\n\n\n<p>En esta fecha tambi\u00e9n est\u00e1 pautado que Argentina y Espa\u00f1a se enfrenten en la Finalissima, el evento que pone a los vigentes campeones de la Copa Am\u00e9rica y la Eurocopa frente a frente. El trofeo deber\u00eda decidirse el 27 de marzo, pero ha quedado en suspenso ya que la sede propuesta, Qatar, hoy no autoriza ning\u00fan tipo de evento deportivo a ra\u00edz del conflicto en Medio Oriente que se desat\u00f3 por los ataques de Estados Unidos e Israel contra Ir\u00e1n, y la consecuente represalia que la rep\u00fablica isl\u00e1mica desat\u00f3 en la regi\u00f3n. El jueves habr\u00e1 una reuni\u00f3n entre representantes de la Conmebol y la UEFA para definir si se traslada la Finalissima o si directamente se cancela.<\/p>\n\n\n\n<p>GettyImages-2246900272 (1).jpg<\/p>\n\n\n\n<p>VIDEO<\/p>\n\n\n\n<p>VIDEO RELACIONADO<\/p>\n\n\n\n<p>Fernando Quirarte: como mexicano deseo que el Tri pase del quinto partido<\/p>\n\n\n\n<p>26 de marzo de 2026 \u2013 inicio de los repechajes<\/p>\n\n\n\n<p>Todav\u00eda falta confirmar seis selecciones que jugar\u00e1n la etapa de grupos de la Copa del Mundo 2026.<\/p>\n\n\n\n<p>Estos cupos se definir\u00e1n en los torneos de repechaje que se jugar\u00e1n a partir del 26 de marzo, justamente durante la fecha FIFA.<\/p>\n\n\n\n<p>Habr\u00e1 un torneo solo para los equipos europeos que brindar\u00e1 cuatro plazas. La FIFA dividi\u00f3 a los 16 combinados nacionales clasificados en cuatro grupos&nbsp; distintos de cuatro selecciones cada una, debiendo jugar una semifinal y una final. El 31 de marzo se jugar\u00e1n las cuatro finales, y los ganadores se meter\u00e1n en el Mundial.<\/p>\n\n\n\n<p>Los partidos del repechaje para el Mundial 2026: fechas para Guadalajara y Monterrey<\/p>\n\n\n\n<p>El repechaje internacional se jugar\u00e1 en paralelo al torneo europeo, solo que con una cantidad menor de equipos, seis. Estos ser\u00e1n Bolivia, la Rep\u00fablica Democr\u00e1tica del Congo, Iraq, Nueva Caledonia, Jamaica y Suriname<\/p>\n","protected":false},"excerpt":{"rendered":"<p>Faltan menos de 100 dias para que arranque torneo de FIFA &nbsp;La mayor\u00eda de las selecciones que participar\u00e1n en esta<\/p>\n","protected":false},"author":2,"featured_media":0,"comment_status":"closed","ping_status":"closed","sticky":false,"template":"","format":"standard","meta":{"footnotes":""},"categories":[27],"tags":[],"class_list":["post-18062","post","type-post","status-publish","format-standard","hentry","category-deportes"],"yoast_head":"<!-- This site is optimized with the Yoast SEO plugin v24.1 - https:\/\/yoast.com\/wordpress\/plugins\/seo\/ -->\n<title>Inicia cuenta regresiva rumbo a la Copa del Mundo de Canad\u00e1, Estados Unidos y M\u00e9xico - sanluisinforma.com<\/title>\n<meta name=\"robots\" content=\"index, follow, max-snippet:-1, max-image-preview:large, max-video-preview:-1\" \/>\n<link rel=\"canonical\" href=\"https:\/\/sanluisinforma.com\/?p=18062\" \/>\n<meta property=\"og:locale\" content=\"es_MX\" \/>\n<meta property=\"og:type\" content=\"article\" \/>\n<meta property=\"og:title\" content=\"Inicia cuenta regresiva rumbo a la Copa del Mundo de Canad\u00e1, Estados Unidos y M\u00e9xico - sanluisinforma.com\" \/>\n<meta property=\"og:description\" content=\"Faltan menos de 100 dias para que arranque torneo de FIFA &nbsp;La mayor\u00eda de las selecciones que participar\u00e1n en esta\" \/>\n<meta property=\"og:url\" content=\"https:\/\/sanluisinforma.com\/?p=18062\" \/>\n<meta property=\"og:site_name\" content=\"sanluisinforma.com\" \/>\n<meta property=\"article:published_time\" content=\"2026-03-03T09:25:17+00:00\" \/>\n<meta property=\"article:modified_time\" content=\"2026-03-04T09:24:23+00:00\" \/>\n<meta name=\"author\" content=\"sanluisinforma.com\" \/>\n<meta name=\"twitter:card\" content=\"summary_large_image\" \/>\n<meta name=\"twitter:label1\" content=\"Escrito por\" \/>\n\t<meta name=\"twitter:data1\" content=\"sanluisinforma.com\" \/>\n\t<meta name=\"twitter:label2\" content=\"Tiempo de lectura\" \/>\n\t<meta name=\"twitter:data2\" content=\"2 minutos\" \/>\n<script type=\"application\/ld+json\" class=\"yoast-schema-graph\">{\"@context\":\"https:\/\/schema.org\",\"@graph\":[{\"@type\":\"Article\",\"@id\":\"https:\/\/sanluisinforma.com\/?p=18062#article\",\"isPartOf\":{\"@id\":\"https:\/\/sanluisinforma.com\/?p=18062\"},\"author\":{\"name\":\"sanluisinforma.com\",\"@id\":\"https:\/\/sanluisinforma.com\/#\/schema\/person\/c30648f71476be533b6f59d092905c8b\"},\"headline\":\"Inicia cuenta regresiva rumbo a la Copa del Mundo de Canad\u00e1, Estados Unidos y M\u00e9xico\",\"datePublished\":\"2026-03-03T09:25:17+00:00\",\"dateModified\":\"2026-03-04T09:24:23+00:00\",\"mainEntityOfPage\":{\"@id\":\"https:\/\/sanluisinforma.com\/?p=18062\"},\"wordCount\":423,\"publisher\":{\"@id\":\"https:\/\/sanluisinforma.com\/#organization\"},\"articleSection\":[\"Deportes\"],\"inLanguage\":\"es\"},{\"@type\":\"WebPage\",\"@id\":\"https:\/\/sanluisinforma.com\/?p=18062\",\"url\":\"https:\/\/sanluisinforma.com\/?p=18062\",\"name\":\"Inicia cuenta regresiva rumbo a la Copa del Mundo de Canad\u00e1, Estados Unidos y M\u00e9xico - sanluisinforma.com\",\"isPartOf\":{\"@id\":\"https:\/\/sanluisinforma.com\/#website\"},\"datePublished\":\"2026-03-03T09:25:17+00:00\",\"dateModified\":\"2026-03-04T09:24:23+00:00\",\"breadcrumb\":{\"@id\":\"https:\/\/sanluisinforma.com\/?p=18062#breadcrumb\"},\"inLanguage\":\"es\",\"potentialAction\":[{\"@type\":\"ReadAction\",\"target\":[\"https:\/\/sanluisinforma.com\/?p=18062\"]}]},{\"@type\":\"BreadcrumbList\",\"@id\":\"https:\/\/sanluisinforma.com\/?p=18062#breadcrumb\",\"itemListElement\":[{\"@type\":\"ListItem\",\"position\":1,\"name\":\"Inicio\",\"item\":\"https:\/\/sanluisinforma.com\/\"},{\"@type\":\"ListItem\",\"position\":2,\"name\":\"Inicia cuenta regresiva rumbo a la Copa del Mundo de Canad\u00e1, Estados Unidos y M\u00e9xico\"}]},{\"@type\":\"WebSite\",\"@id\":\"https:\/\/sanluisinforma.com\/#website\",\"url\":\"https:\/\/sanluisinforma.com\/\",\"name\":\"sanluisinforma.com\",\"description\":\"Periodico San Luis Informa\",\"publisher\":{\"@id\":\"https:\/\/sanluisinforma.com\/#organization\"},\"potentialAction\":[{\"@type\":\"SearchAction\",\"target\":{\"@type\":\"EntryPoint\",\"urlTemplate\":\"https:\/\/sanluisinforma.com\/?s={search_term_string}\"},\"query-input\":{\"@type\":\"PropertyValueSpecification\",\"valueRequired\":true,\"valueName\":\"search_term_string\"}}],\"inLanguage\":\"es\"},{\"@type\":\"Organization\",\"@id\":\"https:\/\/sanluisinforma.com\/#organization\",\"name\":\"sanluisinforma.com\",\"url\":\"https:\/\/sanluisinforma.com\/\",\"logo\":{\"@type\":\"ImageObject\",\"inLanguage\":\"es\",\"@id\":\"https:\/\/sanluisinforma.com\/#\/schema\/logo\/image\/\",\"url\":\"https:\/\/sanluisinforma.com\/wp-content\/uploads\/2026\/03\/sanluisinforma-V.jpg\",\"contentUrl\":\"https:\/\/sanluisinforma.com\/wp-content\/uploads\/2026\/03\/sanluisinforma-V.jpg\",\"width\":500,\"height\":156,\"caption\":\"sanluisinforma.com\"},\"image\":{\"@id\":\"https:\/\/sanluisinforma.com\/#\/schema\/logo\/image\/\"}},{\"@type\":\"Person\",\"@id\":\"https:\/\/sanluisinforma.com\/#\/schema\/person\/c30648f71476be533b6f59d092905c8b\",\"name\":\"sanluisinforma.com\",\"image\":{\"@type\":\"ImageObject\",\"inLanguage\":\"es\",\"@id\":\"https:\/\/sanluisinforma.com\/#\/schema\/person\/image\/\",\"url\":\"https:\/\/secure.gravatar.com\/avatar\/86e3114e34a1eecefb963e0a02f0093f93b092dddb2fe1517596343751081a87?s=96&d=mm&r=g\",\"contentUrl\":\"https:\/\/secure.gravatar.com\/avatar\/86e3114e34a1eecefb963e0a02f0093f93b092dddb2fe1517596343751081a87?s=96&d=mm&r=g\",\"caption\":\"sanluisinforma.com\"},\"url\":\"https:\/\/sanluisinforma.com\/?author=2\"}]}<\/script>\n<!-- \/ Yoast SEO plugin. -->","yoast_head_json":{"title":"Inicia cuenta regresiva rumbo a la Copa del Mundo de Canad\u00e1, Estados Unidos y M\u00e9xico - sanluisinforma.com","robots":{"index":"index","follow":"follow","max-snippet":"max-snippet:-1","max-image-preview":"max-image-preview:large","max-video-preview":"max-video-preview:-1"},"canonical":"https:\/\/sanluisinforma.com\/?p=18062","og_locale":"es_MX","og_type":"article","og_title":"Inicia cuenta regresiva rumbo a la Copa del Mundo de Canad\u00e1, Estados Unidos y M\u00e9xico - sanluisinforma.com","og_description":"Faltan menos de 100 dias para que arranque torneo de FIFA &nbsp;La mayor\u00eda de las selecciones que participar\u00e1n en esta","og_url":"https:\/\/sanluisinforma.com\/?p=18062","og_site_name":"sanluisinforma.com","article_published_time":"2026-03-03T09:25:17+00:00","article_modified_time":"2026-03-04T09:24:23+00:00","author":"sanluisinforma.com","twitter_card":"summary_large_image","twitter_misc":{"Escrito por":"sanluisinforma.com","Tiempo de lectura":"2 minutos"},"schema":{"@context":"https:\/\/schema.org","@graph":[{"@type":"Article","@id":"https:\/\/sanluisinforma.com\/?p=18062#article","isPartOf":{"@id":"https:\/\/sanluisinforma.com\/?p=18062"},"author":{"name":"sanluisinforma.com","@id":"https:\/\/sanluisinforma.com\/#\/schema\/person\/c30648f71476be533b6f59d092905c8b"},"headline":"Inicia cuenta regresiva rumbo a la Copa del Mundo de Canad\u00e1, Estados Unidos y M\u00e9xico","datePublished":"2026-03-03T09:25:17+00:00","dateModified":"2026-03-04T09:24:23+00:00","mainEntityOfPage":{"@id":"https:\/\/sanluisinforma.com\/?p=18062"},"wordCount":423,"publisher":{"@id":"https:\/\/sanluisinforma.com\/#organization"},"articleSection":["Deportes"],"inLanguage":"es"},{"@type":"WebPage","@id":"https:\/\/sanluisinforma.com\/?p=18062","url":"https:\/\/sanluisinforma.com\/?p=18062","name":"Inicia cuenta regresiva rumbo a la Copa del Mundo de Canad\u00e1, Estados Unidos y M\u00e9xico - sanluisinforma.com","isPartOf":{"@id":"https:\/\/sanluisinforma.com\/#website"},"datePublished":"2026-03-03T09:25:17+00:00","dateModified":"2026-03-04T09:24:23+00:00","breadcrumb":{"@id":"https:\/\/sanluisinforma.com\/?p=18062#breadcrumb"},"inLanguage":"es","potentialAction":[{"@type":"ReadAction","target":["https:\/\/sanluisinforma.com\/?p=18062"]}]},{"@type":"BreadcrumbList","@id":"https:\/\/sanluisinforma.com\/?p=18062#breadcrumb","itemListElement":[{"@type":"ListItem","position":1,"name":"Inicio","item":"https:\/\/sanluisinforma.com\/"},{"@type":"ListItem","position":2,"name":"Inicia cuenta regresiva rumbo a la Copa del Mundo de Canad\u00e1, Estados Unidos y M\u00e9xico"}]},{"@type":"WebSite","@id":"https:\/\/sanluisinforma.com\/#website","url":"https:\/\/sanluisinforma.com\/","name":"sanluisinforma.com","description":"Periodico San Luis Informa","publisher":{"@id":"https:\/\/sanluisinforma.com\/#organization"},"potentialAction":[{"@type":"SearchAction","target":{"@type":"EntryPoint","urlTemplate":"https:\/\/sanluisinforma.com\/?s={search_term_string}"},"query-input":{"@type":"PropertyValueSpecification","valueRequired":true,"valueName":"search_term_string"}}],"inLanguage":"es"},{"@type":"Organization","@id":"https:\/\/sanluisinforma.com\/#organization","name":"sanluisinforma.com","url":"https:\/\/sanluisinforma.com\/","logo":{"@type":"ImageObject","inLanguage":"es","@id":"https:\/\/sanluisinforma.com\/#\/schema\/logo\/image\/","url":"https:\/\/sanluisinforma.com\/wp-content\/uploads\/2026\/03\/sanluisinforma-V.jpg","contentUrl":"https:\/\/sanluisinforma.com\/wp-content\/uploads\/2026\/03\/sanluisinforma-V.jpg","width":500,"height":156,"caption":"sanluisinforma.com"},"image":{"@id":"https:\/\/sanluisinforma.com\/#\/schema\/logo\/image\/"}},{"@type":"Person","@id":"https:\/\/sanluisinforma.com\/#\/schema\/person\/c30648f71476be533b6f59d092905c8b","name":"sanluisinforma.com","image":{"@type":"ImageObject","inLanguage":"es","@id":"https:\/\/sanluisinforma.com\/#\/schema\/person\/image\/","url":"https:\/\/secure.gravatar.com\/avatar\/86e3114e34a1eecefb963e0a02f0093f93b092dddb2fe1517596343751081a87?s=96&d=mm&r=g","contentUrl":"https:\/\/secure.gravatar.com\/avatar\/86e3114e34a1eecefb963e0a02f0093f93b092dddb2fe1517596343751081a87?s=96&d=mm&r=g","caption":"sanluisinforma.com"},"url":"https:\/\/sanluisinforma.com\/?author=2"}]}},"_links":{"self":[{"href":"https:\/\/sanluisinforma.com\/index.php?rest_route=\/wp\/v2\/posts\/18062","targetHints":{"allow":["GET"]}}],"collection":[{"href":"https:\/\/sanluisinforma.com\/index.php?rest_route=\/wp\/v2\/posts"}],"about":[{"href":"https:\/\/sanluisinforma.com\/index.php?rest_route=\/wp\/v2\/types\/post"}],"author":[{"embeddable":true,"href":"https:\/\/sanluisinforma.com\/index.php?rest_route=\/wp\/v2\/users\/2"}],"replies":[{"embeddable":true,"href":"https:\/\/sanluisinforma.com\/index.php?rest_route=%2Fwp%2Fv2%2Fcomments&post=18062"}],"version-history":[{"count":1,"href":"https:\/\/sanluisinforma.com\/index.php?rest_route=\/wp\/v2\/posts\/18062\/revisions"}],"predecessor-version":[{"id":18063,"href":"https:\/\/sanluisinforma.com\/index.php?rest_route=\/wp\/v2\/posts\/18062\/revisions\/18063"}],"wp:attachment":[{"href":"https:\/\/sanluisinforma.com\/index.php?rest_route=%2Fwp%2Fv2%2Fmedia&parent=18062"}],"wp:term":[{"taxonomy":"category","embeddable":true,"href":"https:\/\/sanluisinforma.com\/index.php?rest_route=%2Fwp%2Fv2%2Fcategories&post=18062"},{"taxonomy":"post_tag","embeddable":true,"href":"https:\/\/sanluisinforma.com\/index.php?rest_route=%2Fwp%2Fv2%2Ftags&post=18062"}],"curies":[{"name":"wp","href":"https:\/\/api.w.org\/{rel}","templated":true}]}}