{"id":18128,"date":"2026-03-08T00:45:28","date_gmt":"2026-03-08T06:45:28","guid":{"rendered":"https:\/\/sanluisinforma.com\/?p=18128"},"modified":"2026-03-08T05:04:37","modified_gmt":"2026-03-08T11:04:37","slug":"reflexionan-sobre-el-papel-de-las-mujeres-en-las-artes-visuales-en-conversatorio-realizado-en-palacio-municipal","status":"publish","type":"post","link":"https:\/\/sanluisinforma.com\/?p=18128","title":{"rendered":"Reflexionan sobre el papel de las mujeres en las artes visuales en conversatorio realizado en Palacio Municipal"},"content":{"rendered":"\n<p><\/p>\n\n\n\n<p>Esta ma\u00f1ana se llev\u00f3 a cabo el conversatorio \u201cLa construcci\u00f3n de la mirada femenina en las artes visuales\u201d en el Patio del Centro Cultural Palacio Municipal, como parte del programa de actividades conmemorativas del 8 de marzo, D\u00eda Internacional de las Mujeres, impulsadas por el Gobierno Municipal de San Luis Potos\u00ed.&nbsp;<\/p>\n\n\n\n<p>Durante la jornada, la Presidenta del DIF Municipal, Estela Arriaga M\u00e1rquez, destac\u00f3 que el arte es una herramienta de transformaci\u00f3n social que permite narrar memorias, visibilizar desigualdades y construir imaginarios m\u00e1s justos, al tiempo que reconoci\u00f3 la importancia de seguir generando espacios que impulsen la participaci\u00f3n y la voz de las mujeres en la vida cultural de la ciudad.<\/p>\n\n\n\n<p>Este espacio de di\u00e1logo reuni\u00f3 a destacadas creadoras potosinas con el objetivo de reflexionar sobre las formas en que las mujeres artistas construyen, interpretan y resignifican la imagen desde sus propias experiencias, as\u00ed como los retos hist\u00f3ricos, sociales y culturales que han enfrentado para consolidar su presencia en el \u00e1mbito art\u00edstico.&nbsp;<\/p>\n\n\n\n<p>El conversatorio cont\u00f3 con la participaci\u00f3n de las artistas Ana Iglesias, Graciela Gonz\u00e1lez Duque, Norma Rivera y Roxana Pumarejo, quienes compartieron sus procesos creativos, perspectivas y experiencias en el campo de las artes visuales, en un di\u00e1logo moderado por la artista Roc\u00edo Hern\u00e1ndez.&nbsp;<\/p>\n\n\n\n<p>Por su parte, el Director de Cultura Municipal, Mart\u00edn Ju\u00e1rez C\u00f3rdova, subray\u00f3 que abrir foros de reflexi\u00f3n como este fortalece el tejido cultural de San Luis Potos\u00ed y contribuye a reconocer el papel de las mujeres creadoras en la construcci\u00f3n de la memoria art\u00edstica y social de la comunidad.&nbsp;<\/p>\n\n\n\n<p>Estas acciones forman parte del compromiso del Gobierno Municipal de San Luis Potos\u00ed, encabezado por el Alcalde Enrique Galindo Ceballos, para impulsar pol\u00edticas culturales incluyentes y promover espacios que fortalezcan la equidad, la participaci\u00f3n y el reconocimiento del talento de las mujeres en el \u00e1mbito art\u00edstico y cultural.<\/p>\n\n\n\n<p>El conversatorio concluy\u00f3 con la entrega de reconocimientos a las artistas participantes y a las creadoras que forman parte de la exposici\u00f3n \u201cHerencias: la trama invisible\u201d, reafirmando el compromiso institucional de continuar promoviendo actividades que visibilicen y fortalezcan la presencia de las mujeres en la cultura.<\/p>\n","protected":false},"excerpt":{"rendered":"<p>Esta ma\u00f1ana se llev\u00f3 a cabo el conversatorio \u201cLa construcci\u00f3n de la mirada femenina en las artes visuales\u201d en el<\/p>\n","protected":false},"author":2,"featured_media":18129,"comment_status":"closed","ping_status":"closed","sticky":false,"template":"","format":"standard","meta":{"footnotes":""},"categories":[25,30],"tags":[],"class_list":["post-18128","post","type-post","status-publish","format-standard","has-post-thumbnail","hentry","category-local","category-portada"],"yoast_head":"<!-- This site is optimized with the Yoast SEO plugin v24.1 - https:\/\/yoast.com\/wordpress\/plugins\/seo\/ -->\n<title>Reflexionan sobre el papel de las mujeres en las artes visuales en conversatorio realizado en Palacio Municipal - sanluisinforma.com<\/title>\n<meta name=\"robots\" content=\"index, follow, max-snippet:-1, max-image-preview:large, max-video-preview:-1\" \/>\n<link rel=\"canonical\" href=\"https:\/\/sanluisinforma.com\/?p=18128\" \/>\n<meta property=\"og:locale\" content=\"es_MX\" \/>\n<meta property=\"og:type\" content=\"article\" \/>\n<meta property=\"og:title\" content=\"Reflexionan sobre el papel de las mujeres en las artes visuales en conversatorio realizado en Palacio Municipal - sanluisinforma.com\" \/>\n<meta property=\"og:description\" content=\"Esta ma\u00f1ana se llev\u00f3 a cabo el conversatorio \u201cLa construcci\u00f3n de la mirada femenina en las artes visuales\u201d en el\" \/>\n<meta property=\"og:url\" content=\"https:\/\/sanluisinforma.com\/?p=18128\" \/>\n<meta property=\"og:site_name\" content=\"sanluisinforma.com\" \/>\n<meta property=\"article:published_time\" content=\"2026-03-08T06:45:28+00:00\" \/>\n<meta property=\"article:modified_time\" content=\"2026-03-08T11:04:37+00:00\" \/>\n<meta property=\"og:image\" content=\"https:\/\/sanluisinforma.com\/wp-content\/uploads\/2026\/03\/unnamed-1-6.jpg\" \/>\n\t<meta property=\"og:image:width\" content=\"300\" \/>\n\t<meta property=\"og:image:height\" content=\"200\" \/>\n\t<meta property=\"og:image:type\" content=\"image\/jpeg\" \/>\n<meta name=\"author\" content=\"sanluisinforma.com\" \/>\n<meta name=\"twitter:card\" content=\"summary_large_image\" \/>\n<meta name=\"twitter:label1\" content=\"Escrito por\" \/>\n\t<meta name=\"twitter:data1\" content=\"sanluisinforma.com\" \/>\n\t<meta name=\"twitter:label2\" content=\"Tiempo de lectura\" \/>\n\t<meta name=\"twitter:data2\" content=\"2 minutos\" \/>\n<script type=\"application\/ld+json\" class=\"yoast-schema-graph\">{\"@context\":\"https:\/\/schema.org\",\"@graph\":[{\"@type\":\"Article\",\"@id\":\"https:\/\/sanluisinforma.com\/?p=18128#article\",\"isPartOf\":{\"@id\":\"https:\/\/sanluisinforma.com\/?p=18128\"},\"author\":{\"name\":\"sanluisinforma.com\",\"@id\":\"https:\/\/sanluisinforma.com\/#\/schema\/person\/c30648f71476be533b6f59d092905c8b\"},\"headline\":\"Reflexionan sobre el papel de las mujeres en las artes visuales en conversatorio realizado en Palacio Municipal\",\"datePublished\":\"2026-03-08T06:45:28+00:00\",\"dateModified\":\"2026-03-08T11:04:37+00:00\",\"mainEntityOfPage\":{\"@id\":\"https:\/\/sanluisinforma.com\/?p=18128\"},\"wordCount\":392,\"publisher\":{\"@id\":\"https:\/\/sanluisinforma.com\/#organization\"},\"image\":{\"@id\":\"https:\/\/sanluisinforma.com\/?p=18128#primaryimage\"},\"thumbnailUrl\":\"https:\/\/sanluisinforma.com\/wp-content\/uploads\/2026\/03\/unnamed-1-6.jpg\",\"articleSection\":[\"Local\",\"Portada\"],\"inLanguage\":\"es\"},{\"@type\":\"WebPage\",\"@id\":\"https:\/\/sanluisinforma.com\/?p=18128\",\"url\":\"https:\/\/sanluisinforma.com\/?p=18128\",\"name\":\"Reflexionan sobre el papel de las mujeres en las artes visuales en conversatorio realizado en Palacio Municipal - sanluisinforma.com\",\"isPartOf\":{\"@id\":\"https:\/\/sanluisinforma.com\/#website\"},\"primaryImageOfPage\":{\"@id\":\"https:\/\/sanluisinforma.com\/?p=18128#primaryimage\"},\"image\":{\"@id\":\"https:\/\/sanluisinforma.com\/?p=18128#primaryimage\"},\"thumbnailUrl\":\"https:\/\/sanluisinforma.com\/wp-content\/uploads\/2026\/03\/unnamed-1-6.jpg\",\"datePublished\":\"2026-03-08T06:45:28+00:00\",\"dateModified\":\"2026-03-08T11:04:37+00:00\",\"breadcrumb\":{\"@id\":\"https:\/\/sanluisinforma.com\/?p=18128#breadcrumb\"},\"inLanguage\":\"es\",\"potentialAction\":[{\"@type\":\"ReadAction\",\"target\":[\"https:\/\/sanluisinforma.com\/?p=18128\"]}]},{\"@type\":\"ImageObject\",\"inLanguage\":\"es\",\"@id\":\"https:\/\/sanluisinforma.com\/?p=18128#primaryimage\",\"url\":\"https:\/\/sanluisinforma.com\/wp-content\/uploads\/2026\/03\/unnamed-1-6.jpg\",\"contentUrl\":\"https:\/\/sanluisinforma.com\/wp-content\/uploads\/2026\/03\/unnamed-1-6.jpg\",\"width\":300,\"height\":200},{\"@type\":\"BreadcrumbList\",\"@id\":\"https:\/\/sanluisinforma.com\/?p=18128#breadcrumb\",\"itemListElement\":[{\"@type\":\"ListItem\",\"position\":1,\"name\":\"Inicio\",\"item\":\"https:\/\/sanluisinforma.com\/\"},{\"@type\":\"ListItem\",\"position\":2,\"name\":\"Reflexionan sobre el papel de las mujeres en las artes visuales en conversatorio realizado en Palacio Municipal\"}]},{\"@type\":\"WebSite\",\"@id\":\"https:\/\/sanluisinforma.com\/#website\",\"url\":\"https:\/\/sanluisinforma.com\/\",\"name\":\"sanluisinforma.com\",\"description\":\"Periodico San Luis Informa\",\"publisher\":{\"@id\":\"https:\/\/sanluisinforma.com\/#organization\"},\"potentialAction\":[{\"@type\":\"SearchAction\",\"target\":{\"@type\":\"EntryPoint\",\"urlTemplate\":\"https:\/\/sanluisinforma.com\/?s={search_term_string}\"},\"query-input\":{\"@type\":\"PropertyValueSpecification\",\"valueRequired\":true,\"valueName\":\"search_term_string\"}}],\"inLanguage\":\"es\"},{\"@type\":\"Organization\",\"@id\":\"https:\/\/sanluisinforma.com\/#organization\",\"name\":\"sanluisinforma.com\",\"url\":\"https:\/\/sanluisinforma.com\/\",\"logo\":{\"@type\":\"ImageObject\",\"inLanguage\":\"es\",\"@id\":\"https:\/\/sanluisinforma.com\/#\/schema\/logo\/image\/\",\"url\":\"https:\/\/sanluisinforma.com\/wp-content\/uploads\/2026\/03\/sanluisinforma-V.jpg\",\"contentUrl\":\"https:\/\/sanluisinforma.com\/wp-content\/uploads\/2026\/03\/sanluisinforma-V.jpg\",\"width\":500,\"height\":156,\"caption\":\"sanluisinforma.com\"},\"image\":{\"@id\":\"https:\/\/sanluisinforma.com\/#\/schema\/logo\/image\/\"}},{\"@type\":\"Person\",\"@id\":\"https:\/\/sanluisinforma.com\/#\/schema\/person\/c30648f71476be533b6f59d092905c8b\",\"name\":\"sanluisinforma.com\",\"image\":{\"@type\":\"ImageObject\",\"inLanguage\":\"es\",\"@id\":\"https:\/\/sanluisinforma.com\/#\/schema\/person\/image\/\",\"url\":\"https:\/\/secure.gravatar.com\/avatar\/86e3114e34a1eecefb963e0a02f0093f93b092dddb2fe1517596343751081a87?s=96&d=mm&r=g\",\"contentUrl\":\"https:\/\/secure.gravatar.com\/avatar\/86e3114e34a1eecefb963e0a02f0093f93b092dddb2fe1517596343751081a87?s=96&d=mm&r=g\",\"caption\":\"sanluisinforma.com\"},\"url\":\"https:\/\/sanluisinforma.com\/?author=2\"}]}<\/script>\n<!-- \/ Yoast SEO plugin. -->","yoast_head_json":{"title":"Reflexionan sobre el papel de las mujeres en las artes visuales en conversatorio realizado en Palacio Municipal - sanluisinforma.com","robots":{"index":"index","follow":"follow","max-snippet":"max-snippet:-1","max-image-preview":"max-image-preview:large","max-video-preview":"max-video-preview:-1"},"canonical":"https:\/\/sanluisinforma.com\/?p=18128","og_locale":"es_MX","og_type":"article","og_title":"Reflexionan sobre el papel de las mujeres en las artes visuales en conversatorio realizado en Palacio Municipal - sanluisinforma.com","og_description":"Esta ma\u00f1ana se llev\u00f3 a cabo el conversatorio \u201cLa construcci\u00f3n de la mirada femenina en las artes visuales\u201d en el","og_url":"https:\/\/sanluisinforma.com\/?p=18128","og_site_name":"sanluisinforma.com","article_published_time":"2026-03-08T06:45:28+00:00","article_modified_time":"2026-03-08T11:04:37+00:00","og_image":[{"width":300,"height":200,"url":"https:\/\/sanluisinforma.com\/wp-content\/uploads\/2026\/03\/unnamed-1-6.jpg","type":"image\/jpeg"}],"author":"sanluisinforma.com","twitter_card":"summary_large_image","twitter_misc":{"Escrito por":"sanluisinforma.com","Tiempo de lectura":"2 minutos"},"schema":{"@context":"https:\/\/schema.org","@graph":[{"@type":"Article","@id":"https:\/\/sanluisinforma.com\/?p=18128#article","isPartOf":{"@id":"https:\/\/sanluisinforma.com\/?p=18128"},"author":{"name":"sanluisinforma.com","@id":"https:\/\/sanluisinforma.com\/#\/schema\/person\/c30648f71476be533b6f59d092905c8b"},"headline":"Reflexionan sobre el papel de las mujeres en las artes visuales en conversatorio realizado en Palacio Municipal","datePublished":"2026-03-08T06:45:28+00:00","dateModified":"2026-03-08T11:04:37+00:00","mainEntityOfPage":{"@id":"https:\/\/sanluisinforma.com\/?p=18128"},"wordCount":392,"publisher":{"@id":"https:\/\/sanluisinforma.com\/#organization"},"image":{"@id":"https:\/\/sanluisinforma.com\/?p=18128#primaryimage"},"thumbnailUrl":"https:\/\/sanluisinforma.com\/wp-content\/uploads\/2026\/03\/unnamed-1-6.jpg","articleSection":["Local","Portada"],"inLanguage":"es"},{"@type":"WebPage","@id":"https:\/\/sanluisinforma.com\/?p=18128","url":"https:\/\/sanluisinforma.com\/?p=18128","name":"Reflexionan sobre el papel de las mujeres en las artes visuales en conversatorio realizado en Palacio Municipal - sanluisinforma.com","isPartOf":{"@id":"https:\/\/sanluisinforma.com\/#website"},"primaryImageOfPage":{"@id":"https:\/\/sanluisinforma.com\/?p=18128#primaryimage"},"image":{"@id":"https:\/\/sanluisinforma.com\/?p=18128#primaryimage"},"thumbnailUrl":"https:\/\/sanluisinforma.com\/wp-content\/uploads\/2026\/03\/unnamed-1-6.jpg","datePublished":"2026-03-08T06:45:28+00:00","dateModified":"2026-03-08T11:04:37+00:00","breadcrumb":{"@id":"https:\/\/sanluisinforma.com\/?p=18128#breadcrumb"},"inLanguage":"es","potentialAction":[{"@type":"ReadAction","target":["https:\/\/sanluisinforma.com\/?p=18128"]}]},{"@type":"ImageObject","inLanguage":"es","@id":"https:\/\/sanluisinforma.com\/?p=18128#primaryimage","url":"https:\/\/sanluisinforma.com\/wp-content\/uploads\/2026\/03\/unnamed-1-6.jpg","contentUrl":"https:\/\/sanluisinforma.com\/wp-content\/uploads\/2026\/03\/unnamed-1-6.jpg","width":300,"height":200},{"@type":"BreadcrumbList","@id":"https:\/\/sanluisinforma.com\/?p=18128#breadcrumb","itemListElement":[{"@type":"ListItem","position":1,"name":"Inicio","item":"https:\/\/sanluisinforma.com\/"},{"@type":"ListItem","position":2,"name":"Reflexionan sobre el papel de las mujeres en las artes visuales en conversatorio realizado en Palacio Municipal"}]},{"@type":"WebSite","@id":"https:\/\/sanluisinforma.com\/#website","url":"https:\/\/sanluisinforma.com\/","name":"sanluisinforma.com","description":"Periodico San Luis Informa","publisher":{"@id":"https:\/\/sanluisinforma.com\/#organization"},"potentialAction":[{"@type":"SearchAction","target":{"@type":"EntryPoint","urlTemplate":"https:\/\/sanluisinforma.com\/?s={search_term_string}"},"query-input":{"@type":"PropertyValueSpecification","valueRequired":true,"valueName":"search_term_string"}}],"inLanguage":"es"},{"@type":"Organization","@id":"https:\/\/sanluisinforma.com\/#organization","name":"sanluisinforma.com","url":"https:\/\/sanluisinforma.com\/","logo":{"@type":"ImageObject","inLanguage":"es","@id":"https:\/\/sanluisinforma.com\/#\/schema\/logo\/image\/","url":"https:\/\/sanluisinforma.com\/wp-content\/uploads\/2026\/03\/sanluisinforma-V.jpg","contentUrl":"https:\/\/sanluisinforma.com\/wp-content\/uploads\/2026\/03\/sanluisinforma-V.jpg","width":500,"height":156,"caption":"sanluisinforma.com"},"image":{"@id":"https:\/\/sanluisinforma.com\/#\/schema\/logo\/image\/"}},{"@type":"Person","@id":"https:\/\/sanluisinforma.com\/#\/schema\/person\/c30648f71476be533b6f59d092905c8b","name":"sanluisinforma.com","image":{"@type":"ImageObject","inLanguage":"es","@id":"https:\/\/sanluisinforma.com\/#\/schema\/person\/image\/","url":"https:\/\/secure.gravatar.com\/avatar\/86e3114e34a1eecefb963e0a02f0093f93b092dddb2fe1517596343751081a87?s=96&d=mm&r=g","contentUrl":"https:\/\/secure.gravatar.com\/avatar\/86e3114e34a1eecefb963e0a02f0093f93b092dddb2fe1517596343751081a87?s=96&d=mm&r=g","caption":"sanluisinforma.com"},"url":"https:\/\/sanluisinforma.com\/?author=2"}]}},"_links":{"self":[{"href":"https:\/\/sanluisinforma.com\/index.php?rest_route=\/wp\/v2\/posts\/18128","targetHints":{"allow":["GET"]}}],"collection":[{"href":"https:\/\/sanluisinforma.com\/index.php?rest_route=\/wp\/v2\/posts"}],"about":[{"href":"https:\/\/sanluisinforma.com\/index.php?rest_route=\/wp\/v2\/types\/post"}],"author":[{"embeddable":true,"href":"https:\/\/sanluisinforma.com\/index.php?rest_route=\/wp\/v2\/users\/2"}],"replies":[{"embeddable":true,"href":"https:\/\/sanluisinforma.com\/index.php?rest_route=%2Fwp%2Fv2%2Fcomments&post=18128"}],"version-history":[{"count":1,"href":"https:\/\/sanluisinforma.com\/index.php?rest_route=\/wp\/v2\/posts\/18128\/revisions"}],"predecessor-version":[{"id":18130,"href":"https:\/\/sanluisinforma.com\/index.php?rest_route=\/wp\/v2\/posts\/18128\/revisions\/18130"}],"wp:featuredmedia":[{"embeddable":true,"href":"https:\/\/sanluisinforma.com\/index.php?rest_route=\/wp\/v2\/media\/18129"}],"wp:attachment":[{"href":"https:\/\/sanluisinforma.com\/index.php?rest_route=%2Fwp%2Fv2%2Fmedia&parent=18128"}],"wp:term":[{"taxonomy":"category","embeddable":true,"href":"https:\/\/sanluisinforma.com\/index.php?rest_route=%2Fwp%2Fv2%2Fcategories&post=18128"},{"taxonomy":"post_tag","embeddable":true,"href":"https:\/\/sanluisinforma.com\/index.php?rest_route=%2Fwp%2Fv2%2Ftags&post=18128"}],"curies":[{"name":"wp","href":"https:\/\/api.w.org\/{rel}","templated":true}]}}