{"id":18131,"date":"2026-03-08T00:58:00","date_gmt":"2026-03-08T06:58:00","guid":{"rendered":"https:\/\/sanluisinforma.com\/?p=18131"},"modified":"2026-03-08T05:04:57","modified_gmt":"2026-03-08T11:04:57","slug":"concepcion-hernandez-reconocida-como-potosina-del-ano","status":"publish","type":"post","link":"https:\/\/sanluisinforma.com\/?p=18131","title":{"rendered":"Concepci\u00f3n Hern\u00e1ndez , reconocida como &#8220;Potosina del A\u00f1o&#8221;"},"content":{"rendered":"\n<p><br>* Con m\u00e1s de 20 a\u00f1os de servicio, la instructora del Instituto de Capacitaci\u00f3n para el Trabajo en Xilitla, fue reconocida por su labor en la capacitaci\u00f3n y empoderamiento de mujeres.<\/p>\n\n\n\n<p>Como parte del compromiso del Gobernador Ricardo Gallardo Cardona de impulsar la participaci\u00f3n y reconocimiento de las mujeres potosinas, Concepci\u00f3n Hern\u00e1ndez, instructora del Instituto de Capacitaci\u00f3n para el Trabajo (Icat) de Xilitla, fue reconocida durante el evento Potosina del A\u00f1o Mujeres sin L\u00edmites 2026\u201d.<br>Durante la ceremonia se reconoci\u00f3 la labor de \u201cla maestra Conchita\u201d, como es conocida en su comunidad, por m\u00e1s de dos d\u00e9cadas dedicadas a la capacitaci\u00f3n de mujeres en la regi\u00f3n Huasteca, contribuyendo al desarrollo de habilidades que fortalecen la econom\u00eda familiar y promueven el autoempleo.<br>A lo largo de su trayectoria, Concepci\u00f3n Hern\u00e1ndez, ha impartido cursos de corte y confecci\u00f3n, pan artesanal, dulces tradicionales, bordado n\u00e1huatl y cultivo de hongos, compartiendo conocimientos que preservan tradiciones y generan oportunidades para las mujeres de su comunidad. Con esto se confirma el cambio que se vive y se siente, impulsando la capacitaci\u00f3n y formaci\u00f3n de mujeres.<\/p>\n\n\n\n<p>ResponderReenviar<\/p>\n\n\n\n<p>A\u00f1adir reacci\u00f3n<\/p>\n","protected":false},"excerpt":{"rendered":"<p>* Con m\u00e1s de 20 a\u00f1os de servicio, la instructora del Instituto de Capacitaci\u00f3n para el Trabajo en Xilitla, fue<\/p>\n","protected":false},"author":2,"featured_media":18132,"comment_status":"closed","ping_status":"closed","sticky":false,"template":"","format":"standard","meta":{"footnotes":""},"categories":[25,30],"tags":[],"class_list":["post-18131","post","type-post","status-publish","format-standard","has-post-thumbnail","hentry","category-local","category-portada"],"yoast_head":"<!-- This site is optimized with the Yoast SEO plugin v24.1 - https:\/\/yoast.com\/wordpress\/plugins\/seo\/ -->\n<title>Concepci\u00f3n Hern\u00e1ndez , reconocida como &quot;Potosina del A\u00f1o&quot; - sanluisinforma.com<\/title>\n<meta name=\"robots\" content=\"index, follow, max-snippet:-1, max-image-preview:large, max-video-preview:-1\" \/>\n<link rel=\"canonical\" href=\"https:\/\/sanluisinforma.com\/?p=18131\" \/>\n<meta property=\"og:locale\" content=\"es_MX\" \/>\n<meta property=\"og:type\" content=\"article\" \/>\n<meta property=\"og:title\" content=\"Concepci\u00f3n Hern\u00e1ndez , reconocida como &quot;Potosina del A\u00f1o&quot; - sanluisinforma.com\" \/>\n<meta property=\"og:description\" content=\"* Con m\u00e1s de 20 a\u00f1os de servicio, la instructora del Instituto de Capacitaci\u00f3n para el Trabajo en Xilitla, fue\" \/>\n<meta property=\"og:url\" content=\"https:\/\/sanluisinforma.com\/?p=18131\" \/>\n<meta property=\"og:site_name\" content=\"sanluisinforma.com\" \/>\n<meta property=\"article:published_time\" content=\"2026-03-08T06:58:00+00:00\" \/>\n<meta property=\"article:modified_time\" content=\"2026-03-08T11:04:57+00:00\" \/>\n<meta property=\"og:image\" content=\"https:\/\/sanluisinforma.com\/wp-content\/uploads\/2026\/03\/unnamed-2-6.jpg\" \/>\n\t<meta property=\"og:image:width\" content=\"300\" \/>\n\t<meta property=\"og:image:height\" content=\"199\" \/>\n\t<meta property=\"og:image:type\" content=\"image\/jpeg\" \/>\n<meta name=\"author\" content=\"sanluisinforma.com\" \/>\n<meta name=\"twitter:card\" content=\"summary_large_image\" \/>\n<meta name=\"twitter:label1\" content=\"Escrito por\" \/>\n\t<meta name=\"twitter:data1\" content=\"sanluisinforma.com\" \/>\n\t<meta name=\"twitter:label2\" content=\"Tiempo de lectura\" \/>\n\t<meta name=\"twitter:data2\" content=\"2 minutos\" \/>\n<script type=\"application\/ld+json\" class=\"yoast-schema-graph\">{\"@context\":\"https:\/\/schema.org\",\"@graph\":[{\"@type\":\"Article\",\"@id\":\"https:\/\/sanluisinforma.com\/?p=18131#article\",\"isPartOf\":{\"@id\":\"https:\/\/sanluisinforma.com\/?p=18131\"},\"author\":{\"name\":\"sanluisinforma.com\",\"@id\":\"https:\/\/sanluisinforma.com\/#\/schema\/person\/c30648f71476be533b6f59d092905c8b\"},\"headline\":\"Concepci\u00f3n Hern\u00e1ndez , reconocida como &#8220;Potosina del A\u00f1o&#8221;\",\"datePublished\":\"2026-03-08T06:58:00+00:00\",\"dateModified\":\"2026-03-08T11:04:57+00:00\",\"mainEntityOfPage\":{\"@id\":\"https:\/\/sanluisinforma.com\/?p=18131\"},\"wordCount\":212,\"publisher\":{\"@id\":\"https:\/\/sanluisinforma.com\/#organization\"},\"image\":{\"@id\":\"https:\/\/sanluisinforma.com\/?p=18131#primaryimage\"},\"thumbnailUrl\":\"https:\/\/sanluisinforma.com\/wp-content\/uploads\/2026\/03\/unnamed-2-6.jpg\",\"articleSection\":[\"Local\",\"Portada\"],\"inLanguage\":\"es\"},{\"@type\":\"WebPage\",\"@id\":\"https:\/\/sanluisinforma.com\/?p=18131\",\"url\":\"https:\/\/sanluisinforma.com\/?p=18131\",\"name\":\"Concepci\u00f3n Hern\u00e1ndez , reconocida como \\\"Potosina del A\u00f1o\\\" - sanluisinforma.com\",\"isPartOf\":{\"@id\":\"https:\/\/sanluisinforma.com\/#website\"},\"primaryImageOfPage\":{\"@id\":\"https:\/\/sanluisinforma.com\/?p=18131#primaryimage\"},\"image\":{\"@id\":\"https:\/\/sanluisinforma.com\/?p=18131#primaryimage\"},\"thumbnailUrl\":\"https:\/\/sanluisinforma.com\/wp-content\/uploads\/2026\/03\/unnamed-2-6.jpg\",\"datePublished\":\"2026-03-08T06:58:00+00:00\",\"dateModified\":\"2026-03-08T11:04:57+00:00\",\"breadcrumb\":{\"@id\":\"https:\/\/sanluisinforma.com\/?p=18131#breadcrumb\"},\"inLanguage\":\"es\",\"potentialAction\":[{\"@type\":\"ReadAction\",\"target\":[\"https:\/\/sanluisinforma.com\/?p=18131\"]}]},{\"@type\":\"ImageObject\",\"inLanguage\":\"es\",\"@id\":\"https:\/\/sanluisinforma.com\/?p=18131#primaryimage\",\"url\":\"https:\/\/sanluisinforma.com\/wp-content\/uploads\/2026\/03\/unnamed-2-6.jpg\",\"contentUrl\":\"https:\/\/sanluisinforma.com\/wp-content\/uploads\/2026\/03\/unnamed-2-6.jpg\",\"width\":300,\"height\":199},{\"@type\":\"BreadcrumbList\",\"@id\":\"https:\/\/sanluisinforma.com\/?p=18131#breadcrumb\",\"itemListElement\":[{\"@type\":\"ListItem\",\"position\":1,\"name\":\"Inicio\",\"item\":\"https:\/\/sanluisinforma.com\/\"},{\"@type\":\"ListItem\",\"position\":2,\"name\":\"Concepci\u00f3n Hern\u00e1ndez , reconocida como &#8220;Potosina del A\u00f1o&#8221;\"}]},{\"@type\":\"WebSite\",\"@id\":\"https:\/\/sanluisinforma.com\/#website\",\"url\":\"https:\/\/sanluisinforma.com\/\",\"name\":\"sanluisinforma.com\",\"description\":\"Periodico San Luis Informa\",\"publisher\":{\"@id\":\"https:\/\/sanluisinforma.com\/#organization\"},\"potentialAction\":[{\"@type\":\"SearchAction\",\"target\":{\"@type\":\"EntryPoint\",\"urlTemplate\":\"https:\/\/sanluisinforma.com\/?s={search_term_string}\"},\"query-input\":{\"@type\":\"PropertyValueSpecification\",\"valueRequired\":true,\"valueName\":\"search_term_string\"}}],\"inLanguage\":\"es\"},{\"@type\":\"Organization\",\"@id\":\"https:\/\/sanluisinforma.com\/#organization\",\"name\":\"sanluisinforma.com\",\"url\":\"https:\/\/sanluisinforma.com\/\",\"logo\":{\"@type\":\"ImageObject\",\"inLanguage\":\"es\",\"@id\":\"https:\/\/sanluisinforma.com\/#\/schema\/logo\/image\/\",\"url\":\"https:\/\/sanluisinforma.com\/wp-content\/uploads\/2026\/03\/sanluisinforma-V.jpg\",\"contentUrl\":\"https:\/\/sanluisinforma.com\/wp-content\/uploads\/2026\/03\/sanluisinforma-V.jpg\",\"width\":500,\"height\":156,\"caption\":\"sanluisinforma.com\"},\"image\":{\"@id\":\"https:\/\/sanluisinforma.com\/#\/schema\/logo\/image\/\"}},{\"@type\":\"Person\",\"@id\":\"https:\/\/sanluisinforma.com\/#\/schema\/person\/c30648f71476be533b6f59d092905c8b\",\"name\":\"sanluisinforma.com\",\"image\":{\"@type\":\"ImageObject\",\"inLanguage\":\"es\",\"@id\":\"https:\/\/sanluisinforma.com\/#\/schema\/person\/image\/\",\"url\":\"https:\/\/secure.gravatar.com\/avatar\/86e3114e34a1eecefb963e0a02f0093f93b092dddb2fe1517596343751081a87?s=96&d=mm&r=g\",\"contentUrl\":\"https:\/\/secure.gravatar.com\/avatar\/86e3114e34a1eecefb963e0a02f0093f93b092dddb2fe1517596343751081a87?s=96&d=mm&r=g\",\"caption\":\"sanluisinforma.com\"},\"url\":\"https:\/\/sanluisinforma.com\/?author=2\"}]}<\/script>\n<!-- \/ Yoast SEO plugin. -->","yoast_head_json":{"title":"Concepci\u00f3n Hern\u00e1ndez , reconocida como \"Potosina del A\u00f1o\" - sanluisinforma.com","robots":{"index":"index","follow":"follow","max-snippet":"max-snippet:-1","max-image-preview":"max-image-preview:large","max-video-preview":"max-video-preview:-1"},"canonical":"https:\/\/sanluisinforma.com\/?p=18131","og_locale":"es_MX","og_type":"article","og_title":"Concepci\u00f3n Hern\u00e1ndez , reconocida como \"Potosina del A\u00f1o\" - sanluisinforma.com","og_description":"* Con m\u00e1s de 20 a\u00f1os de servicio, la instructora del Instituto de Capacitaci\u00f3n para el Trabajo en Xilitla, fue","og_url":"https:\/\/sanluisinforma.com\/?p=18131","og_site_name":"sanluisinforma.com","article_published_time":"2026-03-08T06:58:00+00:00","article_modified_time":"2026-03-08T11:04:57+00:00","og_image":[{"width":300,"height":199,"url":"https:\/\/sanluisinforma.com\/wp-content\/uploads\/2026\/03\/unnamed-2-6.jpg","type":"image\/jpeg"}],"author":"sanluisinforma.com","twitter_card":"summary_large_image","twitter_misc":{"Escrito por":"sanluisinforma.com","Tiempo de lectura":"2 minutos"},"schema":{"@context":"https:\/\/schema.org","@graph":[{"@type":"Article","@id":"https:\/\/sanluisinforma.com\/?p=18131#article","isPartOf":{"@id":"https:\/\/sanluisinforma.com\/?p=18131"},"author":{"name":"sanluisinforma.com","@id":"https:\/\/sanluisinforma.com\/#\/schema\/person\/c30648f71476be533b6f59d092905c8b"},"headline":"Concepci\u00f3n Hern\u00e1ndez , reconocida como &#8220;Potosina del A\u00f1o&#8221;","datePublished":"2026-03-08T06:58:00+00:00","dateModified":"2026-03-08T11:04:57+00:00","mainEntityOfPage":{"@id":"https:\/\/sanluisinforma.com\/?p=18131"},"wordCount":212,"publisher":{"@id":"https:\/\/sanluisinforma.com\/#organization"},"image":{"@id":"https:\/\/sanluisinforma.com\/?p=18131#primaryimage"},"thumbnailUrl":"https:\/\/sanluisinforma.com\/wp-content\/uploads\/2026\/03\/unnamed-2-6.jpg","articleSection":["Local","Portada"],"inLanguage":"es"},{"@type":"WebPage","@id":"https:\/\/sanluisinforma.com\/?p=18131","url":"https:\/\/sanluisinforma.com\/?p=18131","name":"Concepci\u00f3n Hern\u00e1ndez , reconocida como \"Potosina del A\u00f1o\" - sanluisinforma.com","isPartOf":{"@id":"https:\/\/sanluisinforma.com\/#website"},"primaryImageOfPage":{"@id":"https:\/\/sanluisinforma.com\/?p=18131#primaryimage"},"image":{"@id":"https:\/\/sanluisinforma.com\/?p=18131#primaryimage"},"thumbnailUrl":"https:\/\/sanluisinforma.com\/wp-content\/uploads\/2026\/03\/unnamed-2-6.jpg","datePublished":"2026-03-08T06:58:00+00:00","dateModified":"2026-03-08T11:04:57+00:00","breadcrumb":{"@id":"https:\/\/sanluisinforma.com\/?p=18131#breadcrumb"},"inLanguage":"es","potentialAction":[{"@type":"ReadAction","target":["https:\/\/sanluisinforma.com\/?p=18131"]}]},{"@type":"ImageObject","inLanguage":"es","@id":"https:\/\/sanluisinforma.com\/?p=18131#primaryimage","url":"https:\/\/sanluisinforma.com\/wp-content\/uploads\/2026\/03\/unnamed-2-6.jpg","contentUrl":"https:\/\/sanluisinforma.com\/wp-content\/uploads\/2026\/03\/unnamed-2-6.jpg","width":300,"height":199},{"@type":"BreadcrumbList","@id":"https:\/\/sanluisinforma.com\/?p=18131#breadcrumb","itemListElement":[{"@type":"ListItem","position":1,"name":"Inicio","item":"https:\/\/sanluisinforma.com\/"},{"@type":"ListItem","position":2,"name":"Concepci\u00f3n Hern\u00e1ndez , reconocida como &#8220;Potosina del A\u00f1o&#8221;"}]},{"@type":"WebSite","@id":"https:\/\/sanluisinforma.com\/#website","url":"https:\/\/sanluisinforma.com\/","name":"sanluisinforma.com","description":"Periodico San Luis Informa","publisher":{"@id":"https:\/\/sanluisinforma.com\/#organization"},"potentialAction":[{"@type":"SearchAction","target":{"@type":"EntryPoint","urlTemplate":"https:\/\/sanluisinforma.com\/?s={search_term_string}"},"query-input":{"@type":"PropertyValueSpecification","valueRequired":true,"valueName":"search_term_string"}}],"inLanguage":"es"},{"@type":"Organization","@id":"https:\/\/sanluisinforma.com\/#organization","name":"sanluisinforma.com","url":"https:\/\/sanluisinforma.com\/","logo":{"@type":"ImageObject","inLanguage":"es","@id":"https:\/\/sanluisinforma.com\/#\/schema\/logo\/image\/","url":"https:\/\/sanluisinforma.com\/wp-content\/uploads\/2026\/03\/sanluisinforma-V.jpg","contentUrl":"https:\/\/sanluisinforma.com\/wp-content\/uploads\/2026\/03\/sanluisinforma-V.jpg","width":500,"height":156,"caption":"sanluisinforma.com"},"image":{"@id":"https:\/\/sanluisinforma.com\/#\/schema\/logo\/image\/"}},{"@type":"Person","@id":"https:\/\/sanluisinforma.com\/#\/schema\/person\/c30648f71476be533b6f59d092905c8b","name":"sanluisinforma.com","image":{"@type":"ImageObject","inLanguage":"es","@id":"https:\/\/sanluisinforma.com\/#\/schema\/person\/image\/","url":"https:\/\/secure.gravatar.com\/avatar\/86e3114e34a1eecefb963e0a02f0093f93b092dddb2fe1517596343751081a87?s=96&d=mm&r=g","contentUrl":"https:\/\/secure.gravatar.com\/avatar\/86e3114e34a1eecefb963e0a02f0093f93b092dddb2fe1517596343751081a87?s=96&d=mm&r=g","caption":"sanluisinforma.com"},"url":"https:\/\/sanluisinforma.com\/?author=2"}]}},"_links":{"self":[{"href":"https:\/\/sanluisinforma.com\/index.php?rest_route=\/wp\/v2\/posts\/18131","targetHints":{"allow":["GET"]}}],"collection":[{"href":"https:\/\/sanluisinforma.com\/index.php?rest_route=\/wp\/v2\/posts"}],"about":[{"href":"https:\/\/sanluisinforma.com\/index.php?rest_route=\/wp\/v2\/types\/post"}],"author":[{"embeddable":true,"href":"https:\/\/sanluisinforma.com\/index.php?rest_route=\/wp\/v2\/users\/2"}],"replies":[{"embeddable":true,"href":"https:\/\/sanluisinforma.com\/index.php?rest_route=%2Fwp%2Fv2%2Fcomments&post=18131"}],"version-history":[{"count":1,"href":"https:\/\/sanluisinforma.com\/index.php?rest_route=\/wp\/v2\/posts\/18131\/revisions"}],"predecessor-version":[{"id":18133,"href":"https:\/\/sanluisinforma.com\/index.php?rest_route=\/wp\/v2\/posts\/18131\/revisions\/18133"}],"wp:featuredmedia":[{"embeddable":true,"href":"https:\/\/sanluisinforma.com\/index.php?rest_route=\/wp\/v2\/media\/18132"}],"wp:attachment":[{"href":"https:\/\/sanluisinforma.com\/index.php?rest_route=%2Fwp%2Fv2%2Fmedia&parent=18131"}],"wp:term":[{"taxonomy":"category","embeddable":true,"href":"https:\/\/sanluisinforma.com\/index.php?rest_route=%2Fwp%2Fv2%2Fcategories&post=18131"},{"taxonomy":"post_tag","embeddable":true,"href":"https:\/\/sanluisinforma.com\/index.php?rest_route=%2Fwp%2Fv2%2Ftags&post=18131"}],"curies":[{"name":"wp","href":"https:\/\/api.w.org\/{rel}","templated":true}]}}