{"id":18159,"date":"2026-03-10T00:45:00","date_gmt":"2026-03-10T06:45:00","guid":{"rendered":"https:\/\/sanluisinforma.com\/?p=18159"},"modified":"2026-03-09T22:39:44","modified_gmt":"2026-03-10T04:39:44","slug":"gabriela-ruiz-inspira-con-su-ejemplo-de-vida-en-conmemoracion-del-8m-del-gobierno-de-la-capital","status":"publish","type":"post","link":"https:\/\/sanluisinforma.com\/?p=18159","title":{"rendered":"Gabriela Ruiz inspira con su ejemplo de vida en conmemoraci\u00f3n del 8M del Gobierno de la Capital"},"content":{"rendered":"\n<p><\/p>\n\n\n\n<ul class=\"wp-block-list\">\n<li>La Presidenta del DIF Capitalino, Estela Arriaga, remarc\u00f3 la fortaleza y resiliencia de la conferencista, as\u00ed como su ejemplo de vida.<\/li>\n\n\n\n<li>El Alcalde Enrique Galindo calific\u00f3 esta ponencia como una lecci\u00f3n de vida.<\/li>\n<\/ul>\n\n\n\n<p>SLP.\u2013 En el marco de las actividades por el D\u00eda Internacional de la Mujer, el DIF Municipal realiz\u00f3 la conferencia \u201cCreer para Crear\u201d, impartida por la inspiradora Gabriela Ruiz Zetina, como parte del programas de actividades \u201cUnidas Somos Poderosas\u201d. Durante el evento, la Presidenta del DIF de la Capital, Estela Arriaga M\u00e1rquez, reafirm\u00f3 el compromiso institucional de impulsar m\u00e1s oportunidades para las mujeres y seguir construyendo una ciudad m\u00e1s segura.<\/p>\n\n\n\n<p>En este evento, en el que particip\u00f3 el Alcalde Enrique Galindo Ceballos, la Presidenta del DIF Municipal resalt\u00f3 estos espacios de reflexi\u00f3n, &#8220;en los que incluso en los momentos m\u00e1s dif\u00edciles, las mujeres podemos levantarnos y seguir avanzando&#8221;. De ah\u00ed que subray\u00f3 de la conferencista, Gabriela Ruiz su fortaleza y resiliencia, &#8220;y nos confirma que cuando creemos en una misma logramos muchas metas&#8221;.<\/p>\n\n\n\n<p>Por su parte, en el auditorio de la Facultad de Derecho de la UASLP, el Presidente Municipal Enrique Galindo calific\u00f3 esta ponencia como una lecci\u00f3n de vida y mencion\u00f3 que ejemplos como \u00e9ste de Gabriela Ruiz, &#8220;enriquecen y dan sentido tanto a las mujeres como a la poblaci\u00f3n en general&#8221;.<\/p>\n\n\n\n<p>CIMA, FUNDAMENTAL PARA LA VIDA<\/p>\n\n\n\n<p>Gabriela Ruiz comparti\u00f3 su experiencia a trav\u00e9s de una ponencia muy humana y emotiva, para concientizar y tambi\u00e9n sensibilizar, acerca de la relevancia &#8220;de los milagros que cada d\u00eda nos regala el presente&#8221;, reconociendo nuestras emociones, con actitud y para usar las herramientas de resiliencia en la vida&#8221;. A\u00f1adi\u00f3 que aplicando CIMA -creatividad, introspecci\u00f3n, movimiento-moralidad y abundancia-, &#8220;conocer\u00e1s tu val\u00eda, adem\u00e1s de incluir un ingrediente esencial: el humor&#8221;.<\/p>\n\n\n\n<p>Entre analog\u00edas, ejemplos sencillos, as\u00ed como con est\u00edmulos visuales y auditivos, la conferencista exhort\u00f3 a reconocer el pasado, &#8220;pero tambi\u00e9n construirte d\u00eda a d\u00eda y con un esp\u00edritu de servir&#8221;. Y al repasar su historia personal y el accidente que la cambi\u00f3, resalt\u00f3 c\u00f3mo las decisiones e inconsciencias impactaron en su existencia, as\u00ed como las p\u00e9rdidas que logr\u00f3 superar al reconocer su perspectiva, que todo es pasajero, y que se avanza cuando se es una persona pr\u00e1ctica.<\/p>\n\n\n\n<p>Gabriela Ruiz Zetina, ante una asistencia dispuesta y participativa, les invit\u00f3 dejar atr\u00e1s la pregunta: &#8220;\u00bfpor qu\u00e9 a m\u00ed?, para pasar al: &#8220;\u00bfpara qu\u00e9?&#8221;, a fin de resignificar y tener un aprendizaje, a la par de dejar el perfil derrotado, reprochador o quejoso, por un perfil creativo, activo y optimista para finalmente, ser la mejor versi\u00f3n de una misma o uno mismo, &#8220;y tambi\u00e9n contribuir en tener una mejor ciudad, un pa\u00eds y el mundo&#8221;. Finalmente, pidi\u00f3 dar el &#8220;extra&#8221; para dejar un legado, a la par de siempre permitirte un te: &#8220;amarte, respetarte, reconocerte, aceptarte&#8221;.<\/p>\n","protected":false},"excerpt":{"rendered":"<p>SLP.\u2013 En el marco de las actividades por el D\u00eda Internacional de la Mujer, el DIF Municipal realiz\u00f3 la conferencia<\/p>\n","protected":false},"author":2,"featured_media":18160,"comment_status":"closed","ping_status":"closed","sticky":false,"template":"","format":"standard","meta":{"footnotes":""},"categories":[25,30],"tags":[],"class_list":["post-18159","post","type-post","status-publish","format-standard","has-post-thumbnail","hentry","category-local","category-portada"],"yoast_head":"<!-- This site is optimized with the Yoast SEO plugin v24.1 - https:\/\/yoast.com\/wordpress\/plugins\/seo\/ -->\n<title>Gabriela Ruiz inspira con su ejemplo de vida en conmemoraci\u00f3n del 8M del Gobierno de la Capital - sanluisinforma.com<\/title>\n<meta name=\"robots\" content=\"index, follow, max-snippet:-1, max-image-preview:large, max-video-preview:-1\" \/>\n<link rel=\"canonical\" href=\"https:\/\/sanluisinforma.com\/?p=18159\" \/>\n<meta property=\"og:locale\" content=\"es_MX\" \/>\n<meta property=\"og:type\" content=\"article\" \/>\n<meta property=\"og:title\" content=\"Gabriela Ruiz inspira con su ejemplo de vida en conmemoraci\u00f3n del 8M del Gobierno de la Capital - sanluisinforma.com\" \/>\n<meta property=\"og:description\" content=\"SLP.\u2013 En el marco de las actividades por el D\u00eda Internacional de la Mujer, el DIF Municipal realiz\u00f3 la conferencia\" \/>\n<meta property=\"og:url\" content=\"https:\/\/sanluisinforma.com\/?p=18159\" \/>\n<meta property=\"og:site_name\" content=\"sanluisinforma.com\" \/>\n<meta property=\"article:published_time\" content=\"2026-03-10T06:45:00+00:00\" \/>\n<meta property=\"article:modified_time\" content=\"2026-03-10T04:39:44+00:00\" \/>\n<meta property=\"og:image\" content=\"https:\/\/sanluisinforma.com\/wp-content\/uploads\/2026\/03\/unnamed-1-8.jpg\" \/>\n\t<meta property=\"og:image:width\" content=\"300\" \/>\n\t<meta property=\"og:image:height\" content=\"199\" \/>\n\t<meta property=\"og:image:type\" content=\"image\/jpeg\" \/>\n<meta name=\"author\" content=\"sanluisinforma.com\" \/>\n<meta name=\"twitter:card\" content=\"summary_large_image\" \/>\n<meta name=\"twitter:label1\" content=\"Escrito por\" \/>\n\t<meta name=\"twitter:data1\" content=\"sanluisinforma.com\" \/>\n\t<meta name=\"twitter:label2\" content=\"Tiempo de lectura\" \/>\n\t<meta name=\"twitter:data2\" content=\"3 minutos\" \/>\n<script type=\"application\/ld+json\" class=\"yoast-schema-graph\">{\"@context\":\"https:\/\/schema.org\",\"@graph\":[{\"@type\":\"Article\",\"@id\":\"https:\/\/sanluisinforma.com\/?p=18159#article\",\"isPartOf\":{\"@id\":\"https:\/\/sanluisinforma.com\/?p=18159\"},\"author\":{\"name\":\"sanluisinforma.com\",\"@id\":\"https:\/\/sanluisinforma.com\/#\/schema\/person\/c30648f71476be533b6f59d092905c8b\"},\"headline\":\"Gabriela Ruiz inspira con su ejemplo de vida en conmemoraci\u00f3n del 8M del Gobierno de la Capital\",\"datePublished\":\"2026-03-10T06:45:00+00:00\",\"dateModified\":\"2026-03-10T04:39:44+00:00\",\"mainEntityOfPage\":{\"@id\":\"https:\/\/sanluisinforma.com\/?p=18159\"},\"wordCount\":511,\"publisher\":{\"@id\":\"https:\/\/sanluisinforma.com\/#organization\"},\"image\":{\"@id\":\"https:\/\/sanluisinforma.com\/?p=18159#primaryimage\"},\"thumbnailUrl\":\"https:\/\/sanluisinforma.com\/wp-content\/uploads\/2026\/03\/unnamed-1-8.jpg\",\"articleSection\":[\"Local\",\"Portada\"],\"inLanguage\":\"es\"},{\"@type\":\"WebPage\",\"@id\":\"https:\/\/sanluisinforma.com\/?p=18159\",\"url\":\"https:\/\/sanluisinforma.com\/?p=18159\",\"name\":\"Gabriela Ruiz inspira con su ejemplo de vida en conmemoraci\u00f3n del 8M del Gobierno de la Capital - sanluisinforma.com\",\"isPartOf\":{\"@id\":\"https:\/\/sanluisinforma.com\/#website\"},\"primaryImageOfPage\":{\"@id\":\"https:\/\/sanluisinforma.com\/?p=18159#primaryimage\"},\"image\":{\"@id\":\"https:\/\/sanluisinforma.com\/?p=18159#primaryimage\"},\"thumbnailUrl\":\"https:\/\/sanluisinforma.com\/wp-content\/uploads\/2026\/03\/unnamed-1-8.jpg\",\"datePublished\":\"2026-03-10T06:45:00+00:00\",\"dateModified\":\"2026-03-10T04:39:44+00:00\",\"breadcrumb\":{\"@id\":\"https:\/\/sanluisinforma.com\/?p=18159#breadcrumb\"},\"inLanguage\":\"es\",\"potentialAction\":[{\"@type\":\"ReadAction\",\"target\":[\"https:\/\/sanluisinforma.com\/?p=18159\"]}]},{\"@type\":\"ImageObject\",\"inLanguage\":\"es\",\"@id\":\"https:\/\/sanluisinforma.com\/?p=18159#primaryimage\",\"url\":\"https:\/\/sanluisinforma.com\/wp-content\/uploads\/2026\/03\/unnamed-1-8.jpg\",\"contentUrl\":\"https:\/\/sanluisinforma.com\/wp-content\/uploads\/2026\/03\/unnamed-1-8.jpg\",\"width\":300,\"height\":199},{\"@type\":\"BreadcrumbList\",\"@id\":\"https:\/\/sanluisinforma.com\/?p=18159#breadcrumb\",\"itemListElement\":[{\"@type\":\"ListItem\",\"position\":1,\"name\":\"Inicio\",\"item\":\"https:\/\/sanluisinforma.com\/\"},{\"@type\":\"ListItem\",\"position\":2,\"name\":\"Gabriela Ruiz inspira con su ejemplo de vida en conmemoraci\u00f3n del 8M del Gobierno de la Capital\"}]},{\"@type\":\"WebSite\",\"@id\":\"https:\/\/sanluisinforma.com\/#website\",\"url\":\"https:\/\/sanluisinforma.com\/\",\"name\":\"sanluisinforma.com\",\"description\":\"Periodico San Luis Informa\",\"publisher\":{\"@id\":\"https:\/\/sanluisinforma.com\/#organization\"},\"potentialAction\":[{\"@type\":\"SearchAction\",\"target\":{\"@type\":\"EntryPoint\",\"urlTemplate\":\"https:\/\/sanluisinforma.com\/?s={search_term_string}\"},\"query-input\":{\"@type\":\"PropertyValueSpecification\",\"valueRequired\":true,\"valueName\":\"search_term_string\"}}],\"inLanguage\":\"es\"},{\"@type\":\"Organization\",\"@id\":\"https:\/\/sanluisinforma.com\/#organization\",\"name\":\"sanluisinforma.com\",\"url\":\"https:\/\/sanluisinforma.com\/\",\"logo\":{\"@type\":\"ImageObject\",\"inLanguage\":\"es\",\"@id\":\"https:\/\/sanluisinforma.com\/#\/schema\/logo\/image\/\",\"url\":\"https:\/\/sanluisinforma.com\/wp-content\/uploads\/2026\/03\/sanluisinforma-V.jpg\",\"contentUrl\":\"https:\/\/sanluisinforma.com\/wp-content\/uploads\/2026\/03\/sanluisinforma-V.jpg\",\"width\":500,\"height\":156,\"caption\":\"sanluisinforma.com\"},\"image\":{\"@id\":\"https:\/\/sanluisinforma.com\/#\/schema\/logo\/image\/\"}},{\"@type\":\"Person\",\"@id\":\"https:\/\/sanluisinforma.com\/#\/schema\/person\/c30648f71476be533b6f59d092905c8b\",\"name\":\"sanluisinforma.com\",\"image\":{\"@type\":\"ImageObject\",\"inLanguage\":\"es\",\"@id\":\"https:\/\/sanluisinforma.com\/#\/schema\/person\/image\/\",\"url\":\"https:\/\/secure.gravatar.com\/avatar\/86e3114e34a1eecefb963e0a02f0093f93b092dddb2fe1517596343751081a87?s=96&d=mm&r=g\",\"contentUrl\":\"https:\/\/secure.gravatar.com\/avatar\/86e3114e34a1eecefb963e0a02f0093f93b092dddb2fe1517596343751081a87?s=96&d=mm&r=g\",\"caption\":\"sanluisinforma.com\"},\"url\":\"https:\/\/sanluisinforma.com\/?author=2\"}]}<\/script>\n<!-- \/ Yoast SEO plugin. -->","yoast_head_json":{"title":"Gabriela Ruiz inspira con su ejemplo de vida en conmemoraci\u00f3n del 8M del Gobierno de la Capital - sanluisinforma.com","robots":{"index":"index","follow":"follow","max-snippet":"max-snippet:-1","max-image-preview":"max-image-preview:large","max-video-preview":"max-video-preview:-1"},"canonical":"https:\/\/sanluisinforma.com\/?p=18159","og_locale":"es_MX","og_type":"article","og_title":"Gabriela Ruiz inspira con su ejemplo de vida en conmemoraci\u00f3n del 8M del Gobierno de la Capital - sanluisinforma.com","og_description":"SLP.\u2013 En el marco de las actividades por el D\u00eda Internacional de la Mujer, el DIF Municipal realiz\u00f3 la conferencia","og_url":"https:\/\/sanluisinforma.com\/?p=18159","og_site_name":"sanluisinforma.com","article_published_time":"2026-03-10T06:45:00+00:00","article_modified_time":"2026-03-10T04:39:44+00:00","og_image":[{"width":300,"height":199,"url":"https:\/\/sanluisinforma.com\/wp-content\/uploads\/2026\/03\/unnamed-1-8.jpg","type":"image\/jpeg"}],"author":"sanluisinforma.com","twitter_card":"summary_large_image","twitter_misc":{"Escrito por":"sanluisinforma.com","Tiempo de lectura":"3 minutos"},"schema":{"@context":"https:\/\/schema.org","@graph":[{"@type":"Article","@id":"https:\/\/sanluisinforma.com\/?p=18159#article","isPartOf":{"@id":"https:\/\/sanluisinforma.com\/?p=18159"},"author":{"name":"sanluisinforma.com","@id":"https:\/\/sanluisinforma.com\/#\/schema\/person\/c30648f71476be533b6f59d092905c8b"},"headline":"Gabriela Ruiz inspira con su ejemplo de vida en conmemoraci\u00f3n del 8M del Gobierno de la Capital","datePublished":"2026-03-10T06:45:00+00:00","dateModified":"2026-03-10T04:39:44+00:00","mainEntityOfPage":{"@id":"https:\/\/sanluisinforma.com\/?p=18159"},"wordCount":511,"publisher":{"@id":"https:\/\/sanluisinforma.com\/#organization"},"image":{"@id":"https:\/\/sanluisinforma.com\/?p=18159#primaryimage"},"thumbnailUrl":"https:\/\/sanluisinforma.com\/wp-content\/uploads\/2026\/03\/unnamed-1-8.jpg","articleSection":["Local","Portada"],"inLanguage":"es"},{"@type":"WebPage","@id":"https:\/\/sanluisinforma.com\/?p=18159","url":"https:\/\/sanluisinforma.com\/?p=18159","name":"Gabriela Ruiz inspira con su ejemplo de vida en conmemoraci\u00f3n del 8M del Gobierno de la Capital - sanluisinforma.com","isPartOf":{"@id":"https:\/\/sanluisinforma.com\/#website"},"primaryImageOfPage":{"@id":"https:\/\/sanluisinforma.com\/?p=18159#primaryimage"},"image":{"@id":"https:\/\/sanluisinforma.com\/?p=18159#primaryimage"},"thumbnailUrl":"https:\/\/sanluisinforma.com\/wp-content\/uploads\/2026\/03\/unnamed-1-8.jpg","datePublished":"2026-03-10T06:45:00+00:00","dateModified":"2026-03-10T04:39:44+00:00","breadcrumb":{"@id":"https:\/\/sanluisinforma.com\/?p=18159#breadcrumb"},"inLanguage":"es","potentialAction":[{"@type":"ReadAction","target":["https:\/\/sanluisinforma.com\/?p=18159"]}]},{"@type":"ImageObject","inLanguage":"es","@id":"https:\/\/sanluisinforma.com\/?p=18159#primaryimage","url":"https:\/\/sanluisinforma.com\/wp-content\/uploads\/2026\/03\/unnamed-1-8.jpg","contentUrl":"https:\/\/sanluisinforma.com\/wp-content\/uploads\/2026\/03\/unnamed-1-8.jpg","width":300,"height":199},{"@type":"BreadcrumbList","@id":"https:\/\/sanluisinforma.com\/?p=18159#breadcrumb","itemListElement":[{"@type":"ListItem","position":1,"name":"Inicio","item":"https:\/\/sanluisinforma.com\/"},{"@type":"ListItem","position":2,"name":"Gabriela Ruiz inspira con su ejemplo de vida en conmemoraci\u00f3n del 8M del Gobierno de la Capital"}]},{"@type":"WebSite","@id":"https:\/\/sanluisinforma.com\/#website","url":"https:\/\/sanluisinforma.com\/","name":"sanluisinforma.com","description":"Periodico San Luis Informa","publisher":{"@id":"https:\/\/sanluisinforma.com\/#organization"},"potentialAction":[{"@type":"SearchAction","target":{"@type":"EntryPoint","urlTemplate":"https:\/\/sanluisinforma.com\/?s={search_term_string}"},"query-input":{"@type":"PropertyValueSpecification","valueRequired":true,"valueName":"search_term_string"}}],"inLanguage":"es"},{"@type":"Organization","@id":"https:\/\/sanluisinforma.com\/#organization","name":"sanluisinforma.com","url":"https:\/\/sanluisinforma.com\/","logo":{"@type":"ImageObject","inLanguage":"es","@id":"https:\/\/sanluisinforma.com\/#\/schema\/logo\/image\/","url":"https:\/\/sanluisinforma.com\/wp-content\/uploads\/2026\/03\/sanluisinforma-V.jpg","contentUrl":"https:\/\/sanluisinforma.com\/wp-content\/uploads\/2026\/03\/sanluisinforma-V.jpg","width":500,"height":156,"caption":"sanluisinforma.com"},"image":{"@id":"https:\/\/sanluisinforma.com\/#\/schema\/logo\/image\/"}},{"@type":"Person","@id":"https:\/\/sanluisinforma.com\/#\/schema\/person\/c30648f71476be533b6f59d092905c8b","name":"sanluisinforma.com","image":{"@type":"ImageObject","inLanguage":"es","@id":"https:\/\/sanluisinforma.com\/#\/schema\/person\/image\/","url":"https:\/\/secure.gravatar.com\/avatar\/86e3114e34a1eecefb963e0a02f0093f93b092dddb2fe1517596343751081a87?s=96&d=mm&r=g","contentUrl":"https:\/\/secure.gravatar.com\/avatar\/86e3114e34a1eecefb963e0a02f0093f93b092dddb2fe1517596343751081a87?s=96&d=mm&r=g","caption":"sanluisinforma.com"},"url":"https:\/\/sanluisinforma.com\/?author=2"}]}},"_links":{"self":[{"href":"https:\/\/sanluisinforma.com\/index.php?rest_route=\/wp\/v2\/posts\/18159","targetHints":{"allow":["GET"]}}],"collection":[{"href":"https:\/\/sanluisinforma.com\/index.php?rest_route=\/wp\/v2\/posts"}],"about":[{"href":"https:\/\/sanluisinforma.com\/index.php?rest_route=\/wp\/v2\/types\/post"}],"author":[{"embeddable":true,"href":"https:\/\/sanluisinforma.com\/index.php?rest_route=\/wp\/v2\/users\/2"}],"replies":[{"embeddable":true,"href":"https:\/\/sanluisinforma.com\/index.php?rest_route=%2Fwp%2Fv2%2Fcomments&post=18159"}],"version-history":[{"count":1,"href":"https:\/\/sanluisinforma.com\/index.php?rest_route=\/wp\/v2\/posts\/18159\/revisions"}],"predecessor-version":[{"id":18161,"href":"https:\/\/sanluisinforma.com\/index.php?rest_route=\/wp\/v2\/posts\/18159\/revisions\/18161"}],"wp:featuredmedia":[{"embeddable":true,"href":"https:\/\/sanluisinforma.com\/index.php?rest_route=\/wp\/v2\/media\/18160"}],"wp:attachment":[{"href":"https:\/\/sanluisinforma.com\/index.php?rest_route=%2Fwp%2Fv2%2Fmedia&parent=18159"}],"wp:term":[{"taxonomy":"category","embeddable":true,"href":"https:\/\/sanluisinforma.com\/index.php?rest_route=%2Fwp%2Fv2%2Fcategories&post=18159"},{"taxonomy":"post_tag","embeddable":true,"href":"https:\/\/sanluisinforma.com\/index.php?rest_route=%2Fwp%2Fv2%2Ftags&post=18159"}],"curies":[{"name":"wp","href":"https:\/\/api.w.org\/{rel}","templated":true}]}}