{"id":18171,"date":"2026-03-11T00:40:00","date_gmt":"2026-03-11T06:40:00","guid":{"rendered":"https:\/\/sanluisinforma.com\/?p=18171"},"modified":"2026-03-10T23:37:03","modified_gmt":"2026-03-11T05:37:03","slug":"presidenta-claudia-sheinbaum-recibe-a-mas-de-100-directores-y-directoras-ejecutivos-de-empresas-nordicas-en-palacio-nacional","status":"publish","type":"post","link":"https:\/\/sanluisinforma.com\/?p=18171","title":{"rendered":"Presidenta Claudia Sheinbaum recibe a m\u00e1s de 100 directores y directoras ejecutivos de empresas n\u00f3rdicas en Palacio Nacional"},"content":{"rendered":"\n<p><\/p>\n\n\n\n<p>*Ciudad de M\u00e9xico, a 10 de marzo de 2026.-* Esta ma\u00f1ana, la presidenta de M\u00e9xico, Dra. Claudia Sheinbaum Pardo, recibi\u00f3 en Palacio Nacional a una delegaci\u00f3n empresarial de Dinamarca, Finlandia, Noruega y Suecia encabezada por el Grupo Wallenberg. La comitiva estuvo integrada por aproximadamente 100 directoras y directores ejecutivos de empresas n\u00f3rdicas, entre las cuales destacan compa\u00f1\u00edas como ABB, Aker, AstraZeneca, Ericsson, Lego, Maersk, Nokia, Novo Nordisk, Vestas y Volvo.<\/p>\n\n\n\n<p>El Grupo Wallenberg es uno de los principales conglomerados empresariales de Europa, con inversiones en sectores como telecomunicaciones, tecnolog\u00eda, industria, manufactura y ciencias de la vida.<\/p>\n\n\n\n<p>A trav\u00e9s de su banco Skandinaviska Enskilda Banken (SEB) y de su principal firma de inversi\u00f3n, Investor AB, el grupo mantiene participaciones relevantes en empresas globales. En conjunto, las compa\u00f1\u00edas vinculadas a su ecosistema generan un ingreso conjunto superior a 385 mil millones de d\u00f3lares, emplean a cerca de 1.5 millones de personas y operan en aproximadamente 180 pa\u00edses, entre ellos M\u00e9xico. Esta visita in\u00e9dita marca la primera misi\u00f3n empresarial n\u00f3rdica de esta magnitud al pa\u00eds.<\/p>\n\n\n\n<p>Durante el encuentro en Palacio Nacional, la presidenta Sheinbaum resalt\u00f3 que las puertas de M\u00e9xico est\u00e1n abiertas a todas y todos los empresarios interesados en invertir en el pa\u00eds y contest\u00f3 preguntas de las y los invitados sobre el sector energ\u00e9tico, farmac\u00e9utico, agroindustrial y de telecomunicaciones.<\/p>\n\n\n\n<p>Por su parte, Marcus Wallenberg, presidente de SEB, afirm\u00f3 que se han anunciado m\u00faltiples inversiones n\u00f3rdicas en el pa\u00eds, alineadas con el Plan M\u00e9xico, y reiter\u00f3 su compromiso por continuar construyendo en el largo plazo la presencia de compa\u00f1\u00edas n\u00f3rdicas en M\u00e9xico. Dicho di\u00e1logo fue moderado por el secretario de Relaciones Exteriores, Juan Ram\u00f3n de la Fuente.<\/p>\n","protected":false},"excerpt":{"rendered":"<p>*Ciudad de M\u00e9xico, a 10 de marzo de 2026.-* Esta ma\u00f1ana, la presidenta de M\u00e9xico, Dra. Claudia Sheinbaum Pardo, recibi\u00f3<\/p>\n","protected":false},"author":2,"featured_media":18172,"comment_status":"closed","ping_status":"closed","sticky":false,"template":"","format":"standard","meta":{"footnotes":""},"categories":[26],"tags":[],"class_list":["post-18171","post","type-post","status-publish","format-standard","has-post-thumbnail","hentry","category-nacional"],"yoast_head":"<!-- This site is optimized with the Yoast SEO plugin v24.1 - https:\/\/yoast.com\/wordpress\/plugins\/seo\/ -->\n<title>Presidenta Claudia Sheinbaum recibe a m\u00e1s de 100 directores y directoras ejecutivos de empresas n\u00f3rdicas en Palacio Nacional - sanluisinforma.com<\/title>\n<meta name=\"robots\" content=\"index, follow, max-snippet:-1, max-image-preview:large, max-video-preview:-1\" \/>\n<link rel=\"canonical\" href=\"https:\/\/sanluisinforma.com\/?p=18171\" \/>\n<meta property=\"og:locale\" content=\"es_MX\" \/>\n<meta property=\"og:type\" content=\"article\" \/>\n<meta property=\"og:title\" content=\"Presidenta Claudia Sheinbaum recibe a m\u00e1s de 100 directores y directoras ejecutivos de empresas n\u00f3rdicas en Palacio Nacional - sanluisinforma.com\" \/>\n<meta property=\"og:description\" content=\"*Ciudad de M\u00e9xico, a 10 de marzo de 2026.-* Esta ma\u00f1ana, la presidenta de M\u00e9xico, Dra. Claudia Sheinbaum Pardo, recibi\u00f3\" \/>\n<meta property=\"og:url\" content=\"https:\/\/sanluisinforma.com\/?p=18171\" \/>\n<meta property=\"og:site_name\" content=\"sanluisinforma.com\" \/>\n<meta property=\"article:published_time\" content=\"2026-03-11T06:40:00+00:00\" \/>\n<meta property=\"article:modified_time\" content=\"2026-03-11T05:37:03+00:00\" \/>\n<meta property=\"og:image\" content=\"https:\/\/sanluisinforma.com\/wp-content\/uploads\/2026\/03\/unnamed-4-4.jpg\" \/>\n\t<meta property=\"og:image:width\" content=\"300\" \/>\n\t<meta property=\"og:image:height\" content=\"200\" \/>\n\t<meta property=\"og:image:type\" content=\"image\/jpeg\" \/>\n<meta name=\"author\" content=\"sanluisinforma.com\" \/>\n<meta name=\"twitter:card\" content=\"summary_large_image\" \/>\n<meta name=\"twitter:label1\" content=\"Escrito por\" \/>\n\t<meta name=\"twitter:data1\" content=\"sanluisinforma.com\" \/>\n\t<meta name=\"twitter:label2\" content=\"Tiempo de lectura\" \/>\n\t<meta name=\"twitter:data2\" content=\"2 minutos\" \/>\n<script type=\"application\/ld+json\" class=\"yoast-schema-graph\">{\"@context\":\"https:\/\/schema.org\",\"@graph\":[{\"@type\":\"Article\",\"@id\":\"https:\/\/sanluisinforma.com\/?p=18171#article\",\"isPartOf\":{\"@id\":\"https:\/\/sanluisinforma.com\/?p=18171\"},\"author\":{\"name\":\"sanluisinforma.com\",\"@id\":\"https:\/\/sanluisinforma.com\/#\/schema\/person\/c30648f71476be533b6f59d092905c8b\"},\"headline\":\"Presidenta Claudia Sheinbaum recibe a m\u00e1s de 100 directores y directoras ejecutivos de empresas n\u00f3rdicas en Palacio Nacional\",\"datePublished\":\"2026-03-11T06:40:00+00:00\",\"dateModified\":\"2026-03-11T05:37:03+00:00\",\"mainEntityOfPage\":{\"@id\":\"https:\/\/sanluisinforma.com\/?p=18171\"},\"wordCount\":320,\"publisher\":{\"@id\":\"https:\/\/sanluisinforma.com\/#organization\"},\"image\":{\"@id\":\"https:\/\/sanluisinforma.com\/?p=18171#primaryimage\"},\"thumbnailUrl\":\"https:\/\/sanluisinforma.com\/wp-content\/uploads\/2026\/03\/unnamed-4-4.jpg\",\"articleSection\":[\"Nacional\"],\"inLanguage\":\"es\"},{\"@type\":\"WebPage\",\"@id\":\"https:\/\/sanluisinforma.com\/?p=18171\",\"url\":\"https:\/\/sanluisinforma.com\/?p=18171\",\"name\":\"Presidenta Claudia Sheinbaum recibe a m\u00e1s de 100 directores y directoras ejecutivos de empresas n\u00f3rdicas en Palacio Nacional - sanluisinforma.com\",\"isPartOf\":{\"@id\":\"https:\/\/sanluisinforma.com\/#website\"},\"primaryImageOfPage\":{\"@id\":\"https:\/\/sanluisinforma.com\/?p=18171#primaryimage\"},\"image\":{\"@id\":\"https:\/\/sanluisinforma.com\/?p=18171#primaryimage\"},\"thumbnailUrl\":\"https:\/\/sanluisinforma.com\/wp-content\/uploads\/2026\/03\/unnamed-4-4.jpg\",\"datePublished\":\"2026-03-11T06:40:00+00:00\",\"dateModified\":\"2026-03-11T05:37:03+00:00\",\"breadcrumb\":{\"@id\":\"https:\/\/sanluisinforma.com\/?p=18171#breadcrumb\"},\"inLanguage\":\"es\",\"potentialAction\":[{\"@type\":\"ReadAction\",\"target\":[\"https:\/\/sanluisinforma.com\/?p=18171\"]}]},{\"@type\":\"ImageObject\",\"inLanguage\":\"es\",\"@id\":\"https:\/\/sanluisinforma.com\/?p=18171#primaryimage\",\"url\":\"https:\/\/sanluisinforma.com\/wp-content\/uploads\/2026\/03\/unnamed-4-4.jpg\",\"contentUrl\":\"https:\/\/sanluisinforma.com\/wp-content\/uploads\/2026\/03\/unnamed-4-4.jpg\",\"width\":300,\"height\":200},{\"@type\":\"BreadcrumbList\",\"@id\":\"https:\/\/sanluisinforma.com\/?p=18171#breadcrumb\",\"itemListElement\":[{\"@type\":\"ListItem\",\"position\":1,\"name\":\"Inicio\",\"item\":\"https:\/\/sanluisinforma.com\/\"},{\"@type\":\"ListItem\",\"position\":2,\"name\":\"Presidenta Claudia Sheinbaum recibe a m\u00e1s de 100 directores y directoras ejecutivos de empresas n\u00f3rdicas en Palacio Nacional\"}]},{\"@type\":\"WebSite\",\"@id\":\"https:\/\/sanluisinforma.com\/#website\",\"url\":\"https:\/\/sanluisinforma.com\/\",\"name\":\"sanluisinforma.com\",\"description\":\"Periodico San Luis Informa\",\"publisher\":{\"@id\":\"https:\/\/sanluisinforma.com\/#organization\"},\"potentialAction\":[{\"@type\":\"SearchAction\",\"target\":{\"@type\":\"EntryPoint\",\"urlTemplate\":\"https:\/\/sanluisinforma.com\/?s={search_term_string}\"},\"query-input\":{\"@type\":\"PropertyValueSpecification\",\"valueRequired\":true,\"valueName\":\"search_term_string\"}}],\"inLanguage\":\"es\"},{\"@type\":\"Organization\",\"@id\":\"https:\/\/sanluisinforma.com\/#organization\",\"name\":\"sanluisinforma.com\",\"url\":\"https:\/\/sanluisinforma.com\/\",\"logo\":{\"@type\":\"ImageObject\",\"inLanguage\":\"es\",\"@id\":\"https:\/\/sanluisinforma.com\/#\/schema\/logo\/image\/\",\"url\":\"https:\/\/sanluisinforma.com\/wp-content\/uploads\/2026\/03\/sanluisinforma-V.jpg\",\"contentUrl\":\"https:\/\/sanluisinforma.com\/wp-content\/uploads\/2026\/03\/sanluisinforma-V.jpg\",\"width\":500,\"height\":156,\"caption\":\"sanluisinforma.com\"},\"image\":{\"@id\":\"https:\/\/sanluisinforma.com\/#\/schema\/logo\/image\/\"}},{\"@type\":\"Person\",\"@id\":\"https:\/\/sanluisinforma.com\/#\/schema\/person\/c30648f71476be533b6f59d092905c8b\",\"name\":\"sanluisinforma.com\",\"image\":{\"@type\":\"ImageObject\",\"inLanguage\":\"es\",\"@id\":\"https:\/\/sanluisinforma.com\/#\/schema\/person\/image\/\",\"url\":\"https:\/\/secure.gravatar.com\/avatar\/86e3114e34a1eecefb963e0a02f0093f93b092dddb2fe1517596343751081a87?s=96&d=mm&r=g\",\"contentUrl\":\"https:\/\/secure.gravatar.com\/avatar\/86e3114e34a1eecefb963e0a02f0093f93b092dddb2fe1517596343751081a87?s=96&d=mm&r=g\",\"caption\":\"sanluisinforma.com\"},\"url\":\"https:\/\/sanluisinforma.com\/?author=2\"}]}<\/script>\n<!-- \/ Yoast SEO plugin. -->","yoast_head_json":{"title":"Presidenta Claudia Sheinbaum recibe a m\u00e1s de 100 directores y directoras ejecutivos de empresas n\u00f3rdicas en Palacio Nacional - sanluisinforma.com","robots":{"index":"index","follow":"follow","max-snippet":"max-snippet:-1","max-image-preview":"max-image-preview:large","max-video-preview":"max-video-preview:-1"},"canonical":"https:\/\/sanluisinforma.com\/?p=18171","og_locale":"es_MX","og_type":"article","og_title":"Presidenta Claudia Sheinbaum recibe a m\u00e1s de 100 directores y directoras ejecutivos de empresas n\u00f3rdicas en Palacio Nacional - sanluisinforma.com","og_description":"*Ciudad de M\u00e9xico, a 10 de marzo de 2026.-* Esta ma\u00f1ana, la presidenta de M\u00e9xico, Dra. Claudia Sheinbaum Pardo, recibi\u00f3","og_url":"https:\/\/sanluisinforma.com\/?p=18171","og_site_name":"sanluisinforma.com","article_published_time":"2026-03-11T06:40:00+00:00","article_modified_time":"2026-03-11T05:37:03+00:00","og_image":[{"width":300,"height":200,"url":"https:\/\/sanluisinforma.com\/wp-content\/uploads\/2026\/03\/unnamed-4-4.jpg","type":"image\/jpeg"}],"author":"sanluisinforma.com","twitter_card":"summary_large_image","twitter_misc":{"Escrito por":"sanluisinforma.com","Tiempo de lectura":"2 minutos"},"schema":{"@context":"https:\/\/schema.org","@graph":[{"@type":"Article","@id":"https:\/\/sanluisinforma.com\/?p=18171#article","isPartOf":{"@id":"https:\/\/sanluisinforma.com\/?p=18171"},"author":{"name":"sanluisinforma.com","@id":"https:\/\/sanluisinforma.com\/#\/schema\/person\/c30648f71476be533b6f59d092905c8b"},"headline":"Presidenta Claudia Sheinbaum recibe a m\u00e1s de 100 directores y directoras ejecutivos de empresas n\u00f3rdicas en Palacio Nacional","datePublished":"2026-03-11T06:40:00+00:00","dateModified":"2026-03-11T05:37:03+00:00","mainEntityOfPage":{"@id":"https:\/\/sanluisinforma.com\/?p=18171"},"wordCount":320,"publisher":{"@id":"https:\/\/sanluisinforma.com\/#organization"},"image":{"@id":"https:\/\/sanluisinforma.com\/?p=18171#primaryimage"},"thumbnailUrl":"https:\/\/sanluisinforma.com\/wp-content\/uploads\/2026\/03\/unnamed-4-4.jpg","articleSection":["Nacional"],"inLanguage":"es"},{"@type":"WebPage","@id":"https:\/\/sanluisinforma.com\/?p=18171","url":"https:\/\/sanluisinforma.com\/?p=18171","name":"Presidenta Claudia Sheinbaum recibe a m\u00e1s de 100 directores y directoras ejecutivos de empresas n\u00f3rdicas en Palacio Nacional - sanluisinforma.com","isPartOf":{"@id":"https:\/\/sanluisinforma.com\/#website"},"primaryImageOfPage":{"@id":"https:\/\/sanluisinforma.com\/?p=18171#primaryimage"},"image":{"@id":"https:\/\/sanluisinforma.com\/?p=18171#primaryimage"},"thumbnailUrl":"https:\/\/sanluisinforma.com\/wp-content\/uploads\/2026\/03\/unnamed-4-4.jpg","datePublished":"2026-03-11T06:40:00+00:00","dateModified":"2026-03-11T05:37:03+00:00","breadcrumb":{"@id":"https:\/\/sanluisinforma.com\/?p=18171#breadcrumb"},"inLanguage":"es","potentialAction":[{"@type":"ReadAction","target":["https:\/\/sanluisinforma.com\/?p=18171"]}]},{"@type":"ImageObject","inLanguage":"es","@id":"https:\/\/sanluisinforma.com\/?p=18171#primaryimage","url":"https:\/\/sanluisinforma.com\/wp-content\/uploads\/2026\/03\/unnamed-4-4.jpg","contentUrl":"https:\/\/sanluisinforma.com\/wp-content\/uploads\/2026\/03\/unnamed-4-4.jpg","width":300,"height":200},{"@type":"BreadcrumbList","@id":"https:\/\/sanluisinforma.com\/?p=18171#breadcrumb","itemListElement":[{"@type":"ListItem","position":1,"name":"Inicio","item":"https:\/\/sanluisinforma.com\/"},{"@type":"ListItem","position":2,"name":"Presidenta Claudia Sheinbaum recibe a m\u00e1s de 100 directores y directoras ejecutivos de empresas n\u00f3rdicas en Palacio Nacional"}]},{"@type":"WebSite","@id":"https:\/\/sanluisinforma.com\/#website","url":"https:\/\/sanluisinforma.com\/","name":"sanluisinforma.com","description":"Periodico San Luis Informa","publisher":{"@id":"https:\/\/sanluisinforma.com\/#organization"},"potentialAction":[{"@type":"SearchAction","target":{"@type":"EntryPoint","urlTemplate":"https:\/\/sanluisinforma.com\/?s={search_term_string}"},"query-input":{"@type":"PropertyValueSpecification","valueRequired":true,"valueName":"search_term_string"}}],"inLanguage":"es"},{"@type":"Organization","@id":"https:\/\/sanluisinforma.com\/#organization","name":"sanluisinforma.com","url":"https:\/\/sanluisinforma.com\/","logo":{"@type":"ImageObject","inLanguage":"es","@id":"https:\/\/sanluisinforma.com\/#\/schema\/logo\/image\/","url":"https:\/\/sanluisinforma.com\/wp-content\/uploads\/2026\/03\/sanluisinforma-V.jpg","contentUrl":"https:\/\/sanluisinforma.com\/wp-content\/uploads\/2026\/03\/sanluisinforma-V.jpg","width":500,"height":156,"caption":"sanluisinforma.com"},"image":{"@id":"https:\/\/sanluisinforma.com\/#\/schema\/logo\/image\/"}},{"@type":"Person","@id":"https:\/\/sanluisinforma.com\/#\/schema\/person\/c30648f71476be533b6f59d092905c8b","name":"sanluisinforma.com","image":{"@type":"ImageObject","inLanguage":"es","@id":"https:\/\/sanluisinforma.com\/#\/schema\/person\/image\/","url":"https:\/\/secure.gravatar.com\/avatar\/86e3114e34a1eecefb963e0a02f0093f93b092dddb2fe1517596343751081a87?s=96&d=mm&r=g","contentUrl":"https:\/\/secure.gravatar.com\/avatar\/86e3114e34a1eecefb963e0a02f0093f93b092dddb2fe1517596343751081a87?s=96&d=mm&r=g","caption":"sanluisinforma.com"},"url":"https:\/\/sanluisinforma.com\/?author=2"}]}},"_links":{"self":[{"href":"https:\/\/sanluisinforma.com\/index.php?rest_route=\/wp\/v2\/posts\/18171","targetHints":{"allow":["GET"]}}],"collection":[{"href":"https:\/\/sanluisinforma.com\/index.php?rest_route=\/wp\/v2\/posts"}],"about":[{"href":"https:\/\/sanluisinforma.com\/index.php?rest_route=\/wp\/v2\/types\/post"}],"author":[{"embeddable":true,"href":"https:\/\/sanluisinforma.com\/index.php?rest_route=\/wp\/v2\/users\/2"}],"replies":[{"embeddable":true,"href":"https:\/\/sanluisinforma.com\/index.php?rest_route=%2Fwp%2Fv2%2Fcomments&post=18171"}],"version-history":[{"count":1,"href":"https:\/\/sanluisinforma.com\/index.php?rest_route=\/wp\/v2\/posts\/18171\/revisions"}],"predecessor-version":[{"id":18173,"href":"https:\/\/sanluisinforma.com\/index.php?rest_route=\/wp\/v2\/posts\/18171\/revisions\/18173"}],"wp:featuredmedia":[{"embeddable":true,"href":"https:\/\/sanluisinforma.com\/index.php?rest_route=\/wp\/v2\/media\/18172"}],"wp:attachment":[{"href":"https:\/\/sanluisinforma.com\/index.php?rest_route=%2Fwp%2Fv2%2Fmedia&parent=18171"}],"wp:term":[{"taxonomy":"category","embeddable":true,"href":"https:\/\/sanluisinforma.com\/index.php?rest_route=%2Fwp%2Fv2%2Fcategories&post=18171"},{"taxonomy":"post_tag","embeddable":true,"href":"https:\/\/sanluisinforma.com\/index.php?rest_route=%2Fwp%2Fv2%2Ftags&post=18171"}],"curies":[{"name":"wp","href":"https:\/\/api.w.org\/{rel}","templated":true}]}}