{"id":18181,"date":"2026-03-11T00:58:00","date_gmt":"2026-03-11T06:58:00","guid":{"rendered":"https:\/\/sanluisinforma.com\/?p=18181"},"modified":"2026-03-10T23:56:59","modified_gmt":"2026-03-11T05:56:59","slug":"ricardo-gallardo-participa-en-inauguracion-de-la-semana-cultural-de-san-luis-potosi-en-el-senado","status":"publish","type":"post","link":"https:\/\/sanluisinforma.com\/?p=18181","title":{"rendered":"Ricardo Gallardo participa en inauguraci\u00f3n de la Semana Cultural de San Luis Potos\u00ed en el Senado"},"content":{"rendered":"\n<p><br>\u2022 El Gobernador destac\u00f3 la importancia de mostrar la riqueza cultural, hist\u00f3rica y gastron\u00f3mica de las cuatro regiones del Estado.<\/p>\n\n\n\n<p>Ricardo Gallardo Cardona, Gobernador del Estado, particip\u00f3 en la inauguraci\u00f3n de la Semana Cultural de San Luis Potos\u00ed en el Senado de la Rep\u00fablica, evento impulsado por la Senadora Ruth Gonz\u00e1lez Silva en el que se expondr\u00e1 la riqueza cultural, hist\u00f3rica, art\u00edstica y gastron\u00f3mica de las cuatro regiones de la entidad potosina para posicionarla como uno de los destinos tur\u00edsticos m\u00e1s importantes del pa\u00eds.<br>Ante senadores y diputados federales, Ricardo Gallardo asegur\u00f3 que es importante demostrar la grandeza que tiene San Luis Potos\u00ed como Estado, pero tambi\u00e9n la grandeza humana de su gente que se puede sentir al visitar cada uno de sus municipios, los cuales conservan su propia gastronom\u00eda y tradiciones, aunado a las condiciones de paz, seguridad y orden social que prevalecen en toda la entidad gracias a este cambio que se vive y se siente.<br>Tras disfrutar la presentaci\u00f3n musical de la Orquesta Sinf\u00f3nica de San Luis Potos\u00ed, el Gobernador Ricardo Gallardo comparti\u00f3 que el Estado ostenta orgullosamente seis pueblos m\u00e1gicos, destac\u00e1ndose Real de Catorce al ser uno de los destinos tur\u00edsticos m\u00e1s populares del pa\u00eds despu\u00e9s de las playas, ya que se pueden disfrutar de sus paisajes monta\u00f1osos, de su misticismo y de su estilo antiguo, cualidades \u00fanicas que atrae, incluso, a visitantes internacionales.<br>Finalmente, el Mandatario Estatal comparti\u00f3 que todo este potencial tur\u00edstico se puede seguir impulsando gracias a que se est\u00e1 registrando una baja considerable de delitos, como la reducci\u00f3n de homicidios en un 86 por ciento, datos avalados y confirmados por la Presidenta de la Rep\u00fablica, Claudia Sheinbaum Pardo, lo que tambi\u00e9n permite que m\u00e1s industrias inviertan en San Luis Potos\u00ed para un desarrollo econ\u00f3mico fortalecido y confiab<\/p>\n","protected":false},"excerpt":{"rendered":"<p>\u2022 El Gobernador destac\u00f3 la importancia de mostrar la riqueza cultural, hist\u00f3rica y gastron\u00f3mica de las cuatro regiones del Estado.<\/p>\n","protected":false},"author":2,"featured_media":18182,"comment_status":"closed","ping_status":"closed","sticky":false,"template":"","format":"standard","meta":{"footnotes":""},"categories":[25,30],"tags":[],"class_list":["post-18181","post","type-post","status-publish","format-standard","has-post-thumbnail","hentry","category-local","category-portada"],"yoast_head":"<!-- This site is optimized with the Yoast SEO plugin v24.1 - https:\/\/yoast.com\/wordpress\/plugins\/seo\/ -->\n<title>Ricardo Gallardo participa en inauguraci\u00f3n de la Semana Cultural de San Luis Potos\u00ed en el Senado - sanluisinforma.com<\/title>\n<meta name=\"robots\" content=\"index, follow, max-snippet:-1, max-image-preview:large, max-video-preview:-1\" \/>\n<link rel=\"canonical\" href=\"https:\/\/sanluisinforma.com\/?p=18181\" \/>\n<meta property=\"og:locale\" content=\"es_MX\" \/>\n<meta property=\"og:type\" content=\"article\" \/>\n<meta property=\"og:title\" content=\"Ricardo Gallardo participa en inauguraci\u00f3n de la Semana Cultural de San Luis Potos\u00ed en el Senado - sanluisinforma.com\" \/>\n<meta property=\"og:description\" content=\"\u2022 El Gobernador destac\u00f3 la importancia de mostrar la riqueza cultural, hist\u00f3rica y gastron\u00f3mica de las cuatro regiones del Estado.\" \/>\n<meta property=\"og:url\" content=\"https:\/\/sanluisinforma.com\/?p=18181\" \/>\n<meta property=\"og:site_name\" content=\"sanluisinforma.com\" \/>\n<meta property=\"article:published_time\" content=\"2026-03-11T06:58:00+00:00\" \/>\n<meta property=\"article:modified_time\" content=\"2026-03-11T05:56:59+00:00\" \/>\n<meta property=\"og:image\" content=\"https:\/\/sanluisinforma.com\/wp-content\/uploads\/2026\/03\/unnamed-3-8.jpg\" \/>\n\t<meta property=\"og:image:width\" content=\"300\" \/>\n\t<meta property=\"og:image:height\" content=\"199\" \/>\n\t<meta property=\"og:image:type\" content=\"image\/jpeg\" \/>\n<meta name=\"author\" content=\"sanluisinforma.com\" \/>\n<meta name=\"twitter:card\" content=\"summary_large_image\" \/>\n<meta name=\"twitter:label1\" content=\"Escrito por\" \/>\n\t<meta name=\"twitter:data1\" content=\"sanluisinforma.com\" \/>\n\t<meta name=\"twitter:label2\" content=\"Tiempo de lectura\" \/>\n\t<meta name=\"twitter:data2\" content=\"2 minutos\" \/>\n<script type=\"application\/ld+json\" class=\"yoast-schema-graph\">{\"@context\":\"https:\/\/schema.org\",\"@graph\":[{\"@type\":\"Article\",\"@id\":\"https:\/\/sanluisinforma.com\/?p=18181#article\",\"isPartOf\":{\"@id\":\"https:\/\/sanluisinforma.com\/?p=18181\"},\"author\":{\"name\":\"sanluisinforma.com\",\"@id\":\"https:\/\/sanluisinforma.com\/#\/schema\/person\/c30648f71476be533b6f59d092905c8b\"},\"headline\":\"Ricardo Gallardo participa en inauguraci\u00f3n de la Semana Cultural de San Luis Potos\u00ed en el Senado\",\"datePublished\":\"2026-03-11T06:58:00+00:00\",\"dateModified\":\"2026-03-11T05:56:59+00:00\",\"mainEntityOfPage\":{\"@id\":\"https:\/\/sanluisinforma.com\/?p=18181\"},\"wordCount\":338,\"publisher\":{\"@id\":\"https:\/\/sanluisinforma.com\/#organization\"},\"image\":{\"@id\":\"https:\/\/sanluisinforma.com\/?p=18181#primaryimage\"},\"thumbnailUrl\":\"https:\/\/sanluisinforma.com\/wp-content\/uploads\/2026\/03\/unnamed-3-8.jpg\",\"articleSection\":[\"Local\",\"Portada\"],\"inLanguage\":\"es\"},{\"@type\":\"WebPage\",\"@id\":\"https:\/\/sanluisinforma.com\/?p=18181\",\"url\":\"https:\/\/sanluisinforma.com\/?p=18181\",\"name\":\"Ricardo Gallardo participa en inauguraci\u00f3n de la Semana Cultural de San Luis Potos\u00ed en el Senado - sanluisinforma.com\",\"isPartOf\":{\"@id\":\"https:\/\/sanluisinforma.com\/#website\"},\"primaryImageOfPage\":{\"@id\":\"https:\/\/sanluisinforma.com\/?p=18181#primaryimage\"},\"image\":{\"@id\":\"https:\/\/sanluisinforma.com\/?p=18181#primaryimage\"},\"thumbnailUrl\":\"https:\/\/sanluisinforma.com\/wp-content\/uploads\/2026\/03\/unnamed-3-8.jpg\",\"datePublished\":\"2026-03-11T06:58:00+00:00\",\"dateModified\":\"2026-03-11T05:56:59+00:00\",\"breadcrumb\":{\"@id\":\"https:\/\/sanluisinforma.com\/?p=18181#breadcrumb\"},\"inLanguage\":\"es\",\"potentialAction\":[{\"@type\":\"ReadAction\",\"target\":[\"https:\/\/sanluisinforma.com\/?p=18181\"]}]},{\"@type\":\"ImageObject\",\"inLanguage\":\"es\",\"@id\":\"https:\/\/sanluisinforma.com\/?p=18181#primaryimage\",\"url\":\"https:\/\/sanluisinforma.com\/wp-content\/uploads\/2026\/03\/unnamed-3-8.jpg\",\"contentUrl\":\"https:\/\/sanluisinforma.com\/wp-content\/uploads\/2026\/03\/unnamed-3-8.jpg\",\"width\":300,\"height\":199},{\"@type\":\"BreadcrumbList\",\"@id\":\"https:\/\/sanluisinforma.com\/?p=18181#breadcrumb\",\"itemListElement\":[{\"@type\":\"ListItem\",\"position\":1,\"name\":\"Inicio\",\"item\":\"https:\/\/sanluisinforma.com\/\"},{\"@type\":\"ListItem\",\"position\":2,\"name\":\"Ricardo Gallardo participa en inauguraci\u00f3n de la Semana Cultural de San Luis Potos\u00ed en el Senado\"}]},{\"@type\":\"WebSite\",\"@id\":\"https:\/\/sanluisinforma.com\/#website\",\"url\":\"https:\/\/sanluisinforma.com\/\",\"name\":\"sanluisinforma.com\",\"description\":\"Periodico San Luis Informa\",\"publisher\":{\"@id\":\"https:\/\/sanluisinforma.com\/#organization\"},\"potentialAction\":[{\"@type\":\"SearchAction\",\"target\":{\"@type\":\"EntryPoint\",\"urlTemplate\":\"https:\/\/sanluisinforma.com\/?s={search_term_string}\"},\"query-input\":{\"@type\":\"PropertyValueSpecification\",\"valueRequired\":true,\"valueName\":\"search_term_string\"}}],\"inLanguage\":\"es\"},{\"@type\":\"Organization\",\"@id\":\"https:\/\/sanluisinforma.com\/#organization\",\"name\":\"sanluisinforma.com\",\"url\":\"https:\/\/sanluisinforma.com\/\",\"logo\":{\"@type\":\"ImageObject\",\"inLanguage\":\"es\",\"@id\":\"https:\/\/sanluisinforma.com\/#\/schema\/logo\/image\/\",\"url\":\"https:\/\/sanluisinforma.com\/wp-content\/uploads\/2026\/03\/sanluisinforma-V.jpg\",\"contentUrl\":\"https:\/\/sanluisinforma.com\/wp-content\/uploads\/2026\/03\/sanluisinforma-V.jpg\",\"width\":500,\"height\":156,\"caption\":\"sanluisinforma.com\"},\"image\":{\"@id\":\"https:\/\/sanluisinforma.com\/#\/schema\/logo\/image\/\"}},{\"@type\":\"Person\",\"@id\":\"https:\/\/sanluisinforma.com\/#\/schema\/person\/c30648f71476be533b6f59d092905c8b\",\"name\":\"sanluisinforma.com\",\"image\":{\"@type\":\"ImageObject\",\"inLanguage\":\"es\",\"@id\":\"https:\/\/sanluisinforma.com\/#\/schema\/person\/image\/\",\"url\":\"https:\/\/secure.gravatar.com\/avatar\/86e3114e34a1eecefb963e0a02f0093f93b092dddb2fe1517596343751081a87?s=96&d=mm&r=g\",\"contentUrl\":\"https:\/\/secure.gravatar.com\/avatar\/86e3114e34a1eecefb963e0a02f0093f93b092dddb2fe1517596343751081a87?s=96&d=mm&r=g\",\"caption\":\"sanluisinforma.com\"},\"url\":\"https:\/\/sanluisinforma.com\/?author=2\"}]}<\/script>\n<!-- \/ Yoast SEO plugin. -->","yoast_head_json":{"title":"Ricardo Gallardo participa en inauguraci\u00f3n de la Semana Cultural de San Luis Potos\u00ed en el Senado - sanluisinforma.com","robots":{"index":"index","follow":"follow","max-snippet":"max-snippet:-1","max-image-preview":"max-image-preview:large","max-video-preview":"max-video-preview:-1"},"canonical":"https:\/\/sanluisinforma.com\/?p=18181","og_locale":"es_MX","og_type":"article","og_title":"Ricardo Gallardo participa en inauguraci\u00f3n de la Semana Cultural de San Luis Potos\u00ed en el Senado - sanluisinforma.com","og_description":"\u2022 El Gobernador destac\u00f3 la importancia de mostrar la riqueza cultural, hist\u00f3rica y gastron\u00f3mica de las cuatro regiones del Estado.","og_url":"https:\/\/sanluisinforma.com\/?p=18181","og_site_name":"sanluisinforma.com","article_published_time":"2026-03-11T06:58:00+00:00","article_modified_time":"2026-03-11T05:56:59+00:00","og_image":[{"width":300,"height":199,"url":"https:\/\/sanluisinforma.com\/wp-content\/uploads\/2026\/03\/unnamed-3-8.jpg","type":"image\/jpeg"}],"author":"sanluisinforma.com","twitter_card":"summary_large_image","twitter_misc":{"Escrito por":"sanluisinforma.com","Tiempo de lectura":"2 minutos"},"schema":{"@context":"https:\/\/schema.org","@graph":[{"@type":"Article","@id":"https:\/\/sanluisinforma.com\/?p=18181#article","isPartOf":{"@id":"https:\/\/sanluisinforma.com\/?p=18181"},"author":{"name":"sanluisinforma.com","@id":"https:\/\/sanluisinforma.com\/#\/schema\/person\/c30648f71476be533b6f59d092905c8b"},"headline":"Ricardo Gallardo participa en inauguraci\u00f3n de la Semana Cultural de San Luis Potos\u00ed en el Senado","datePublished":"2026-03-11T06:58:00+00:00","dateModified":"2026-03-11T05:56:59+00:00","mainEntityOfPage":{"@id":"https:\/\/sanluisinforma.com\/?p=18181"},"wordCount":338,"publisher":{"@id":"https:\/\/sanluisinforma.com\/#organization"},"image":{"@id":"https:\/\/sanluisinforma.com\/?p=18181#primaryimage"},"thumbnailUrl":"https:\/\/sanluisinforma.com\/wp-content\/uploads\/2026\/03\/unnamed-3-8.jpg","articleSection":["Local","Portada"],"inLanguage":"es"},{"@type":"WebPage","@id":"https:\/\/sanluisinforma.com\/?p=18181","url":"https:\/\/sanluisinforma.com\/?p=18181","name":"Ricardo Gallardo participa en inauguraci\u00f3n de la Semana Cultural de San Luis Potos\u00ed en el Senado - sanluisinforma.com","isPartOf":{"@id":"https:\/\/sanluisinforma.com\/#website"},"primaryImageOfPage":{"@id":"https:\/\/sanluisinforma.com\/?p=18181#primaryimage"},"image":{"@id":"https:\/\/sanluisinforma.com\/?p=18181#primaryimage"},"thumbnailUrl":"https:\/\/sanluisinforma.com\/wp-content\/uploads\/2026\/03\/unnamed-3-8.jpg","datePublished":"2026-03-11T06:58:00+00:00","dateModified":"2026-03-11T05:56:59+00:00","breadcrumb":{"@id":"https:\/\/sanluisinforma.com\/?p=18181#breadcrumb"},"inLanguage":"es","potentialAction":[{"@type":"ReadAction","target":["https:\/\/sanluisinforma.com\/?p=18181"]}]},{"@type":"ImageObject","inLanguage":"es","@id":"https:\/\/sanluisinforma.com\/?p=18181#primaryimage","url":"https:\/\/sanluisinforma.com\/wp-content\/uploads\/2026\/03\/unnamed-3-8.jpg","contentUrl":"https:\/\/sanluisinforma.com\/wp-content\/uploads\/2026\/03\/unnamed-3-8.jpg","width":300,"height":199},{"@type":"BreadcrumbList","@id":"https:\/\/sanluisinforma.com\/?p=18181#breadcrumb","itemListElement":[{"@type":"ListItem","position":1,"name":"Inicio","item":"https:\/\/sanluisinforma.com\/"},{"@type":"ListItem","position":2,"name":"Ricardo Gallardo participa en inauguraci\u00f3n de la Semana Cultural de San Luis Potos\u00ed en el Senado"}]},{"@type":"WebSite","@id":"https:\/\/sanluisinforma.com\/#website","url":"https:\/\/sanluisinforma.com\/","name":"sanluisinforma.com","description":"Periodico San Luis Informa","publisher":{"@id":"https:\/\/sanluisinforma.com\/#organization"},"potentialAction":[{"@type":"SearchAction","target":{"@type":"EntryPoint","urlTemplate":"https:\/\/sanluisinforma.com\/?s={search_term_string}"},"query-input":{"@type":"PropertyValueSpecification","valueRequired":true,"valueName":"search_term_string"}}],"inLanguage":"es"},{"@type":"Organization","@id":"https:\/\/sanluisinforma.com\/#organization","name":"sanluisinforma.com","url":"https:\/\/sanluisinforma.com\/","logo":{"@type":"ImageObject","inLanguage":"es","@id":"https:\/\/sanluisinforma.com\/#\/schema\/logo\/image\/","url":"https:\/\/sanluisinforma.com\/wp-content\/uploads\/2026\/03\/sanluisinforma-V.jpg","contentUrl":"https:\/\/sanluisinforma.com\/wp-content\/uploads\/2026\/03\/sanluisinforma-V.jpg","width":500,"height":156,"caption":"sanluisinforma.com"},"image":{"@id":"https:\/\/sanluisinforma.com\/#\/schema\/logo\/image\/"}},{"@type":"Person","@id":"https:\/\/sanluisinforma.com\/#\/schema\/person\/c30648f71476be533b6f59d092905c8b","name":"sanluisinforma.com","image":{"@type":"ImageObject","inLanguage":"es","@id":"https:\/\/sanluisinforma.com\/#\/schema\/person\/image\/","url":"https:\/\/secure.gravatar.com\/avatar\/86e3114e34a1eecefb963e0a02f0093f93b092dddb2fe1517596343751081a87?s=96&d=mm&r=g","contentUrl":"https:\/\/secure.gravatar.com\/avatar\/86e3114e34a1eecefb963e0a02f0093f93b092dddb2fe1517596343751081a87?s=96&d=mm&r=g","caption":"sanluisinforma.com"},"url":"https:\/\/sanluisinforma.com\/?author=2"}]}},"_links":{"self":[{"href":"https:\/\/sanluisinforma.com\/index.php?rest_route=\/wp\/v2\/posts\/18181","targetHints":{"allow":["GET"]}}],"collection":[{"href":"https:\/\/sanluisinforma.com\/index.php?rest_route=\/wp\/v2\/posts"}],"about":[{"href":"https:\/\/sanluisinforma.com\/index.php?rest_route=\/wp\/v2\/types\/post"}],"author":[{"embeddable":true,"href":"https:\/\/sanluisinforma.com\/index.php?rest_route=\/wp\/v2\/users\/2"}],"replies":[{"embeddable":true,"href":"https:\/\/sanluisinforma.com\/index.php?rest_route=%2Fwp%2Fv2%2Fcomments&post=18181"}],"version-history":[{"count":2,"href":"https:\/\/sanluisinforma.com\/index.php?rest_route=\/wp\/v2\/posts\/18181\/revisions"}],"predecessor-version":[{"id":18189,"href":"https:\/\/sanluisinforma.com\/index.php?rest_route=\/wp\/v2\/posts\/18181\/revisions\/18189"}],"wp:featuredmedia":[{"embeddable":true,"href":"https:\/\/sanluisinforma.com\/index.php?rest_route=\/wp\/v2\/media\/18182"}],"wp:attachment":[{"href":"https:\/\/sanluisinforma.com\/index.php?rest_route=%2Fwp%2Fv2%2Fmedia&parent=18181"}],"wp:term":[{"taxonomy":"category","embeddable":true,"href":"https:\/\/sanluisinforma.com\/index.php?rest_route=%2Fwp%2Fv2%2Fcategories&post=18181"},{"taxonomy":"post_tag","embeddable":true,"href":"https:\/\/sanluisinforma.com\/index.php?rest_route=%2Fwp%2Fv2%2Ftags&post=18181"}],"curies":[{"name":"wp","href":"https:\/\/api.w.org\/{rel}","templated":true}]}}