{"id":18187,"date":"2026-03-10T23:56:14","date_gmt":"2026-03-11T05:56:14","guid":{"rendered":"https:\/\/sanluisinforma.com\/?p=18187"},"modified":"2026-03-10T23:56:15","modified_gmt":"2026-03-11T05:56:15","slug":"ya-son-12-dias-de-guerra-de-israel-contra-iran","status":"publish","type":"post","link":"https:\/\/sanluisinforma.com\/?p=18187","title":{"rendered":"Ya son 12 d\u00edas de guerra de Israel contra Ir\u00e1n"},"content":{"rendered":"\n<p><\/p>\n\n\n\n<p>Ataques israel\u00edes: Israel lanz\u00f3 una segunda oleada de ataques en la capital iran\u00ed, Teher\u00e1n, y tambi\u00e9n est\u00e1 atacando un suburbio de Beirut, en el L\u00edbano<\/p>\n\n\n\n<p>En tanto,&nbsp;&nbsp; la &nbsp;madrugada del mi\u00e9rcoles, medios de Ir\u00e1n : &nbsp;una zona residencial de Teher\u00e1n hab\u00eda sido atacada, mientras que un param\u00e9dico en el L\u00edbano muri\u00f3 tras un ataque israel\u00ed que impact\u00f3 una ambulancia de la Cruz Roja.<\/p>\n\n\n\n<p>&nbsp;As\u00ed mismo, &nbsp;fuerzas iran\u00edes&nbsp; lanzan &nbsp;su \u201coperaci\u00f3n m\u00e1s intensa y contundente\u201d desde el inicio de la guerra, entre la noche y el mi\u00e9rcoles, seg\u00fan medios estatales.<\/p>\n\n\n\n<p>&nbsp;El ataque tuvo como objetivo puntos en Israel y activos estadounidenses en la regi\u00f3n.<\/p>\n\n\n\n<p>Por su parte, pa\u00edses del Golfo han estado interceptando nuevas oleadas de drones y misiles iran\u00edes la madrugada del mi\u00e9rcoles, hora local.<\/p>\n\n\n\n<p>&nbsp;Un supuesto dron iran\u00ed tambi\u00e9n impact\u00f3 una instalaci\u00f3n diplom\u00e1tica estadounidense en Iraq el martes, cerca del aeropuerto de Bagdad.<\/p>\n\n\n\n<p>Un buque portacontenedores result\u00f3 da\u00f1ado por un supuesto proyectil frente a las costas de los Emiratos \u00c1rabes Unidos.<\/p>\n\n\n\n<p>Minas en el estrecho: las fuerzas estadounidenses afirmaron haber destruido buques de guerra iran\u00edes, incluidos 16 minadores, cerca del estrecho de Ormuz. Fuentes informaron previamente a CNN que Teher\u00e1n ha comenzado a sembrar minas en la v\u00eda fluvial, el cuello de botella energ\u00e9tico m\u00e1s importante del mundo, por donde circula aproximadamente una quinta parte del petr\u00f3leo crudo.<\/p>\n\n\n\n<p>Selecci\u00f3n femenina de f\u00fatbol iran\u00ed: siete integrantes de la selecci\u00f3n iran\u00ed \u2014seis jugadoras y una de apoyo\u2014 obtuvieron visas humanitarias en Australia tras solicitar asilo, confirm\u00f3 Tony Burke. El resto del equipo parti\u00f3 de S\u00eddney a \u00faltima hora del martes<\/p>\n","protected":false},"excerpt":{"rendered":"<p>Ataques israel\u00edes: Israel lanz\u00f3 una segunda oleada de ataques en la capital iran\u00ed, Teher\u00e1n, y tambi\u00e9n est\u00e1 atacando un suburbio<\/p>\n","protected":false},"author":2,"featured_media":0,"comment_status":"closed","ping_status":"closed","sticky":false,"template":"","format":"standard","meta":{"footnotes":""},"categories":[28],"tags":[],"class_list":["post-18187","post","type-post","status-publish","format-standard","hentry","category-internacional"],"yoast_head":"<!-- This site is optimized with the Yoast SEO plugin v24.1 - https:\/\/yoast.com\/wordpress\/plugins\/seo\/ -->\n<title>Ya son 12 d\u00edas de guerra de Israel contra Ir\u00e1n - sanluisinforma.com<\/title>\n<meta name=\"robots\" content=\"index, follow, max-snippet:-1, max-image-preview:large, max-video-preview:-1\" \/>\n<link rel=\"canonical\" href=\"https:\/\/sanluisinforma.com\/?p=18187\" \/>\n<meta property=\"og:locale\" content=\"es_MX\" \/>\n<meta property=\"og:type\" content=\"article\" \/>\n<meta property=\"og:title\" content=\"Ya son 12 d\u00edas de guerra de Israel contra Ir\u00e1n - sanluisinforma.com\" \/>\n<meta property=\"og:description\" content=\"Ataques israel\u00edes: Israel lanz\u00f3 una segunda oleada de ataques en la capital iran\u00ed, Teher\u00e1n, y tambi\u00e9n est\u00e1 atacando un suburbio\" \/>\n<meta property=\"og:url\" content=\"https:\/\/sanluisinforma.com\/?p=18187\" \/>\n<meta property=\"og:site_name\" content=\"sanluisinforma.com\" \/>\n<meta property=\"article:published_time\" content=\"2026-03-11T05:56:14+00:00\" \/>\n<meta property=\"article:modified_time\" content=\"2026-03-11T05:56:15+00:00\" \/>\n<meta name=\"author\" content=\"sanluisinforma.com\" \/>\n<meta name=\"twitter:card\" content=\"summary_large_image\" \/>\n<meta name=\"twitter:label1\" content=\"Escrito por\" \/>\n\t<meta name=\"twitter:data1\" content=\"sanluisinforma.com\" \/>\n\t<meta name=\"twitter:label2\" content=\"Tiempo de lectura\" \/>\n\t<meta name=\"twitter:data2\" content=\"2 minutos\" \/>\n<script type=\"application\/ld+json\" class=\"yoast-schema-graph\">{\"@context\":\"https:\/\/schema.org\",\"@graph\":[{\"@type\":\"Article\",\"@id\":\"https:\/\/sanluisinforma.com\/?p=18187#article\",\"isPartOf\":{\"@id\":\"https:\/\/sanluisinforma.com\/?p=18187\"},\"author\":{\"name\":\"sanluisinforma.com\",\"@id\":\"https:\/\/sanluisinforma.com\/#\/schema\/person\/c30648f71476be533b6f59d092905c8b\"},\"headline\":\"Ya son 12 d\u00edas de guerra de Israel contra Ir\u00e1n\",\"datePublished\":\"2026-03-11T05:56:14+00:00\",\"dateModified\":\"2026-03-11T05:56:15+00:00\",\"mainEntityOfPage\":{\"@id\":\"https:\/\/sanluisinforma.com\/?p=18187\"},\"wordCount\":311,\"publisher\":{\"@id\":\"https:\/\/sanluisinforma.com\/#organization\"},\"articleSection\":[\"Internacional\"],\"inLanguage\":\"es\"},{\"@type\":\"WebPage\",\"@id\":\"https:\/\/sanluisinforma.com\/?p=18187\",\"url\":\"https:\/\/sanluisinforma.com\/?p=18187\",\"name\":\"Ya son 12 d\u00edas de guerra de Israel contra Ir\u00e1n - sanluisinforma.com\",\"isPartOf\":{\"@id\":\"https:\/\/sanluisinforma.com\/#website\"},\"datePublished\":\"2026-03-11T05:56:14+00:00\",\"dateModified\":\"2026-03-11T05:56:15+00:00\",\"breadcrumb\":{\"@id\":\"https:\/\/sanluisinforma.com\/?p=18187#breadcrumb\"},\"inLanguage\":\"es\",\"potentialAction\":[{\"@type\":\"ReadAction\",\"target\":[\"https:\/\/sanluisinforma.com\/?p=18187\"]}]},{\"@type\":\"BreadcrumbList\",\"@id\":\"https:\/\/sanluisinforma.com\/?p=18187#breadcrumb\",\"itemListElement\":[{\"@type\":\"ListItem\",\"position\":1,\"name\":\"Inicio\",\"item\":\"https:\/\/sanluisinforma.com\/\"},{\"@type\":\"ListItem\",\"position\":2,\"name\":\"Ya son 12 d\u00edas de guerra de Israel contra Ir\u00e1n\"}]},{\"@type\":\"WebSite\",\"@id\":\"https:\/\/sanluisinforma.com\/#website\",\"url\":\"https:\/\/sanluisinforma.com\/\",\"name\":\"sanluisinforma.com\",\"description\":\"Periodico San Luis Informa\",\"publisher\":{\"@id\":\"https:\/\/sanluisinforma.com\/#organization\"},\"potentialAction\":[{\"@type\":\"SearchAction\",\"target\":{\"@type\":\"EntryPoint\",\"urlTemplate\":\"https:\/\/sanluisinforma.com\/?s={search_term_string}\"},\"query-input\":{\"@type\":\"PropertyValueSpecification\",\"valueRequired\":true,\"valueName\":\"search_term_string\"}}],\"inLanguage\":\"es\"},{\"@type\":\"Organization\",\"@id\":\"https:\/\/sanluisinforma.com\/#organization\",\"name\":\"sanluisinforma.com\",\"url\":\"https:\/\/sanluisinforma.com\/\",\"logo\":{\"@type\":\"ImageObject\",\"inLanguage\":\"es\",\"@id\":\"https:\/\/sanluisinforma.com\/#\/schema\/logo\/image\/\",\"url\":\"https:\/\/sanluisinforma.com\/wp-content\/uploads\/2026\/03\/sanluisinforma-V.jpg\",\"contentUrl\":\"https:\/\/sanluisinforma.com\/wp-content\/uploads\/2026\/03\/sanluisinforma-V.jpg\",\"width\":500,\"height\":156,\"caption\":\"sanluisinforma.com\"},\"image\":{\"@id\":\"https:\/\/sanluisinforma.com\/#\/schema\/logo\/image\/\"}},{\"@type\":\"Person\",\"@id\":\"https:\/\/sanluisinforma.com\/#\/schema\/person\/c30648f71476be533b6f59d092905c8b\",\"name\":\"sanluisinforma.com\",\"image\":{\"@type\":\"ImageObject\",\"inLanguage\":\"es\",\"@id\":\"https:\/\/sanluisinforma.com\/#\/schema\/person\/image\/\",\"url\":\"https:\/\/secure.gravatar.com\/avatar\/86e3114e34a1eecefb963e0a02f0093f93b092dddb2fe1517596343751081a87?s=96&d=mm&r=g\",\"contentUrl\":\"https:\/\/secure.gravatar.com\/avatar\/86e3114e34a1eecefb963e0a02f0093f93b092dddb2fe1517596343751081a87?s=96&d=mm&r=g\",\"caption\":\"sanluisinforma.com\"},\"url\":\"https:\/\/sanluisinforma.com\/?author=2\"}]}<\/script>\n<!-- \/ Yoast SEO plugin. -->","yoast_head_json":{"title":"Ya son 12 d\u00edas de guerra de Israel contra Ir\u00e1n - sanluisinforma.com","robots":{"index":"index","follow":"follow","max-snippet":"max-snippet:-1","max-image-preview":"max-image-preview:large","max-video-preview":"max-video-preview:-1"},"canonical":"https:\/\/sanluisinforma.com\/?p=18187","og_locale":"es_MX","og_type":"article","og_title":"Ya son 12 d\u00edas de guerra de Israel contra Ir\u00e1n - sanluisinforma.com","og_description":"Ataques israel\u00edes: Israel lanz\u00f3 una segunda oleada de ataques en la capital iran\u00ed, Teher\u00e1n, y tambi\u00e9n est\u00e1 atacando un suburbio","og_url":"https:\/\/sanluisinforma.com\/?p=18187","og_site_name":"sanluisinforma.com","article_published_time":"2026-03-11T05:56:14+00:00","article_modified_time":"2026-03-11T05:56:15+00:00","author":"sanluisinforma.com","twitter_card":"summary_large_image","twitter_misc":{"Escrito por":"sanluisinforma.com","Tiempo de lectura":"2 minutos"},"schema":{"@context":"https:\/\/schema.org","@graph":[{"@type":"Article","@id":"https:\/\/sanluisinforma.com\/?p=18187#article","isPartOf":{"@id":"https:\/\/sanluisinforma.com\/?p=18187"},"author":{"name":"sanluisinforma.com","@id":"https:\/\/sanluisinforma.com\/#\/schema\/person\/c30648f71476be533b6f59d092905c8b"},"headline":"Ya son 12 d\u00edas de guerra de Israel contra Ir\u00e1n","datePublished":"2026-03-11T05:56:14+00:00","dateModified":"2026-03-11T05:56:15+00:00","mainEntityOfPage":{"@id":"https:\/\/sanluisinforma.com\/?p=18187"},"wordCount":311,"publisher":{"@id":"https:\/\/sanluisinforma.com\/#organization"},"articleSection":["Internacional"],"inLanguage":"es"},{"@type":"WebPage","@id":"https:\/\/sanluisinforma.com\/?p=18187","url":"https:\/\/sanluisinforma.com\/?p=18187","name":"Ya son 12 d\u00edas de guerra de Israel contra Ir\u00e1n - sanluisinforma.com","isPartOf":{"@id":"https:\/\/sanluisinforma.com\/#website"},"datePublished":"2026-03-11T05:56:14+00:00","dateModified":"2026-03-11T05:56:15+00:00","breadcrumb":{"@id":"https:\/\/sanluisinforma.com\/?p=18187#breadcrumb"},"inLanguage":"es","potentialAction":[{"@type":"ReadAction","target":["https:\/\/sanluisinforma.com\/?p=18187"]}]},{"@type":"BreadcrumbList","@id":"https:\/\/sanluisinforma.com\/?p=18187#breadcrumb","itemListElement":[{"@type":"ListItem","position":1,"name":"Inicio","item":"https:\/\/sanluisinforma.com\/"},{"@type":"ListItem","position":2,"name":"Ya son 12 d\u00edas de guerra de Israel contra Ir\u00e1n"}]},{"@type":"WebSite","@id":"https:\/\/sanluisinforma.com\/#website","url":"https:\/\/sanluisinforma.com\/","name":"sanluisinforma.com","description":"Periodico San Luis Informa","publisher":{"@id":"https:\/\/sanluisinforma.com\/#organization"},"potentialAction":[{"@type":"SearchAction","target":{"@type":"EntryPoint","urlTemplate":"https:\/\/sanluisinforma.com\/?s={search_term_string}"},"query-input":{"@type":"PropertyValueSpecification","valueRequired":true,"valueName":"search_term_string"}}],"inLanguage":"es"},{"@type":"Organization","@id":"https:\/\/sanluisinforma.com\/#organization","name":"sanluisinforma.com","url":"https:\/\/sanluisinforma.com\/","logo":{"@type":"ImageObject","inLanguage":"es","@id":"https:\/\/sanluisinforma.com\/#\/schema\/logo\/image\/","url":"https:\/\/sanluisinforma.com\/wp-content\/uploads\/2026\/03\/sanluisinforma-V.jpg","contentUrl":"https:\/\/sanluisinforma.com\/wp-content\/uploads\/2026\/03\/sanluisinforma-V.jpg","width":500,"height":156,"caption":"sanluisinforma.com"},"image":{"@id":"https:\/\/sanluisinforma.com\/#\/schema\/logo\/image\/"}},{"@type":"Person","@id":"https:\/\/sanluisinforma.com\/#\/schema\/person\/c30648f71476be533b6f59d092905c8b","name":"sanluisinforma.com","image":{"@type":"ImageObject","inLanguage":"es","@id":"https:\/\/sanluisinforma.com\/#\/schema\/person\/image\/","url":"https:\/\/secure.gravatar.com\/avatar\/86e3114e34a1eecefb963e0a02f0093f93b092dddb2fe1517596343751081a87?s=96&d=mm&r=g","contentUrl":"https:\/\/secure.gravatar.com\/avatar\/86e3114e34a1eecefb963e0a02f0093f93b092dddb2fe1517596343751081a87?s=96&d=mm&r=g","caption":"sanluisinforma.com"},"url":"https:\/\/sanluisinforma.com\/?author=2"}]}},"_links":{"self":[{"href":"https:\/\/sanluisinforma.com\/index.php?rest_route=\/wp\/v2\/posts\/18187","targetHints":{"allow":["GET"]}}],"collection":[{"href":"https:\/\/sanluisinforma.com\/index.php?rest_route=\/wp\/v2\/posts"}],"about":[{"href":"https:\/\/sanluisinforma.com\/index.php?rest_route=\/wp\/v2\/types\/post"}],"author":[{"embeddable":true,"href":"https:\/\/sanluisinforma.com\/index.php?rest_route=\/wp\/v2\/users\/2"}],"replies":[{"embeddable":true,"href":"https:\/\/sanluisinforma.com\/index.php?rest_route=%2Fwp%2Fv2%2Fcomments&post=18187"}],"version-history":[{"count":1,"href":"https:\/\/sanluisinforma.com\/index.php?rest_route=\/wp\/v2\/posts\/18187\/revisions"}],"predecessor-version":[{"id":18188,"href":"https:\/\/sanluisinforma.com\/index.php?rest_route=\/wp\/v2\/posts\/18187\/revisions\/18188"}],"wp:attachment":[{"href":"https:\/\/sanluisinforma.com\/index.php?rest_route=%2Fwp%2Fv2%2Fmedia&parent=18187"}],"wp:term":[{"taxonomy":"category","embeddable":true,"href":"https:\/\/sanluisinforma.com\/index.php?rest_route=%2Fwp%2Fv2%2Fcategories&post=18187"},{"taxonomy":"post_tag","embeddable":true,"href":"https:\/\/sanluisinforma.com\/index.php?rest_route=%2Fwp%2Fv2%2Ftags&post=18187"}],"curies":[{"name":"wp","href":"https:\/\/api.w.org\/{rel}","templated":true}]}}