{"id":18197,"date":"2026-03-12T00:45:00","date_gmt":"2026-03-12T06:45:00","guid":{"rendered":"https:\/\/sanluisinforma.com\/?p=18197"},"modified":"2026-03-11T18:35:59","modified_gmt":"2026-03-12T00:35:59","slug":"comision-de-educacion-aprobo-la-convocatoria-para-el-cabildo-infantil-2026","status":"publish","type":"post","link":"https:\/\/sanluisinforma.com\/?p=18197","title":{"rendered":"Comisi\u00f3n de Educaci\u00f3n aprob\u00f3 la convocatoria para el Cabildo Infantil 2026"},"content":{"rendered":"\n<p>Incluye mecanismos para ampliar el registro de aspirantes y ofrecimientos del Colegio de San Luis y del INE para el mejor desempe\u00f1o de quienes sean electos este a\u00f1o<\/p>\n\n\n\n<p>La Comisi\u00f3n de Educaci\u00f3n del Cabildo de la Capital aprob\u00f3 por unanimidad la convocatoria para la conformaci\u00f3n del Cabildo Infantil 2026, que para esta edici\u00f3n incluye mecanismos para ampliar el registro de aspirantes, adem\u00e1s de la colaboraci\u00f3n del Colegio de San Luis para hacer m\u00e1s pr\u00e1ctico el desempe\u00f1o de quienes resulten electos y del INE para que conozcan y eval\u00faen los procesos de la Consulta Infantil y Juvenil<\/p>\n\n\n\n<p>Con algunas modificaciones relacionadas con los plazos y t\u00e9rminos, los integrantes de la Comisi\u00f3n estuvieron de acuerdo con la propuesta presentada por el director de Educaci\u00f3n Municipal, Joel Ram\u00edrez D\u00edaz, con apoyo de la Consejer\u00eda Jur\u00eddica para darle el sustento legal necesario.<\/p>\n\n\n\n<p>La convocatoria queda abierta para los alumnos de 5\u00ba y 6\u00ba&nbsp; a\u00f1o de primaria de todas las escuelas municipales, p\u00fablicas y privadas, El plazo para el registro, se cerrar\u00e1 el 15 de abril, con el prop\u00f3sito de que los integrantes tengan oportunidad de evaluar los expedientes y entregar los resultados el 23 de abril.<\/p>\n\n\n\n<p>El director de Educaci\u00f3n, Joel Ram\u00edrez D\u00edaz, inform\u00f3 que se tiene el ofrecimiento del Colegio de San Luis, de enriquecer este ejercicio con la elaboraci\u00f3n de un manual que permita a los integrantes del Cabildo Infantil 2026 presentar de manera m\u00e1s clara sus propuestas y tener un mejor desempe\u00f1o en lo general.<\/p>\n\n\n\n<p>Dijo que igualmente, se cuenta con la invitaci\u00f3n de la delegaci\u00f3n del INE para que el Cabildo Infantil conozca y eval\u00fae las propuestas y resultados de la Consulta Infantil y Juvenil que lleva a cabo el organismo electoral.<\/p>\n","protected":false},"excerpt":{"rendered":"<p>Incluye mecanismos para ampliar el registro de aspirantes y ofrecimientos del Colegio de San Luis y del INE para el<\/p>\n","protected":false},"author":2,"featured_media":18198,"comment_status":"closed","ping_status":"closed","sticky":false,"template":"","format":"standard","meta":{"footnotes":""},"categories":[25,30],"tags":[],"class_list":["post-18197","post","type-post","status-publish","format-standard","has-post-thumbnail","hentry","category-local","category-portada"],"yoast_head":"<!-- This site is optimized with the Yoast SEO plugin v24.1 - https:\/\/yoast.com\/wordpress\/plugins\/seo\/ -->\n<title>Comisi\u00f3n de Educaci\u00f3n aprob\u00f3 la convocatoria para el Cabildo Infantil 2026 - sanluisinforma.com<\/title>\n<meta name=\"robots\" content=\"index, follow, max-snippet:-1, max-image-preview:large, max-video-preview:-1\" \/>\n<link rel=\"canonical\" href=\"https:\/\/sanluisinforma.com\/?p=18197\" \/>\n<meta property=\"og:locale\" content=\"es_MX\" \/>\n<meta property=\"og:type\" content=\"article\" \/>\n<meta property=\"og:title\" content=\"Comisi\u00f3n de Educaci\u00f3n aprob\u00f3 la convocatoria para el Cabildo Infantil 2026 - sanluisinforma.com\" \/>\n<meta property=\"og:description\" content=\"Incluye mecanismos para ampliar el registro de aspirantes y ofrecimientos del Colegio de San Luis y del INE para el\" \/>\n<meta property=\"og:url\" content=\"https:\/\/sanluisinforma.com\/?p=18197\" \/>\n<meta property=\"og:site_name\" content=\"sanluisinforma.com\" \/>\n<meta property=\"article:published_time\" content=\"2026-03-12T06:45:00+00:00\" \/>\n<meta property=\"article:modified_time\" content=\"2026-03-12T00:35:59+00:00\" \/>\n<meta property=\"og:image\" content=\"https:\/\/sanluisinforma.com\/wp-content\/uploads\/2026\/03\/unnamed-15.jpg\" \/>\n\t<meta property=\"og:image:width\" content=\"300\" \/>\n\t<meta property=\"og:image:height\" content=\"199\" \/>\n\t<meta property=\"og:image:type\" content=\"image\/jpeg\" \/>\n<meta name=\"author\" content=\"sanluisinforma.com\" \/>\n<meta name=\"twitter:card\" content=\"summary_large_image\" \/>\n<meta name=\"twitter:label1\" content=\"Escrito por\" \/>\n\t<meta name=\"twitter:data1\" content=\"sanluisinforma.com\" \/>\n\t<meta name=\"twitter:label2\" content=\"Tiempo de lectura\" \/>\n\t<meta name=\"twitter:data2\" content=\"2 minutos\" \/>\n<script type=\"application\/ld+json\" class=\"yoast-schema-graph\">{\"@context\":\"https:\/\/schema.org\",\"@graph\":[{\"@type\":\"Article\",\"@id\":\"https:\/\/sanluisinforma.com\/?p=18197#article\",\"isPartOf\":{\"@id\":\"https:\/\/sanluisinforma.com\/?p=18197\"},\"author\":{\"name\":\"sanluisinforma.com\",\"@id\":\"https:\/\/sanluisinforma.com\/#\/schema\/person\/c30648f71476be533b6f59d092905c8b\"},\"headline\":\"Comisi\u00f3n de Educaci\u00f3n aprob\u00f3 la convocatoria para el Cabildo Infantil 2026\",\"datePublished\":\"2026-03-12T06:45:00+00:00\",\"dateModified\":\"2026-03-12T00:35:59+00:00\",\"mainEntityOfPage\":{\"@id\":\"https:\/\/sanluisinforma.com\/?p=18197\"},\"wordCount\":320,\"publisher\":{\"@id\":\"https:\/\/sanluisinforma.com\/#organization\"},\"image\":{\"@id\":\"https:\/\/sanluisinforma.com\/?p=18197#primaryimage\"},\"thumbnailUrl\":\"https:\/\/sanluisinforma.com\/wp-content\/uploads\/2026\/03\/unnamed-15.jpg\",\"articleSection\":[\"Local\",\"Portada\"],\"inLanguage\":\"es\"},{\"@type\":\"WebPage\",\"@id\":\"https:\/\/sanluisinforma.com\/?p=18197\",\"url\":\"https:\/\/sanluisinforma.com\/?p=18197\",\"name\":\"Comisi\u00f3n de Educaci\u00f3n aprob\u00f3 la convocatoria para el Cabildo Infantil 2026 - sanluisinforma.com\",\"isPartOf\":{\"@id\":\"https:\/\/sanluisinforma.com\/#website\"},\"primaryImageOfPage\":{\"@id\":\"https:\/\/sanluisinforma.com\/?p=18197#primaryimage\"},\"image\":{\"@id\":\"https:\/\/sanluisinforma.com\/?p=18197#primaryimage\"},\"thumbnailUrl\":\"https:\/\/sanluisinforma.com\/wp-content\/uploads\/2026\/03\/unnamed-15.jpg\",\"datePublished\":\"2026-03-12T06:45:00+00:00\",\"dateModified\":\"2026-03-12T00:35:59+00:00\",\"breadcrumb\":{\"@id\":\"https:\/\/sanluisinforma.com\/?p=18197#breadcrumb\"},\"inLanguage\":\"es\",\"potentialAction\":[{\"@type\":\"ReadAction\",\"target\":[\"https:\/\/sanluisinforma.com\/?p=18197\"]}]},{\"@type\":\"ImageObject\",\"inLanguage\":\"es\",\"@id\":\"https:\/\/sanluisinforma.com\/?p=18197#primaryimage\",\"url\":\"https:\/\/sanluisinforma.com\/wp-content\/uploads\/2026\/03\/unnamed-15.jpg\",\"contentUrl\":\"https:\/\/sanluisinforma.com\/wp-content\/uploads\/2026\/03\/unnamed-15.jpg\",\"width\":300,\"height\":199},{\"@type\":\"BreadcrumbList\",\"@id\":\"https:\/\/sanluisinforma.com\/?p=18197#breadcrumb\",\"itemListElement\":[{\"@type\":\"ListItem\",\"position\":1,\"name\":\"Inicio\",\"item\":\"https:\/\/sanluisinforma.com\/\"},{\"@type\":\"ListItem\",\"position\":2,\"name\":\"Comisi\u00f3n de Educaci\u00f3n aprob\u00f3 la convocatoria para el Cabildo Infantil 2026\"}]},{\"@type\":\"WebSite\",\"@id\":\"https:\/\/sanluisinforma.com\/#website\",\"url\":\"https:\/\/sanluisinforma.com\/\",\"name\":\"sanluisinforma.com\",\"description\":\"Periodico San Luis Informa\",\"publisher\":{\"@id\":\"https:\/\/sanluisinforma.com\/#organization\"},\"potentialAction\":[{\"@type\":\"SearchAction\",\"target\":{\"@type\":\"EntryPoint\",\"urlTemplate\":\"https:\/\/sanluisinforma.com\/?s={search_term_string}\"},\"query-input\":{\"@type\":\"PropertyValueSpecification\",\"valueRequired\":true,\"valueName\":\"search_term_string\"}}],\"inLanguage\":\"es\"},{\"@type\":\"Organization\",\"@id\":\"https:\/\/sanluisinforma.com\/#organization\",\"name\":\"sanluisinforma.com\",\"url\":\"https:\/\/sanluisinforma.com\/\",\"logo\":{\"@type\":\"ImageObject\",\"inLanguage\":\"es\",\"@id\":\"https:\/\/sanluisinforma.com\/#\/schema\/logo\/image\/\",\"url\":\"https:\/\/sanluisinforma.com\/wp-content\/uploads\/2026\/03\/sanluisinforma-V.jpg\",\"contentUrl\":\"https:\/\/sanluisinforma.com\/wp-content\/uploads\/2026\/03\/sanluisinforma-V.jpg\",\"width\":500,\"height\":156,\"caption\":\"sanluisinforma.com\"},\"image\":{\"@id\":\"https:\/\/sanluisinforma.com\/#\/schema\/logo\/image\/\"}},{\"@type\":\"Person\",\"@id\":\"https:\/\/sanluisinforma.com\/#\/schema\/person\/c30648f71476be533b6f59d092905c8b\",\"name\":\"sanluisinforma.com\",\"image\":{\"@type\":\"ImageObject\",\"inLanguage\":\"es\",\"@id\":\"https:\/\/sanluisinforma.com\/#\/schema\/person\/image\/\",\"url\":\"https:\/\/secure.gravatar.com\/avatar\/86e3114e34a1eecefb963e0a02f0093f93b092dddb2fe1517596343751081a87?s=96&d=mm&r=g\",\"contentUrl\":\"https:\/\/secure.gravatar.com\/avatar\/86e3114e34a1eecefb963e0a02f0093f93b092dddb2fe1517596343751081a87?s=96&d=mm&r=g\",\"caption\":\"sanluisinforma.com\"},\"url\":\"https:\/\/sanluisinforma.com\/?author=2\"}]}<\/script>\n<!-- \/ Yoast SEO plugin. -->","yoast_head_json":{"title":"Comisi\u00f3n de Educaci\u00f3n aprob\u00f3 la convocatoria para el Cabildo Infantil 2026 - sanluisinforma.com","robots":{"index":"index","follow":"follow","max-snippet":"max-snippet:-1","max-image-preview":"max-image-preview:large","max-video-preview":"max-video-preview:-1"},"canonical":"https:\/\/sanluisinforma.com\/?p=18197","og_locale":"es_MX","og_type":"article","og_title":"Comisi\u00f3n de Educaci\u00f3n aprob\u00f3 la convocatoria para el Cabildo Infantil 2026 - sanluisinforma.com","og_description":"Incluye mecanismos para ampliar el registro de aspirantes y ofrecimientos del Colegio de San Luis y del INE para el","og_url":"https:\/\/sanluisinforma.com\/?p=18197","og_site_name":"sanluisinforma.com","article_published_time":"2026-03-12T06:45:00+00:00","article_modified_time":"2026-03-12T00:35:59+00:00","og_image":[{"width":300,"height":199,"url":"https:\/\/sanluisinforma.com\/wp-content\/uploads\/2026\/03\/unnamed-15.jpg","type":"image\/jpeg"}],"author":"sanluisinforma.com","twitter_card":"summary_large_image","twitter_misc":{"Escrito por":"sanluisinforma.com","Tiempo de lectura":"2 minutos"},"schema":{"@context":"https:\/\/schema.org","@graph":[{"@type":"Article","@id":"https:\/\/sanluisinforma.com\/?p=18197#article","isPartOf":{"@id":"https:\/\/sanluisinforma.com\/?p=18197"},"author":{"name":"sanluisinforma.com","@id":"https:\/\/sanluisinforma.com\/#\/schema\/person\/c30648f71476be533b6f59d092905c8b"},"headline":"Comisi\u00f3n de Educaci\u00f3n aprob\u00f3 la convocatoria para el Cabildo Infantil 2026","datePublished":"2026-03-12T06:45:00+00:00","dateModified":"2026-03-12T00:35:59+00:00","mainEntityOfPage":{"@id":"https:\/\/sanluisinforma.com\/?p=18197"},"wordCount":320,"publisher":{"@id":"https:\/\/sanluisinforma.com\/#organization"},"image":{"@id":"https:\/\/sanluisinforma.com\/?p=18197#primaryimage"},"thumbnailUrl":"https:\/\/sanluisinforma.com\/wp-content\/uploads\/2026\/03\/unnamed-15.jpg","articleSection":["Local","Portada"],"inLanguage":"es"},{"@type":"WebPage","@id":"https:\/\/sanluisinforma.com\/?p=18197","url":"https:\/\/sanluisinforma.com\/?p=18197","name":"Comisi\u00f3n de Educaci\u00f3n aprob\u00f3 la convocatoria para el Cabildo Infantil 2026 - sanluisinforma.com","isPartOf":{"@id":"https:\/\/sanluisinforma.com\/#website"},"primaryImageOfPage":{"@id":"https:\/\/sanluisinforma.com\/?p=18197#primaryimage"},"image":{"@id":"https:\/\/sanluisinforma.com\/?p=18197#primaryimage"},"thumbnailUrl":"https:\/\/sanluisinforma.com\/wp-content\/uploads\/2026\/03\/unnamed-15.jpg","datePublished":"2026-03-12T06:45:00+00:00","dateModified":"2026-03-12T00:35:59+00:00","breadcrumb":{"@id":"https:\/\/sanluisinforma.com\/?p=18197#breadcrumb"},"inLanguage":"es","potentialAction":[{"@type":"ReadAction","target":["https:\/\/sanluisinforma.com\/?p=18197"]}]},{"@type":"ImageObject","inLanguage":"es","@id":"https:\/\/sanluisinforma.com\/?p=18197#primaryimage","url":"https:\/\/sanluisinforma.com\/wp-content\/uploads\/2026\/03\/unnamed-15.jpg","contentUrl":"https:\/\/sanluisinforma.com\/wp-content\/uploads\/2026\/03\/unnamed-15.jpg","width":300,"height":199},{"@type":"BreadcrumbList","@id":"https:\/\/sanluisinforma.com\/?p=18197#breadcrumb","itemListElement":[{"@type":"ListItem","position":1,"name":"Inicio","item":"https:\/\/sanluisinforma.com\/"},{"@type":"ListItem","position":2,"name":"Comisi\u00f3n de Educaci\u00f3n aprob\u00f3 la convocatoria para el Cabildo Infantil 2026"}]},{"@type":"WebSite","@id":"https:\/\/sanluisinforma.com\/#website","url":"https:\/\/sanluisinforma.com\/","name":"sanluisinforma.com","description":"Periodico San Luis Informa","publisher":{"@id":"https:\/\/sanluisinforma.com\/#organization"},"potentialAction":[{"@type":"SearchAction","target":{"@type":"EntryPoint","urlTemplate":"https:\/\/sanluisinforma.com\/?s={search_term_string}"},"query-input":{"@type":"PropertyValueSpecification","valueRequired":true,"valueName":"search_term_string"}}],"inLanguage":"es"},{"@type":"Organization","@id":"https:\/\/sanluisinforma.com\/#organization","name":"sanluisinforma.com","url":"https:\/\/sanluisinforma.com\/","logo":{"@type":"ImageObject","inLanguage":"es","@id":"https:\/\/sanluisinforma.com\/#\/schema\/logo\/image\/","url":"https:\/\/sanluisinforma.com\/wp-content\/uploads\/2026\/03\/sanluisinforma-V.jpg","contentUrl":"https:\/\/sanluisinforma.com\/wp-content\/uploads\/2026\/03\/sanluisinforma-V.jpg","width":500,"height":156,"caption":"sanluisinforma.com"},"image":{"@id":"https:\/\/sanluisinforma.com\/#\/schema\/logo\/image\/"}},{"@type":"Person","@id":"https:\/\/sanluisinforma.com\/#\/schema\/person\/c30648f71476be533b6f59d092905c8b","name":"sanluisinforma.com","image":{"@type":"ImageObject","inLanguage":"es","@id":"https:\/\/sanluisinforma.com\/#\/schema\/person\/image\/","url":"https:\/\/secure.gravatar.com\/avatar\/86e3114e34a1eecefb963e0a02f0093f93b092dddb2fe1517596343751081a87?s=96&d=mm&r=g","contentUrl":"https:\/\/secure.gravatar.com\/avatar\/86e3114e34a1eecefb963e0a02f0093f93b092dddb2fe1517596343751081a87?s=96&d=mm&r=g","caption":"sanluisinforma.com"},"url":"https:\/\/sanluisinforma.com\/?author=2"}]}},"_links":{"self":[{"href":"https:\/\/sanluisinforma.com\/index.php?rest_route=\/wp\/v2\/posts\/18197","targetHints":{"allow":["GET"]}}],"collection":[{"href":"https:\/\/sanluisinforma.com\/index.php?rest_route=\/wp\/v2\/posts"}],"about":[{"href":"https:\/\/sanluisinforma.com\/index.php?rest_route=\/wp\/v2\/types\/post"}],"author":[{"embeddable":true,"href":"https:\/\/sanluisinforma.com\/index.php?rest_route=\/wp\/v2\/users\/2"}],"replies":[{"embeddable":true,"href":"https:\/\/sanluisinforma.com\/index.php?rest_route=%2Fwp%2Fv2%2Fcomments&post=18197"}],"version-history":[{"count":1,"href":"https:\/\/sanluisinforma.com\/index.php?rest_route=\/wp\/v2\/posts\/18197\/revisions"}],"predecessor-version":[{"id":18199,"href":"https:\/\/sanluisinforma.com\/index.php?rest_route=\/wp\/v2\/posts\/18197\/revisions\/18199"}],"wp:featuredmedia":[{"embeddable":true,"href":"https:\/\/sanluisinforma.com\/index.php?rest_route=\/wp\/v2\/media\/18198"}],"wp:attachment":[{"href":"https:\/\/sanluisinforma.com\/index.php?rest_route=%2Fwp%2Fv2%2Fmedia&parent=18197"}],"wp:term":[{"taxonomy":"category","embeddable":true,"href":"https:\/\/sanluisinforma.com\/index.php?rest_route=%2Fwp%2Fv2%2Fcategories&post=18197"},{"taxonomy":"post_tag","embeddable":true,"href":"https:\/\/sanluisinforma.com\/index.php?rest_route=%2Fwp%2Fv2%2Ftags&post=18197"}],"curies":[{"name":"wp","href":"https:\/\/api.w.org\/{rel}","templated":true}]}}