{"id":18203,"date":"2026-03-12T00:58:00","date_gmt":"2026-03-12T06:58:00","guid":{"rendered":"https:\/\/sanluisinforma.com\/?p=18203"},"modified":"2026-03-11T18:59:11","modified_gmt":"2026-03-12T00:59:11","slug":"ricardo-gallardo-refuerza-lazos-de-cooperacion-con-italia","status":"publish","type":"post","link":"https:\/\/sanluisinforma.com\/?p=18203","title":{"rendered":"Ricardo Gallardo refuerza lazos de cooperacion con Italia"},"content":{"rendered":"\n<p><br>\u2022 El Gobernador del Estado recibi\u00f3 al Excmo. Embajador, Alessandro Modiano, para conversar sobre oportunidades para la atracci\u00f3n de m\u00e1s inversiones italianas en la entidad potosina, as\u00ed como el intercambio cultural y comercial.<\/p>\n\n\n\n<p>Ricardo Gallardo Cardona, Gobernador de San Luis Potos\u00ed, se reuni\u00f3 con el Excmo. Embajador de Italia en M\u00e9xico, Alessandro Modiano, para reforzar los lazos de cooperaci\u00f3n en beneficio mutuo, los cuales se podr\u00e1n materializar en intercambios comerciales, culturales y de desarrollo econ\u00f3mico, destac\u00e1ndose las oportunidades para atraer a m\u00e1s empresas italianas que inviertan en el Estado.<br>En el cambio que se vive y se siente, el Gobernador del Estado present\u00f3 al diplom\u00e1tico italiano las principales fortalezas de San Luis Potos\u00ed como destino para el capital extranjero, entre ellas su ubicaci\u00f3n estrat\u00e9gica en el centro del pa\u00eds, la disponibilidad de talento humano especializado y la infraestructura carretera que conecta a la entidad con la frontera norte, estados vecinos y los principales puertos del territorio nacional, lo anterior, en un entorno de tranquilidad y paz social gracias a que se ha logrado posicionar al Estado dentro de los cuatro m\u00e1s seguros del pa\u00eds.<br>El Gobernador Ricardo Gallardo destac\u00f3 que la consolidaci\u00f3n de relaciones bilaterales con Italia es parte fundamental de la estrategia para impulsar el crecimiento econ\u00f3mico del Estado, por lo que reiter\u00f3 la disposici\u00f3n de su Gobierno para fortalecer alianzas con otras naciones en temas vinculados al desarrollo sostenible, la innovaci\u00f3n tecnol\u00f3gica, la capacitaci\u00f3n policiaca y el intercambio acad\u00e9mico y cultural.<br>Finalmente, el Mandatario Estatal reiter\u00f3 en fortalecer las acciones de vinculaci\u00f3n internacional que impulsa su administraci\u00f3n estatal para atraer inversiones, promover proyectos de cooperaci\u00f3n y consolidar a San Luis Potos\u00ed como un polo de desarrollo con proyecci\u00f3n nacional y mundial.<\/p>\n","protected":false},"excerpt":{"rendered":"<p>\u2022 El Gobernador del Estado recibi\u00f3 al Excmo. Embajador, Alessandro Modiano, para conversar sobre oportunidades para la atracci\u00f3n de m\u00e1s<\/p>\n","protected":false},"author":2,"featured_media":18204,"comment_status":"closed","ping_status":"closed","sticky":false,"template":"","format":"standard","meta":{"footnotes":""},"categories":[25,30],"tags":[],"class_list":["post-18203","post","type-post","status-publish","format-standard","has-post-thumbnail","hentry","category-local","category-portada"],"yoast_head":"<!-- This site is optimized with the Yoast SEO plugin v24.1 - https:\/\/yoast.com\/wordpress\/plugins\/seo\/ -->\n<title>Ricardo Gallardo refuerza lazos de cooperacion con Italia - sanluisinforma.com<\/title>\n<meta name=\"robots\" content=\"index, follow, max-snippet:-1, max-image-preview:large, max-video-preview:-1\" \/>\n<link rel=\"canonical\" href=\"https:\/\/sanluisinforma.com\/?p=18203\" \/>\n<meta property=\"og:locale\" content=\"es_MX\" \/>\n<meta property=\"og:type\" content=\"article\" \/>\n<meta property=\"og:title\" content=\"Ricardo Gallardo refuerza lazos de cooperacion con Italia - sanluisinforma.com\" \/>\n<meta property=\"og:description\" content=\"\u2022 El Gobernador del Estado recibi\u00f3 al Excmo. Embajador, Alessandro Modiano, para conversar sobre oportunidades para la atracci\u00f3n de m\u00e1s\" \/>\n<meta property=\"og:url\" content=\"https:\/\/sanluisinforma.com\/?p=18203\" \/>\n<meta property=\"og:site_name\" content=\"sanluisinforma.com\" \/>\n<meta property=\"article:published_time\" content=\"2026-03-12T06:58:00+00:00\" \/>\n<meta property=\"article:modified_time\" content=\"2026-03-12T00:59:11+00:00\" \/>\n<meta property=\"og:image\" content=\"https:\/\/sanluisinforma.com\/wp-content\/uploads\/2026\/03\/unnamed-2-10.jpg\" \/>\n\t<meta property=\"og:image:width\" content=\"300\" \/>\n\t<meta property=\"og:image:height\" content=\"168\" \/>\n\t<meta property=\"og:image:type\" content=\"image\/jpeg\" \/>\n<meta name=\"author\" content=\"sanluisinforma.com\" \/>\n<meta name=\"twitter:card\" content=\"summary_large_image\" \/>\n<meta name=\"twitter:label1\" content=\"Escrito por\" \/>\n\t<meta name=\"twitter:data1\" content=\"sanluisinforma.com\" \/>\n\t<meta name=\"twitter:label2\" content=\"Tiempo de lectura\" \/>\n\t<meta name=\"twitter:data2\" content=\"2 minutos\" \/>\n<script type=\"application\/ld+json\" class=\"yoast-schema-graph\">{\"@context\":\"https:\/\/schema.org\",\"@graph\":[{\"@type\":\"Article\",\"@id\":\"https:\/\/sanluisinforma.com\/?p=18203#article\",\"isPartOf\":{\"@id\":\"https:\/\/sanluisinforma.com\/?p=18203\"},\"author\":{\"name\":\"sanluisinforma.com\",\"@id\":\"https:\/\/sanluisinforma.com\/#\/schema\/person\/c30648f71476be533b6f59d092905c8b\"},\"headline\":\"Ricardo Gallardo refuerza lazos de cooperacion con Italia\",\"datePublished\":\"2026-03-12T06:58:00+00:00\",\"dateModified\":\"2026-03-12T00:59:11+00:00\",\"mainEntityOfPage\":{\"@id\":\"https:\/\/sanluisinforma.com\/?p=18203\"},\"wordCount\":315,\"publisher\":{\"@id\":\"https:\/\/sanluisinforma.com\/#organization\"},\"image\":{\"@id\":\"https:\/\/sanluisinforma.com\/?p=18203#primaryimage\"},\"thumbnailUrl\":\"https:\/\/sanluisinforma.com\/wp-content\/uploads\/2026\/03\/unnamed-2-10.jpg\",\"articleSection\":[\"Local\",\"Portada\"],\"inLanguage\":\"es\"},{\"@type\":\"WebPage\",\"@id\":\"https:\/\/sanluisinforma.com\/?p=18203\",\"url\":\"https:\/\/sanluisinforma.com\/?p=18203\",\"name\":\"Ricardo Gallardo refuerza lazos de cooperacion con Italia - sanluisinforma.com\",\"isPartOf\":{\"@id\":\"https:\/\/sanluisinforma.com\/#website\"},\"primaryImageOfPage\":{\"@id\":\"https:\/\/sanluisinforma.com\/?p=18203#primaryimage\"},\"image\":{\"@id\":\"https:\/\/sanluisinforma.com\/?p=18203#primaryimage\"},\"thumbnailUrl\":\"https:\/\/sanluisinforma.com\/wp-content\/uploads\/2026\/03\/unnamed-2-10.jpg\",\"datePublished\":\"2026-03-12T06:58:00+00:00\",\"dateModified\":\"2026-03-12T00:59:11+00:00\",\"breadcrumb\":{\"@id\":\"https:\/\/sanluisinforma.com\/?p=18203#breadcrumb\"},\"inLanguage\":\"es\",\"potentialAction\":[{\"@type\":\"ReadAction\",\"target\":[\"https:\/\/sanluisinforma.com\/?p=18203\"]}]},{\"@type\":\"ImageObject\",\"inLanguage\":\"es\",\"@id\":\"https:\/\/sanluisinforma.com\/?p=18203#primaryimage\",\"url\":\"https:\/\/sanluisinforma.com\/wp-content\/uploads\/2026\/03\/unnamed-2-10.jpg\",\"contentUrl\":\"https:\/\/sanluisinforma.com\/wp-content\/uploads\/2026\/03\/unnamed-2-10.jpg\",\"width\":300,\"height\":168},{\"@type\":\"BreadcrumbList\",\"@id\":\"https:\/\/sanluisinforma.com\/?p=18203#breadcrumb\",\"itemListElement\":[{\"@type\":\"ListItem\",\"position\":1,\"name\":\"Inicio\",\"item\":\"https:\/\/sanluisinforma.com\/\"},{\"@type\":\"ListItem\",\"position\":2,\"name\":\"Ricardo Gallardo refuerza lazos de cooperacion con Italia\"}]},{\"@type\":\"WebSite\",\"@id\":\"https:\/\/sanluisinforma.com\/#website\",\"url\":\"https:\/\/sanluisinforma.com\/\",\"name\":\"sanluisinforma.com\",\"description\":\"Periodico San Luis Informa\",\"publisher\":{\"@id\":\"https:\/\/sanluisinforma.com\/#organization\"},\"potentialAction\":[{\"@type\":\"SearchAction\",\"target\":{\"@type\":\"EntryPoint\",\"urlTemplate\":\"https:\/\/sanluisinforma.com\/?s={search_term_string}\"},\"query-input\":{\"@type\":\"PropertyValueSpecification\",\"valueRequired\":true,\"valueName\":\"search_term_string\"}}],\"inLanguage\":\"es\"},{\"@type\":\"Organization\",\"@id\":\"https:\/\/sanluisinforma.com\/#organization\",\"name\":\"sanluisinforma.com\",\"url\":\"https:\/\/sanluisinforma.com\/\",\"logo\":{\"@type\":\"ImageObject\",\"inLanguage\":\"es\",\"@id\":\"https:\/\/sanluisinforma.com\/#\/schema\/logo\/image\/\",\"url\":\"https:\/\/sanluisinforma.com\/wp-content\/uploads\/2026\/03\/sanluisinforma-V.jpg\",\"contentUrl\":\"https:\/\/sanluisinforma.com\/wp-content\/uploads\/2026\/03\/sanluisinforma-V.jpg\",\"width\":500,\"height\":156,\"caption\":\"sanluisinforma.com\"},\"image\":{\"@id\":\"https:\/\/sanluisinforma.com\/#\/schema\/logo\/image\/\"}},{\"@type\":\"Person\",\"@id\":\"https:\/\/sanluisinforma.com\/#\/schema\/person\/c30648f71476be533b6f59d092905c8b\",\"name\":\"sanluisinforma.com\",\"image\":{\"@type\":\"ImageObject\",\"inLanguage\":\"es\",\"@id\":\"https:\/\/sanluisinforma.com\/#\/schema\/person\/image\/\",\"url\":\"https:\/\/secure.gravatar.com\/avatar\/86e3114e34a1eecefb963e0a02f0093f93b092dddb2fe1517596343751081a87?s=96&d=mm&r=g\",\"contentUrl\":\"https:\/\/secure.gravatar.com\/avatar\/86e3114e34a1eecefb963e0a02f0093f93b092dddb2fe1517596343751081a87?s=96&d=mm&r=g\",\"caption\":\"sanluisinforma.com\"},\"url\":\"https:\/\/sanluisinforma.com\/?author=2\"}]}<\/script>\n<!-- \/ Yoast SEO plugin. -->","yoast_head_json":{"title":"Ricardo Gallardo refuerza lazos de cooperacion con Italia - sanluisinforma.com","robots":{"index":"index","follow":"follow","max-snippet":"max-snippet:-1","max-image-preview":"max-image-preview:large","max-video-preview":"max-video-preview:-1"},"canonical":"https:\/\/sanluisinforma.com\/?p=18203","og_locale":"es_MX","og_type":"article","og_title":"Ricardo Gallardo refuerza lazos de cooperacion con Italia - sanluisinforma.com","og_description":"\u2022 El Gobernador del Estado recibi\u00f3 al Excmo. Embajador, Alessandro Modiano, para conversar sobre oportunidades para la atracci\u00f3n de m\u00e1s","og_url":"https:\/\/sanluisinforma.com\/?p=18203","og_site_name":"sanluisinforma.com","article_published_time":"2026-03-12T06:58:00+00:00","article_modified_time":"2026-03-12T00:59:11+00:00","og_image":[{"width":300,"height":168,"url":"https:\/\/sanluisinforma.com\/wp-content\/uploads\/2026\/03\/unnamed-2-10.jpg","type":"image\/jpeg"}],"author":"sanluisinforma.com","twitter_card":"summary_large_image","twitter_misc":{"Escrito por":"sanluisinforma.com","Tiempo de lectura":"2 minutos"},"schema":{"@context":"https:\/\/schema.org","@graph":[{"@type":"Article","@id":"https:\/\/sanluisinforma.com\/?p=18203#article","isPartOf":{"@id":"https:\/\/sanluisinforma.com\/?p=18203"},"author":{"name":"sanluisinforma.com","@id":"https:\/\/sanluisinforma.com\/#\/schema\/person\/c30648f71476be533b6f59d092905c8b"},"headline":"Ricardo Gallardo refuerza lazos de cooperacion con Italia","datePublished":"2026-03-12T06:58:00+00:00","dateModified":"2026-03-12T00:59:11+00:00","mainEntityOfPage":{"@id":"https:\/\/sanluisinforma.com\/?p=18203"},"wordCount":315,"publisher":{"@id":"https:\/\/sanluisinforma.com\/#organization"},"image":{"@id":"https:\/\/sanluisinforma.com\/?p=18203#primaryimage"},"thumbnailUrl":"https:\/\/sanluisinforma.com\/wp-content\/uploads\/2026\/03\/unnamed-2-10.jpg","articleSection":["Local","Portada"],"inLanguage":"es"},{"@type":"WebPage","@id":"https:\/\/sanluisinforma.com\/?p=18203","url":"https:\/\/sanluisinforma.com\/?p=18203","name":"Ricardo Gallardo refuerza lazos de cooperacion con Italia - sanluisinforma.com","isPartOf":{"@id":"https:\/\/sanluisinforma.com\/#website"},"primaryImageOfPage":{"@id":"https:\/\/sanluisinforma.com\/?p=18203#primaryimage"},"image":{"@id":"https:\/\/sanluisinforma.com\/?p=18203#primaryimage"},"thumbnailUrl":"https:\/\/sanluisinforma.com\/wp-content\/uploads\/2026\/03\/unnamed-2-10.jpg","datePublished":"2026-03-12T06:58:00+00:00","dateModified":"2026-03-12T00:59:11+00:00","breadcrumb":{"@id":"https:\/\/sanluisinforma.com\/?p=18203#breadcrumb"},"inLanguage":"es","potentialAction":[{"@type":"ReadAction","target":["https:\/\/sanluisinforma.com\/?p=18203"]}]},{"@type":"ImageObject","inLanguage":"es","@id":"https:\/\/sanluisinforma.com\/?p=18203#primaryimage","url":"https:\/\/sanluisinforma.com\/wp-content\/uploads\/2026\/03\/unnamed-2-10.jpg","contentUrl":"https:\/\/sanluisinforma.com\/wp-content\/uploads\/2026\/03\/unnamed-2-10.jpg","width":300,"height":168},{"@type":"BreadcrumbList","@id":"https:\/\/sanluisinforma.com\/?p=18203#breadcrumb","itemListElement":[{"@type":"ListItem","position":1,"name":"Inicio","item":"https:\/\/sanluisinforma.com\/"},{"@type":"ListItem","position":2,"name":"Ricardo Gallardo refuerza lazos de cooperacion con Italia"}]},{"@type":"WebSite","@id":"https:\/\/sanluisinforma.com\/#website","url":"https:\/\/sanluisinforma.com\/","name":"sanluisinforma.com","description":"Periodico San Luis Informa","publisher":{"@id":"https:\/\/sanluisinforma.com\/#organization"},"potentialAction":[{"@type":"SearchAction","target":{"@type":"EntryPoint","urlTemplate":"https:\/\/sanluisinforma.com\/?s={search_term_string}"},"query-input":{"@type":"PropertyValueSpecification","valueRequired":true,"valueName":"search_term_string"}}],"inLanguage":"es"},{"@type":"Organization","@id":"https:\/\/sanluisinforma.com\/#organization","name":"sanluisinforma.com","url":"https:\/\/sanluisinforma.com\/","logo":{"@type":"ImageObject","inLanguage":"es","@id":"https:\/\/sanluisinforma.com\/#\/schema\/logo\/image\/","url":"https:\/\/sanluisinforma.com\/wp-content\/uploads\/2026\/03\/sanluisinforma-V.jpg","contentUrl":"https:\/\/sanluisinforma.com\/wp-content\/uploads\/2026\/03\/sanluisinforma-V.jpg","width":500,"height":156,"caption":"sanluisinforma.com"},"image":{"@id":"https:\/\/sanluisinforma.com\/#\/schema\/logo\/image\/"}},{"@type":"Person","@id":"https:\/\/sanluisinforma.com\/#\/schema\/person\/c30648f71476be533b6f59d092905c8b","name":"sanluisinforma.com","image":{"@type":"ImageObject","inLanguage":"es","@id":"https:\/\/sanluisinforma.com\/#\/schema\/person\/image\/","url":"https:\/\/secure.gravatar.com\/avatar\/86e3114e34a1eecefb963e0a02f0093f93b092dddb2fe1517596343751081a87?s=96&d=mm&r=g","contentUrl":"https:\/\/secure.gravatar.com\/avatar\/86e3114e34a1eecefb963e0a02f0093f93b092dddb2fe1517596343751081a87?s=96&d=mm&r=g","caption":"sanluisinforma.com"},"url":"https:\/\/sanluisinforma.com\/?author=2"}]}},"_links":{"self":[{"href":"https:\/\/sanluisinforma.com\/index.php?rest_route=\/wp\/v2\/posts\/18203","targetHints":{"allow":["GET"]}}],"collection":[{"href":"https:\/\/sanluisinforma.com\/index.php?rest_route=\/wp\/v2\/posts"}],"about":[{"href":"https:\/\/sanluisinforma.com\/index.php?rest_route=\/wp\/v2\/types\/post"}],"author":[{"embeddable":true,"href":"https:\/\/sanluisinforma.com\/index.php?rest_route=\/wp\/v2\/users\/2"}],"replies":[{"embeddable":true,"href":"https:\/\/sanluisinforma.com\/index.php?rest_route=%2Fwp%2Fv2%2Fcomments&post=18203"}],"version-history":[{"count":1,"href":"https:\/\/sanluisinforma.com\/index.php?rest_route=\/wp\/v2\/posts\/18203\/revisions"}],"predecessor-version":[{"id":18205,"href":"https:\/\/sanluisinforma.com\/index.php?rest_route=\/wp\/v2\/posts\/18203\/revisions\/18205"}],"wp:featuredmedia":[{"embeddable":true,"href":"https:\/\/sanluisinforma.com\/index.php?rest_route=\/wp\/v2\/media\/18204"}],"wp:attachment":[{"href":"https:\/\/sanluisinforma.com\/index.php?rest_route=%2Fwp%2Fv2%2Fmedia&parent=18203"}],"wp:term":[{"taxonomy":"category","embeddable":true,"href":"https:\/\/sanluisinforma.com\/index.php?rest_route=%2Fwp%2Fv2%2Fcategories&post=18203"},{"taxonomy":"post_tag","embeddable":true,"href":"https:\/\/sanluisinforma.com\/index.php?rest_route=%2Fwp%2Fv2%2Ftags&post=18203"}],"curies":[{"name":"wp","href":"https:\/\/api.w.org\/{rel}","templated":true}]}}