{"id":18209,"date":"2026-03-13T00:40:00","date_gmt":"2026-03-13T06:40:00","guid":{"rendered":"https:\/\/sanluisinforma.com\/?p=18209"},"modified":"2026-03-12T22:52:10","modified_gmt":"2026-03-13T04:52:10","slug":"presidenta-claudia-sheinbaum-con-reforma-plan-b-disminuiran-privilegios","status":"publish","type":"post","link":"https:\/\/sanluisinforma.com\/?p=18209","title":{"rendered":"Presidenta Claudia Sheinbaum con Reforma Plan B, disminuir\u00e1n privilegios"},"content":{"rendered":"\n<p> \u201cEsencialmente, Plan B: disminuir los privilegios y fortalecer la decisi\u00f3n de la gente, la participaci\u00f3n popular\u201d, asegur\u00f3<br>* Con el Plan B, estima un ahorro aproximado de 4 mil mdp que se destinar\u00e1n directamente a los estados y municipios<br>* Se\u00f1al\u00f3 que al enviar la primera iniciativa de la Reforma Electoral cumpli\u00f3 con el pueblo de M\u00e9xico: \u201cYo me compromet\u00ed a que iba a enviar una reforma que tuviera que ver con lo que ped\u00eda la gente y yo cumpl\u00ed\u201d<\/p>\n\n\n\n<p>*Ciudad de M\u00e9xico, 12 de marzo de 2026.-* La Presidenta de M\u00e9xico, Claudia Sheinbaum Pardo, inform\u00f3 que el pr\u00f3ximo lunes 16 de marzo enviar\u00e1 el Plan B de la iniciativa de Reforma electoral que consiste en disminuir los privilegios en Congresos locales y en municipios, al destinar un tope m\u00e1ximo de los recursos que se les destinan, as\u00ed como fortalecer la consulta popular.<\/p>\n\n\n\n<p>*\u201cEsencialmente, Plan B: disminuir los privilegios y fortalecer la decisi\u00f3n de la gente, la participaci\u00f3n popular. Nosotros tenemos un mandato y una convicci\u00f3n y un principio: a nosotros no se nos olvida de d\u00f3nde vinimos. Pero, adem\u00e1s, si algo ha demostrado la Cuarta Transformaci\u00f3n es que la honestidad da resultados, que la austeridad republicana da resultados, que acabar con los privilegios da resultados. Entonces, vamos a avanzar, vamos a avanzar todos los partidos (&#8230;) Entonces, no se nos olvide cu\u00e1l es el objetivo de la Transformaci\u00f3n: erradicar el r\u00e9gimen de corrupci\u00f3n y privilegios. Y vamos avanzando. Hemos avanzado mucho y todav\u00eda nos falta\u201d,* asegur\u00f3 en la conferencia matutina \u201cLas ma\u00f1aneras del pueblo\u201d.<\/p>\n\n\n\n<p>Este cambio, detall\u00f3 la Jefa del Ejecutivo Federal, generar\u00eda un ahorro aproximado de 4 mil millones de pesos (mdp) que se destinar\u00e1 directamente a los estados y municipios.<\/p>\n\n\n\n<p>La primera mandataria expuso casos como el del Congreso de Baja California con un costo por legislador de 34.8 mdp; de Colima, de 5.1 mdp por legislador o de Morelos, de 31.8 mdp por legislador. Por ello se propone un tope m\u00e1ximo al presupuesto que se destinado a los Congresos locales. En el caso de las regidur\u00edas, expuso que hay municipios como Monterrey con 28 regidores o Puebla con 23.<\/p>\n\n\n\n<p>Adem\u00e1s, detall\u00f3 que al enviar la primera iniciativa de la Reforma Electoral cumpli\u00f3 con el compromiso que hizo con las mexicanas y mexicanos, ya que durante a\u00f1os el objetivo fue acabar con el r\u00e9gimen de corrupci\u00f3n y privilegios, en este caso de los partidos pol\u00edticos y de las instituciones electorales, porque al pueblo de M\u00e9xico le parece excesiva la cantidad de recursos p\u00fablicos que se le destinan a los partidos pol\u00edticos, en un pa\u00eds de grandes necesidades.<\/p>\n\n\n\n<p>\u201cCumpl\u00ed con la gente y eso para m\u00ed es de principios. Yo me compromet\u00ed a que iba a enviar una reforma que tuviera que ver con lo que ped\u00eda la gente y yo cumpl\u00ed primero, y segundo, pues es muy importante ver qui\u00e9n vot\u00f3 porque disminuyan los privilegios\u201d, agreg\u00f3.<\/p>\n\n\n\n<p><\/p>\n","protected":false},"excerpt":{"rendered":"<p>\u201cEsencialmente, Plan B: disminuir los privilegios y fortalecer la decisi\u00f3n de la gente, la participaci\u00f3n popular\u201d, asegur\u00f3* Con el Plan<\/p>\n","protected":false},"author":2,"featured_media":18210,"comment_status":"closed","ping_status":"closed","sticky":false,"template":"","format":"standard","meta":{"footnotes":""},"categories":[26],"tags":[],"class_list":["post-18209","post","type-post","status-publish","format-standard","has-post-thumbnail","hentry","category-nacional"],"yoast_head":"<!-- This site is optimized with the Yoast SEO plugin v24.1 - https:\/\/yoast.com\/wordpress\/plugins\/seo\/ -->\n<title>Presidenta Claudia Sheinbaum con Reforma Plan B, disminuir\u00e1n privilegios - sanluisinforma.com<\/title>\n<meta name=\"robots\" content=\"index, follow, max-snippet:-1, max-image-preview:large, max-video-preview:-1\" \/>\n<link rel=\"canonical\" href=\"https:\/\/sanluisinforma.com\/?p=18209\" \/>\n<meta property=\"og:locale\" content=\"es_MX\" \/>\n<meta property=\"og:type\" content=\"article\" \/>\n<meta property=\"og:title\" content=\"Presidenta Claudia Sheinbaum con Reforma Plan B, disminuir\u00e1n privilegios - sanluisinforma.com\" \/>\n<meta property=\"og:description\" content=\"\u201cEsencialmente, Plan B: disminuir los privilegios y fortalecer la decisi\u00f3n de la gente, la participaci\u00f3n popular\u201d, asegur\u00f3* Con el Plan\" \/>\n<meta property=\"og:url\" content=\"https:\/\/sanluisinforma.com\/?p=18209\" \/>\n<meta property=\"og:site_name\" content=\"sanluisinforma.com\" \/>\n<meta property=\"article:published_time\" content=\"2026-03-13T06:40:00+00:00\" \/>\n<meta property=\"article:modified_time\" content=\"2026-03-13T04:52:10+00:00\" \/>\n<meta property=\"og:image\" content=\"https:\/\/sanluisinforma.com\/wp-content\/uploads\/2026\/03\/Conferencia-2.jpg\" \/>\n\t<meta property=\"og:image:width\" content=\"300\" \/>\n\t<meta property=\"og:image:height\" content=\"175\" \/>\n\t<meta property=\"og:image:type\" content=\"image\/jpeg\" \/>\n<meta name=\"author\" content=\"sanluisinforma.com\" \/>\n<meta name=\"twitter:card\" content=\"summary_large_image\" \/>\n<meta name=\"twitter:label1\" content=\"Escrito por\" \/>\n\t<meta name=\"twitter:data1\" content=\"sanluisinforma.com\" \/>\n\t<meta name=\"twitter:label2\" content=\"Tiempo de lectura\" \/>\n\t<meta name=\"twitter:data2\" content=\"3 minutos\" \/>\n<script type=\"application\/ld+json\" class=\"yoast-schema-graph\">{\"@context\":\"https:\/\/schema.org\",\"@graph\":[{\"@type\":\"Article\",\"@id\":\"https:\/\/sanluisinforma.com\/?p=18209#article\",\"isPartOf\":{\"@id\":\"https:\/\/sanluisinforma.com\/?p=18209\"},\"author\":{\"name\":\"sanluisinforma.com\",\"@id\":\"https:\/\/sanluisinforma.com\/#\/schema\/person\/c30648f71476be533b6f59d092905c8b\"},\"headline\":\"Presidenta Claudia Sheinbaum con Reforma Plan B, disminuir\u00e1n privilegios\",\"datePublished\":\"2026-03-13T06:40:00+00:00\",\"dateModified\":\"2026-03-13T04:52:10+00:00\",\"mainEntityOfPage\":{\"@id\":\"https:\/\/sanluisinforma.com\/?p=18209\"},\"wordCount\":513,\"publisher\":{\"@id\":\"https:\/\/sanluisinforma.com\/#organization\"},\"image\":{\"@id\":\"https:\/\/sanluisinforma.com\/?p=18209#primaryimage\"},\"thumbnailUrl\":\"https:\/\/sanluisinforma.com\/wp-content\/uploads\/2026\/03\/Conferencia-2.jpg\",\"articleSection\":[\"Nacional\"],\"inLanguage\":\"es\"},{\"@type\":\"WebPage\",\"@id\":\"https:\/\/sanluisinforma.com\/?p=18209\",\"url\":\"https:\/\/sanluisinforma.com\/?p=18209\",\"name\":\"Presidenta Claudia Sheinbaum con Reforma Plan B, disminuir\u00e1n privilegios - sanluisinforma.com\",\"isPartOf\":{\"@id\":\"https:\/\/sanluisinforma.com\/#website\"},\"primaryImageOfPage\":{\"@id\":\"https:\/\/sanluisinforma.com\/?p=18209#primaryimage\"},\"image\":{\"@id\":\"https:\/\/sanluisinforma.com\/?p=18209#primaryimage\"},\"thumbnailUrl\":\"https:\/\/sanluisinforma.com\/wp-content\/uploads\/2026\/03\/Conferencia-2.jpg\",\"datePublished\":\"2026-03-13T06:40:00+00:00\",\"dateModified\":\"2026-03-13T04:52:10+00:00\",\"breadcrumb\":{\"@id\":\"https:\/\/sanluisinforma.com\/?p=18209#breadcrumb\"},\"inLanguage\":\"es\",\"potentialAction\":[{\"@type\":\"ReadAction\",\"target\":[\"https:\/\/sanluisinforma.com\/?p=18209\"]}]},{\"@type\":\"ImageObject\",\"inLanguage\":\"es\",\"@id\":\"https:\/\/sanluisinforma.com\/?p=18209#primaryimage\",\"url\":\"https:\/\/sanluisinforma.com\/wp-content\/uploads\/2026\/03\/Conferencia-2.jpg\",\"contentUrl\":\"https:\/\/sanluisinforma.com\/wp-content\/uploads\/2026\/03\/Conferencia-2.jpg\",\"width\":300,\"height\":175,\"caption\":\"Cuauht\u00e9moc, Ciudad de M\u00e9xico, M\u00e9xico, 12 de marzo de 2026. La doctora Claudia Sheinbaum Pardo, presidenta Constitucional de los Estados Unidos Mexicanos en conferencia de prensa matutina, \u201cConferencia del Pueblo\u201d en el Sal\u00f3n Tesorer\u00eda de Palacio Nacional. La acompa\u00f1an Citlali Hern\u00e1ndez Mora, secretaria de las Mujeres y Noem\u00ed Ju\u00e1rez P\u00e9rez, subsecretaria de Educaci\u00f3n P\u00fablica, encargada de la secci\u00f3n \u201cMujeres en la Historia\u201d. Foto: Gabriel Monroy \/ Presidencia\"},{\"@type\":\"BreadcrumbList\",\"@id\":\"https:\/\/sanluisinforma.com\/?p=18209#breadcrumb\",\"itemListElement\":[{\"@type\":\"ListItem\",\"position\":1,\"name\":\"Inicio\",\"item\":\"https:\/\/sanluisinforma.com\/\"},{\"@type\":\"ListItem\",\"position\":2,\"name\":\"Presidenta Claudia Sheinbaum con Reforma Plan B, disminuir\u00e1n privilegios\"}]},{\"@type\":\"WebSite\",\"@id\":\"https:\/\/sanluisinforma.com\/#website\",\"url\":\"https:\/\/sanluisinforma.com\/\",\"name\":\"sanluisinforma.com\",\"description\":\"Periodico San Luis Informa\",\"publisher\":{\"@id\":\"https:\/\/sanluisinforma.com\/#organization\"},\"potentialAction\":[{\"@type\":\"SearchAction\",\"target\":{\"@type\":\"EntryPoint\",\"urlTemplate\":\"https:\/\/sanluisinforma.com\/?s={search_term_string}\"},\"query-input\":{\"@type\":\"PropertyValueSpecification\",\"valueRequired\":true,\"valueName\":\"search_term_string\"}}],\"inLanguage\":\"es\"},{\"@type\":\"Organization\",\"@id\":\"https:\/\/sanluisinforma.com\/#organization\",\"name\":\"sanluisinforma.com\",\"url\":\"https:\/\/sanluisinforma.com\/\",\"logo\":{\"@type\":\"ImageObject\",\"inLanguage\":\"es\",\"@id\":\"https:\/\/sanluisinforma.com\/#\/schema\/logo\/image\/\",\"url\":\"https:\/\/sanluisinforma.com\/wp-content\/uploads\/2026\/03\/sanluisinforma-V.jpg\",\"contentUrl\":\"https:\/\/sanluisinforma.com\/wp-content\/uploads\/2026\/03\/sanluisinforma-V.jpg\",\"width\":500,\"height\":156,\"caption\":\"sanluisinforma.com\"},\"image\":{\"@id\":\"https:\/\/sanluisinforma.com\/#\/schema\/logo\/image\/\"}},{\"@type\":\"Person\",\"@id\":\"https:\/\/sanluisinforma.com\/#\/schema\/person\/c30648f71476be533b6f59d092905c8b\",\"name\":\"sanluisinforma.com\",\"image\":{\"@type\":\"ImageObject\",\"inLanguage\":\"es\",\"@id\":\"https:\/\/sanluisinforma.com\/#\/schema\/person\/image\/\",\"url\":\"https:\/\/secure.gravatar.com\/avatar\/86e3114e34a1eecefb963e0a02f0093f93b092dddb2fe1517596343751081a87?s=96&d=mm&r=g\",\"contentUrl\":\"https:\/\/secure.gravatar.com\/avatar\/86e3114e34a1eecefb963e0a02f0093f93b092dddb2fe1517596343751081a87?s=96&d=mm&r=g\",\"caption\":\"sanluisinforma.com\"},\"url\":\"https:\/\/sanluisinforma.com\/?author=2\"}]}<\/script>\n<!-- \/ Yoast SEO plugin. -->","yoast_head_json":{"title":"Presidenta Claudia Sheinbaum con Reforma Plan B, disminuir\u00e1n privilegios - sanluisinforma.com","robots":{"index":"index","follow":"follow","max-snippet":"max-snippet:-1","max-image-preview":"max-image-preview:large","max-video-preview":"max-video-preview:-1"},"canonical":"https:\/\/sanluisinforma.com\/?p=18209","og_locale":"es_MX","og_type":"article","og_title":"Presidenta Claudia Sheinbaum con Reforma Plan B, disminuir\u00e1n privilegios - sanluisinforma.com","og_description":"\u201cEsencialmente, Plan B: disminuir los privilegios y fortalecer la decisi\u00f3n de la gente, la participaci\u00f3n popular\u201d, asegur\u00f3* Con el Plan","og_url":"https:\/\/sanluisinforma.com\/?p=18209","og_site_name":"sanluisinforma.com","article_published_time":"2026-03-13T06:40:00+00:00","article_modified_time":"2026-03-13T04:52:10+00:00","og_image":[{"width":300,"height":175,"url":"https:\/\/sanluisinforma.com\/wp-content\/uploads\/2026\/03\/Conferencia-2.jpg","type":"image\/jpeg"}],"author":"sanluisinforma.com","twitter_card":"summary_large_image","twitter_misc":{"Escrito por":"sanluisinforma.com","Tiempo de lectura":"3 minutos"},"schema":{"@context":"https:\/\/schema.org","@graph":[{"@type":"Article","@id":"https:\/\/sanluisinforma.com\/?p=18209#article","isPartOf":{"@id":"https:\/\/sanluisinforma.com\/?p=18209"},"author":{"name":"sanluisinforma.com","@id":"https:\/\/sanluisinforma.com\/#\/schema\/person\/c30648f71476be533b6f59d092905c8b"},"headline":"Presidenta Claudia Sheinbaum con Reforma Plan B, disminuir\u00e1n privilegios","datePublished":"2026-03-13T06:40:00+00:00","dateModified":"2026-03-13T04:52:10+00:00","mainEntityOfPage":{"@id":"https:\/\/sanluisinforma.com\/?p=18209"},"wordCount":513,"publisher":{"@id":"https:\/\/sanluisinforma.com\/#organization"},"image":{"@id":"https:\/\/sanluisinforma.com\/?p=18209#primaryimage"},"thumbnailUrl":"https:\/\/sanluisinforma.com\/wp-content\/uploads\/2026\/03\/Conferencia-2.jpg","articleSection":["Nacional"],"inLanguage":"es"},{"@type":"WebPage","@id":"https:\/\/sanluisinforma.com\/?p=18209","url":"https:\/\/sanluisinforma.com\/?p=18209","name":"Presidenta Claudia Sheinbaum con Reforma Plan B, disminuir\u00e1n privilegios - sanluisinforma.com","isPartOf":{"@id":"https:\/\/sanluisinforma.com\/#website"},"primaryImageOfPage":{"@id":"https:\/\/sanluisinforma.com\/?p=18209#primaryimage"},"image":{"@id":"https:\/\/sanluisinforma.com\/?p=18209#primaryimage"},"thumbnailUrl":"https:\/\/sanluisinforma.com\/wp-content\/uploads\/2026\/03\/Conferencia-2.jpg","datePublished":"2026-03-13T06:40:00+00:00","dateModified":"2026-03-13T04:52:10+00:00","breadcrumb":{"@id":"https:\/\/sanluisinforma.com\/?p=18209#breadcrumb"},"inLanguage":"es","potentialAction":[{"@type":"ReadAction","target":["https:\/\/sanluisinforma.com\/?p=18209"]}]},{"@type":"ImageObject","inLanguage":"es","@id":"https:\/\/sanluisinforma.com\/?p=18209#primaryimage","url":"https:\/\/sanluisinforma.com\/wp-content\/uploads\/2026\/03\/Conferencia-2.jpg","contentUrl":"https:\/\/sanluisinforma.com\/wp-content\/uploads\/2026\/03\/Conferencia-2.jpg","width":300,"height":175,"caption":"Cuauht\u00e9moc, Ciudad de M\u00e9xico, M\u00e9xico, 12 de marzo de 2026. La doctora Claudia Sheinbaum Pardo, presidenta Constitucional de los Estados Unidos Mexicanos en conferencia de prensa matutina, \u201cConferencia del Pueblo\u201d en el Sal\u00f3n Tesorer\u00eda de Palacio Nacional. La acompa\u00f1an Citlali Hern\u00e1ndez Mora, secretaria de las Mujeres y Noem\u00ed Ju\u00e1rez P\u00e9rez, subsecretaria de Educaci\u00f3n P\u00fablica, encargada de la secci\u00f3n \u201cMujeres en la Historia\u201d. Foto: Gabriel Monroy \/ Presidencia"},{"@type":"BreadcrumbList","@id":"https:\/\/sanluisinforma.com\/?p=18209#breadcrumb","itemListElement":[{"@type":"ListItem","position":1,"name":"Inicio","item":"https:\/\/sanluisinforma.com\/"},{"@type":"ListItem","position":2,"name":"Presidenta Claudia Sheinbaum con Reforma Plan B, disminuir\u00e1n privilegios"}]},{"@type":"WebSite","@id":"https:\/\/sanluisinforma.com\/#website","url":"https:\/\/sanluisinforma.com\/","name":"sanluisinforma.com","description":"Periodico San Luis Informa","publisher":{"@id":"https:\/\/sanluisinforma.com\/#organization"},"potentialAction":[{"@type":"SearchAction","target":{"@type":"EntryPoint","urlTemplate":"https:\/\/sanluisinforma.com\/?s={search_term_string}"},"query-input":{"@type":"PropertyValueSpecification","valueRequired":true,"valueName":"search_term_string"}}],"inLanguage":"es"},{"@type":"Organization","@id":"https:\/\/sanluisinforma.com\/#organization","name":"sanluisinforma.com","url":"https:\/\/sanluisinforma.com\/","logo":{"@type":"ImageObject","inLanguage":"es","@id":"https:\/\/sanluisinforma.com\/#\/schema\/logo\/image\/","url":"https:\/\/sanluisinforma.com\/wp-content\/uploads\/2026\/03\/sanluisinforma-V.jpg","contentUrl":"https:\/\/sanluisinforma.com\/wp-content\/uploads\/2026\/03\/sanluisinforma-V.jpg","width":500,"height":156,"caption":"sanluisinforma.com"},"image":{"@id":"https:\/\/sanluisinforma.com\/#\/schema\/logo\/image\/"}},{"@type":"Person","@id":"https:\/\/sanluisinforma.com\/#\/schema\/person\/c30648f71476be533b6f59d092905c8b","name":"sanluisinforma.com","image":{"@type":"ImageObject","inLanguage":"es","@id":"https:\/\/sanluisinforma.com\/#\/schema\/person\/image\/","url":"https:\/\/secure.gravatar.com\/avatar\/86e3114e34a1eecefb963e0a02f0093f93b092dddb2fe1517596343751081a87?s=96&d=mm&r=g","contentUrl":"https:\/\/secure.gravatar.com\/avatar\/86e3114e34a1eecefb963e0a02f0093f93b092dddb2fe1517596343751081a87?s=96&d=mm&r=g","caption":"sanluisinforma.com"},"url":"https:\/\/sanluisinforma.com\/?author=2"}]}},"_links":{"self":[{"href":"https:\/\/sanluisinforma.com\/index.php?rest_route=\/wp\/v2\/posts\/18209","targetHints":{"allow":["GET"]}}],"collection":[{"href":"https:\/\/sanluisinforma.com\/index.php?rest_route=\/wp\/v2\/posts"}],"about":[{"href":"https:\/\/sanluisinforma.com\/index.php?rest_route=\/wp\/v2\/types\/post"}],"author":[{"embeddable":true,"href":"https:\/\/sanluisinforma.com\/index.php?rest_route=\/wp\/v2\/users\/2"}],"replies":[{"embeddable":true,"href":"https:\/\/sanluisinforma.com\/index.php?rest_route=%2Fwp%2Fv2%2Fcomments&post=18209"}],"version-history":[{"count":1,"href":"https:\/\/sanluisinforma.com\/index.php?rest_route=\/wp\/v2\/posts\/18209\/revisions"}],"predecessor-version":[{"id":18211,"href":"https:\/\/sanluisinforma.com\/index.php?rest_route=\/wp\/v2\/posts\/18209\/revisions\/18211"}],"wp:featuredmedia":[{"embeddable":true,"href":"https:\/\/sanluisinforma.com\/index.php?rest_route=\/wp\/v2\/media\/18210"}],"wp:attachment":[{"href":"https:\/\/sanluisinforma.com\/index.php?rest_route=%2Fwp%2Fv2%2Fmedia&parent=18209"}],"wp:term":[{"taxonomy":"category","embeddable":true,"href":"https:\/\/sanluisinforma.com\/index.php?rest_route=%2Fwp%2Fv2%2Fcategories&post=18209"},{"taxonomy":"post_tag","embeddable":true,"href":"https:\/\/sanluisinforma.com\/index.php?rest_route=%2Fwp%2Fv2%2Ftags&post=18209"}],"curies":[{"name":"wp","href":"https:\/\/api.w.org\/{rel}","templated":true}]}}