{"id":18221,"date":"2026-03-13T00:45:00","date_gmt":"2026-03-13T06:45:00","guid":{"rendered":"https:\/\/sanluisinforma.com\/?p=18221"},"modified":"2026-03-12T22:51:59","modified_gmt":"2026-03-13T04:51:59","slug":"inicia-agenda-conjunta-municipio-federacion-de-territorios-de-paz","status":"publish","type":"post","link":"https:\/\/sanluisinforma.com\/?p=18221","title":{"rendered":"Inicia agenda conjunta Municipio-Federaci\u00f3n de Territorios de Paz"},"content":{"rendered":"\n<p>Luego de la reuni\u00f3n sostenida el martes pasado por el Alcalde Enrique Galindo con la Presidenta Claudia Sheinbaum, la Secretaria de Gobernaci\u00f3n, Rosa Icela Rodr\u00edguez, y titulares de distintas \u00e1reas del Gobierno de M\u00e9xico, este jueves en Las Terceras dio inicio la agenda de actividades del programa Territorios de Paz, que contempla acciones orientadas a fortalecer la seguridad, el tejido social y el bienestar de las familias.<\/p>\n\n\n\n<p>Como parte de los acuerdos establecidos en la reuni\u00f3n nacional encabezada por la Presidenta de M\u00e9xico, Claudia Sheinbaum Pardo; la Secretaria de Gobernaci\u00f3n, Rosa Icela Rodr\u00edguez y titulares de dependencias federales, el Alcalde Enrique Galindo Ceballos, junto con la Directora Regional de Bienestar de la Zona Metropolitana, Tania Godoy Lozano, pusieron en marcha, en Las Terceras, la estrategia Feria de Paz, que marca el inicio en San Luis Capital de la agenda conjunta entre el Gobierno Federal y el Ayuntamiento dentro del programa Territorios de Paz.<\/p>\n\n\n\n<p>\u201cJuntos, sin intereses partidistas, acordamos poner en el centro de las decisiones la seguridad y el bienestar de la poblaci\u00f3n, y esta Feria es una muestra de la coordinaci\u00f3n entre los Gobiernos Federal y Municipal para impulsar proyectos que beneficien directamente a las familias\u201d, se\u00f1al\u00f3 el Alcalde Enrique Galindo al dar inicio a la jornada.<\/p>\n\n\n\n<p>El arranque de estas actividades reuni\u00f3 a la totalidad de los titulares de las delegaciones federales en la entidad, as\u00ed como a funcionarios de primer nivel del Gobierno de la Capital, quienes coordinar\u00e1n acciones enfocadas en atender las causas de la violencia mediante programas de educaci\u00f3n, cultura, deporte, bienestar social y recuperaci\u00f3n de espacios p\u00fablicos.<\/p>\n\n\n\n<p>Durante la jornada, que tambi\u00e9n se integr\u00f3 a la edici\u00f3n de este jueves del programa Capital al 100, participaron elementos del Ej\u00e9rcito Mexicano, la Guardia Nacional, la Secretar\u00eda de Seguridad y Protecci\u00f3n Ciudadana Municipal y dependencias federales y municipales que instalaron m\u00f3dulos de atenci\u00f3n para acercar servicios a la poblaci\u00f3n.<\/p>\n\n\n\n<p>La Directora Regional de Bienestar en la Zona Metropolitana, Tania Godoy Lozano, destac\u00f3 que estas acciones interinstitucionales reflejan el compromiso de los Gobiernos Federal y Municipal con la ciudadan\u00eda, mientras que el Secretario de la Mesa de Paz, Miguel \u00c1ngel Hern\u00e1ndez Calvillo, reconoci\u00f3 la pronta implementaci\u00f3n en San Luis Capital de la estrategia nacional de atenci\u00f3n a las causas de la violencia impulsada por el Gobierno de M\u00e9xico.<\/p>\n","protected":false},"excerpt":{"rendered":"<p>Luego de la reuni\u00f3n sostenida el martes pasado por el Alcalde Enrique Galindo con la Presidenta Claudia Sheinbaum, la Secretaria<\/p>\n","protected":false},"author":2,"featured_media":18222,"comment_status":"closed","ping_status":"closed","sticky":false,"template":"","format":"standard","meta":{"footnotes":""},"categories":[25,30],"tags":[],"class_list":["post-18221","post","type-post","status-publish","format-standard","has-post-thumbnail","hentry","category-local","category-portada"],"yoast_head":"<!-- This site is optimized with the Yoast SEO plugin v24.1 - https:\/\/yoast.com\/wordpress\/plugins\/seo\/ -->\n<title>Inicia agenda conjunta Municipio-Federaci\u00f3n de Territorios de Paz - sanluisinforma.com<\/title>\n<meta name=\"robots\" content=\"index, follow, max-snippet:-1, max-image-preview:large, max-video-preview:-1\" \/>\n<link rel=\"canonical\" href=\"https:\/\/sanluisinforma.com\/?p=18221\" \/>\n<meta property=\"og:locale\" content=\"es_MX\" \/>\n<meta property=\"og:type\" content=\"article\" \/>\n<meta property=\"og:title\" content=\"Inicia agenda conjunta Municipio-Federaci\u00f3n de Territorios de Paz - sanluisinforma.com\" \/>\n<meta property=\"og:description\" content=\"Luego de la reuni\u00f3n sostenida el martes pasado por el Alcalde Enrique Galindo con la Presidenta Claudia Sheinbaum, la Secretaria\" \/>\n<meta property=\"og:url\" content=\"https:\/\/sanluisinforma.com\/?p=18221\" \/>\n<meta property=\"og:site_name\" content=\"sanluisinforma.com\" \/>\n<meta property=\"article:published_time\" content=\"2026-03-13T06:45:00+00:00\" \/>\n<meta property=\"article:modified_time\" content=\"2026-03-13T04:51:59+00:00\" \/>\n<meta property=\"og:image\" content=\"https:\/\/sanluisinforma.com\/wp-content\/uploads\/2026\/03\/unnamed-3-10.jpg\" \/>\n\t<meta property=\"og:image:width\" content=\"300\" \/>\n\t<meta property=\"og:image:height\" content=\"450\" \/>\n\t<meta property=\"og:image:type\" content=\"image\/jpeg\" \/>\n<meta name=\"author\" content=\"sanluisinforma.com\" \/>\n<meta name=\"twitter:card\" content=\"summary_large_image\" \/>\n<meta name=\"twitter:label1\" content=\"Escrito por\" \/>\n\t<meta name=\"twitter:data1\" content=\"sanluisinforma.com\" \/>\n\t<meta name=\"twitter:label2\" content=\"Tiempo de lectura\" \/>\n\t<meta name=\"twitter:data2\" content=\"2 minutos\" \/>\n<script type=\"application\/ld+json\" class=\"yoast-schema-graph\">{\"@context\":\"https:\/\/schema.org\",\"@graph\":[{\"@type\":\"Article\",\"@id\":\"https:\/\/sanluisinforma.com\/?p=18221#article\",\"isPartOf\":{\"@id\":\"https:\/\/sanluisinforma.com\/?p=18221\"},\"author\":{\"name\":\"sanluisinforma.com\",\"@id\":\"https:\/\/sanluisinforma.com\/#\/schema\/person\/c30648f71476be533b6f59d092905c8b\"},\"headline\":\"Inicia agenda conjunta Municipio-Federaci\u00f3n de Territorios de Paz\",\"datePublished\":\"2026-03-13T06:45:00+00:00\",\"dateModified\":\"2026-03-13T04:51:59+00:00\",\"mainEntityOfPage\":{\"@id\":\"https:\/\/sanluisinforma.com\/?p=18221\"},\"wordCount\":417,\"publisher\":{\"@id\":\"https:\/\/sanluisinforma.com\/#organization\"},\"image\":{\"@id\":\"https:\/\/sanluisinforma.com\/?p=18221#primaryimage\"},\"thumbnailUrl\":\"https:\/\/sanluisinforma.com\/wp-content\/uploads\/2026\/03\/unnamed-3-10.jpg\",\"articleSection\":[\"Local\",\"Portada\"],\"inLanguage\":\"es\"},{\"@type\":\"WebPage\",\"@id\":\"https:\/\/sanluisinforma.com\/?p=18221\",\"url\":\"https:\/\/sanluisinforma.com\/?p=18221\",\"name\":\"Inicia agenda conjunta Municipio-Federaci\u00f3n de Territorios de Paz - sanluisinforma.com\",\"isPartOf\":{\"@id\":\"https:\/\/sanluisinforma.com\/#website\"},\"primaryImageOfPage\":{\"@id\":\"https:\/\/sanluisinforma.com\/?p=18221#primaryimage\"},\"image\":{\"@id\":\"https:\/\/sanluisinforma.com\/?p=18221#primaryimage\"},\"thumbnailUrl\":\"https:\/\/sanluisinforma.com\/wp-content\/uploads\/2026\/03\/unnamed-3-10.jpg\",\"datePublished\":\"2026-03-13T06:45:00+00:00\",\"dateModified\":\"2026-03-13T04:51:59+00:00\",\"breadcrumb\":{\"@id\":\"https:\/\/sanluisinforma.com\/?p=18221#breadcrumb\"},\"inLanguage\":\"es\",\"potentialAction\":[{\"@type\":\"ReadAction\",\"target\":[\"https:\/\/sanluisinforma.com\/?p=18221\"]}]},{\"@type\":\"ImageObject\",\"inLanguage\":\"es\",\"@id\":\"https:\/\/sanluisinforma.com\/?p=18221#primaryimage\",\"url\":\"https:\/\/sanluisinforma.com\/wp-content\/uploads\/2026\/03\/unnamed-3-10.jpg\",\"contentUrl\":\"https:\/\/sanluisinforma.com\/wp-content\/uploads\/2026\/03\/unnamed-3-10.jpg\",\"width\":300,\"height\":450},{\"@type\":\"BreadcrumbList\",\"@id\":\"https:\/\/sanluisinforma.com\/?p=18221#breadcrumb\",\"itemListElement\":[{\"@type\":\"ListItem\",\"position\":1,\"name\":\"Inicio\",\"item\":\"https:\/\/sanluisinforma.com\/\"},{\"@type\":\"ListItem\",\"position\":2,\"name\":\"Inicia agenda conjunta Municipio-Federaci\u00f3n de Territorios de Paz\"}]},{\"@type\":\"WebSite\",\"@id\":\"https:\/\/sanluisinforma.com\/#website\",\"url\":\"https:\/\/sanluisinforma.com\/\",\"name\":\"sanluisinforma.com\",\"description\":\"Periodico San Luis Informa\",\"publisher\":{\"@id\":\"https:\/\/sanluisinforma.com\/#organization\"},\"potentialAction\":[{\"@type\":\"SearchAction\",\"target\":{\"@type\":\"EntryPoint\",\"urlTemplate\":\"https:\/\/sanluisinforma.com\/?s={search_term_string}\"},\"query-input\":{\"@type\":\"PropertyValueSpecification\",\"valueRequired\":true,\"valueName\":\"search_term_string\"}}],\"inLanguage\":\"es\"},{\"@type\":\"Organization\",\"@id\":\"https:\/\/sanluisinforma.com\/#organization\",\"name\":\"sanluisinforma.com\",\"url\":\"https:\/\/sanluisinforma.com\/\",\"logo\":{\"@type\":\"ImageObject\",\"inLanguage\":\"es\",\"@id\":\"https:\/\/sanluisinforma.com\/#\/schema\/logo\/image\/\",\"url\":\"https:\/\/sanluisinforma.com\/wp-content\/uploads\/2026\/03\/sanluisinforma-V.jpg\",\"contentUrl\":\"https:\/\/sanluisinforma.com\/wp-content\/uploads\/2026\/03\/sanluisinforma-V.jpg\",\"width\":500,\"height\":156,\"caption\":\"sanluisinforma.com\"},\"image\":{\"@id\":\"https:\/\/sanluisinforma.com\/#\/schema\/logo\/image\/\"}},{\"@type\":\"Person\",\"@id\":\"https:\/\/sanluisinforma.com\/#\/schema\/person\/c30648f71476be533b6f59d092905c8b\",\"name\":\"sanluisinforma.com\",\"image\":{\"@type\":\"ImageObject\",\"inLanguage\":\"es\",\"@id\":\"https:\/\/sanluisinforma.com\/#\/schema\/person\/image\/\",\"url\":\"https:\/\/secure.gravatar.com\/avatar\/86e3114e34a1eecefb963e0a02f0093f93b092dddb2fe1517596343751081a87?s=96&d=mm&r=g\",\"contentUrl\":\"https:\/\/secure.gravatar.com\/avatar\/86e3114e34a1eecefb963e0a02f0093f93b092dddb2fe1517596343751081a87?s=96&d=mm&r=g\",\"caption\":\"sanluisinforma.com\"},\"url\":\"https:\/\/sanluisinforma.com\/?author=2\"}]}<\/script>\n<!-- \/ Yoast SEO plugin. -->","yoast_head_json":{"title":"Inicia agenda conjunta Municipio-Federaci\u00f3n de Territorios de Paz - sanluisinforma.com","robots":{"index":"index","follow":"follow","max-snippet":"max-snippet:-1","max-image-preview":"max-image-preview:large","max-video-preview":"max-video-preview:-1"},"canonical":"https:\/\/sanluisinforma.com\/?p=18221","og_locale":"es_MX","og_type":"article","og_title":"Inicia agenda conjunta Municipio-Federaci\u00f3n de Territorios de Paz - sanluisinforma.com","og_description":"Luego de la reuni\u00f3n sostenida el martes pasado por el Alcalde Enrique Galindo con la Presidenta Claudia Sheinbaum, la Secretaria","og_url":"https:\/\/sanluisinforma.com\/?p=18221","og_site_name":"sanluisinforma.com","article_published_time":"2026-03-13T06:45:00+00:00","article_modified_time":"2026-03-13T04:51:59+00:00","og_image":[{"width":300,"height":450,"url":"https:\/\/sanluisinforma.com\/wp-content\/uploads\/2026\/03\/unnamed-3-10.jpg","type":"image\/jpeg"}],"author":"sanluisinforma.com","twitter_card":"summary_large_image","twitter_misc":{"Escrito por":"sanluisinforma.com","Tiempo de lectura":"2 minutos"},"schema":{"@context":"https:\/\/schema.org","@graph":[{"@type":"Article","@id":"https:\/\/sanluisinforma.com\/?p=18221#article","isPartOf":{"@id":"https:\/\/sanluisinforma.com\/?p=18221"},"author":{"name":"sanluisinforma.com","@id":"https:\/\/sanluisinforma.com\/#\/schema\/person\/c30648f71476be533b6f59d092905c8b"},"headline":"Inicia agenda conjunta Municipio-Federaci\u00f3n de Territorios de Paz","datePublished":"2026-03-13T06:45:00+00:00","dateModified":"2026-03-13T04:51:59+00:00","mainEntityOfPage":{"@id":"https:\/\/sanluisinforma.com\/?p=18221"},"wordCount":417,"publisher":{"@id":"https:\/\/sanluisinforma.com\/#organization"},"image":{"@id":"https:\/\/sanluisinforma.com\/?p=18221#primaryimage"},"thumbnailUrl":"https:\/\/sanluisinforma.com\/wp-content\/uploads\/2026\/03\/unnamed-3-10.jpg","articleSection":["Local","Portada"],"inLanguage":"es"},{"@type":"WebPage","@id":"https:\/\/sanluisinforma.com\/?p=18221","url":"https:\/\/sanluisinforma.com\/?p=18221","name":"Inicia agenda conjunta Municipio-Federaci\u00f3n de Territorios de Paz - sanluisinforma.com","isPartOf":{"@id":"https:\/\/sanluisinforma.com\/#website"},"primaryImageOfPage":{"@id":"https:\/\/sanluisinforma.com\/?p=18221#primaryimage"},"image":{"@id":"https:\/\/sanluisinforma.com\/?p=18221#primaryimage"},"thumbnailUrl":"https:\/\/sanluisinforma.com\/wp-content\/uploads\/2026\/03\/unnamed-3-10.jpg","datePublished":"2026-03-13T06:45:00+00:00","dateModified":"2026-03-13T04:51:59+00:00","breadcrumb":{"@id":"https:\/\/sanluisinforma.com\/?p=18221#breadcrumb"},"inLanguage":"es","potentialAction":[{"@type":"ReadAction","target":["https:\/\/sanluisinforma.com\/?p=18221"]}]},{"@type":"ImageObject","inLanguage":"es","@id":"https:\/\/sanluisinforma.com\/?p=18221#primaryimage","url":"https:\/\/sanluisinforma.com\/wp-content\/uploads\/2026\/03\/unnamed-3-10.jpg","contentUrl":"https:\/\/sanluisinforma.com\/wp-content\/uploads\/2026\/03\/unnamed-3-10.jpg","width":300,"height":450},{"@type":"BreadcrumbList","@id":"https:\/\/sanluisinforma.com\/?p=18221#breadcrumb","itemListElement":[{"@type":"ListItem","position":1,"name":"Inicio","item":"https:\/\/sanluisinforma.com\/"},{"@type":"ListItem","position":2,"name":"Inicia agenda conjunta Municipio-Federaci\u00f3n de Territorios de Paz"}]},{"@type":"WebSite","@id":"https:\/\/sanluisinforma.com\/#website","url":"https:\/\/sanluisinforma.com\/","name":"sanluisinforma.com","description":"Periodico San Luis Informa","publisher":{"@id":"https:\/\/sanluisinforma.com\/#organization"},"potentialAction":[{"@type":"SearchAction","target":{"@type":"EntryPoint","urlTemplate":"https:\/\/sanluisinforma.com\/?s={search_term_string}"},"query-input":{"@type":"PropertyValueSpecification","valueRequired":true,"valueName":"search_term_string"}}],"inLanguage":"es"},{"@type":"Organization","@id":"https:\/\/sanluisinforma.com\/#organization","name":"sanluisinforma.com","url":"https:\/\/sanluisinforma.com\/","logo":{"@type":"ImageObject","inLanguage":"es","@id":"https:\/\/sanluisinforma.com\/#\/schema\/logo\/image\/","url":"https:\/\/sanluisinforma.com\/wp-content\/uploads\/2026\/03\/sanluisinforma-V.jpg","contentUrl":"https:\/\/sanluisinforma.com\/wp-content\/uploads\/2026\/03\/sanluisinforma-V.jpg","width":500,"height":156,"caption":"sanluisinforma.com"},"image":{"@id":"https:\/\/sanluisinforma.com\/#\/schema\/logo\/image\/"}},{"@type":"Person","@id":"https:\/\/sanluisinforma.com\/#\/schema\/person\/c30648f71476be533b6f59d092905c8b","name":"sanluisinforma.com","image":{"@type":"ImageObject","inLanguage":"es","@id":"https:\/\/sanluisinforma.com\/#\/schema\/person\/image\/","url":"https:\/\/secure.gravatar.com\/avatar\/86e3114e34a1eecefb963e0a02f0093f93b092dddb2fe1517596343751081a87?s=96&d=mm&r=g","contentUrl":"https:\/\/secure.gravatar.com\/avatar\/86e3114e34a1eecefb963e0a02f0093f93b092dddb2fe1517596343751081a87?s=96&d=mm&r=g","caption":"sanluisinforma.com"},"url":"https:\/\/sanluisinforma.com\/?author=2"}]}},"_links":{"self":[{"href":"https:\/\/sanluisinforma.com\/index.php?rest_route=\/wp\/v2\/posts\/18221","targetHints":{"allow":["GET"]}}],"collection":[{"href":"https:\/\/sanluisinforma.com\/index.php?rest_route=\/wp\/v2\/posts"}],"about":[{"href":"https:\/\/sanluisinforma.com\/index.php?rest_route=\/wp\/v2\/types\/post"}],"author":[{"embeddable":true,"href":"https:\/\/sanluisinforma.com\/index.php?rest_route=\/wp\/v2\/users\/2"}],"replies":[{"embeddable":true,"href":"https:\/\/sanluisinforma.com\/index.php?rest_route=%2Fwp%2Fv2%2Fcomments&post=18221"}],"version-history":[{"count":1,"href":"https:\/\/sanluisinforma.com\/index.php?rest_route=\/wp\/v2\/posts\/18221\/revisions"}],"predecessor-version":[{"id":18223,"href":"https:\/\/sanluisinforma.com\/index.php?rest_route=\/wp\/v2\/posts\/18221\/revisions\/18223"}],"wp:featuredmedia":[{"embeddable":true,"href":"https:\/\/sanluisinforma.com\/index.php?rest_route=\/wp\/v2\/media\/18222"}],"wp:attachment":[{"href":"https:\/\/sanluisinforma.com\/index.php?rest_route=%2Fwp%2Fv2%2Fmedia&parent=18221"}],"wp:term":[{"taxonomy":"category","embeddable":true,"href":"https:\/\/sanluisinforma.com\/index.php?rest_route=%2Fwp%2Fv2%2Fcategories&post=18221"},{"taxonomy":"post_tag","embeddable":true,"href":"https:\/\/sanluisinforma.com\/index.php?rest_route=%2Fwp%2Fv2%2Ftags&post=18221"}],"curies":[{"name":"wp","href":"https:\/\/api.w.org\/{rel}","templated":true}]}}