{"id":18237,"date":"2026-03-14T00:45:00","date_gmt":"2026-03-14T06:45:00","guid":{"rendered":"https:\/\/sanluisinforma.com\/?p=18237"},"modified":"2026-03-13T22:47:39","modified_gmt":"2026-03-14T04:47:39","slug":"encabeza-presidenta-del-dif-capitalino-estela-arriaga-capacitacion-para-el-distintivo-balance-trabajo-familia","status":"publish","type":"post","link":"https:\/\/sanluisinforma.com\/?p=18237","title":{"rendered":"Encabeza Presidenta del DIF Capitalino Estela Arriaga, capacitaci\u00f3n para el Distintivo Balance Trabajo\u2013Familia"},"content":{"rendered":"\n<p>\u201cCuando una organizaci\u00f3n apuesta por el equilibrio entre la vida laboral y la familiar, transforma la vida de sus trabajadores y sus familias\u201d: Estela Arriaga, Presidenta del DIF Municipal de San Luis Capital.<\/p>\n\n\n\n<ul class=\"wp-block-list\">\n<li>El objetivo es obtener el Distintivo Municipal Balance Trabajo\u2013Familia en las categor\u00edas Bronce, Plata u Oro.<\/li>\n<\/ul>\n\n\n\n<p>S.L.P.\u2013 La Presidenta del DIF Municipal de San Luis Capital, Estela Arriaga M\u00e1rquez, inaugur\u00f3 la capacitaci\u00f3n dirigida a 16 empresas que iniciaron el proceso para fortalecer pol\u00edticas laborales que favorezcan el equilibrio entre la vida personal y profesional de sus colaboradoras y colaboradores.<\/p>\n\n\n\n<p>\u201cCuando una organizaci\u00f3n apuesta por el equilibrio entre la vida laboral y la familiar, no solo mejora sus indicadores internos, sino que transforma la vida de sus trabajadores y sus familias\u201d, dijo en su mensaje.<\/p>\n\n\n\n<p>Asimismo, reconoci\u00f3 la visi\u00f3n del Gobierno de la Capital encabezado por el alcalde Enrique Galindo Ceballos, que impulsa pol\u00edticas p\u00fablicas orientadas a fortalecer a las familias y a promover entornos laborales m\u00e1s humanos, equitativos y sostenibles.<\/p>\n\n\n\n<p>La capacitaci\u00f3n forma parte de la estrategia del DIF Municipal para consolidar el programa Familias Fuertes, mediante el cual se promueve que las empresas integren pol\u00edticas concretas de flexibilidad laboral, bienestar emocional, cultura organizacional centrada en las personas y corresponsabilidad familiar.<\/p>\n\n\n\n<p>Las empresas participantes iniciaron un proceso formativo en el que recibir\u00e1n asesor\u00eda t\u00e9cnica, herramientas pr\u00e1cticas e indicadores de cumplimiento que les permitir\u00e1n documentar e implementar acciones reales para institucionalizar acciones de bienestar laboral, corresponsabilidad familiar, salud mental y liderazgo emp\u00e1tico, con el objetivo de obtener el Distintivo Municipal Balance Trabajo\u2013Familia en las categor\u00edas Bronce, Plata u Oro.<\/p>\n\n\n\n<p>Con este esfuerzo conjunto entre gobierno y sector empresarial, el DIF Municipal fortalece la construcci\u00f3n de entornos laborales m\u00e1s equilibrados y posiciona a San Luis Capital como referente en competitividad con enfoque humano.<\/p>\n","protected":false},"excerpt":{"rendered":"<p>\u201cCuando una organizaci\u00f3n apuesta por el equilibrio entre la vida laboral y la familiar, transforma la vida de sus trabajadores<\/p>\n","protected":false},"author":2,"featured_media":18238,"comment_status":"closed","ping_status":"closed","sticky":false,"template":"","format":"standard","meta":{"footnotes":""},"categories":[25,30],"tags":[],"class_list":["post-18237","post","type-post","status-publish","format-standard","has-post-thumbnail","hentry","category-local","category-portada"],"yoast_head":"<!-- This site is optimized with the Yoast SEO plugin v24.1 - https:\/\/yoast.com\/wordpress\/plugins\/seo\/ -->\n<title>Encabeza Presidenta del DIF Capitalino Estela Arriaga, capacitaci\u00f3n para el Distintivo Balance Trabajo\u2013Familia - sanluisinforma.com<\/title>\n<meta name=\"robots\" content=\"index, follow, max-snippet:-1, max-image-preview:large, max-video-preview:-1\" \/>\n<link rel=\"canonical\" href=\"https:\/\/sanluisinforma.com\/?p=18237\" \/>\n<meta property=\"og:locale\" content=\"es_MX\" \/>\n<meta property=\"og:type\" content=\"article\" \/>\n<meta property=\"og:title\" content=\"Encabeza Presidenta del DIF Capitalino Estela Arriaga, capacitaci\u00f3n para el Distintivo Balance Trabajo\u2013Familia - sanluisinforma.com\" \/>\n<meta property=\"og:description\" content=\"\u201cCuando una organizaci\u00f3n apuesta por el equilibrio entre la vida laboral y la familiar, transforma la vida de sus trabajadores\" \/>\n<meta property=\"og:url\" content=\"https:\/\/sanluisinforma.com\/?p=18237\" \/>\n<meta property=\"og:site_name\" content=\"sanluisinforma.com\" \/>\n<meta property=\"article:published_time\" content=\"2026-03-14T06:45:00+00:00\" \/>\n<meta property=\"article:modified_time\" content=\"2026-03-14T04:47:39+00:00\" \/>\n<meta property=\"og:image\" content=\"https:\/\/sanluisinforma.com\/wp-content\/uploads\/2026\/03\/unnamed-2-12.jpg\" \/>\n\t<meta property=\"og:image:width\" content=\"300\" \/>\n\t<meta property=\"og:image:height\" content=\"199\" \/>\n\t<meta property=\"og:image:type\" content=\"image\/jpeg\" \/>\n<meta name=\"author\" content=\"sanluisinforma.com\" \/>\n<meta name=\"twitter:card\" content=\"summary_large_image\" \/>\n<meta name=\"twitter:label1\" content=\"Escrito por\" \/>\n\t<meta name=\"twitter:data1\" content=\"sanluisinforma.com\" \/>\n\t<meta name=\"twitter:label2\" content=\"Tiempo de lectura\" \/>\n\t<meta name=\"twitter:data2\" content=\"2 minutos\" \/>\n<script type=\"application\/ld+json\" class=\"yoast-schema-graph\">{\"@context\":\"https:\/\/schema.org\",\"@graph\":[{\"@type\":\"Article\",\"@id\":\"https:\/\/sanluisinforma.com\/?p=18237#article\",\"isPartOf\":{\"@id\":\"https:\/\/sanluisinforma.com\/?p=18237\"},\"author\":{\"name\":\"sanluisinforma.com\",\"@id\":\"https:\/\/sanluisinforma.com\/#\/schema\/person\/c30648f71476be533b6f59d092905c8b\"},\"headline\":\"Encabeza Presidenta del DIF Capitalino Estela Arriaga, capacitaci\u00f3n para el Distintivo Balance Trabajo\u2013Familia\",\"datePublished\":\"2026-03-14T06:45:00+00:00\",\"dateModified\":\"2026-03-14T04:47:39+00:00\",\"mainEntityOfPage\":{\"@id\":\"https:\/\/sanluisinforma.com\/?p=18237\"},\"wordCount\":333,\"publisher\":{\"@id\":\"https:\/\/sanluisinforma.com\/#organization\"},\"image\":{\"@id\":\"https:\/\/sanluisinforma.com\/?p=18237#primaryimage\"},\"thumbnailUrl\":\"https:\/\/sanluisinforma.com\/wp-content\/uploads\/2026\/03\/unnamed-2-12.jpg\",\"articleSection\":[\"Local\",\"Portada\"],\"inLanguage\":\"es\"},{\"@type\":\"WebPage\",\"@id\":\"https:\/\/sanluisinforma.com\/?p=18237\",\"url\":\"https:\/\/sanluisinforma.com\/?p=18237\",\"name\":\"Encabeza Presidenta del DIF Capitalino Estela Arriaga, capacitaci\u00f3n para el Distintivo Balance Trabajo\u2013Familia - sanluisinforma.com\",\"isPartOf\":{\"@id\":\"https:\/\/sanluisinforma.com\/#website\"},\"primaryImageOfPage\":{\"@id\":\"https:\/\/sanluisinforma.com\/?p=18237#primaryimage\"},\"image\":{\"@id\":\"https:\/\/sanluisinforma.com\/?p=18237#primaryimage\"},\"thumbnailUrl\":\"https:\/\/sanluisinforma.com\/wp-content\/uploads\/2026\/03\/unnamed-2-12.jpg\",\"datePublished\":\"2026-03-14T06:45:00+00:00\",\"dateModified\":\"2026-03-14T04:47:39+00:00\",\"breadcrumb\":{\"@id\":\"https:\/\/sanluisinforma.com\/?p=18237#breadcrumb\"},\"inLanguage\":\"es\",\"potentialAction\":[{\"@type\":\"ReadAction\",\"target\":[\"https:\/\/sanluisinforma.com\/?p=18237\"]}]},{\"@type\":\"ImageObject\",\"inLanguage\":\"es\",\"@id\":\"https:\/\/sanluisinforma.com\/?p=18237#primaryimage\",\"url\":\"https:\/\/sanluisinforma.com\/wp-content\/uploads\/2026\/03\/unnamed-2-12.jpg\",\"contentUrl\":\"https:\/\/sanluisinforma.com\/wp-content\/uploads\/2026\/03\/unnamed-2-12.jpg\",\"width\":300,\"height\":199},{\"@type\":\"BreadcrumbList\",\"@id\":\"https:\/\/sanluisinforma.com\/?p=18237#breadcrumb\",\"itemListElement\":[{\"@type\":\"ListItem\",\"position\":1,\"name\":\"Inicio\",\"item\":\"https:\/\/sanluisinforma.com\/\"},{\"@type\":\"ListItem\",\"position\":2,\"name\":\"Encabeza Presidenta del DIF Capitalino Estela Arriaga, capacitaci\u00f3n para el Distintivo Balance Trabajo\u2013Familia\"}]},{\"@type\":\"WebSite\",\"@id\":\"https:\/\/sanluisinforma.com\/#website\",\"url\":\"https:\/\/sanluisinforma.com\/\",\"name\":\"sanluisinforma.com\",\"description\":\"Periodico San Luis Informa\",\"publisher\":{\"@id\":\"https:\/\/sanluisinforma.com\/#organization\"},\"potentialAction\":[{\"@type\":\"SearchAction\",\"target\":{\"@type\":\"EntryPoint\",\"urlTemplate\":\"https:\/\/sanluisinforma.com\/?s={search_term_string}\"},\"query-input\":{\"@type\":\"PropertyValueSpecification\",\"valueRequired\":true,\"valueName\":\"search_term_string\"}}],\"inLanguage\":\"es\"},{\"@type\":\"Organization\",\"@id\":\"https:\/\/sanluisinforma.com\/#organization\",\"name\":\"sanluisinforma.com\",\"url\":\"https:\/\/sanluisinforma.com\/\",\"logo\":{\"@type\":\"ImageObject\",\"inLanguage\":\"es\",\"@id\":\"https:\/\/sanluisinforma.com\/#\/schema\/logo\/image\/\",\"url\":\"https:\/\/sanluisinforma.com\/wp-content\/uploads\/2026\/03\/sanluisinforma-V.jpg\",\"contentUrl\":\"https:\/\/sanluisinforma.com\/wp-content\/uploads\/2026\/03\/sanluisinforma-V.jpg\",\"width\":500,\"height\":156,\"caption\":\"sanluisinforma.com\"},\"image\":{\"@id\":\"https:\/\/sanluisinforma.com\/#\/schema\/logo\/image\/\"}},{\"@type\":\"Person\",\"@id\":\"https:\/\/sanluisinforma.com\/#\/schema\/person\/c30648f71476be533b6f59d092905c8b\",\"name\":\"sanluisinforma.com\",\"image\":{\"@type\":\"ImageObject\",\"inLanguage\":\"es\",\"@id\":\"https:\/\/sanluisinforma.com\/#\/schema\/person\/image\/\",\"url\":\"https:\/\/secure.gravatar.com\/avatar\/86e3114e34a1eecefb963e0a02f0093f93b092dddb2fe1517596343751081a87?s=96&d=mm&r=g\",\"contentUrl\":\"https:\/\/secure.gravatar.com\/avatar\/86e3114e34a1eecefb963e0a02f0093f93b092dddb2fe1517596343751081a87?s=96&d=mm&r=g\",\"caption\":\"sanluisinforma.com\"},\"url\":\"https:\/\/sanluisinforma.com\/?author=2\"}]}<\/script>\n<!-- \/ Yoast SEO plugin. -->","yoast_head_json":{"title":"Encabeza Presidenta del DIF Capitalino Estela Arriaga, capacitaci\u00f3n para el Distintivo Balance Trabajo\u2013Familia - sanluisinforma.com","robots":{"index":"index","follow":"follow","max-snippet":"max-snippet:-1","max-image-preview":"max-image-preview:large","max-video-preview":"max-video-preview:-1"},"canonical":"https:\/\/sanluisinforma.com\/?p=18237","og_locale":"es_MX","og_type":"article","og_title":"Encabeza Presidenta del DIF Capitalino Estela Arriaga, capacitaci\u00f3n para el Distintivo Balance Trabajo\u2013Familia - sanluisinforma.com","og_description":"\u201cCuando una organizaci\u00f3n apuesta por el equilibrio entre la vida laboral y la familiar, transforma la vida de sus trabajadores","og_url":"https:\/\/sanluisinforma.com\/?p=18237","og_site_name":"sanluisinforma.com","article_published_time":"2026-03-14T06:45:00+00:00","article_modified_time":"2026-03-14T04:47:39+00:00","og_image":[{"width":300,"height":199,"url":"https:\/\/sanluisinforma.com\/wp-content\/uploads\/2026\/03\/unnamed-2-12.jpg","type":"image\/jpeg"}],"author":"sanluisinforma.com","twitter_card":"summary_large_image","twitter_misc":{"Escrito por":"sanluisinforma.com","Tiempo de lectura":"2 minutos"},"schema":{"@context":"https:\/\/schema.org","@graph":[{"@type":"Article","@id":"https:\/\/sanluisinforma.com\/?p=18237#article","isPartOf":{"@id":"https:\/\/sanluisinforma.com\/?p=18237"},"author":{"name":"sanluisinforma.com","@id":"https:\/\/sanluisinforma.com\/#\/schema\/person\/c30648f71476be533b6f59d092905c8b"},"headline":"Encabeza Presidenta del DIF Capitalino Estela Arriaga, capacitaci\u00f3n para el Distintivo Balance Trabajo\u2013Familia","datePublished":"2026-03-14T06:45:00+00:00","dateModified":"2026-03-14T04:47:39+00:00","mainEntityOfPage":{"@id":"https:\/\/sanluisinforma.com\/?p=18237"},"wordCount":333,"publisher":{"@id":"https:\/\/sanluisinforma.com\/#organization"},"image":{"@id":"https:\/\/sanluisinforma.com\/?p=18237#primaryimage"},"thumbnailUrl":"https:\/\/sanluisinforma.com\/wp-content\/uploads\/2026\/03\/unnamed-2-12.jpg","articleSection":["Local","Portada"],"inLanguage":"es"},{"@type":"WebPage","@id":"https:\/\/sanluisinforma.com\/?p=18237","url":"https:\/\/sanluisinforma.com\/?p=18237","name":"Encabeza Presidenta del DIF Capitalino Estela Arriaga, capacitaci\u00f3n para el Distintivo Balance Trabajo\u2013Familia - sanluisinforma.com","isPartOf":{"@id":"https:\/\/sanluisinforma.com\/#website"},"primaryImageOfPage":{"@id":"https:\/\/sanluisinforma.com\/?p=18237#primaryimage"},"image":{"@id":"https:\/\/sanluisinforma.com\/?p=18237#primaryimage"},"thumbnailUrl":"https:\/\/sanluisinforma.com\/wp-content\/uploads\/2026\/03\/unnamed-2-12.jpg","datePublished":"2026-03-14T06:45:00+00:00","dateModified":"2026-03-14T04:47:39+00:00","breadcrumb":{"@id":"https:\/\/sanluisinforma.com\/?p=18237#breadcrumb"},"inLanguage":"es","potentialAction":[{"@type":"ReadAction","target":["https:\/\/sanluisinforma.com\/?p=18237"]}]},{"@type":"ImageObject","inLanguage":"es","@id":"https:\/\/sanluisinforma.com\/?p=18237#primaryimage","url":"https:\/\/sanluisinforma.com\/wp-content\/uploads\/2026\/03\/unnamed-2-12.jpg","contentUrl":"https:\/\/sanluisinforma.com\/wp-content\/uploads\/2026\/03\/unnamed-2-12.jpg","width":300,"height":199},{"@type":"BreadcrumbList","@id":"https:\/\/sanluisinforma.com\/?p=18237#breadcrumb","itemListElement":[{"@type":"ListItem","position":1,"name":"Inicio","item":"https:\/\/sanluisinforma.com\/"},{"@type":"ListItem","position":2,"name":"Encabeza Presidenta del DIF Capitalino Estela Arriaga, capacitaci\u00f3n para el Distintivo Balance Trabajo\u2013Familia"}]},{"@type":"WebSite","@id":"https:\/\/sanluisinforma.com\/#website","url":"https:\/\/sanluisinforma.com\/","name":"sanluisinforma.com","description":"Periodico San Luis Informa","publisher":{"@id":"https:\/\/sanluisinforma.com\/#organization"},"potentialAction":[{"@type":"SearchAction","target":{"@type":"EntryPoint","urlTemplate":"https:\/\/sanluisinforma.com\/?s={search_term_string}"},"query-input":{"@type":"PropertyValueSpecification","valueRequired":true,"valueName":"search_term_string"}}],"inLanguage":"es"},{"@type":"Organization","@id":"https:\/\/sanluisinforma.com\/#organization","name":"sanluisinforma.com","url":"https:\/\/sanluisinforma.com\/","logo":{"@type":"ImageObject","inLanguage":"es","@id":"https:\/\/sanluisinforma.com\/#\/schema\/logo\/image\/","url":"https:\/\/sanluisinforma.com\/wp-content\/uploads\/2026\/03\/sanluisinforma-V.jpg","contentUrl":"https:\/\/sanluisinforma.com\/wp-content\/uploads\/2026\/03\/sanluisinforma-V.jpg","width":500,"height":156,"caption":"sanluisinforma.com"},"image":{"@id":"https:\/\/sanluisinforma.com\/#\/schema\/logo\/image\/"}},{"@type":"Person","@id":"https:\/\/sanluisinforma.com\/#\/schema\/person\/c30648f71476be533b6f59d092905c8b","name":"sanluisinforma.com","image":{"@type":"ImageObject","inLanguage":"es","@id":"https:\/\/sanluisinforma.com\/#\/schema\/person\/image\/","url":"https:\/\/secure.gravatar.com\/avatar\/86e3114e34a1eecefb963e0a02f0093f93b092dddb2fe1517596343751081a87?s=96&d=mm&r=g","contentUrl":"https:\/\/secure.gravatar.com\/avatar\/86e3114e34a1eecefb963e0a02f0093f93b092dddb2fe1517596343751081a87?s=96&d=mm&r=g","caption":"sanluisinforma.com"},"url":"https:\/\/sanluisinforma.com\/?author=2"}]}},"_links":{"self":[{"href":"https:\/\/sanluisinforma.com\/index.php?rest_route=\/wp\/v2\/posts\/18237","targetHints":{"allow":["GET"]}}],"collection":[{"href":"https:\/\/sanluisinforma.com\/index.php?rest_route=\/wp\/v2\/posts"}],"about":[{"href":"https:\/\/sanluisinforma.com\/index.php?rest_route=\/wp\/v2\/types\/post"}],"author":[{"embeddable":true,"href":"https:\/\/sanluisinforma.com\/index.php?rest_route=\/wp\/v2\/users\/2"}],"replies":[{"embeddable":true,"href":"https:\/\/sanluisinforma.com\/index.php?rest_route=%2Fwp%2Fv2%2Fcomments&post=18237"}],"version-history":[{"count":1,"href":"https:\/\/sanluisinforma.com\/index.php?rest_route=\/wp\/v2\/posts\/18237\/revisions"}],"predecessor-version":[{"id":18239,"href":"https:\/\/sanluisinforma.com\/index.php?rest_route=\/wp\/v2\/posts\/18237\/revisions\/18239"}],"wp:featuredmedia":[{"embeddable":true,"href":"https:\/\/sanluisinforma.com\/index.php?rest_route=\/wp\/v2\/media\/18238"}],"wp:attachment":[{"href":"https:\/\/sanluisinforma.com\/index.php?rest_route=%2Fwp%2Fv2%2Fmedia&parent=18237"}],"wp:term":[{"taxonomy":"category","embeddable":true,"href":"https:\/\/sanluisinforma.com\/index.php?rest_route=%2Fwp%2Fv2%2Fcategories&post=18237"},{"taxonomy":"post_tag","embeddable":true,"href":"https:\/\/sanluisinforma.com\/index.php?rest_route=%2Fwp%2Fv2%2Ftags&post=18237"}],"curies":[{"name":"wp","href":"https:\/\/api.w.org\/{rel}","templated":true}]}}