{"id":18240,"date":"2026-03-14T00:50:00","date_gmt":"2026-03-14T06:50:00","guid":{"rendered":"https:\/\/sanluisinforma.com\/?p=18240"},"modified":"2026-03-13T22:47:22","modified_gmt":"2026-03-14T04:47:22","slug":"listo-san-luis-capital-para-la-edicion-73-de-la-procesion-del-silencio","status":"publish","type":"post","link":"https:\/\/sanluisinforma.com\/?p=18240","title":{"rendered":"Listo San Luis Capital para la edici\u00f3n 73 de la Procesi\u00f3n del Silencio"},"content":{"rendered":"\n<p><\/p>\n\n\n\n<ul class=\"wp-block-list\">\n<li>En la presentaci\u00f3n de este tradicional evento de Semana Santa, el Alcalde Enrique Galindo resalt\u00f3 la uni\u00f3n de esfuerzos del Gobierno de la Capital con Tradiciones Potosinas y el Poder Ejecutivo del Estado; est\u00e1 garantizada la seguridad y los servicios municipales para las y los 120 mil visitantes.<\/li>\n<\/ul>\n\n\n\n<p>&#8220;El Gobierno de la Capital ya est\u00e1 listo para colaborar en la realizaci\u00f3n de la Procesi\u00f3n del Silencio con proyecci\u00f3n internacional&#8221;, declar\u00f3 el Presidente Municipal, Enrique Galindo Ceballos en la presentaci\u00f3n de la LXXIII edici\u00f3n de la Procesi\u00f3n del Silencio.<\/p>\n\n\n\n<p>El Presidente Municipal Enrique Galindo Ceballos puntualiz\u00f3 que cada a\u00f1o se atiende el llamado para apoyar la Procesi\u00f3n del Silencio, una tradici\u00f3n que se enmarca en la Semana Santa y el Festival Internacional San Luis en Primavera. Reconoci\u00f3 el esfuerzo de&nbsp; la Asociaci\u00f3n Tradiciones Potosinas y tambi\u00e9n el respaldo del Gobierno Estatal para llevar a cabo la Procesi\u00f3n del Silencio, la cual, una vez m\u00e1s ser\u00e1 inclusiva ya que contar\u00e1 con espacios y actividades a favor de las personas con discapacidad.<\/p>\n\n\n\n<p>Asimismo, el Alcalde Enrique Galindo dio a conocer que para la pr\u00f3xima temporada vacacional se esperan en la ciudad 120 mil visitantes, de los cuales 25 mil ser\u00edan turistas de Espa\u00f1a, Estados Unidos, Colombia, entre otros pa\u00edses, y se espera una derrama de hasta 200 millones de pesos. A\u00f1adi\u00f3 que la seguridad y otros servicios municipales est\u00e1n garantizados.<\/p>\n\n\n\n<p>En representaci\u00f3n del Gobernador Ricardo Gallardo Cardona; el secretario de Cultura Mario Garc\u00eda Vald\u00e9s insisti\u00f3 en el realce &#8220;a esta tradici\u00f3n que enarbola la religiosidad y devoci\u00f3n de las potosinas y potosinos, que tambi\u00e9n tiene un impacto cultural y social&#8221; . Reconoci\u00f3 a las Cofrad\u00edas &#8220;que cargan con ese fervor im\u00e1genes muy veneradas, donde participan m\u00e1s de 2 mil cofrades, con lo que se confirma a San Luis como un destino de historia, de cultura y religiosidad&#8221;.<\/p>\n\n\n\n<p>Por su parte, el Presidente de Tradiciones Potosinas, Jacinto Guti\u00e9rrez Munian, se\u00f1al\u00f3 que la Procesi\u00f3n del Silencio es &#8220;orgullo no s\u00f3lo de San Luis Potos\u00ed sino del pa\u00eds, gracias a este evento tan singular y de gran espectacularidad y con gran arraigo en el pueblo potosino<\/p>\n","protected":false},"excerpt":{"rendered":"<p>&#8220;El Gobierno de la Capital ya est\u00e1 listo para colaborar en la realizaci\u00f3n de la Procesi\u00f3n del Silencio con proyecci\u00f3n<\/p>\n","protected":false},"author":2,"featured_media":18241,"comment_status":"closed","ping_status":"closed","sticky":false,"template":"","format":"standard","meta":{"footnotes":""},"categories":[25,30],"tags":[],"class_list":["post-18240","post","type-post","status-publish","format-standard","has-post-thumbnail","hentry","category-local","category-portada"],"yoast_head":"<!-- This site is optimized with the Yoast SEO plugin v24.1 - https:\/\/yoast.com\/wordpress\/plugins\/seo\/ -->\n<title>Listo San Luis Capital para la edici\u00f3n 73 de la Procesi\u00f3n del Silencio - sanluisinforma.com<\/title>\n<meta name=\"robots\" content=\"index, follow, max-snippet:-1, max-image-preview:large, max-video-preview:-1\" \/>\n<link rel=\"canonical\" href=\"https:\/\/sanluisinforma.com\/?p=18240\" \/>\n<meta property=\"og:locale\" content=\"es_MX\" \/>\n<meta property=\"og:type\" content=\"article\" \/>\n<meta property=\"og:title\" content=\"Listo San Luis Capital para la edici\u00f3n 73 de la Procesi\u00f3n del Silencio - sanluisinforma.com\" \/>\n<meta property=\"og:description\" content=\"&#8220;El Gobierno de la Capital ya est\u00e1 listo para colaborar en la realizaci\u00f3n de la Procesi\u00f3n del Silencio con proyecci\u00f3n\" \/>\n<meta property=\"og:url\" content=\"https:\/\/sanluisinforma.com\/?p=18240\" \/>\n<meta property=\"og:site_name\" content=\"sanluisinforma.com\" \/>\n<meta property=\"article:published_time\" content=\"2026-03-14T06:50:00+00:00\" \/>\n<meta property=\"article:modified_time\" content=\"2026-03-14T04:47:22+00:00\" \/>\n<meta property=\"og:image\" content=\"https:\/\/sanluisinforma.com\/wp-content\/uploads\/2026\/03\/unnamed-4-5.jpg\" \/>\n\t<meta property=\"og:image:width\" content=\"300\" \/>\n\t<meta property=\"og:image:height\" content=\"187\" \/>\n\t<meta property=\"og:image:type\" content=\"image\/jpeg\" \/>\n<meta name=\"author\" content=\"sanluisinforma.com\" \/>\n<meta name=\"twitter:card\" content=\"summary_large_image\" \/>\n<meta name=\"twitter:label1\" content=\"Escrito por\" \/>\n\t<meta name=\"twitter:data1\" content=\"sanluisinforma.com\" \/>\n\t<meta name=\"twitter:label2\" content=\"Tiempo de lectura\" \/>\n\t<meta name=\"twitter:data2\" content=\"2 minutos\" \/>\n<script type=\"application\/ld+json\" class=\"yoast-schema-graph\">{\"@context\":\"https:\/\/schema.org\",\"@graph\":[{\"@type\":\"Article\",\"@id\":\"https:\/\/sanluisinforma.com\/?p=18240#article\",\"isPartOf\":{\"@id\":\"https:\/\/sanluisinforma.com\/?p=18240\"},\"author\":{\"name\":\"sanluisinforma.com\",\"@id\":\"https:\/\/sanluisinforma.com\/#\/schema\/person\/c30648f71476be533b6f59d092905c8b\"},\"headline\":\"Listo San Luis Capital para la edici\u00f3n 73 de la Procesi\u00f3n del Silencio\",\"datePublished\":\"2026-03-14T06:50:00+00:00\",\"dateModified\":\"2026-03-14T04:47:22+00:00\",\"mainEntityOfPage\":{\"@id\":\"https:\/\/sanluisinforma.com\/?p=18240\"},\"wordCount\":394,\"publisher\":{\"@id\":\"https:\/\/sanluisinforma.com\/#organization\"},\"image\":{\"@id\":\"https:\/\/sanluisinforma.com\/?p=18240#primaryimage\"},\"thumbnailUrl\":\"https:\/\/sanluisinforma.com\/wp-content\/uploads\/2026\/03\/unnamed-4-5.jpg\",\"articleSection\":[\"Local\",\"Portada\"],\"inLanguage\":\"es\"},{\"@type\":\"WebPage\",\"@id\":\"https:\/\/sanluisinforma.com\/?p=18240\",\"url\":\"https:\/\/sanluisinforma.com\/?p=18240\",\"name\":\"Listo San Luis Capital para la edici\u00f3n 73 de la Procesi\u00f3n del Silencio - sanluisinforma.com\",\"isPartOf\":{\"@id\":\"https:\/\/sanluisinforma.com\/#website\"},\"primaryImageOfPage\":{\"@id\":\"https:\/\/sanluisinforma.com\/?p=18240#primaryimage\"},\"image\":{\"@id\":\"https:\/\/sanluisinforma.com\/?p=18240#primaryimage\"},\"thumbnailUrl\":\"https:\/\/sanluisinforma.com\/wp-content\/uploads\/2026\/03\/unnamed-4-5.jpg\",\"datePublished\":\"2026-03-14T06:50:00+00:00\",\"dateModified\":\"2026-03-14T04:47:22+00:00\",\"breadcrumb\":{\"@id\":\"https:\/\/sanluisinforma.com\/?p=18240#breadcrumb\"},\"inLanguage\":\"es\",\"potentialAction\":[{\"@type\":\"ReadAction\",\"target\":[\"https:\/\/sanluisinforma.com\/?p=18240\"]}]},{\"@type\":\"ImageObject\",\"inLanguage\":\"es\",\"@id\":\"https:\/\/sanluisinforma.com\/?p=18240#primaryimage\",\"url\":\"https:\/\/sanluisinforma.com\/wp-content\/uploads\/2026\/03\/unnamed-4-5.jpg\",\"contentUrl\":\"https:\/\/sanluisinforma.com\/wp-content\/uploads\/2026\/03\/unnamed-4-5.jpg\",\"width\":300,\"height\":187},{\"@type\":\"BreadcrumbList\",\"@id\":\"https:\/\/sanluisinforma.com\/?p=18240#breadcrumb\",\"itemListElement\":[{\"@type\":\"ListItem\",\"position\":1,\"name\":\"Inicio\",\"item\":\"https:\/\/sanluisinforma.com\/\"},{\"@type\":\"ListItem\",\"position\":2,\"name\":\"Listo San Luis Capital para la edici\u00f3n 73 de la Procesi\u00f3n del Silencio\"}]},{\"@type\":\"WebSite\",\"@id\":\"https:\/\/sanluisinforma.com\/#website\",\"url\":\"https:\/\/sanluisinforma.com\/\",\"name\":\"sanluisinforma.com\",\"description\":\"Periodico San Luis Informa\",\"publisher\":{\"@id\":\"https:\/\/sanluisinforma.com\/#organization\"},\"potentialAction\":[{\"@type\":\"SearchAction\",\"target\":{\"@type\":\"EntryPoint\",\"urlTemplate\":\"https:\/\/sanluisinforma.com\/?s={search_term_string}\"},\"query-input\":{\"@type\":\"PropertyValueSpecification\",\"valueRequired\":true,\"valueName\":\"search_term_string\"}}],\"inLanguage\":\"es\"},{\"@type\":\"Organization\",\"@id\":\"https:\/\/sanluisinforma.com\/#organization\",\"name\":\"sanluisinforma.com\",\"url\":\"https:\/\/sanluisinforma.com\/\",\"logo\":{\"@type\":\"ImageObject\",\"inLanguage\":\"es\",\"@id\":\"https:\/\/sanluisinforma.com\/#\/schema\/logo\/image\/\",\"url\":\"https:\/\/sanluisinforma.com\/wp-content\/uploads\/2026\/03\/sanluisinforma-V.jpg\",\"contentUrl\":\"https:\/\/sanluisinforma.com\/wp-content\/uploads\/2026\/03\/sanluisinforma-V.jpg\",\"width\":500,\"height\":156,\"caption\":\"sanluisinforma.com\"},\"image\":{\"@id\":\"https:\/\/sanluisinforma.com\/#\/schema\/logo\/image\/\"}},{\"@type\":\"Person\",\"@id\":\"https:\/\/sanluisinforma.com\/#\/schema\/person\/c30648f71476be533b6f59d092905c8b\",\"name\":\"sanluisinforma.com\",\"image\":{\"@type\":\"ImageObject\",\"inLanguage\":\"es\",\"@id\":\"https:\/\/sanluisinforma.com\/#\/schema\/person\/image\/\",\"url\":\"https:\/\/secure.gravatar.com\/avatar\/86e3114e34a1eecefb963e0a02f0093f93b092dddb2fe1517596343751081a87?s=96&d=mm&r=g\",\"contentUrl\":\"https:\/\/secure.gravatar.com\/avatar\/86e3114e34a1eecefb963e0a02f0093f93b092dddb2fe1517596343751081a87?s=96&d=mm&r=g\",\"caption\":\"sanluisinforma.com\"},\"url\":\"https:\/\/sanluisinforma.com\/?author=2\"}]}<\/script>\n<!-- \/ Yoast SEO plugin. -->","yoast_head_json":{"title":"Listo San Luis Capital para la edici\u00f3n 73 de la Procesi\u00f3n del Silencio - sanluisinforma.com","robots":{"index":"index","follow":"follow","max-snippet":"max-snippet:-1","max-image-preview":"max-image-preview:large","max-video-preview":"max-video-preview:-1"},"canonical":"https:\/\/sanluisinforma.com\/?p=18240","og_locale":"es_MX","og_type":"article","og_title":"Listo San Luis Capital para la edici\u00f3n 73 de la Procesi\u00f3n del Silencio - sanluisinforma.com","og_description":"&#8220;El Gobierno de la Capital ya est\u00e1 listo para colaborar en la realizaci\u00f3n de la Procesi\u00f3n del Silencio con proyecci\u00f3n","og_url":"https:\/\/sanluisinforma.com\/?p=18240","og_site_name":"sanluisinforma.com","article_published_time":"2026-03-14T06:50:00+00:00","article_modified_time":"2026-03-14T04:47:22+00:00","og_image":[{"width":300,"height":187,"url":"https:\/\/sanluisinforma.com\/wp-content\/uploads\/2026\/03\/unnamed-4-5.jpg","type":"image\/jpeg"}],"author":"sanluisinforma.com","twitter_card":"summary_large_image","twitter_misc":{"Escrito por":"sanluisinforma.com","Tiempo de lectura":"2 minutos"},"schema":{"@context":"https:\/\/schema.org","@graph":[{"@type":"Article","@id":"https:\/\/sanluisinforma.com\/?p=18240#article","isPartOf":{"@id":"https:\/\/sanluisinforma.com\/?p=18240"},"author":{"name":"sanluisinforma.com","@id":"https:\/\/sanluisinforma.com\/#\/schema\/person\/c30648f71476be533b6f59d092905c8b"},"headline":"Listo San Luis Capital para la edici\u00f3n 73 de la Procesi\u00f3n del Silencio","datePublished":"2026-03-14T06:50:00+00:00","dateModified":"2026-03-14T04:47:22+00:00","mainEntityOfPage":{"@id":"https:\/\/sanluisinforma.com\/?p=18240"},"wordCount":394,"publisher":{"@id":"https:\/\/sanluisinforma.com\/#organization"},"image":{"@id":"https:\/\/sanluisinforma.com\/?p=18240#primaryimage"},"thumbnailUrl":"https:\/\/sanluisinforma.com\/wp-content\/uploads\/2026\/03\/unnamed-4-5.jpg","articleSection":["Local","Portada"],"inLanguage":"es"},{"@type":"WebPage","@id":"https:\/\/sanluisinforma.com\/?p=18240","url":"https:\/\/sanluisinforma.com\/?p=18240","name":"Listo San Luis Capital para la edici\u00f3n 73 de la Procesi\u00f3n del Silencio - sanluisinforma.com","isPartOf":{"@id":"https:\/\/sanluisinforma.com\/#website"},"primaryImageOfPage":{"@id":"https:\/\/sanluisinforma.com\/?p=18240#primaryimage"},"image":{"@id":"https:\/\/sanluisinforma.com\/?p=18240#primaryimage"},"thumbnailUrl":"https:\/\/sanluisinforma.com\/wp-content\/uploads\/2026\/03\/unnamed-4-5.jpg","datePublished":"2026-03-14T06:50:00+00:00","dateModified":"2026-03-14T04:47:22+00:00","breadcrumb":{"@id":"https:\/\/sanluisinforma.com\/?p=18240#breadcrumb"},"inLanguage":"es","potentialAction":[{"@type":"ReadAction","target":["https:\/\/sanluisinforma.com\/?p=18240"]}]},{"@type":"ImageObject","inLanguage":"es","@id":"https:\/\/sanluisinforma.com\/?p=18240#primaryimage","url":"https:\/\/sanluisinforma.com\/wp-content\/uploads\/2026\/03\/unnamed-4-5.jpg","contentUrl":"https:\/\/sanluisinforma.com\/wp-content\/uploads\/2026\/03\/unnamed-4-5.jpg","width":300,"height":187},{"@type":"BreadcrumbList","@id":"https:\/\/sanluisinforma.com\/?p=18240#breadcrumb","itemListElement":[{"@type":"ListItem","position":1,"name":"Inicio","item":"https:\/\/sanluisinforma.com\/"},{"@type":"ListItem","position":2,"name":"Listo San Luis Capital para la edici\u00f3n 73 de la Procesi\u00f3n del Silencio"}]},{"@type":"WebSite","@id":"https:\/\/sanluisinforma.com\/#website","url":"https:\/\/sanluisinforma.com\/","name":"sanluisinforma.com","description":"Periodico San Luis Informa","publisher":{"@id":"https:\/\/sanluisinforma.com\/#organization"},"potentialAction":[{"@type":"SearchAction","target":{"@type":"EntryPoint","urlTemplate":"https:\/\/sanluisinforma.com\/?s={search_term_string}"},"query-input":{"@type":"PropertyValueSpecification","valueRequired":true,"valueName":"search_term_string"}}],"inLanguage":"es"},{"@type":"Organization","@id":"https:\/\/sanluisinforma.com\/#organization","name":"sanluisinforma.com","url":"https:\/\/sanluisinforma.com\/","logo":{"@type":"ImageObject","inLanguage":"es","@id":"https:\/\/sanluisinforma.com\/#\/schema\/logo\/image\/","url":"https:\/\/sanluisinforma.com\/wp-content\/uploads\/2026\/03\/sanluisinforma-V.jpg","contentUrl":"https:\/\/sanluisinforma.com\/wp-content\/uploads\/2026\/03\/sanluisinforma-V.jpg","width":500,"height":156,"caption":"sanluisinforma.com"},"image":{"@id":"https:\/\/sanluisinforma.com\/#\/schema\/logo\/image\/"}},{"@type":"Person","@id":"https:\/\/sanluisinforma.com\/#\/schema\/person\/c30648f71476be533b6f59d092905c8b","name":"sanluisinforma.com","image":{"@type":"ImageObject","inLanguage":"es","@id":"https:\/\/sanluisinforma.com\/#\/schema\/person\/image\/","url":"https:\/\/secure.gravatar.com\/avatar\/86e3114e34a1eecefb963e0a02f0093f93b092dddb2fe1517596343751081a87?s=96&d=mm&r=g","contentUrl":"https:\/\/secure.gravatar.com\/avatar\/86e3114e34a1eecefb963e0a02f0093f93b092dddb2fe1517596343751081a87?s=96&d=mm&r=g","caption":"sanluisinforma.com"},"url":"https:\/\/sanluisinforma.com\/?author=2"}]}},"_links":{"self":[{"href":"https:\/\/sanluisinforma.com\/index.php?rest_route=\/wp\/v2\/posts\/18240","targetHints":{"allow":["GET"]}}],"collection":[{"href":"https:\/\/sanluisinforma.com\/index.php?rest_route=\/wp\/v2\/posts"}],"about":[{"href":"https:\/\/sanluisinforma.com\/index.php?rest_route=\/wp\/v2\/types\/post"}],"author":[{"embeddable":true,"href":"https:\/\/sanluisinforma.com\/index.php?rest_route=\/wp\/v2\/users\/2"}],"replies":[{"embeddable":true,"href":"https:\/\/sanluisinforma.com\/index.php?rest_route=%2Fwp%2Fv2%2Fcomments&post=18240"}],"version-history":[{"count":1,"href":"https:\/\/sanluisinforma.com\/index.php?rest_route=\/wp\/v2\/posts\/18240\/revisions"}],"predecessor-version":[{"id":18242,"href":"https:\/\/sanluisinforma.com\/index.php?rest_route=\/wp\/v2\/posts\/18240\/revisions\/18242"}],"wp:featuredmedia":[{"embeddable":true,"href":"https:\/\/sanluisinforma.com\/index.php?rest_route=\/wp\/v2\/media\/18241"}],"wp:attachment":[{"href":"https:\/\/sanluisinforma.com\/index.php?rest_route=%2Fwp%2Fv2%2Fmedia&parent=18240"}],"wp:term":[{"taxonomy":"category","embeddable":true,"href":"https:\/\/sanluisinforma.com\/index.php?rest_route=%2Fwp%2Fv2%2Fcategories&post=18240"},{"taxonomy":"post_tag","embeddable":true,"href":"https:\/\/sanluisinforma.com\/index.php?rest_route=%2Fwp%2Fv2%2Ftags&post=18240"}],"curies":[{"name":"wp","href":"https:\/\/api.w.org\/{rel}","templated":true}]}}