{"id":18246,"date":"2026-03-15T00:50:00","date_gmt":"2026-03-15T06:50:00","guid":{"rendered":"https:\/\/sanluisinforma.com\/?p=18246"},"modified":"2026-03-14T21:34:01","modified_gmt":"2026-03-15T03:34:01","slug":"desde-san-luis-capital-gabriela-warkentin-llama-a-mujeres-a-defender-sus-espacios-y-derechos","status":"publish","type":"post","link":"https:\/\/sanluisinforma.com\/?p=18246","title":{"rendered":"Desde San Luis Capital, Gabriela Warkentin llama a mujeres a defender sus espacios y derechos"},"content":{"rendered":"\n<p><\/p>\n\n\n\n<ul class=\"wp-block-list\">\n<li>_*Impulsada por el Alcalde Enrique Galindo Ceballos y la Presidenta del DIF Municipal, Estela Arriaga M\u00e1rquez, la conferencia \u201cAvances visibles, barreras invisibles\u201d, impartida por la periodista y acad\u00e9mica Gabriela Warkentin en el Centro de Negocios Potos\u00ed, form\u00f3 parte de las jornadas \u201cUnidas Somos Poderosas\u201d con motivo del 8M, donde se reflexion\u00f3 sobre los avances de las mujeres y las barreras que a\u00fan persisten para alcanzar la igualdad._<\/li>\n<\/ul>\n\n\n\n<p>En el marco del ciclo de conferencias organizado por el Gobierno de la Capital para conmemorar el D\u00eda Internacional de la Mujer, iniciativa impulsada por el Alcalde Enrique Galindo Ceballos y la Presidenta del DIF Municipal Estela Arriaga M\u00e1rquez, la destacada comunicadora, articulista y acad\u00e9mica Gabriela Warkentin ofreci\u00f3 la conferencia magistral \u201cAvances visibles, barreras invisibles\u201d, en la que subray\u00f3 que, aunque cada vez se han abierto m\u00e1s espacios para las mujeres, en M\u00e9xico a\u00fan persisten injusticias y rezagos frente a los que es necesario seguir alzando la voz.<\/p>\n\n\n\n<p>Con una brillante trayectoria que la ha convertido en una de las voces m\u00e1s influyentes en el \u00e1mbito period\u00edstico y acad\u00e9mico del pa\u00eds, Warkentin de la Mora hizo tambi\u00e9n un reconocimiento al Alcalde Enrique Galindo por las acciones que ha impulsado desde el Gobierno Municipal en favor de las mujeres.<\/p>\n\n\n\n<p>Durante su exposici\u00f3n, Gabriela Warkentin exhort\u00f3 a las mujeres que abarrotaron el recinto a no dejar de alzar la voz, a fijarse prop\u00f3sitos y horizontes, y a recordar que siempre hay m\u00e1s de una manera de contar una historia. Tambi\u00e9n invit\u00f3 a mirarse en el espejo \u2014aunque duela\u2014 para reconocer la realidad y los logros alcanzados, as\u00ed como a hacer una mirada retrospectiva que permita valorar si han valido la pena las experiencias vividas.<\/p>\n\n\n\n<p>Asimismo, destac\u00f3 el ambiente de amabilidad que se vive en la ciudad, \u201cque coincide con la frase San Luis Amable que identifica al Gobierno Municipal\u201d, y agradeci\u00f3 el entusiasmo de las mujeres potosinas para participar y aprovechar el ciclo de conferencias organizado por el Ayuntamiento en el marco de la conmemoraci\u00f3n del D\u00eda de la Mujer.<\/p>\n\n\n\n<p>En su intervenci\u00f3n, la Presidenta del Sistema DIF Municipal, Estela Arriaga M\u00e1rquez, reafirm\u00f3 la convicci\u00f3n de este Gobierno de impulsar, desde 2021, pol\u00edticas p\u00fablicas, programas y acciones orientadas a fortalecer los derechos y la protecci\u00f3n de las mujeres.<\/p>\n\n\n\n<p>Se\u00f1al\u00f3 que estas acciones hoy se reflejan en aulas, calles, universidades, mercados y hospitales, donde se han integrado estrategias para identificar y prevenir cualquier tipo de violencia contra las mujeres, as\u00ed como para brindar atenci\u00f3n oportuna a quienes se encuentran en situaci\u00f3n de riesgo o han sido v\u00edctimas de alguna agresi\u00f3n.<\/p>\n","protected":false},"excerpt":{"rendered":"<p>En el marco del ciclo de conferencias organizado por el Gobierno de la Capital para conmemorar el D\u00eda Internacional de<\/p>\n","protected":false},"author":2,"featured_media":18247,"comment_status":"closed","ping_status":"closed","sticky":false,"template":"","format":"standard","meta":{"footnotes":""},"categories":[25,30],"tags":[],"class_list":["post-18246","post","type-post","status-publish","format-standard","has-post-thumbnail","hentry","category-local","category-portada"],"yoast_head":"<!-- This site is optimized with the Yoast SEO plugin v24.1 - https:\/\/yoast.com\/wordpress\/plugins\/seo\/ -->\n<title>Desde San Luis Capital, Gabriela Warkentin llama a mujeres a defender sus espacios y derechos - sanluisinforma.com<\/title>\n<meta name=\"robots\" content=\"index, follow, max-snippet:-1, max-image-preview:large, max-video-preview:-1\" \/>\n<link rel=\"canonical\" href=\"https:\/\/sanluisinforma.com\/?p=18246\" \/>\n<meta property=\"og:locale\" content=\"es_MX\" \/>\n<meta property=\"og:type\" content=\"article\" \/>\n<meta property=\"og:title\" content=\"Desde San Luis Capital, Gabriela Warkentin llama a mujeres a defender sus espacios y derechos - sanluisinforma.com\" \/>\n<meta property=\"og:description\" content=\"En el marco del ciclo de conferencias organizado por el Gobierno de la Capital para conmemorar el D\u00eda Internacional de\" \/>\n<meta property=\"og:url\" content=\"https:\/\/sanluisinforma.com\/?p=18246\" \/>\n<meta property=\"og:site_name\" content=\"sanluisinforma.com\" \/>\n<meta property=\"article:published_time\" content=\"2026-03-15T06:50:00+00:00\" \/>\n<meta property=\"article:modified_time\" content=\"2026-03-15T03:34:01+00:00\" \/>\n<meta property=\"og:image\" content=\"https:\/\/sanluisinforma.com\/wp-content\/uploads\/2026\/03\/unnamed-18.jpg\" \/>\n\t<meta property=\"og:image:width\" content=\"300\" \/>\n\t<meta property=\"og:image:height\" content=\"210\" \/>\n\t<meta property=\"og:image:type\" content=\"image\/jpeg\" \/>\n<meta name=\"author\" content=\"sanluisinforma.com\" \/>\n<meta name=\"twitter:card\" content=\"summary_large_image\" \/>\n<meta name=\"twitter:label1\" content=\"Escrito por\" \/>\n\t<meta name=\"twitter:data1\" content=\"sanluisinforma.com\" \/>\n\t<meta name=\"twitter:label2\" content=\"Tiempo de lectura\" \/>\n\t<meta name=\"twitter:data2\" content=\"3 minutos\" \/>\n<script type=\"application\/ld+json\" class=\"yoast-schema-graph\">{\"@context\":\"https:\/\/schema.org\",\"@graph\":[{\"@type\":\"Article\",\"@id\":\"https:\/\/sanluisinforma.com\/?p=18246#article\",\"isPartOf\":{\"@id\":\"https:\/\/sanluisinforma.com\/?p=18246\"},\"author\":{\"name\":\"sanluisinforma.com\",\"@id\":\"https:\/\/sanluisinforma.com\/#\/schema\/person\/c30648f71476be533b6f59d092905c8b\"},\"headline\":\"Desde San Luis Capital, Gabriela Warkentin llama a mujeres a defender sus espacios y derechos\",\"datePublished\":\"2026-03-15T06:50:00+00:00\",\"dateModified\":\"2026-03-15T03:34:01+00:00\",\"mainEntityOfPage\":{\"@id\":\"https:\/\/sanluisinforma.com\/?p=18246\"},\"wordCount\":469,\"publisher\":{\"@id\":\"https:\/\/sanluisinforma.com\/#organization\"},\"image\":{\"@id\":\"https:\/\/sanluisinforma.com\/?p=18246#primaryimage\"},\"thumbnailUrl\":\"https:\/\/sanluisinforma.com\/wp-content\/uploads\/2026\/03\/unnamed-18.jpg\",\"articleSection\":[\"Local\",\"Portada\"],\"inLanguage\":\"es\"},{\"@type\":\"WebPage\",\"@id\":\"https:\/\/sanluisinforma.com\/?p=18246\",\"url\":\"https:\/\/sanluisinforma.com\/?p=18246\",\"name\":\"Desde San Luis Capital, Gabriela Warkentin llama a mujeres a defender sus espacios y derechos - sanluisinforma.com\",\"isPartOf\":{\"@id\":\"https:\/\/sanluisinforma.com\/#website\"},\"primaryImageOfPage\":{\"@id\":\"https:\/\/sanluisinforma.com\/?p=18246#primaryimage\"},\"image\":{\"@id\":\"https:\/\/sanluisinforma.com\/?p=18246#primaryimage\"},\"thumbnailUrl\":\"https:\/\/sanluisinforma.com\/wp-content\/uploads\/2026\/03\/unnamed-18.jpg\",\"datePublished\":\"2026-03-15T06:50:00+00:00\",\"dateModified\":\"2026-03-15T03:34:01+00:00\",\"breadcrumb\":{\"@id\":\"https:\/\/sanluisinforma.com\/?p=18246#breadcrumb\"},\"inLanguage\":\"es\",\"potentialAction\":[{\"@type\":\"ReadAction\",\"target\":[\"https:\/\/sanluisinforma.com\/?p=18246\"]}]},{\"@type\":\"ImageObject\",\"inLanguage\":\"es\",\"@id\":\"https:\/\/sanluisinforma.com\/?p=18246#primaryimage\",\"url\":\"https:\/\/sanluisinforma.com\/wp-content\/uploads\/2026\/03\/unnamed-18.jpg\",\"contentUrl\":\"https:\/\/sanluisinforma.com\/wp-content\/uploads\/2026\/03\/unnamed-18.jpg\",\"width\":300,\"height\":210},{\"@type\":\"BreadcrumbList\",\"@id\":\"https:\/\/sanluisinforma.com\/?p=18246#breadcrumb\",\"itemListElement\":[{\"@type\":\"ListItem\",\"position\":1,\"name\":\"Inicio\",\"item\":\"https:\/\/sanluisinforma.com\/\"},{\"@type\":\"ListItem\",\"position\":2,\"name\":\"Desde San Luis Capital, Gabriela Warkentin llama a mujeres a defender sus espacios y derechos\"}]},{\"@type\":\"WebSite\",\"@id\":\"https:\/\/sanluisinforma.com\/#website\",\"url\":\"https:\/\/sanluisinforma.com\/\",\"name\":\"sanluisinforma.com\",\"description\":\"Periodico San Luis Informa\",\"publisher\":{\"@id\":\"https:\/\/sanluisinforma.com\/#organization\"},\"potentialAction\":[{\"@type\":\"SearchAction\",\"target\":{\"@type\":\"EntryPoint\",\"urlTemplate\":\"https:\/\/sanluisinforma.com\/?s={search_term_string}\"},\"query-input\":{\"@type\":\"PropertyValueSpecification\",\"valueRequired\":true,\"valueName\":\"search_term_string\"}}],\"inLanguage\":\"es\"},{\"@type\":\"Organization\",\"@id\":\"https:\/\/sanluisinforma.com\/#organization\",\"name\":\"sanluisinforma.com\",\"url\":\"https:\/\/sanluisinforma.com\/\",\"logo\":{\"@type\":\"ImageObject\",\"inLanguage\":\"es\",\"@id\":\"https:\/\/sanluisinforma.com\/#\/schema\/logo\/image\/\",\"url\":\"https:\/\/sanluisinforma.com\/wp-content\/uploads\/2026\/03\/sanluisinforma-V.jpg\",\"contentUrl\":\"https:\/\/sanluisinforma.com\/wp-content\/uploads\/2026\/03\/sanluisinforma-V.jpg\",\"width\":500,\"height\":156,\"caption\":\"sanluisinforma.com\"},\"image\":{\"@id\":\"https:\/\/sanluisinforma.com\/#\/schema\/logo\/image\/\"}},{\"@type\":\"Person\",\"@id\":\"https:\/\/sanluisinforma.com\/#\/schema\/person\/c30648f71476be533b6f59d092905c8b\",\"name\":\"sanluisinforma.com\",\"image\":{\"@type\":\"ImageObject\",\"inLanguage\":\"es\",\"@id\":\"https:\/\/sanluisinforma.com\/#\/schema\/person\/image\/\",\"url\":\"https:\/\/secure.gravatar.com\/avatar\/86e3114e34a1eecefb963e0a02f0093f93b092dddb2fe1517596343751081a87?s=96&d=mm&r=g\",\"contentUrl\":\"https:\/\/secure.gravatar.com\/avatar\/86e3114e34a1eecefb963e0a02f0093f93b092dddb2fe1517596343751081a87?s=96&d=mm&r=g\",\"caption\":\"sanluisinforma.com\"},\"url\":\"https:\/\/sanluisinforma.com\/?author=2\"}]}<\/script>\n<!-- \/ Yoast SEO plugin. -->","yoast_head_json":{"title":"Desde San Luis Capital, Gabriela Warkentin llama a mujeres a defender sus espacios y derechos - sanluisinforma.com","robots":{"index":"index","follow":"follow","max-snippet":"max-snippet:-1","max-image-preview":"max-image-preview:large","max-video-preview":"max-video-preview:-1"},"canonical":"https:\/\/sanluisinforma.com\/?p=18246","og_locale":"es_MX","og_type":"article","og_title":"Desde San Luis Capital, Gabriela Warkentin llama a mujeres a defender sus espacios y derechos - sanluisinforma.com","og_description":"En el marco del ciclo de conferencias organizado por el Gobierno de la Capital para conmemorar el D\u00eda Internacional de","og_url":"https:\/\/sanluisinforma.com\/?p=18246","og_site_name":"sanluisinforma.com","article_published_time":"2026-03-15T06:50:00+00:00","article_modified_time":"2026-03-15T03:34:01+00:00","og_image":[{"width":300,"height":210,"url":"https:\/\/sanluisinforma.com\/wp-content\/uploads\/2026\/03\/unnamed-18.jpg","type":"image\/jpeg"}],"author":"sanluisinforma.com","twitter_card":"summary_large_image","twitter_misc":{"Escrito por":"sanluisinforma.com","Tiempo de lectura":"3 minutos"},"schema":{"@context":"https:\/\/schema.org","@graph":[{"@type":"Article","@id":"https:\/\/sanluisinforma.com\/?p=18246#article","isPartOf":{"@id":"https:\/\/sanluisinforma.com\/?p=18246"},"author":{"name":"sanluisinforma.com","@id":"https:\/\/sanluisinforma.com\/#\/schema\/person\/c30648f71476be533b6f59d092905c8b"},"headline":"Desde San Luis Capital, Gabriela Warkentin llama a mujeres a defender sus espacios y derechos","datePublished":"2026-03-15T06:50:00+00:00","dateModified":"2026-03-15T03:34:01+00:00","mainEntityOfPage":{"@id":"https:\/\/sanluisinforma.com\/?p=18246"},"wordCount":469,"publisher":{"@id":"https:\/\/sanluisinforma.com\/#organization"},"image":{"@id":"https:\/\/sanluisinforma.com\/?p=18246#primaryimage"},"thumbnailUrl":"https:\/\/sanluisinforma.com\/wp-content\/uploads\/2026\/03\/unnamed-18.jpg","articleSection":["Local","Portada"],"inLanguage":"es"},{"@type":"WebPage","@id":"https:\/\/sanluisinforma.com\/?p=18246","url":"https:\/\/sanluisinforma.com\/?p=18246","name":"Desde San Luis Capital, Gabriela Warkentin llama a mujeres a defender sus espacios y derechos - sanluisinforma.com","isPartOf":{"@id":"https:\/\/sanluisinforma.com\/#website"},"primaryImageOfPage":{"@id":"https:\/\/sanluisinforma.com\/?p=18246#primaryimage"},"image":{"@id":"https:\/\/sanluisinforma.com\/?p=18246#primaryimage"},"thumbnailUrl":"https:\/\/sanluisinforma.com\/wp-content\/uploads\/2026\/03\/unnamed-18.jpg","datePublished":"2026-03-15T06:50:00+00:00","dateModified":"2026-03-15T03:34:01+00:00","breadcrumb":{"@id":"https:\/\/sanluisinforma.com\/?p=18246#breadcrumb"},"inLanguage":"es","potentialAction":[{"@type":"ReadAction","target":["https:\/\/sanluisinforma.com\/?p=18246"]}]},{"@type":"ImageObject","inLanguage":"es","@id":"https:\/\/sanluisinforma.com\/?p=18246#primaryimage","url":"https:\/\/sanluisinforma.com\/wp-content\/uploads\/2026\/03\/unnamed-18.jpg","contentUrl":"https:\/\/sanluisinforma.com\/wp-content\/uploads\/2026\/03\/unnamed-18.jpg","width":300,"height":210},{"@type":"BreadcrumbList","@id":"https:\/\/sanluisinforma.com\/?p=18246#breadcrumb","itemListElement":[{"@type":"ListItem","position":1,"name":"Inicio","item":"https:\/\/sanluisinforma.com\/"},{"@type":"ListItem","position":2,"name":"Desde San Luis Capital, Gabriela Warkentin llama a mujeres a defender sus espacios y derechos"}]},{"@type":"WebSite","@id":"https:\/\/sanluisinforma.com\/#website","url":"https:\/\/sanluisinforma.com\/","name":"sanluisinforma.com","description":"Periodico San Luis Informa","publisher":{"@id":"https:\/\/sanluisinforma.com\/#organization"},"potentialAction":[{"@type":"SearchAction","target":{"@type":"EntryPoint","urlTemplate":"https:\/\/sanluisinforma.com\/?s={search_term_string}"},"query-input":{"@type":"PropertyValueSpecification","valueRequired":true,"valueName":"search_term_string"}}],"inLanguage":"es"},{"@type":"Organization","@id":"https:\/\/sanluisinforma.com\/#organization","name":"sanluisinforma.com","url":"https:\/\/sanluisinforma.com\/","logo":{"@type":"ImageObject","inLanguage":"es","@id":"https:\/\/sanluisinforma.com\/#\/schema\/logo\/image\/","url":"https:\/\/sanluisinforma.com\/wp-content\/uploads\/2026\/03\/sanluisinforma-V.jpg","contentUrl":"https:\/\/sanluisinforma.com\/wp-content\/uploads\/2026\/03\/sanluisinforma-V.jpg","width":500,"height":156,"caption":"sanluisinforma.com"},"image":{"@id":"https:\/\/sanluisinforma.com\/#\/schema\/logo\/image\/"}},{"@type":"Person","@id":"https:\/\/sanluisinforma.com\/#\/schema\/person\/c30648f71476be533b6f59d092905c8b","name":"sanluisinforma.com","image":{"@type":"ImageObject","inLanguage":"es","@id":"https:\/\/sanluisinforma.com\/#\/schema\/person\/image\/","url":"https:\/\/secure.gravatar.com\/avatar\/86e3114e34a1eecefb963e0a02f0093f93b092dddb2fe1517596343751081a87?s=96&d=mm&r=g","contentUrl":"https:\/\/secure.gravatar.com\/avatar\/86e3114e34a1eecefb963e0a02f0093f93b092dddb2fe1517596343751081a87?s=96&d=mm&r=g","caption":"sanluisinforma.com"},"url":"https:\/\/sanluisinforma.com\/?author=2"}]}},"_links":{"self":[{"href":"https:\/\/sanluisinforma.com\/index.php?rest_route=\/wp\/v2\/posts\/18246","targetHints":{"allow":["GET"]}}],"collection":[{"href":"https:\/\/sanluisinforma.com\/index.php?rest_route=\/wp\/v2\/posts"}],"about":[{"href":"https:\/\/sanluisinforma.com\/index.php?rest_route=\/wp\/v2\/types\/post"}],"author":[{"embeddable":true,"href":"https:\/\/sanluisinforma.com\/index.php?rest_route=\/wp\/v2\/users\/2"}],"replies":[{"embeddable":true,"href":"https:\/\/sanluisinforma.com\/index.php?rest_route=%2Fwp%2Fv2%2Fcomments&post=18246"}],"version-history":[{"count":1,"href":"https:\/\/sanluisinforma.com\/index.php?rest_route=\/wp\/v2\/posts\/18246\/revisions"}],"predecessor-version":[{"id":18248,"href":"https:\/\/sanluisinforma.com\/index.php?rest_route=\/wp\/v2\/posts\/18246\/revisions\/18248"}],"wp:featuredmedia":[{"embeddable":true,"href":"https:\/\/sanluisinforma.com\/index.php?rest_route=\/wp\/v2\/media\/18247"}],"wp:attachment":[{"href":"https:\/\/sanluisinforma.com\/index.php?rest_route=%2Fwp%2Fv2%2Fmedia&parent=18246"}],"wp:term":[{"taxonomy":"category","embeddable":true,"href":"https:\/\/sanluisinforma.com\/index.php?rest_route=%2Fwp%2Fv2%2Fcategories&post=18246"},{"taxonomy":"post_tag","embeddable":true,"href":"https:\/\/sanluisinforma.com\/index.php?rest_route=%2Fwp%2Fv2%2Ftags&post=18246"}],"curies":[{"name":"wp","href":"https:\/\/api.w.org\/{rel}","templated":true}]}}