{"id":18258,"date":"2026-03-16T00:50:00","date_gmt":"2026-03-16T06:50:00","guid":{"rendered":"https:\/\/sanluisinforma.com\/?p=18258"},"modified":"2026-03-15T20:46:20","modified_gmt":"2026-03-16T02:46:20","slug":"amplia-difusion-de-derechos-humanos-el-gobierno-capitalino-en-distintas-escuelas","status":"publish","type":"post","link":"https:\/\/sanluisinforma.com\/?p=18258","title":{"rendered":"Ampl\u00eda difusi\u00f3n de derechos humanos el Gobierno Capitalino en distintas escuelas"},"content":{"rendered":"\n<p><\/p>\n\n\n\n<ul class=\"wp-block-list\">\n<li>La Coordinaci\u00f3n Municipal de Derechos Humanos contin\u00faa con sus recorridos en planteles de distintos niveles educativos<\/li>\n<\/ul>\n\n\n\n<ul class=\"wp-block-list\">\n<li>Entre los temas tratados sobresalen: violencia digital, acoso escolar y violencia en el noviazgo<\/li>\n<\/ul>\n\n\n\n<p>A fin de garantizar que ni\u00f1as, ni\u00f1os, adolescentes y j\u00f3venes tengan una vida libre de violencia, el Gobierno de la Capital, a trav\u00e9s de la Coordinaci\u00f3n Municipal de Derechos Humanos ampl\u00eda su programa de prevenci\u00f3n de las violencias en distintos planteles de diferentes niveles acad\u00e9micos.<\/p>\n\n\n\n<p>Sobresale, la conferencia &#8220;Derecho a una Vida Libre de Violencia: Prevenci\u00f3n de la Violencia Digital&#8221;, dirigida a estudiantes de bachillerato de la Universidad TecMilenio San Luis Potos\u00ed, sobre seguridad y respeto en l\u00ednea, con el objetivo de que puedan identificar y evitar posibles riesgos en las redes sociales, plataformas y hasta en juegos en l\u00ednea que utilizan.<\/p>\n\n\n\n<p>\u200bDe igual manera, especialistas de la citada Coordinaci\u00f3n, anteriormente estuvieron con estudiantes de la secundaria \u201cCiriaco Cruz\u201d, con la pl\u00e1tica: &#8220;Mitos y Realidades del Amor Rom\u00e1ntico: Derecho a una vida libre de violencia&#8221;, espacio en el que las y los adolescentes cuestionaron sobre las ideas err\u00f3neas del amor y que s\u00f3lo normalizan la violencia.<\/p>\n\n\n\n<p>Igualmente, se imparti\u00f3 la conferencia: &#8220;Prevenci\u00f3n del Acoso Escolar (<em>Bullying<\/em>): Derecho a una Vida Libre de Violencia&#8221;, a alumnas y alumnos de 5\u00ba y 6\u00ba de la primaria \u201cJos\u00e9 Mar\u00eda Morelos y Pav\u00f3n\u201d, en respuesta a una solicitud de los Comit\u00e9s de Bienestar de la Secretar\u00eda de Bienestar de la Capital. En este acercamiento con adolescentes se dej\u00f3 en claro que el respeto es la base de toda relaci\u00f3n y nadie tiene que aguantar malos tratos en los planteles donde se viene a aprender, igualmente en sus hogares.<\/p>\n\n\n\n<p>La Coordinaci\u00f3n Municipal de Derechos Humanos resalt\u00f3 la disposici\u00f3n de los diversos p\u00fablicos a los que se ha llegado con estas charlas y conferencias, adem\u00e1s de su capacidad para reaprender y apertura para construir relaciones basadas en la libertad y el respeto.<\/p>\n","protected":false},"excerpt":{"rendered":"<p>A fin de garantizar que ni\u00f1as, ni\u00f1os, adolescentes y j\u00f3venes tengan una vida libre de violencia, el Gobierno de la<\/p>\n","protected":false},"author":2,"featured_media":18259,"comment_status":"closed","ping_status":"closed","sticky":false,"template":"","format":"standard","meta":{"footnotes":""},"categories":[25,30],"tags":[],"class_list":["post-18258","post","type-post","status-publish","format-standard","has-post-thumbnail","hentry","category-local","category-portada"],"yoast_head":"<!-- This site is optimized with the Yoast SEO plugin v24.1 - https:\/\/yoast.com\/wordpress\/plugins\/seo\/ -->\n<title>Ampl\u00eda difusi\u00f3n de derechos humanos el Gobierno Capitalino en distintas escuelas - sanluisinforma.com<\/title>\n<meta name=\"robots\" content=\"index, follow, max-snippet:-1, max-image-preview:large, max-video-preview:-1\" \/>\n<link rel=\"canonical\" href=\"https:\/\/sanluisinforma.com\/?p=18258\" \/>\n<meta property=\"og:locale\" content=\"es_MX\" \/>\n<meta property=\"og:type\" content=\"article\" \/>\n<meta property=\"og:title\" content=\"Ampl\u00eda difusi\u00f3n de derechos humanos el Gobierno Capitalino en distintas escuelas - sanluisinforma.com\" \/>\n<meta property=\"og:description\" content=\"A fin de garantizar que ni\u00f1as, ni\u00f1os, adolescentes y j\u00f3venes tengan una vida libre de violencia, el Gobierno de la\" \/>\n<meta property=\"og:url\" content=\"https:\/\/sanluisinforma.com\/?p=18258\" \/>\n<meta property=\"og:site_name\" content=\"sanluisinforma.com\" \/>\n<meta property=\"article:published_time\" content=\"2026-03-16T06:50:00+00:00\" \/>\n<meta property=\"article:modified_time\" content=\"2026-03-16T02:46:20+00:00\" \/>\n<meta property=\"og:image\" content=\"https:\/\/sanluisinforma.com\/wp-content\/uploads\/2026\/03\/unnamed-6-1.jpg\" \/>\n\t<meta property=\"og:image:width\" content=\"300\" \/>\n\t<meta property=\"og:image:height\" content=\"180\" \/>\n\t<meta property=\"og:image:type\" content=\"image\/jpeg\" \/>\n<meta name=\"author\" content=\"sanluisinforma.com\" \/>\n<meta name=\"twitter:card\" content=\"summary_large_image\" \/>\n<meta name=\"twitter:label1\" content=\"Escrito por\" \/>\n\t<meta name=\"twitter:data1\" content=\"sanluisinforma.com\" \/>\n\t<meta name=\"twitter:label2\" content=\"Tiempo de lectura\" \/>\n\t<meta name=\"twitter:data2\" content=\"2 minutos\" \/>\n<script type=\"application\/ld+json\" class=\"yoast-schema-graph\">{\"@context\":\"https:\/\/schema.org\",\"@graph\":[{\"@type\":\"Article\",\"@id\":\"https:\/\/sanluisinforma.com\/?p=18258#article\",\"isPartOf\":{\"@id\":\"https:\/\/sanluisinforma.com\/?p=18258\"},\"author\":{\"name\":\"sanluisinforma.com\",\"@id\":\"https:\/\/sanluisinforma.com\/#\/schema\/person\/c30648f71476be533b6f59d092905c8b\"},\"headline\":\"Ampl\u00eda difusi\u00f3n de derechos humanos el Gobierno Capitalino en distintas escuelas\",\"datePublished\":\"2026-03-16T06:50:00+00:00\",\"dateModified\":\"2026-03-16T02:46:20+00:00\",\"mainEntityOfPage\":{\"@id\":\"https:\/\/sanluisinforma.com\/?p=18258\"},\"wordCount\":355,\"publisher\":{\"@id\":\"https:\/\/sanluisinforma.com\/#organization\"},\"image\":{\"@id\":\"https:\/\/sanluisinforma.com\/?p=18258#primaryimage\"},\"thumbnailUrl\":\"https:\/\/sanluisinforma.com\/wp-content\/uploads\/2026\/03\/unnamed-6-1.jpg\",\"articleSection\":[\"Local\",\"Portada\"],\"inLanguage\":\"es\"},{\"@type\":\"WebPage\",\"@id\":\"https:\/\/sanluisinforma.com\/?p=18258\",\"url\":\"https:\/\/sanluisinforma.com\/?p=18258\",\"name\":\"Ampl\u00eda difusi\u00f3n de derechos humanos el Gobierno Capitalino en distintas escuelas - sanluisinforma.com\",\"isPartOf\":{\"@id\":\"https:\/\/sanluisinforma.com\/#website\"},\"primaryImageOfPage\":{\"@id\":\"https:\/\/sanluisinforma.com\/?p=18258#primaryimage\"},\"image\":{\"@id\":\"https:\/\/sanluisinforma.com\/?p=18258#primaryimage\"},\"thumbnailUrl\":\"https:\/\/sanluisinforma.com\/wp-content\/uploads\/2026\/03\/unnamed-6-1.jpg\",\"datePublished\":\"2026-03-16T06:50:00+00:00\",\"dateModified\":\"2026-03-16T02:46:20+00:00\",\"breadcrumb\":{\"@id\":\"https:\/\/sanluisinforma.com\/?p=18258#breadcrumb\"},\"inLanguage\":\"es\",\"potentialAction\":[{\"@type\":\"ReadAction\",\"target\":[\"https:\/\/sanluisinforma.com\/?p=18258\"]}]},{\"@type\":\"ImageObject\",\"inLanguage\":\"es\",\"@id\":\"https:\/\/sanluisinforma.com\/?p=18258#primaryimage\",\"url\":\"https:\/\/sanluisinforma.com\/wp-content\/uploads\/2026\/03\/unnamed-6-1.jpg\",\"contentUrl\":\"https:\/\/sanluisinforma.com\/wp-content\/uploads\/2026\/03\/unnamed-6-1.jpg\",\"width\":300,\"height\":180},{\"@type\":\"BreadcrumbList\",\"@id\":\"https:\/\/sanluisinforma.com\/?p=18258#breadcrumb\",\"itemListElement\":[{\"@type\":\"ListItem\",\"position\":1,\"name\":\"Inicio\",\"item\":\"https:\/\/sanluisinforma.com\/\"},{\"@type\":\"ListItem\",\"position\":2,\"name\":\"Ampl\u00eda difusi\u00f3n de derechos humanos el Gobierno Capitalino en distintas escuelas\"}]},{\"@type\":\"WebSite\",\"@id\":\"https:\/\/sanluisinforma.com\/#website\",\"url\":\"https:\/\/sanluisinforma.com\/\",\"name\":\"sanluisinforma.com\",\"description\":\"Periodico San Luis Informa\",\"publisher\":{\"@id\":\"https:\/\/sanluisinforma.com\/#organization\"},\"potentialAction\":[{\"@type\":\"SearchAction\",\"target\":{\"@type\":\"EntryPoint\",\"urlTemplate\":\"https:\/\/sanluisinforma.com\/?s={search_term_string}\"},\"query-input\":{\"@type\":\"PropertyValueSpecification\",\"valueRequired\":true,\"valueName\":\"search_term_string\"}}],\"inLanguage\":\"es\"},{\"@type\":\"Organization\",\"@id\":\"https:\/\/sanluisinforma.com\/#organization\",\"name\":\"sanluisinforma.com\",\"url\":\"https:\/\/sanluisinforma.com\/\",\"logo\":{\"@type\":\"ImageObject\",\"inLanguage\":\"es\",\"@id\":\"https:\/\/sanluisinforma.com\/#\/schema\/logo\/image\/\",\"url\":\"https:\/\/sanluisinforma.com\/wp-content\/uploads\/2026\/03\/sanluisinforma-V.jpg\",\"contentUrl\":\"https:\/\/sanluisinforma.com\/wp-content\/uploads\/2026\/03\/sanluisinforma-V.jpg\",\"width\":500,\"height\":156,\"caption\":\"sanluisinforma.com\"},\"image\":{\"@id\":\"https:\/\/sanluisinforma.com\/#\/schema\/logo\/image\/\"}},{\"@type\":\"Person\",\"@id\":\"https:\/\/sanluisinforma.com\/#\/schema\/person\/c30648f71476be533b6f59d092905c8b\",\"name\":\"sanluisinforma.com\",\"image\":{\"@type\":\"ImageObject\",\"inLanguage\":\"es\",\"@id\":\"https:\/\/sanluisinforma.com\/#\/schema\/person\/image\/\",\"url\":\"https:\/\/secure.gravatar.com\/avatar\/86e3114e34a1eecefb963e0a02f0093f93b092dddb2fe1517596343751081a87?s=96&d=mm&r=g\",\"contentUrl\":\"https:\/\/secure.gravatar.com\/avatar\/86e3114e34a1eecefb963e0a02f0093f93b092dddb2fe1517596343751081a87?s=96&d=mm&r=g\",\"caption\":\"sanluisinforma.com\"},\"url\":\"https:\/\/sanluisinforma.com\/?author=2\"}]}<\/script>\n<!-- \/ Yoast SEO plugin. -->","yoast_head_json":{"title":"Ampl\u00eda difusi\u00f3n de derechos humanos el Gobierno Capitalino en distintas escuelas - sanluisinforma.com","robots":{"index":"index","follow":"follow","max-snippet":"max-snippet:-1","max-image-preview":"max-image-preview:large","max-video-preview":"max-video-preview:-1"},"canonical":"https:\/\/sanluisinforma.com\/?p=18258","og_locale":"es_MX","og_type":"article","og_title":"Ampl\u00eda difusi\u00f3n de derechos humanos el Gobierno Capitalino en distintas escuelas - sanluisinforma.com","og_description":"A fin de garantizar que ni\u00f1as, ni\u00f1os, adolescentes y j\u00f3venes tengan una vida libre de violencia, el Gobierno de la","og_url":"https:\/\/sanluisinforma.com\/?p=18258","og_site_name":"sanluisinforma.com","article_published_time":"2026-03-16T06:50:00+00:00","article_modified_time":"2026-03-16T02:46:20+00:00","og_image":[{"width":300,"height":180,"url":"https:\/\/sanluisinforma.com\/wp-content\/uploads\/2026\/03\/unnamed-6-1.jpg","type":"image\/jpeg"}],"author":"sanluisinforma.com","twitter_card":"summary_large_image","twitter_misc":{"Escrito por":"sanluisinforma.com","Tiempo de lectura":"2 minutos"},"schema":{"@context":"https:\/\/schema.org","@graph":[{"@type":"Article","@id":"https:\/\/sanluisinforma.com\/?p=18258#article","isPartOf":{"@id":"https:\/\/sanluisinforma.com\/?p=18258"},"author":{"name":"sanluisinforma.com","@id":"https:\/\/sanluisinforma.com\/#\/schema\/person\/c30648f71476be533b6f59d092905c8b"},"headline":"Ampl\u00eda difusi\u00f3n de derechos humanos el Gobierno Capitalino en distintas escuelas","datePublished":"2026-03-16T06:50:00+00:00","dateModified":"2026-03-16T02:46:20+00:00","mainEntityOfPage":{"@id":"https:\/\/sanluisinforma.com\/?p=18258"},"wordCount":355,"publisher":{"@id":"https:\/\/sanluisinforma.com\/#organization"},"image":{"@id":"https:\/\/sanluisinforma.com\/?p=18258#primaryimage"},"thumbnailUrl":"https:\/\/sanluisinforma.com\/wp-content\/uploads\/2026\/03\/unnamed-6-1.jpg","articleSection":["Local","Portada"],"inLanguage":"es"},{"@type":"WebPage","@id":"https:\/\/sanluisinforma.com\/?p=18258","url":"https:\/\/sanluisinforma.com\/?p=18258","name":"Ampl\u00eda difusi\u00f3n de derechos humanos el Gobierno Capitalino en distintas escuelas - sanluisinforma.com","isPartOf":{"@id":"https:\/\/sanluisinforma.com\/#website"},"primaryImageOfPage":{"@id":"https:\/\/sanluisinforma.com\/?p=18258#primaryimage"},"image":{"@id":"https:\/\/sanluisinforma.com\/?p=18258#primaryimage"},"thumbnailUrl":"https:\/\/sanluisinforma.com\/wp-content\/uploads\/2026\/03\/unnamed-6-1.jpg","datePublished":"2026-03-16T06:50:00+00:00","dateModified":"2026-03-16T02:46:20+00:00","breadcrumb":{"@id":"https:\/\/sanluisinforma.com\/?p=18258#breadcrumb"},"inLanguage":"es","potentialAction":[{"@type":"ReadAction","target":["https:\/\/sanluisinforma.com\/?p=18258"]}]},{"@type":"ImageObject","inLanguage":"es","@id":"https:\/\/sanluisinforma.com\/?p=18258#primaryimage","url":"https:\/\/sanluisinforma.com\/wp-content\/uploads\/2026\/03\/unnamed-6-1.jpg","contentUrl":"https:\/\/sanluisinforma.com\/wp-content\/uploads\/2026\/03\/unnamed-6-1.jpg","width":300,"height":180},{"@type":"BreadcrumbList","@id":"https:\/\/sanluisinforma.com\/?p=18258#breadcrumb","itemListElement":[{"@type":"ListItem","position":1,"name":"Inicio","item":"https:\/\/sanluisinforma.com\/"},{"@type":"ListItem","position":2,"name":"Ampl\u00eda difusi\u00f3n de derechos humanos el Gobierno Capitalino en distintas escuelas"}]},{"@type":"WebSite","@id":"https:\/\/sanluisinforma.com\/#website","url":"https:\/\/sanluisinforma.com\/","name":"sanluisinforma.com","description":"Periodico San Luis Informa","publisher":{"@id":"https:\/\/sanluisinforma.com\/#organization"},"potentialAction":[{"@type":"SearchAction","target":{"@type":"EntryPoint","urlTemplate":"https:\/\/sanluisinforma.com\/?s={search_term_string}"},"query-input":{"@type":"PropertyValueSpecification","valueRequired":true,"valueName":"search_term_string"}}],"inLanguage":"es"},{"@type":"Organization","@id":"https:\/\/sanluisinforma.com\/#organization","name":"sanluisinforma.com","url":"https:\/\/sanluisinforma.com\/","logo":{"@type":"ImageObject","inLanguage":"es","@id":"https:\/\/sanluisinforma.com\/#\/schema\/logo\/image\/","url":"https:\/\/sanluisinforma.com\/wp-content\/uploads\/2026\/03\/sanluisinforma-V.jpg","contentUrl":"https:\/\/sanluisinforma.com\/wp-content\/uploads\/2026\/03\/sanluisinforma-V.jpg","width":500,"height":156,"caption":"sanluisinforma.com"},"image":{"@id":"https:\/\/sanluisinforma.com\/#\/schema\/logo\/image\/"}},{"@type":"Person","@id":"https:\/\/sanluisinforma.com\/#\/schema\/person\/c30648f71476be533b6f59d092905c8b","name":"sanluisinforma.com","image":{"@type":"ImageObject","inLanguage":"es","@id":"https:\/\/sanluisinforma.com\/#\/schema\/person\/image\/","url":"https:\/\/secure.gravatar.com\/avatar\/86e3114e34a1eecefb963e0a02f0093f93b092dddb2fe1517596343751081a87?s=96&d=mm&r=g","contentUrl":"https:\/\/secure.gravatar.com\/avatar\/86e3114e34a1eecefb963e0a02f0093f93b092dddb2fe1517596343751081a87?s=96&d=mm&r=g","caption":"sanluisinforma.com"},"url":"https:\/\/sanluisinforma.com\/?author=2"}]}},"_links":{"self":[{"href":"https:\/\/sanluisinforma.com\/index.php?rest_route=\/wp\/v2\/posts\/18258","targetHints":{"allow":["GET"]}}],"collection":[{"href":"https:\/\/sanluisinforma.com\/index.php?rest_route=\/wp\/v2\/posts"}],"about":[{"href":"https:\/\/sanluisinforma.com\/index.php?rest_route=\/wp\/v2\/types\/post"}],"author":[{"embeddable":true,"href":"https:\/\/sanluisinforma.com\/index.php?rest_route=\/wp\/v2\/users\/2"}],"replies":[{"embeddable":true,"href":"https:\/\/sanluisinforma.com\/index.php?rest_route=%2Fwp%2Fv2%2Fcomments&post=18258"}],"version-history":[{"count":1,"href":"https:\/\/sanluisinforma.com\/index.php?rest_route=\/wp\/v2\/posts\/18258\/revisions"}],"predecessor-version":[{"id":18260,"href":"https:\/\/sanluisinforma.com\/index.php?rest_route=\/wp\/v2\/posts\/18258\/revisions\/18260"}],"wp:featuredmedia":[{"embeddable":true,"href":"https:\/\/sanluisinforma.com\/index.php?rest_route=\/wp\/v2\/media\/18259"}],"wp:attachment":[{"href":"https:\/\/sanluisinforma.com\/index.php?rest_route=%2Fwp%2Fv2%2Fmedia&parent=18258"}],"wp:term":[{"taxonomy":"category","embeddable":true,"href":"https:\/\/sanluisinforma.com\/index.php?rest_route=%2Fwp%2Fv2%2Fcategories&post=18258"},{"taxonomy":"post_tag","embeddable":true,"href":"https:\/\/sanluisinforma.com\/index.php?rest_route=%2Fwp%2Fv2%2Ftags&post=18258"}],"curies":[{"name":"wp","href":"https:\/\/api.w.org\/{rel}","templated":true}]}}