{"id":18261,"date":"2026-03-16T00:40:00","date_gmt":"2026-03-16T06:40:00","guid":{"rendered":"https:\/\/sanluisinforma.com\/?p=18261"},"modified":"2026-03-15T20:46:55","modified_gmt":"2026-03-16T02:46:55","slug":"presidenta-claudia-sheinbaum-consolida-un-gobierno-de-y-para-mujeres-tras-gira-por-colima-y-nayarit","status":"publish","type":"post","link":"https:\/\/sanluisinforma.com\/?p=18261","title":{"rendered":"Presidenta Claudia Sheinbaum consolida un Gobierno de y para mujeres tras gira por Colima y Nayarit"},"content":{"rendered":"\n<p>Del viernes 13 al domingo 15 de marzo, la Presidenta de M\u00e9xico realiz\u00f3 una gira por Colima y Nayarit, donde encabez\u00f3 inauguraciones y entregas de apoyos destinados al bienestar de las mujeres en la regi\u00f3n.<\/p>\n\n\n\n<p>En Colima, inici\u00f3 su recorrido en Manzanillo con su conferencia matutina, informando una reducci\u00f3n del 26% en homicidios dolosos y una inversi\u00f3n superior a los 11 mdp en infraestructura carretera e h\u00eddrica.&nbsp;<\/p>\n\n\n\n<p>Posteriormente, en Tecom\u00e1n, entreg\u00f3 la Pensi\u00f3n Mujeres Bienestar y, en Coquimatl\u00e1n, inaugur\u00f3 el Centro LIBRE para las Mujeres de la entidad.<\/p>\n\n\n\n<p>En Nayarit, desde Ixtl\u00e1n del R\u00edo, puso en marcha otro Centro LIBRE, destacando el papel protag\u00f3nico de las mujeres en el gobierno actual. Asimismo, encabez\u00f3 la entrega de la Pensi\u00f3n Mujeres Bienestar en los municipios de Santa Mar\u00eda del Oro y Compostela.<\/p>\n","protected":false},"excerpt":{"rendered":"<p>Del viernes 13 al domingo 15 de marzo, la Presidenta de M\u00e9xico realiz\u00f3 una gira por Colima y Nayarit, donde<\/p>\n","protected":false},"author":2,"featured_media":18262,"comment_status":"closed","ping_status":"closed","sticky":false,"template":"","format":"standard","meta":{"footnotes":""},"categories":[26],"tags":[],"class_list":["post-18261","post","type-post","status-publish","format-standard","has-post-thumbnail","hentry","category-nacional"],"yoast_head":"<!-- This site is optimized with the Yoast SEO plugin v24.1 - https:\/\/yoast.com\/wordpress\/plugins\/seo\/ -->\n<title>Presidenta Claudia Sheinbaum consolida un Gobierno de y para mujeres tras gira por Colima y Nayarit - sanluisinforma.com<\/title>\n<meta name=\"robots\" content=\"index, follow, max-snippet:-1, max-image-preview:large, max-video-preview:-1\" \/>\n<link rel=\"canonical\" href=\"https:\/\/sanluisinforma.com\/?p=18261\" \/>\n<meta property=\"og:locale\" content=\"es_MX\" \/>\n<meta property=\"og:type\" content=\"article\" \/>\n<meta property=\"og:title\" content=\"Presidenta Claudia Sheinbaum consolida un Gobierno de y para mujeres tras gira por Colima y Nayarit - sanluisinforma.com\" \/>\n<meta property=\"og:description\" content=\"Del viernes 13 al domingo 15 de marzo, la Presidenta de M\u00e9xico realiz\u00f3 una gira por Colima y Nayarit, donde\" \/>\n<meta property=\"og:url\" content=\"https:\/\/sanluisinforma.com\/?p=18261\" \/>\n<meta property=\"og:site_name\" content=\"sanluisinforma.com\" \/>\n<meta property=\"article:published_time\" content=\"2026-03-16T06:40:00+00:00\" \/>\n<meta property=\"article:modified_time\" content=\"2026-03-16T02:46:55+00:00\" \/>\n<meta property=\"og:image\" content=\"https:\/\/sanluisinforma.com\/wp-content\/uploads\/2026\/03\/Image_2026-03.jpg\" \/>\n\t<meta property=\"og:image:width\" content=\"300\" \/>\n\t<meta property=\"og:image:height\" content=\"199\" \/>\n\t<meta property=\"og:image:type\" content=\"image\/jpeg\" \/>\n<meta name=\"author\" content=\"sanluisinforma.com\" \/>\n<meta name=\"twitter:card\" content=\"summary_large_image\" \/>\n<meta name=\"twitter:label1\" content=\"Escrito por\" \/>\n\t<meta name=\"twitter:data1\" content=\"sanluisinforma.com\" \/>\n\t<meta name=\"twitter:label2\" content=\"Tiempo de lectura\" \/>\n\t<meta name=\"twitter:data2\" content=\"1 minuto\" \/>\n<script type=\"application\/ld+json\" class=\"yoast-schema-graph\">{\"@context\":\"https:\/\/schema.org\",\"@graph\":[{\"@type\":\"Article\",\"@id\":\"https:\/\/sanluisinforma.com\/?p=18261#article\",\"isPartOf\":{\"@id\":\"https:\/\/sanluisinforma.com\/?p=18261\"},\"author\":{\"name\":\"sanluisinforma.com\",\"@id\":\"https:\/\/sanluisinforma.com\/#\/schema\/person\/c30648f71476be533b6f59d092905c8b\"},\"headline\":\"Presidenta Claudia Sheinbaum consolida un Gobierno de y para mujeres tras gira por Colima y Nayarit\",\"datePublished\":\"2026-03-16T06:40:00+00:00\",\"dateModified\":\"2026-03-16T02:46:55+00:00\",\"mainEntityOfPage\":{\"@id\":\"https:\/\/sanluisinforma.com\/?p=18261\"},\"wordCount\":156,\"publisher\":{\"@id\":\"https:\/\/sanluisinforma.com\/#organization\"},\"image\":{\"@id\":\"https:\/\/sanluisinforma.com\/?p=18261#primaryimage\"},\"thumbnailUrl\":\"https:\/\/sanluisinforma.com\/wp-content\/uploads\/2026\/03\/Image_2026-03.jpg\",\"articleSection\":[\"Nacional\"],\"inLanguage\":\"es\"},{\"@type\":\"WebPage\",\"@id\":\"https:\/\/sanluisinforma.com\/?p=18261\",\"url\":\"https:\/\/sanluisinforma.com\/?p=18261\",\"name\":\"Presidenta Claudia Sheinbaum consolida un Gobierno de y para mujeres tras gira por Colima y Nayarit - sanluisinforma.com\",\"isPartOf\":{\"@id\":\"https:\/\/sanluisinforma.com\/#website\"},\"primaryImageOfPage\":{\"@id\":\"https:\/\/sanluisinforma.com\/?p=18261#primaryimage\"},\"image\":{\"@id\":\"https:\/\/sanluisinforma.com\/?p=18261#primaryimage\"},\"thumbnailUrl\":\"https:\/\/sanluisinforma.com\/wp-content\/uploads\/2026\/03\/Image_2026-03.jpg\",\"datePublished\":\"2026-03-16T06:40:00+00:00\",\"dateModified\":\"2026-03-16T02:46:55+00:00\",\"breadcrumb\":{\"@id\":\"https:\/\/sanluisinforma.com\/?p=18261#breadcrumb\"},\"inLanguage\":\"es\",\"potentialAction\":[{\"@type\":\"ReadAction\",\"target\":[\"https:\/\/sanluisinforma.com\/?p=18261\"]}]},{\"@type\":\"ImageObject\",\"inLanguage\":\"es\",\"@id\":\"https:\/\/sanluisinforma.com\/?p=18261#primaryimage\",\"url\":\"https:\/\/sanluisinforma.com\/wp-content\/uploads\/2026\/03\/Image_2026-03.jpg\",\"contentUrl\":\"https:\/\/sanluisinforma.com\/wp-content\/uploads\/2026\/03\/Image_2026-03.jpg\",\"width\":300,\"height\":199},{\"@type\":\"BreadcrumbList\",\"@id\":\"https:\/\/sanluisinforma.com\/?p=18261#breadcrumb\",\"itemListElement\":[{\"@type\":\"ListItem\",\"position\":1,\"name\":\"Inicio\",\"item\":\"https:\/\/sanluisinforma.com\/\"},{\"@type\":\"ListItem\",\"position\":2,\"name\":\"Presidenta Claudia Sheinbaum consolida un Gobierno de y para mujeres tras gira por Colima y Nayarit\"}]},{\"@type\":\"WebSite\",\"@id\":\"https:\/\/sanluisinforma.com\/#website\",\"url\":\"https:\/\/sanluisinforma.com\/\",\"name\":\"sanluisinforma.com\",\"description\":\"Periodico San Luis Informa\",\"publisher\":{\"@id\":\"https:\/\/sanluisinforma.com\/#organization\"},\"potentialAction\":[{\"@type\":\"SearchAction\",\"target\":{\"@type\":\"EntryPoint\",\"urlTemplate\":\"https:\/\/sanluisinforma.com\/?s={search_term_string}\"},\"query-input\":{\"@type\":\"PropertyValueSpecification\",\"valueRequired\":true,\"valueName\":\"search_term_string\"}}],\"inLanguage\":\"es\"},{\"@type\":\"Organization\",\"@id\":\"https:\/\/sanluisinforma.com\/#organization\",\"name\":\"sanluisinforma.com\",\"url\":\"https:\/\/sanluisinforma.com\/\",\"logo\":{\"@type\":\"ImageObject\",\"inLanguage\":\"es\",\"@id\":\"https:\/\/sanluisinforma.com\/#\/schema\/logo\/image\/\",\"url\":\"https:\/\/sanluisinforma.com\/wp-content\/uploads\/2026\/03\/sanluisinforma-V.jpg\",\"contentUrl\":\"https:\/\/sanluisinforma.com\/wp-content\/uploads\/2026\/03\/sanluisinforma-V.jpg\",\"width\":500,\"height\":156,\"caption\":\"sanluisinforma.com\"},\"image\":{\"@id\":\"https:\/\/sanluisinforma.com\/#\/schema\/logo\/image\/\"}},{\"@type\":\"Person\",\"@id\":\"https:\/\/sanluisinforma.com\/#\/schema\/person\/c30648f71476be533b6f59d092905c8b\",\"name\":\"sanluisinforma.com\",\"image\":{\"@type\":\"ImageObject\",\"inLanguage\":\"es\",\"@id\":\"https:\/\/sanluisinforma.com\/#\/schema\/person\/image\/\",\"url\":\"https:\/\/secure.gravatar.com\/avatar\/86e3114e34a1eecefb963e0a02f0093f93b092dddb2fe1517596343751081a87?s=96&d=mm&r=g\",\"contentUrl\":\"https:\/\/secure.gravatar.com\/avatar\/86e3114e34a1eecefb963e0a02f0093f93b092dddb2fe1517596343751081a87?s=96&d=mm&r=g\",\"caption\":\"sanluisinforma.com\"},\"url\":\"https:\/\/sanluisinforma.com\/?author=2\"}]}<\/script>\n<!-- \/ Yoast SEO plugin. -->","yoast_head_json":{"title":"Presidenta Claudia Sheinbaum consolida un Gobierno de y para mujeres tras gira por Colima y Nayarit - sanluisinforma.com","robots":{"index":"index","follow":"follow","max-snippet":"max-snippet:-1","max-image-preview":"max-image-preview:large","max-video-preview":"max-video-preview:-1"},"canonical":"https:\/\/sanluisinforma.com\/?p=18261","og_locale":"es_MX","og_type":"article","og_title":"Presidenta Claudia Sheinbaum consolida un Gobierno de y para mujeres tras gira por Colima y Nayarit - sanluisinforma.com","og_description":"Del viernes 13 al domingo 15 de marzo, la Presidenta de M\u00e9xico realiz\u00f3 una gira por Colima y Nayarit, donde","og_url":"https:\/\/sanluisinforma.com\/?p=18261","og_site_name":"sanluisinforma.com","article_published_time":"2026-03-16T06:40:00+00:00","article_modified_time":"2026-03-16T02:46:55+00:00","og_image":[{"width":300,"height":199,"url":"https:\/\/sanluisinforma.com\/wp-content\/uploads\/2026\/03\/Image_2026-03.jpg","type":"image\/jpeg"}],"author":"sanluisinforma.com","twitter_card":"summary_large_image","twitter_misc":{"Escrito por":"sanluisinforma.com","Tiempo de lectura":"1 minuto"},"schema":{"@context":"https:\/\/schema.org","@graph":[{"@type":"Article","@id":"https:\/\/sanluisinforma.com\/?p=18261#article","isPartOf":{"@id":"https:\/\/sanluisinforma.com\/?p=18261"},"author":{"name":"sanluisinforma.com","@id":"https:\/\/sanluisinforma.com\/#\/schema\/person\/c30648f71476be533b6f59d092905c8b"},"headline":"Presidenta Claudia Sheinbaum consolida un Gobierno de y para mujeres tras gira por Colima y Nayarit","datePublished":"2026-03-16T06:40:00+00:00","dateModified":"2026-03-16T02:46:55+00:00","mainEntityOfPage":{"@id":"https:\/\/sanluisinforma.com\/?p=18261"},"wordCount":156,"publisher":{"@id":"https:\/\/sanluisinforma.com\/#organization"},"image":{"@id":"https:\/\/sanluisinforma.com\/?p=18261#primaryimage"},"thumbnailUrl":"https:\/\/sanluisinforma.com\/wp-content\/uploads\/2026\/03\/Image_2026-03.jpg","articleSection":["Nacional"],"inLanguage":"es"},{"@type":"WebPage","@id":"https:\/\/sanluisinforma.com\/?p=18261","url":"https:\/\/sanluisinforma.com\/?p=18261","name":"Presidenta Claudia Sheinbaum consolida un Gobierno de y para mujeres tras gira por Colima y Nayarit - sanluisinforma.com","isPartOf":{"@id":"https:\/\/sanluisinforma.com\/#website"},"primaryImageOfPage":{"@id":"https:\/\/sanluisinforma.com\/?p=18261#primaryimage"},"image":{"@id":"https:\/\/sanluisinforma.com\/?p=18261#primaryimage"},"thumbnailUrl":"https:\/\/sanluisinforma.com\/wp-content\/uploads\/2026\/03\/Image_2026-03.jpg","datePublished":"2026-03-16T06:40:00+00:00","dateModified":"2026-03-16T02:46:55+00:00","breadcrumb":{"@id":"https:\/\/sanluisinforma.com\/?p=18261#breadcrumb"},"inLanguage":"es","potentialAction":[{"@type":"ReadAction","target":["https:\/\/sanluisinforma.com\/?p=18261"]}]},{"@type":"ImageObject","inLanguage":"es","@id":"https:\/\/sanluisinforma.com\/?p=18261#primaryimage","url":"https:\/\/sanluisinforma.com\/wp-content\/uploads\/2026\/03\/Image_2026-03.jpg","contentUrl":"https:\/\/sanluisinforma.com\/wp-content\/uploads\/2026\/03\/Image_2026-03.jpg","width":300,"height":199},{"@type":"BreadcrumbList","@id":"https:\/\/sanluisinforma.com\/?p=18261#breadcrumb","itemListElement":[{"@type":"ListItem","position":1,"name":"Inicio","item":"https:\/\/sanluisinforma.com\/"},{"@type":"ListItem","position":2,"name":"Presidenta Claudia Sheinbaum consolida un Gobierno de y para mujeres tras gira por Colima y Nayarit"}]},{"@type":"WebSite","@id":"https:\/\/sanluisinforma.com\/#website","url":"https:\/\/sanluisinforma.com\/","name":"sanluisinforma.com","description":"Periodico San Luis Informa","publisher":{"@id":"https:\/\/sanluisinforma.com\/#organization"},"potentialAction":[{"@type":"SearchAction","target":{"@type":"EntryPoint","urlTemplate":"https:\/\/sanluisinforma.com\/?s={search_term_string}"},"query-input":{"@type":"PropertyValueSpecification","valueRequired":true,"valueName":"search_term_string"}}],"inLanguage":"es"},{"@type":"Organization","@id":"https:\/\/sanluisinforma.com\/#organization","name":"sanluisinforma.com","url":"https:\/\/sanluisinforma.com\/","logo":{"@type":"ImageObject","inLanguage":"es","@id":"https:\/\/sanluisinforma.com\/#\/schema\/logo\/image\/","url":"https:\/\/sanluisinforma.com\/wp-content\/uploads\/2026\/03\/sanluisinforma-V.jpg","contentUrl":"https:\/\/sanluisinforma.com\/wp-content\/uploads\/2026\/03\/sanluisinforma-V.jpg","width":500,"height":156,"caption":"sanluisinforma.com"},"image":{"@id":"https:\/\/sanluisinforma.com\/#\/schema\/logo\/image\/"}},{"@type":"Person","@id":"https:\/\/sanluisinforma.com\/#\/schema\/person\/c30648f71476be533b6f59d092905c8b","name":"sanluisinforma.com","image":{"@type":"ImageObject","inLanguage":"es","@id":"https:\/\/sanluisinforma.com\/#\/schema\/person\/image\/","url":"https:\/\/secure.gravatar.com\/avatar\/86e3114e34a1eecefb963e0a02f0093f93b092dddb2fe1517596343751081a87?s=96&d=mm&r=g","contentUrl":"https:\/\/secure.gravatar.com\/avatar\/86e3114e34a1eecefb963e0a02f0093f93b092dddb2fe1517596343751081a87?s=96&d=mm&r=g","caption":"sanluisinforma.com"},"url":"https:\/\/sanluisinforma.com\/?author=2"}]}},"_links":{"self":[{"href":"https:\/\/sanluisinforma.com\/index.php?rest_route=\/wp\/v2\/posts\/18261","targetHints":{"allow":["GET"]}}],"collection":[{"href":"https:\/\/sanluisinforma.com\/index.php?rest_route=\/wp\/v2\/posts"}],"about":[{"href":"https:\/\/sanluisinforma.com\/index.php?rest_route=\/wp\/v2\/types\/post"}],"author":[{"embeddable":true,"href":"https:\/\/sanluisinforma.com\/index.php?rest_route=\/wp\/v2\/users\/2"}],"replies":[{"embeddable":true,"href":"https:\/\/sanluisinforma.com\/index.php?rest_route=%2Fwp%2Fv2%2Fcomments&post=18261"}],"version-history":[{"count":2,"href":"https:\/\/sanluisinforma.com\/index.php?rest_route=\/wp\/v2\/posts\/18261\/revisions"}],"predecessor-version":[{"id":18265,"href":"https:\/\/sanluisinforma.com\/index.php?rest_route=\/wp\/v2\/posts\/18261\/revisions\/18265"}],"wp:featuredmedia":[{"embeddable":true,"href":"https:\/\/sanluisinforma.com\/index.php?rest_route=\/wp\/v2\/media\/18262"}],"wp:attachment":[{"href":"https:\/\/sanluisinforma.com\/index.php?rest_route=%2Fwp%2Fv2%2Fmedia&parent=18261"}],"wp:term":[{"taxonomy":"category","embeddable":true,"href":"https:\/\/sanluisinforma.com\/index.php?rest_route=%2Fwp%2Fv2%2Fcategories&post=18261"},{"taxonomy":"post_tag","embeddable":true,"href":"https:\/\/sanluisinforma.com\/index.php?rest_route=%2Fwp%2Fv2%2Ftags&post=18261"}],"curies":[{"name":"wp","href":"https:\/\/api.w.org\/{rel}","templated":true}]}}