{"id":18266,"date":"2026-03-16T00:45:00","date_gmt":"2026-03-16T06:45:00","guid":{"rendered":"https:\/\/sanluisinforma.com\/?p=18266"},"modified":"2026-03-15T20:46:42","modified_gmt":"2026-03-16T02:46:42","slug":"firmes-y-dignas-alcalde-galindo-gradua-primera-generacion-de-centinelas","status":"publish","type":"post","link":"https:\/\/sanluisinforma.com\/?p=18266","title":{"rendered":"\u201cFirmes y dignas\u201d: Alcalde Galindo grad\u00faa primera generaci\u00f3n de Centinelas"},"content":{"rendered":"\n<p>El Presidente Municipal encabez\u00f3 la graduaci\u00f3n de 23 cadetes mujeres que reforzar\u00e1n la seguridad del Centro Hist\u00f3rico para la Secretar\u00eda de Seguridad y Protecci\u00f3n Ciudadana de la Capital; en la Plaza de Aranzaz\u00fa, autoridades y familias celebraron el avance hacia una polic\u00eda m\u00e1s cercana, humana e incluyente.<\/p>\n\n\n\n<p>En una ceremonia cargada de emoci\u00f3n, por el cumplimiento de una importante meta, San Luis Capital celebr\u00f3 la graduaci\u00f3n de la primera generaci\u00f3n de cadetes \u201cCentinela\u201d, integrada exclusivamente por mujeres, quienes a partir de ahora formar\u00e1n parte de la Secretar\u00eda de Seguridad y Protecci\u00f3n Ciudadana del municipio. Al encabezar este acto, el Alcalde Enrique Galindo Ceballos se\u00f1al\u00f3 que, tras seis meses de formaci\u00f3n en el Instituto de Profesionalizaci\u00f3n Policial, las 23 nuevas polic\u00edas se incorporar\u00e1n a labores de seguridad y proximidad social en el Centro Hist\u00f3rico, para reforzar la vigilancia en el primer cuadro de la ciudad.<\/p>\n\n\n\n<p>Durante el acto, el Alcalde Enrique Galindo Ceballos agradeci\u00f3 a las familias por respaldar la decisi\u00f3n de las nuevas polic\u00edas de servir a la ciudad. \u201cEstoy seguro que algunos de ustedes dijeron a sus hijas \u2018\u00bfc\u00f3mo se te ocurri\u00f3 ser polic\u00eda?\u2019; generalmente las familias tenemos miedo de esta profesi\u00f3n\u201d, expres\u00f3, al reconocer que ese temor nace del amor y la preocupaci\u00f3n por quienes eligen esta vocaci\u00f3n.<\/p>\n\n\n\n<p>El Presidente Municipal asegur\u00f3 a las cadetes que la instituci\u00f3n las acompa\u00f1ar\u00e1 en su carrera: \u201cComo Alcalde les pido a todos los potosinos que no las dejemos solas, y yo me comprometo a que como instituci\u00f3n, por el acompa\u00f1amiento de la SSPC nunca estar\u00e1n solas. Nosotros nos comprometemos a cuidarlas, porque es un compromiso por el bien de la ciudad\u201d, afirm\u00f3 ante las nuevas integrantes de la corporaci\u00f3n.<\/p>\n\n\n\n<p>Por su parte, el titular de la Secretar\u00eda de Seguridad y Protecci\u00f3n Ciudadana de la Capital, Juan Antonio Villa Guti\u00e9rrez, subray\u00f3 el papel que las mujeres han asumido dentro del nuevo modelo de seguridad de la ciudad: \u201cEn el nuevo modelo de seguridad de San Luis Capital, las mujeres ocupan un lugar muy especial, porque hist\u00f3ricamente han fortalecido a nuestra comunidad. Ustedes representan un puente entre la ciudadan\u00eda y esta Secretar\u00eda\u201d, se\u00f1al\u00f3 al dirigirse a la nueva generaci\u00f3n.<\/p>\n\n\n\n<p>La madrina de la generaci\u00f3n, la Fiscal General del Estado Manuela Garc\u00eda C\u00e1zares, destac\u00f3 el significado de este paso para las mujeres en las instituciones de seguridad y justicia: \u201cUstedes representan a miles de mujeres que lucharon antes para exigir igualdad y respeto. Recuerden que la verdadera fuerza de un polic\u00eda no est\u00e1 solo en su preparaci\u00f3n t\u00e1ctica o f\u00edsica, sino en su integridad y compromiso con la justicia\u201d, expres\u00f3.<\/p>\n\n\n\n<p>A nombre de sus compa\u00f1eras, la cadete Eva Lizeth Betancurt manifest\u00f3 el orgullo de formar parte de esta generaci\u00f3n pionera. Se\u00f1al\u00f3 que durante su formaci\u00f3n adquirieron disciplina, car\u00e1cter y convicci\u00f3n para servir a la ciudadan\u00eda con responsabilidad y honor, adem\u00e1s de reconocer el trabajo de instructores y formadores que acompa\u00f1aron su preparaci\u00f3n.<\/p>\n\n\n\n<p>La nueva generaci\u00f3n cerr\u00f3 su participaci\u00f3n con el lema que marcar\u00e1 su servicio dentro de la corporaci\u00f3n: \u201cFirmes y dignas\u201d, una consigna que resume el compromiso de estas 23 mujeres con la seguridad, la proximidad social y la calidad de vida de las y los habitantes de San Luis Potos\u00ed.<\/p>\n","protected":false},"excerpt":{"rendered":"<p>El Presidente Municipal encabez\u00f3 la graduaci\u00f3n de 23 cadetes mujeres que reforzar\u00e1n la seguridad del Centro Hist\u00f3rico para la Secretar\u00eda<\/p>\n","protected":false},"author":2,"featured_media":18267,"comment_status":"closed","ping_status":"closed","sticky":false,"template":"","format":"standard","meta":{"footnotes":""},"categories":[25,30],"tags":[],"class_list":["post-18266","post","type-post","status-publish","format-standard","has-post-thumbnail","hentry","category-local","category-portada"],"yoast_head":"<!-- This site is optimized with the Yoast SEO plugin v24.1 - https:\/\/yoast.com\/wordpress\/plugins\/seo\/ -->\n<title>\u201cFirmes y dignas\u201d: Alcalde Galindo grad\u00faa primera generaci\u00f3n de Centinelas - sanluisinforma.com<\/title>\n<meta name=\"robots\" content=\"index, follow, max-snippet:-1, max-image-preview:large, max-video-preview:-1\" \/>\n<link rel=\"canonical\" href=\"https:\/\/sanluisinforma.com\/?p=18266\" \/>\n<meta property=\"og:locale\" content=\"es_MX\" \/>\n<meta property=\"og:type\" content=\"article\" \/>\n<meta property=\"og:title\" content=\"\u201cFirmes y dignas\u201d: Alcalde Galindo grad\u00faa primera generaci\u00f3n de Centinelas - sanluisinforma.com\" \/>\n<meta property=\"og:description\" content=\"El Presidente Municipal encabez\u00f3 la graduaci\u00f3n de 23 cadetes mujeres que reforzar\u00e1n la seguridad del Centro Hist\u00f3rico para la Secretar\u00eda\" \/>\n<meta property=\"og:url\" content=\"https:\/\/sanluisinforma.com\/?p=18266\" \/>\n<meta property=\"og:site_name\" content=\"sanluisinforma.com\" \/>\n<meta property=\"article:published_time\" content=\"2026-03-16T06:45:00+00:00\" \/>\n<meta property=\"article:modified_time\" content=\"2026-03-16T02:46:42+00:00\" \/>\n<meta property=\"og:image\" content=\"https:\/\/sanluisinforma.com\/wp-content\/uploads\/2026\/03\/unnamed-19.jpg\" \/>\n\t<meta property=\"og:image:width\" content=\"300\" \/>\n\t<meta property=\"og:image:height\" content=\"260\" \/>\n\t<meta property=\"og:image:type\" content=\"image\/jpeg\" \/>\n<meta name=\"author\" content=\"sanluisinforma.com\" \/>\n<meta name=\"twitter:card\" content=\"summary_large_image\" \/>\n<meta name=\"twitter:label1\" content=\"Escrito por\" \/>\n\t<meta name=\"twitter:data1\" content=\"sanluisinforma.com\" \/>\n\t<meta name=\"twitter:label2\" content=\"Tiempo de lectura\" \/>\n\t<meta name=\"twitter:data2\" content=\"3 minutos\" \/>\n<script type=\"application\/ld+json\" class=\"yoast-schema-graph\">{\"@context\":\"https:\/\/schema.org\",\"@graph\":[{\"@type\":\"Article\",\"@id\":\"https:\/\/sanluisinforma.com\/?p=18266#article\",\"isPartOf\":{\"@id\":\"https:\/\/sanluisinforma.com\/?p=18266\"},\"author\":{\"name\":\"sanluisinforma.com\",\"@id\":\"https:\/\/sanluisinforma.com\/#\/schema\/person\/c30648f71476be533b6f59d092905c8b\"},\"headline\":\"\u201cFirmes y dignas\u201d: Alcalde Galindo grad\u00faa primera generaci\u00f3n de Centinelas\",\"datePublished\":\"2026-03-16T06:45:00+00:00\",\"dateModified\":\"2026-03-16T02:46:42+00:00\",\"mainEntityOfPage\":{\"@id\":\"https:\/\/sanluisinforma.com\/?p=18266\"},\"wordCount\":597,\"publisher\":{\"@id\":\"https:\/\/sanluisinforma.com\/#organization\"},\"image\":{\"@id\":\"https:\/\/sanluisinforma.com\/?p=18266#primaryimage\"},\"thumbnailUrl\":\"https:\/\/sanluisinforma.com\/wp-content\/uploads\/2026\/03\/unnamed-19.jpg\",\"articleSection\":[\"Local\",\"Portada\"],\"inLanguage\":\"es\"},{\"@type\":\"WebPage\",\"@id\":\"https:\/\/sanluisinforma.com\/?p=18266\",\"url\":\"https:\/\/sanluisinforma.com\/?p=18266\",\"name\":\"\u201cFirmes y dignas\u201d: Alcalde Galindo grad\u00faa primera generaci\u00f3n de Centinelas - sanluisinforma.com\",\"isPartOf\":{\"@id\":\"https:\/\/sanluisinforma.com\/#website\"},\"primaryImageOfPage\":{\"@id\":\"https:\/\/sanluisinforma.com\/?p=18266#primaryimage\"},\"image\":{\"@id\":\"https:\/\/sanluisinforma.com\/?p=18266#primaryimage\"},\"thumbnailUrl\":\"https:\/\/sanluisinforma.com\/wp-content\/uploads\/2026\/03\/unnamed-19.jpg\",\"datePublished\":\"2026-03-16T06:45:00+00:00\",\"dateModified\":\"2026-03-16T02:46:42+00:00\",\"breadcrumb\":{\"@id\":\"https:\/\/sanluisinforma.com\/?p=18266#breadcrumb\"},\"inLanguage\":\"es\",\"potentialAction\":[{\"@type\":\"ReadAction\",\"target\":[\"https:\/\/sanluisinforma.com\/?p=18266\"]}]},{\"@type\":\"ImageObject\",\"inLanguage\":\"es\",\"@id\":\"https:\/\/sanluisinforma.com\/?p=18266#primaryimage\",\"url\":\"https:\/\/sanluisinforma.com\/wp-content\/uploads\/2026\/03\/unnamed-19.jpg\",\"contentUrl\":\"https:\/\/sanluisinforma.com\/wp-content\/uploads\/2026\/03\/unnamed-19.jpg\",\"width\":300,\"height\":260},{\"@type\":\"BreadcrumbList\",\"@id\":\"https:\/\/sanluisinforma.com\/?p=18266#breadcrumb\",\"itemListElement\":[{\"@type\":\"ListItem\",\"position\":1,\"name\":\"Inicio\",\"item\":\"https:\/\/sanluisinforma.com\/\"},{\"@type\":\"ListItem\",\"position\":2,\"name\":\"\u201cFirmes y dignas\u201d: Alcalde Galindo grad\u00faa primera generaci\u00f3n de Centinelas\"}]},{\"@type\":\"WebSite\",\"@id\":\"https:\/\/sanluisinforma.com\/#website\",\"url\":\"https:\/\/sanluisinforma.com\/\",\"name\":\"sanluisinforma.com\",\"description\":\"Periodico San Luis Informa\",\"publisher\":{\"@id\":\"https:\/\/sanluisinforma.com\/#organization\"},\"potentialAction\":[{\"@type\":\"SearchAction\",\"target\":{\"@type\":\"EntryPoint\",\"urlTemplate\":\"https:\/\/sanluisinforma.com\/?s={search_term_string}\"},\"query-input\":{\"@type\":\"PropertyValueSpecification\",\"valueRequired\":true,\"valueName\":\"search_term_string\"}}],\"inLanguage\":\"es\"},{\"@type\":\"Organization\",\"@id\":\"https:\/\/sanluisinforma.com\/#organization\",\"name\":\"sanluisinforma.com\",\"url\":\"https:\/\/sanluisinforma.com\/\",\"logo\":{\"@type\":\"ImageObject\",\"inLanguage\":\"es\",\"@id\":\"https:\/\/sanluisinforma.com\/#\/schema\/logo\/image\/\",\"url\":\"https:\/\/sanluisinforma.com\/wp-content\/uploads\/2026\/03\/sanluisinforma-V.jpg\",\"contentUrl\":\"https:\/\/sanluisinforma.com\/wp-content\/uploads\/2026\/03\/sanluisinforma-V.jpg\",\"width\":500,\"height\":156,\"caption\":\"sanluisinforma.com\"},\"image\":{\"@id\":\"https:\/\/sanluisinforma.com\/#\/schema\/logo\/image\/\"}},{\"@type\":\"Person\",\"@id\":\"https:\/\/sanluisinforma.com\/#\/schema\/person\/c30648f71476be533b6f59d092905c8b\",\"name\":\"sanluisinforma.com\",\"image\":{\"@type\":\"ImageObject\",\"inLanguage\":\"es\",\"@id\":\"https:\/\/sanluisinforma.com\/#\/schema\/person\/image\/\",\"url\":\"https:\/\/secure.gravatar.com\/avatar\/86e3114e34a1eecefb963e0a02f0093f93b092dddb2fe1517596343751081a87?s=96&d=mm&r=g\",\"contentUrl\":\"https:\/\/secure.gravatar.com\/avatar\/86e3114e34a1eecefb963e0a02f0093f93b092dddb2fe1517596343751081a87?s=96&d=mm&r=g\",\"caption\":\"sanluisinforma.com\"},\"url\":\"https:\/\/sanluisinforma.com\/?author=2\"}]}<\/script>\n<!-- \/ Yoast SEO plugin. -->","yoast_head_json":{"title":"\u201cFirmes y dignas\u201d: Alcalde Galindo grad\u00faa primera generaci\u00f3n de Centinelas - sanluisinforma.com","robots":{"index":"index","follow":"follow","max-snippet":"max-snippet:-1","max-image-preview":"max-image-preview:large","max-video-preview":"max-video-preview:-1"},"canonical":"https:\/\/sanluisinforma.com\/?p=18266","og_locale":"es_MX","og_type":"article","og_title":"\u201cFirmes y dignas\u201d: Alcalde Galindo grad\u00faa primera generaci\u00f3n de Centinelas - sanluisinforma.com","og_description":"El Presidente Municipal encabez\u00f3 la graduaci\u00f3n de 23 cadetes mujeres que reforzar\u00e1n la seguridad del Centro Hist\u00f3rico para la Secretar\u00eda","og_url":"https:\/\/sanluisinforma.com\/?p=18266","og_site_name":"sanluisinforma.com","article_published_time":"2026-03-16T06:45:00+00:00","article_modified_time":"2026-03-16T02:46:42+00:00","og_image":[{"width":300,"height":260,"url":"https:\/\/sanluisinforma.com\/wp-content\/uploads\/2026\/03\/unnamed-19.jpg","type":"image\/jpeg"}],"author":"sanluisinforma.com","twitter_card":"summary_large_image","twitter_misc":{"Escrito por":"sanluisinforma.com","Tiempo de lectura":"3 minutos"},"schema":{"@context":"https:\/\/schema.org","@graph":[{"@type":"Article","@id":"https:\/\/sanluisinforma.com\/?p=18266#article","isPartOf":{"@id":"https:\/\/sanluisinforma.com\/?p=18266"},"author":{"name":"sanluisinforma.com","@id":"https:\/\/sanluisinforma.com\/#\/schema\/person\/c30648f71476be533b6f59d092905c8b"},"headline":"\u201cFirmes y dignas\u201d: Alcalde Galindo grad\u00faa primera generaci\u00f3n de Centinelas","datePublished":"2026-03-16T06:45:00+00:00","dateModified":"2026-03-16T02:46:42+00:00","mainEntityOfPage":{"@id":"https:\/\/sanluisinforma.com\/?p=18266"},"wordCount":597,"publisher":{"@id":"https:\/\/sanluisinforma.com\/#organization"},"image":{"@id":"https:\/\/sanluisinforma.com\/?p=18266#primaryimage"},"thumbnailUrl":"https:\/\/sanluisinforma.com\/wp-content\/uploads\/2026\/03\/unnamed-19.jpg","articleSection":["Local","Portada"],"inLanguage":"es"},{"@type":"WebPage","@id":"https:\/\/sanluisinforma.com\/?p=18266","url":"https:\/\/sanluisinforma.com\/?p=18266","name":"\u201cFirmes y dignas\u201d: Alcalde Galindo grad\u00faa primera generaci\u00f3n de Centinelas - sanluisinforma.com","isPartOf":{"@id":"https:\/\/sanluisinforma.com\/#website"},"primaryImageOfPage":{"@id":"https:\/\/sanluisinforma.com\/?p=18266#primaryimage"},"image":{"@id":"https:\/\/sanluisinforma.com\/?p=18266#primaryimage"},"thumbnailUrl":"https:\/\/sanluisinforma.com\/wp-content\/uploads\/2026\/03\/unnamed-19.jpg","datePublished":"2026-03-16T06:45:00+00:00","dateModified":"2026-03-16T02:46:42+00:00","breadcrumb":{"@id":"https:\/\/sanluisinforma.com\/?p=18266#breadcrumb"},"inLanguage":"es","potentialAction":[{"@type":"ReadAction","target":["https:\/\/sanluisinforma.com\/?p=18266"]}]},{"@type":"ImageObject","inLanguage":"es","@id":"https:\/\/sanluisinforma.com\/?p=18266#primaryimage","url":"https:\/\/sanluisinforma.com\/wp-content\/uploads\/2026\/03\/unnamed-19.jpg","contentUrl":"https:\/\/sanluisinforma.com\/wp-content\/uploads\/2026\/03\/unnamed-19.jpg","width":300,"height":260},{"@type":"BreadcrumbList","@id":"https:\/\/sanluisinforma.com\/?p=18266#breadcrumb","itemListElement":[{"@type":"ListItem","position":1,"name":"Inicio","item":"https:\/\/sanluisinforma.com\/"},{"@type":"ListItem","position":2,"name":"\u201cFirmes y dignas\u201d: Alcalde Galindo grad\u00faa primera generaci\u00f3n de Centinelas"}]},{"@type":"WebSite","@id":"https:\/\/sanluisinforma.com\/#website","url":"https:\/\/sanluisinforma.com\/","name":"sanluisinforma.com","description":"Periodico San Luis Informa","publisher":{"@id":"https:\/\/sanluisinforma.com\/#organization"},"potentialAction":[{"@type":"SearchAction","target":{"@type":"EntryPoint","urlTemplate":"https:\/\/sanluisinforma.com\/?s={search_term_string}"},"query-input":{"@type":"PropertyValueSpecification","valueRequired":true,"valueName":"search_term_string"}}],"inLanguage":"es"},{"@type":"Organization","@id":"https:\/\/sanluisinforma.com\/#organization","name":"sanluisinforma.com","url":"https:\/\/sanluisinforma.com\/","logo":{"@type":"ImageObject","inLanguage":"es","@id":"https:\/\/sanluisinforma.com\/#\/schema\/logo\/image\/","url":"https:\/\/sanluisinforma.com\/wp-content\/uploads\/2026\/03\/sanluisinforma-V.jpg","contentUrl":"https:\/\/sanluisinforma.com\/wp-content\/uploads\/2026\/03\/sanluisinforma-V.jpg","width":500,"height":156,"caption":"sanluisinforma.com"},"image":{"@id":"https:\/\/sanluisinforma.com\/#\/schema\/logo\/image\/"}},{"@type":"Person","@id":"https:\/\/sanluisinforma.com\/#\/schema\/person\/c30648f71476be533b6f59d092905c8b","name":"sanluisinforma.com","image":{"@type":"ImageObject","inLanguage":"es","@id":"https:\/\/sanluisinforma.com\/#\/schema\/person\/image\/","url":"https:\/\/secure.gravatar.com\/avatar\/86e3114e34a1eecefb963e0a02f0093f93b092dddb2fe1517596343751081a87?s=96&d=mm&r=g","contentUrl":"https:\/\/secure.gravatar.com\/avatar\/86e3114e34a1eecefb963e0a02f0093f93b092dddb2fe1517596343751081a87?s=96&d=mm&r=g","caption":"sanluisinforma.com"},"url":"https:\/\/sanluisinforma.com\/?author=2"}]}},"_links":{"self":[{"href":"https:\/\/sanluisinforma.com\/index.php?rest_route=\/wp\/v2\/posts\/18266","targetHints":{"allow":["GET"]}}],"collection":[{"href":"https:\/\/sanluisinforma.com\/index.php?rest_route=\/wp\/v2\/posts"}],"about":[{"href":"https:\/\/sanluisinforma.com\/index.php?rest_route=\/wp\/v2\/types\/post"}],"author":[{"embeddable":true,"href":"https:\/\/sanluisinforma.com\/index.php?rest_route=\/wp\/v2\/users\/2"}],"replies":[{"embeddable":true,"href":"https:\/\/sanluisinforma.com\/index.php?rest_route=%2Fwp%2Fv2%2Fcomments&post=18266"}],"version-history":[{"count":1,"href":"https:\/\/sanluisinforma.com\/index.php?rest_route=\/wp\/v2\/posts\/18266\/revisions"}],"predecessor-version":[{"id":18268,"href":"https:\/\/sanluisinforma.com\/index.php?rest_route=\/wp\/v2\/posts\/18266\/revisions\/18268"}],"wp:featuredmedia":[{"embeddable":true,"href":"https:\/\/sanluisinforma.com\/index.php?rest_route=\/wp\/v2\/media\/18267"}],"wp:attachment":[{"href":"https:\/\/sanluisinforma.com\/index.php?rest_route=%2Fwp%2Fv2%2Fmedia&parent=18266"}],"wp:term":[{"taxonomy":"category","embeddable":true,"href":"https:\/\/sanluisinforma.com\/index.php?rest_route=%2Fwp%2Fv2%2Fcategories&post=18266"},{"taxonomy":"post_tag","embeddable":true,"href":"https:\/\/sanluisinforma.com\/index.php?rest_route=%2Fwp%2Fv2%2Ftags&post=18266"}],"curies":[{"name":"wp","href":"https:\/\/api.w.org\/{rel}","templated":true}]}}