{"id":18269,"date":"2026-03-16T00:55:00","date_gmt":"2026-03-16T06:55:00","guid":{"rendered":"https:\/\/sanluisinforma.com\/?p=18269"},"modified":"2026-03-15T20:46:08","modified_gmt":"2026-03-16T02:46:08","slug":"estado-participa-en-instalacion-del-comite-para-proteger-la-cuenca-del-rio-axtla","status":"publish","type":"post","link":"https:\/\/sanluisinforma.com\/?p=18269","title":{"rendered":"Estado participa en instalaci\u00f3n del Comit\u00e9 para proteger la Cuenca del R\u00edo Axtla"},"content":{"rendered":"\n<p><br>\u2022 Autoridades de los tres \u00f3rdenes de Gobierno, sectores productivos y sociedad civil suman esfuerzos para impulsar la conservaci\u00f3n y el aprovechamiento responsable del agua en la regi\u00f3n Huasteca.<\/p>\n\n\n\n<p>Bajo la encomienda del Gobernador Ricardo Gallardo Cardona, de fortalecer el cuidado de los recursos naturales, la Comisi\u00f3n Estatal del Agua (CEA) particip\u00f3 en la instalaci\u00f3n del Comit\u00e9 de Cuenca del r\u00edo Axtla. El titular del organismo, Pascual Mart\u00ednez S\u00e1nchez, destac\u00f3 que este espacio promueve acciones sin l\u00edmites que permitan conservar y aprovechar de manera sustentable este importante afluente que abastece a diversas comunidades de la Huasteca.<br>Por su parte, el titular de la Coordinaci\u00f3n Estatal de Protecci\u00f3n Civil, Mauricio Ordaz Flores, detall\u00f3 que la conformaci\u00f3n del comit\u00e9 permitir\u00e1 establecer mecanismos de trabajo conjunto para el monitoreo de la calidad del agua, la prevenci\u00f3n de la contaminaci\u00f3n y la protecci\u00f3n de los ecosistemas asociados al r\u00edo. Tambi\u00e9n se plantearon programas de educaci\u00f3n y concientizaci\u00f3n dirigidos a la poblaci\u00f3n, adem\u00e1s de fortalecer la coordinaci\u00f3n entre instituciones y sectores involucrados.<br>El comit\u00e9 qued\u00f3 integrado por autoridades municipales, organismos operadores de agua, representantes de los sectores agr\u00edcola, pecuario, industrial y de servicios, as\u00ed como instituciones acad\u00e9micas y organizaciones de la sociedad civil. En la reuni\u00f3n tambi\u00e9n particip\u00f3 la Secretar\u00eda de Ecolog\u00eda y Gesti\u00f3n Ambiental (Segam), sumando esfuerzos para preservar este recurso vital y asegurar que el cambio que se vive y se siente venga acompa\u00f1ado de un aprovechamiento responsable.<\/p>\n\n\n\n<p><\/p>\n","protected":false},"excerpt":{"rendered":"<p>\u2022 Autoridades de los tres \u00f3rdenes de Gobierno, sectores productivos y sociedad civil suman esfuerzos para impulsar la conservaci\u00f3n y<\/p>\n","protected":false},"author":2,"featured_media":18270,"comment_status":"closed","ping_status":"closed","sticky":false,"template":"","format":"standard","meta":{"footnotes":""},"categories":[25,30],"tags":[],"class_list":["post-18269","post","type-post","status-publish","format-standard","has-post-thumbnail","hentry","category-local","category-portada"],"yoast_head":"<!-- This site is optimized with the Yoast SEO plugin v24.1 - https:\/\/yoast.com\/wordpress\/plugins\/seo\/ -->\n<title>Estado participa en instalaci\u00f3n del Comit\u00e9 para proteger la Cuenca del R\u00edo Axtla - sanluisinforma.com<\/title>\n<meta name=\"robots\" content=\"index, follow, max-snippet:-1, max-image-preview:large, max-video-preview:-1\" \/>\n<link rel=\"canonical\" href=\"https:\/\/sanluisinforma.com\/?p=18269\" \/>\n<meta property=\"og:locale\" content=\"es_MX\" \/>\n<meta property=\"og:type\" content=\"article\" \/>\n<meta property=\"og:title\" content=\"Estado participa en instalaci\u00f3n del Comit\u00e9 para proteger la Cuenca del R\u00edo Axtla - sanluisinforma.com\" \/>\n<meta property=\"og:description\" content=\"\u2022 Autoridades de los tres \u00f3rdenes de Gobierno, sectores productivos y sociedad civil suman esfuerzos para impulsar la conservaci\u00f3n y\" \/>\n<meta property=\"og:url\" content=\"https:\/\/sanluisinforma.com\/?p=18269\" \/>\n<meta property=\"og:site_name\" content=\"sanluisinforma.com\" \/>\n<meta property=\"article:published_time\" content=\"2026-03-16T06:55:00+00:00\" \/>\n<meta property=\"article:modified_time\" content=\"2026-03-16T02:46:08+00:00\" \/>\n<meta property=\"og:image\" content=\"https:\/\/sanluisinforma.com\/wp-content\/uploads\/2026\/03\/unnamed-1-13.jpg\" \/>\n\t<meta property=\"og:image:width\" content=\"300\" \/>\n\t<meta property=\"og:image:height\" content=\"225\" \/>\n\t<meta property=\"og:image:type\" content=\"image\/jpeg\" \/>\n<meta name=\"author\" content=\"sanluisinforma.com\" \/>\n<meta name=\"twitter:card\" content=\"summary_large_image\" \/>\n<meta name=\"twitter:label1\" content=\"Escrito por\" \/>\n\t<meta name=\"twitter:data1\" content=\"sanluisinforma.com\" \/>\n\t<meta name=\"twitter:label2\" content=\"Tiempo de lectura\" \/>\n\t<meta name=\"twitter:data2\" content=\"2 minutos\" \/>\n<script type=\"application\/ld+json\" class=\"yoast-schema-graph\">{\"@context\":\"https:\/\/schema.org\",\"@graph\":[{\"@type\":\"Article\",\"@id\":\"https:\/\/sanluisinforma.com\/?p=18269#article\",\"isPartOf\":{\"@id\":\"https:\/\/sanluisinforma.com\/?p=18269\"},\"author\":{\"name\":\"sanluisinforma.com\",\"@id\":\"https:\/\/sanluisinforma.com\/#\/schema\/person\/c30648f71476be533b6f59d092905c8b\"},\"headline\":\"Estado participa en instalaci\u00f3n del Comit\u00e9 para proteger la Cuenca del R\u00edo Axtla\",\"datePublished\":\"2026-03-16T06:55:00+00:00\",\"dateModified\":\"2026-03-16T02:46:08+00:00\",\"mainEntityOfPage\":{\"@id\":\"https:\/\/sanluisinforma.com\/?p=18269\"},\"wordCount\":278,\"publisher\":{\"@id\":\"https:\/\/sanluisinforma.com\/#organization\"},\"image\":{\"@id\":\"https:\/\/sanluisinforma.com\/?p=18269#primaryimage\"},\"thumbnailUrl\":\"https:\/\/sanluisinforma.com\/wp-content\/uploads\/2026\/03\/unnamed-1-13.jpg\",\"articleSection\":[\"Local\",\"Portada\"],\"inLanguage\":\"es\"},{\"@type\":\"WebPage\",\"@id\":\"https:\/\/sanluisinforma.com\/?p=18269\",\"url\":\"https:\/\/sanluisinforma.com\/?p=18269\",\"name\":\"Estado participa en instalaci\u00f3n del Comit\u00e9 para proteger la Cuenca del R\u00edo Axtla - sanluisinforma.com\",\"isPartOf\":{\"@id\":\"https:\/\/sanluisinforma.com\/#website\"},\"primaryImageOfPage\":{\"@id\":\"https:\/\/sanluisinforma.com\/?p=18269#primaryimage\"},\"image\":{\"@id\":\"https:\/\/sanluisinforma.com\/?p=18269#primaryimage\"},\"thumbnailUrl\":\"https:\/\/sanluisinforma.com\/wp-content\/uploads\/2026\/03\/unnamed-1-13.jpg\",\"datePublished\":\"2026-03-16T06:55:00+00:00\",\"dateModified\":\"2026-03-16T02:46:08+00:00\",\"breadcrumb\":{\"@id\":\"https:\/\/sanluisinforma.com\/?p=18269#breadcrumb\"},\"inLanguage\":\"es\",\"potentialAction\":[{\"@type\":\"ReadAction\",\"target\":[\"https:\/\/sanluisinforma.com\/?p=18269\"]}]},{\"@type\":\"ImageObject\",\"inLanguage\":\"es\",\"@id\":\"https:\/\/sanluisinforma.com\/?p=18269#primaryimage\",\"url\":\"https:\/\/sanluisinforma.com\/wp-content\/uploads\/2026\/03\/unnamed-1-13.jpg\",\"contentUrl\":\"https:\/\/sanluisinforma.com\/wp-content\/uploads\/2026\/03\/unnamed-1-13.jpg\",\"width\":300,\"height\":225},{\"@type\":\"BreadcrumbList\",\"@id\":\"https:\/\/sanluisinforma.com\/?p=18269#breadcrumb\",\"itemListElement\":[{\"@type\":\"ListItem\",\"position\":1,\"name\":\"Inicio\",\"item\":\"https:\/\/sanluisinforma.com\/\"},{\"@type\":\"ListItem\",\"position\":2,\"name\":\"Estado participa en instalaci\u00f3n del Comit\u00e9 para proteger la Cuenca del R\u00edo Axtla\"}]},{\"@type\":\"WebSite\",\"@id\":\"https:\/\/sanluisinforma.com\/#website\",\"url\":\"https:\/\/sanluisinforma.com\/\",\"name\":\"sanluisinforma.com\",\"description\":\"Periodico San Luis Informa\",\"publisher\":{\"@id\":\"https:\/\/sanluisinforma.com\/#organization\"},\"potentialAction\":[{\"@type\":\"SearchAction\",\"target\":{\"@type\":\"EntryPoint\",\"urlTemplate\":\"https:\/\/sanluisinforma.com\/?s={search_term_string}\"},\"query-input\":{\"@type\":\"PropertyValueSpecification\",\"valueRequired\":true,\"valueName\":\"search_term_string\"}}],\"inLanguage\":\"es\"},{\"@type\":\"Organization\",\"@id\":\"https:\/\/sanluisinforma.com\/#organization\",\"name\":\"sanluisinforma.com\",\"url\":\"https:\/\/sanluisinforma.com\/\",\"logo\":{\"@type\":\"ImageObject\",\"inLanguage\":\"es\",\"@id\":\"https:\/\/sanluisinforma.com\/#\/schema\/logo\/image\/\",\"url\":\"https:\/\/sanluisinforma.com\/wp-content\/uploads\/2026\/03\/sanluisinforma-V.jpg\",\"contentUrl\":\"https:\/\/sanluisinforma.com\/wp-content\/uploads\/2026\/03\/sanluisinforma-V.jpg\",\"width\":500,\"height\":156,\"caption\":\"sanluisinforma.com\"},\"image\":{\"@id\":\"https:\/\/sanluisinforma.com\/#\/schema\/logo\/image\/\"}},{\"@type\":\"Person\",\"@id\":\"https:\/\/sanluisinforma.com\/#\/schema\/person\/c30648f71476be533b6f59d092905c8b\",\"name\":\"sanluisinforma.com\",\"image\":{\"@type\":\"ImageObject\",\"inLanguage\":\"es\",\"@id\":\"https:\/\/sanluisinforma.com\/#\/schema\/person\/image\/\",\"url\":\"https:\/\/secure.gravatar.com\/avatar\/86e3114e34a1eecefb963e0a02f0093f93b092dddb2fe1517596343751081a87?s=96&d=mm&r=g\",\"contentUrl\":\"https:\/\/secure.gravatar.com\/avatar\/86e3114e34a1eecefb963e0a02f0093f93b092dddb2fe1517596343751081a87?s=96&d=mm&r=g\",\"caption\":\"sanluisinforma.com\"},\"url\":\"https:\/\/sanluisinforma.com\/?author=2\"}]}<\/script>\n<!-- \/ Yoast SEO plugin. -->","yoast_head_json":{"title":"Estado participa en instalaci\u00f3n del Comit\u00e9 para proteger la Cuenca del R\u00edo Axtla - sanluisinforma.com","robots":{"index":"index","follow":"follow","max-snippet":"max-snippet:-1","max-image-preview":"max-image-preview:large","max-video-preview":"max-video-preview:-1"},"canonical":"https:\/\/sanluisinforma.com\/?p=18269","og_locale":"es_MX","og_type":"article","og_title":"Estado participa en instalaci\u00f3n del Comit\u00e9 para proteger la Cuenca del R\u00edo Axtla - sanluisinforma.com","og_description":"\u2022 Autoridades de los tres \u00f3rdenes de Gobierno, sectores productivos y sociedad civil suman esfuerzos para impulsar la conservaci\u00f3n y","og_url":"https:\/\/sanluisinforma.com\/?p=18269","og_site_name":"sanluisinforma.com","article_published_time":"2026-03-16T06:55:00+00:00","article_modified_time":"2026-03-16T02:46:08+00:00","og_image":[{"width":300,"height":225,"url":"https:\/\/sanluisinforma.com\/wp-content\/uploads\/2026\/03\/unnamed-1-13.jpg","type":"image\/jpeg"}],"author":"sanluisinforma.com","twitter_card":"summary_large_image","twitter_misc":{"Escrito por":"sanluisinforma.com","Tiempo de lectura":"2 minutos"},"schema":{"@context":"https:\/\/schema.org","@graph":[{"@type":"Article","@id":"https:\/\/sanluisinforma.com\/?p=18269#article","isPartOf":{"@id":"https:\/\/sanluisinforma.com\/?p=18269"},"author":{"name":"sanluisinforma.com","@id":"https:\/\/sanluisinforma.com\/#\/schema\/person\/c30648f71476be533b6f59d092905c8b"},"headline":"Estado participa en instalaci\u00f3n del Comit\u00e9 para proteger la Cuenca del R\u00edo Axtla","datePublished":"2026-03-16T06:55:00+00:00","dateModified":"2026-03-16T02:46:08+00:00","mainEntityOfPage":{"@id":"https:\/\/sanluisinforma.com\/?p=18269"},"wordCount":278,"publisher":{"@id":"https:\/\/sanluisinforma.com\/#organization"},"image":{"@id":"https:\/\/sanluisinforma.com\/?p=18269#primaryimage"},"thumbnailUrl":"https:\/\/sanluisinforma.com\/wp-content\/uploads\/2026\/03\/unnamed-1-13.jpg","articleSection":["Local","Portada"],"inLanguage":"es"},{"@type":"WebPage","@id":"https:\/\/sanluisinforma.com\/?p=18269","url":"https:\/\/sanluisinforma.com\/?p=18269","name":"Estado participa en instalaci\u00f3n del Comit\u00e9 para proteger la Cuenca del R\u00edo Axtla - sanluisinforma.com","isPartOf":{"@id":"https:\/\/sanluisinforma.com\/#website"},"primaryImageOfPage":{"@id":"https:\/\/sanluisinforma.com\/?p=18269#primaryimage"},"image":{"@id":"https:\/\/sanluisinforma.com\/?p=18269#primaryimage"},"thumbnailUrl":"https:\/\/sanluisinforma.com\/wp-content\/uploads\/2026\/03\/unnamed-1-13.jpg","datePublished":"2026-03-16T06:55:00+00:00","dateModified":"2026-03-16T02:46:08+00:00","breadcrumb":{"@id":"https:\/\/sanluisinforma.com\/?p=18269#breadcrumb"},"inLanguage":"es","potentialAction":[{"@type":"ReadAction","target":["https:\/\/sanluisinforma.com\/?p=18269"]}]},{"@type":"ImageObject","inLanguage":"es","@id":"https:\/\/sanluisinforma.com\/?p=18269#primaryimage","url":"https:\/\/sanluisinforma.com\/wp-content\/uploads\/2026\/03\/unnamed-1-13.jpg","contentUrl":"https:\/\/sanluisinforma.com\/wp-content\/uploads\/2026\/03\/unnamed-1-13.jpg","width":300,"height":225},{"@type":"BreadcrumbList","@id":"https:\/\/sanluisinforma.com\/?p=18269#breadcrumb","itemListElement":[{"@type":"ListItem","position":1,"name":"Inicio","item":"https:\/\/sanluisinforma.com\/"},{"@type":"ListItem","position":2,"name":"Estado participa en instalaci\u00f3n del Comit\u00e9 para proteger la Cuenca del R\u00edo Axtla"}]},{"@type":"WebSite","@id":"https:\/\/sanluisinforma.com\/#website","url":"https:\/\/sanluisinforma.com\/","name":"sanluisinforma.com","description":"Periodico San Luis Informa","publisher":{"@id":"https:\/\/sanluisinforma.com\/#organization"},"potentialAction":[{"@type":"SearchAction","target":{"@type":"EntryPoint","urlTemplate":"https:\/\/sanluisinforma.com\/?s={search_term_string}"},"query-input":{"@type":"PropertyValueSpecification","valueRequired":true,"valueName":"search_term_string"}}],"inLanguage":"es"},{"@type":"Organization","@id":"https:\/\/sanluisinforma.com\/#organization","name":"sanluisinforma.com","url":"https:\/\/sanluisinforma.com\/","logo":{"@type":"ImageObject","inLanguage":"es","@id":"https:\/\/sanluisinforma.com\/#\/schema\/logo\/image\/","url":"https:\/\/sanluisinforma.com\/wp-content\/uploads\/2026\/03\/sanluisinforma-V.jpg","contentUrl":"https:\/\/sanluisinforma.com\/wp-content\/uploads\/2026\/03\/sanluisinforma-V.jpg","width":500,"height":156,"caption":"sanluisinforma.com"},"image":{"@id":"https:\/\/sanluisinforma.com\/#\/schema\/logo\/image\/"}},{"@type":"Person","@id":"https:\/\/sanluisinforma.com\/#\/schema\/person\/c30648f71476be533b6f59d092905c8b","name":"sanluisinforma.com","image":{"@type":"ImageObject","inLanguage":"es","@id":"https:\/\/sanluisinforma.com\/#\/schema\/person\/image\/","url":"https:\/\/secure.gravatar.com\/avatar\/86e3114e34a1eecefb963e0a02f0093f93b092dddb2fe1517596343751081a87?s=96&d=mm&r=g","contentUrl":"https:\/\/secure.gravatar.com\/avatar\/86e3114e34a1eecefb963e0a02f0093f93b092dddb2fe1517596343751081a87?s=96&d=mm&r=g","caption":"sanluisinforma.com"},"url":"https:\/\/sanluisinforma.com\/?author=2"}]}},"_links":{"self":[{"href":"https:\/\/sanluisinforma.com\/index.php?rest_route=\/wp\/v2\/posts\/18269","targetHints":{"allow":["GET"]}}],"collection":[{"href":"https:\/\/sanluisinforma.com\/index.php?rest_route=\/wp\/v2\/posts"}],"about":[{"href":"https:\/\/sanluisinforma.com\/index.php?rest_route=\/wp\/v2\/types\/post"}],"author":[{"embeddable":true,"href":"https:\/\/sanluisinforma.com\/index.php?rest_route=\/wp\/v2\/users\/2"}],"replies":[{"embeddable":true,"href":"https:\/\/sanluisinforma.com\/index.php?rest_route=%2Fwp%2Fv2%2Fcomments&post=18269"}],"version-history":[{"count":1,"href":"https:\/\/sanluisinforma.com\/index.php?rest_route=\/wp\/v2\/posts\/18269\/revisions"}],"predecessor-version":[{"id":18271,"href":"https:\/\/sanluisinforma.com\/index.php?rest_route=\/wp\/v2\/posts\/18269\/revisions\/18271"}],"wp:featuredmedia":[{"embeddable":true,"href":"https:\/\/sanluisinforma.com\/index.php?rest_route=\/wp\/v2\/media\/18270"}],"wp:attachment":[{"href":"https:\/\/sanluisinforma.com\/index.php?rest_route=%2Fwp%2Fv2%2Fmedia&parent=18269"}],"wp:term":[{"taxonomy":"category","embeddable":true,"href":"https:\/\/sanluisinforma.com\/index.php?rest_route=%2Fwp%2Fv2%2Fcategories&post=18269"},{"taxonomy":"post_tag","embeddable":true,"href":"https:\/\/sanluisinforma.com\/index.php?rest_route=%2Fwp%2Fv2%2Ftags&post=18269"}],"curies":[{"name":"wp","href":"https:\/\/api.w.org\/{rel}","templated":true}]}}