{"id":18272,"date":"2026-03-16T00:58:00","date_gmt":"2026-03-16T06:58:00","guid":{"rendered":"https:\/\/sanluisinforma.com\/?p=18272"},"modified":"2026-03-15T20:41:02","modified_gmt":"2026-03-16T02:41:02","slug":"ricardo-gallardo-consolida-proyeccion-cultural-de-san-luis-ante-el-mundo","status":"publish","type":"post","link":"https:\/\/sanluisinforma.com\/?p=18272","title":{"rendered":"Ricardo Gallardo consolida proyecci\u00f3n cultural de San Luis ante el mundo"},"content":{"rendered":"\n<p><br>* El Gobernador del Estado impulsa la presentaci\u00f3n de Xantolo en Roma tras acuerdo con el embajador de Italia en M\u00e9xico.<\/p>\n\n\n\n<p>Ricardo Gallardo Cardona, Gobernador de San Luis Potos\u00ed, reafirm\u00f3 su compromiso de posicionar la riqueza cultural del Estado a nivel internacional, esto, en el marco de la reuni\u00f3n que sostuvo con el embajador de Italia en M\u00e9xico, Alessandro Modiano, donde se plante\u00f3 la posibilidad de llevar la tradicional celebraci\u00f3n de Xantolo hasta la ciudad de Roma.<br>En el cambio que se vive y se siente, el Gobernador del Estado expres\u00f3 que este acuerdo busca proyectar al mundo una de las expresiones culturales m\u00e1s emblem\u00e1ticas de la Huasteca, fortaleciendo al mismo tiempo la presencia internacional de la entidad potosina en otros pa\u00edses, lo que incentivar\u00eda la llegada de visitantes interesados en conocer la historia, la cultura y las tradiciones vivas que distinguen a San Luis Potos\u00ed.<br>Durante la reuni\u00f3n, el Mandatario Estatal destac\u00f3 que su administraci\u00f3n trabaja para que las tradiciones de San Luis Potos\u00ed trasciendan fronteras y sean reconocidas globalmente. Destac\u00f3 que Xantolo representa una de las manifestaciones culturales m\u00e1s profundas del pueblo potosino, por lo que llevar esta festividad a Europa permitir\u00eda mostrar la riqueza hist\u00f3rica, art\u00edstica y espiritual del Estado.<br>Finalmente, el Gobernador Ricardo Gallardo coment\u00f3 que el proyecto tambi\u00e9n contempla la promoci\u00f3n integral de la cultura potosina, incluyendo su gastronom\u00eda, artesan\u00edas y expresiones art\u00edsticas tradicionales, creando oportunidades de intercambio cultural y tur\u00edstico con Italia y otros pa\u00edses, de esta forma, se fortalece la estrategia de difusi\u00f3n internacional que busca consolidar a San Luis Potos\u00ed como un destino cultural y tur\u00edstico de relevancia mundial.<\/p>\n","protected":false},"excerpt":{"rendered":"<p>* El Gobernador del Estado impulsa la presentaci\u00f3n de Xantolo en Roma tras acuerdo con el embajador de Italia en<\/p>\n","protected":false},"author":2,"featured_media":18273,"comment_status":"closed","ping_status":"closed","sticky":false,"template":"","format":"standard","meta":{"footnotes":""},"categories":[25,30],"tags":[],"class_list":["post-18272","post","type-post","status-publish","format-standard","has-post-thumbnail","hentry","category-local","category-portada"],"yoast_head":"<!-- This site is optimized with the Yoast SEO plugin v24.1 - https:\/\/yoast.com\/wordpress\/plugins\/seo\/ -->\n<title>Ricardo Gallardo consolida proyecci\u00f3n cultural de San Luis ante el mundo - sanluisinforma.com<\/title>\n<meta name=\"robots\" content=\"index, follow, max-snippet:-1, max-image-preview:large, max-video-preview:-1\" \/>\n<link rel=\"canonical\" href=\"https:\/\/sanluisinforma.com\/?p=18272\" \/>\n<meta property=\"og:locale\" content=\"es_MX\" \/>\n<meta property=\"og:type\" content=\"article\" \/>\n<meta property=\"og:title\" content=\"Ricardo Gallardo consolida proyecci\u00f3n cultural de San Luis ante el mundo - sanluisinforma.com\" \/>\n<meta property=\"og:description\" content=\"* El Gobernador del Estado impulsa la presentaci\u00f3n de Xantolo en Roma tras acuerdo con el embajador de Italia en\" \/>\n<meta property=\"og:url\" content=\"https:\/\/sanluisinforma.com\/?p=18272\" \/>\n<meta property=\"og:site_name\" content=\"sanluisinforma.com\" \/>\n<meta property=\"article:published_time\" content=\"2026-03-16T06:58:00+00:00\" \/>\n<meta property=\"article:modified_time\" content=\"2026-03-16T02:41:02+00:00\" \/>\n<meta property=\"og:image\" content=\"https:\/\/sanluisinforma.com\/wp-content\/uploads\/2026\/03\/unnamed-2-14.jpg\" \/>\n\t<meta property=\"og:image:width\" content=\"300\" \/>\n\t<meta property=\"og:image:height\" content=\"225\" \/>\n\t<meta property=\"og:image:type\" content=\"image\/jpeg\" \/>\n<meta name=\"author\" content=\"sanluisinforma.com\" \/>\n<meta name=\"twitter:card\" content=\"summary_large_image\" \/>\n<meta name=\"twitter:label1\" content=\"Escrito por\" \/>\n\t<meta name=\"twitter:data1\" content=\"sanluisinforma.com\" \/>\n\t<meta name=\"twitter:label2\" content=\"Tiempo de lectura\" \/>\n\t<meta name=\"twitter:data2\" content=\"2 minutos\" \/>\n<script type=\"application\/ld+json\" class=\"yoast-schema-graph\">{\"@context\":\"https:\/\/schema.org\",\"@graph\":[{\"@type\":\"Article\",\"@id\":\"https:\/\/sanluisinforma.com\/?p=18272#article\",\"isPartOf\":{\"@id\":\"https:\/\/sanluisinforma.com\/?p=18272\"},\"author\":{\"name\":\"sanluisinforma.com\",\"@id\":\"https:\/\/sanluisinforma.com\/#\/schema\/person\/c30648f71476be533b6f59d092905c8b\"},\"headline\":\"Ricardo Gallardo consolida proyecci\u00f3n cultural de San Luis ante el mundo\",\"datePublished\":\"2026-03-16T06:58:00+00:00\",\"dateModified\":\"2026-03-16T02:41:02+00:00\",\"mainEntityOfPage\":{\"@id\":\"https:\/\/sanluisinforma.com\/?p=18272\"},\"wordCount\":302,\"publisher\":{\"@id\":\"https:\/\/sanluisinforma.com\/#organization\"},\"image\":{\"@id\":\"https:\/\/sanluisinforma.com\/?p=18272#primaryimage\"},\"thumbnailUrl\":\"https:\/\/sanluisinforma.com\/wp-content\/uploads\/2026\/03\/unnamed-2-14.jpg\",\"articleSection\":[\"Local\",\"Portada\"],\"inLanguage\":\"es\"},{\"@type\":\"WebPage\",\"@id\":\"https:\/\/sanluisinforma.com\/?p=18272\",\"url\":\"https:\/\/sanluisinforma.com\/?p=18272\",\"name\":\"Ricardo Gallardo consolida proyecci\u00f3n cultural de San Luis ante el mundo - sanluisinforma.com\",\"isPartOf\":{\"@id\":\"https:\/\/sanluisinforma.com\/#website\"},\"primaryImageOfPage\":{\"@id\":\"https:\/\/sanluisinforma.com\/?p=18272#primaryimage\"},\"image\":{\"@id\":\"https:\/\/sanluisinforma.com\/?p=18272#primaryimage\"},\"thumbnailUrl\":\"https:\/\/sanluisinforma.com\/wp-content\/uploads\/2026\/03\/unnamed-2-14.jpg\",\"datePublished\":\"2026-03-16T06:58:00+00:00\",\"dateModified\":\"2026-03-16T02:41:02+00:00\",\"breadcrumb\":{\"@id\":\"https:\/\/sanluisinforma.com\/?p=18272#breadcrumb\"},\"inLanguage\":\"es\",\"potentialAction\":[{\"@type\":\"ReadAction\",\"target\":[\"https:\/\/sanluisinforma.com\/?p=18272\"]}]},{\"@type\":\"ImageObject\",\"inLanguage\":\"es\",\"@id\":\"https:\/\/sanluisinforma.com\/?p=18272#primaryimage\",\"url\":\"https:\/\/sanluisinforma.com\/wp-content\/uploads\/2026\/03\/unnamed-2-14.jpg\",\"contentUrl\":\"https:\/\/sanluisinforma.com\/wp-content\/uploads\/2026\/03\/unnamed-2-14.jpg\",\"width\":300,\"height\":225},{\"@type\":\"BreadcrumbList\",\"@id\":\"https:\/\/sanluisinforma.com\/?p=18272#breadcrumb\",\"itemListElement\":[{\"@type\":\"ListItem\",\"position\":1,\"name\":\"Inicio\",\"item\":\"https:\/\/sanluisinforma.com\/\"},{\"@type\":\"ListItem\",\"position\":2,\"name\":\"Ricardo Gallardo consolida proyecci\u00f3n cultural de San Luis ante el mundo\"}]},{\"@type\":\"WebSite\",\"@id\":\"https:\/\/sanluisinforma.com\/#website\",\"url\":\"https:\/\/sanluisinforma.com\/\",\"name\":\"sanluisinforma.com\",\"description\":\"Periodico San Luis Informa\",\"publisher\":{\"@id\":\"https:\/\/sanluisinforma.com\/#organization\"},\"potentialAction\":[{\"@type\":\"SearchAction\",\"target\":{\"@type\":\"EntryPoint\",\"urlTemplate\":\"https:\/\/sanluisinforma.com\/?s={search_term_string}\"},\"query-input\":{\"@type\":\"PropertyValueSpecification\",\"valueRequired\":true,\"valueName\":\"search_term_string\"}}],\"inLanguage\":\"es\"},{\"@type\":\"Organization\",\"@id\":\"https:\/\/sanluisinforma.com\/#organization\",\"name\":\"sanluisinforma.com\",\"url\":\"https:\/\/sanluisinforma.com\/\",\"logo\":{\"@type\":\"ImageObject\",\"inLanguage\":\"es\",\"@id\":\"https:\/\/sanluisinforma.com\/#\/schema\/logo\/image\/\",\"url\":\"https:\/\/sanluisinforma.com\/wp-content\/uploads\/2026\/03\/sanluisinforma-V.jpg\",\"contentUrl\":\"https:\/\/sanluisinforma.com\/wp-content\/uploads\/2026\/03\/sanluisinforma-V.jpg\",\"width\":500,\"height\":156,\"caption\":\"sanluisinforma.com\"},\"image\":{\"@id\":\"https:\/\/sanluisinforma.com\/#\/schema\/logo\/image\/\"}},{\"@type\":\"Person\",\"@id\":\"https:\/\/sanluisinforma.com\/#\/schema\/person\/c30648f71476be533b6f59d092905c8b\",\"name\":\"sanluisinforma.com\",\"image\":{\"@type\":\"ImageObject\",\"inLanguage\":\"es\",\"@id\":\"https:\/\/sanluisinforma.com\/#\/schema\/person\/image\/\",\"url\":\"https:\/\/secure.gravatar.com\/avatar\/86e3114e34a1eecefb963e0a02f0093f93b092dddb2fe1517596343751081a87?s=96&d=mm&r=g\",\"contentUrl\":\"https:\/\/secure.gravatar.com\/avatar\/86e3114e34a1eecefb963e0a02f0093f93b092dddb2fe1517596343751081a87?s=96&d=mm&r=g\",\"caption\":\"sanluisinforma.com\"},\"url\":\"https:\/\/sanluisinforma.com\/?author=2\"}]}<\/script>\n<!-- \/ Yoast SEO plugin. -->","yoast_head_json":{"title":"Ricardo Gallardo consolida proyecci\u00f3n cultural de San Luis ante el mundo - sanluisinforma.com","robots":{"index":"index","follow":"follow","max-snippet":"max-snippet:-1","max-image-preview":"max-image-preview:large","max-video-preview":"max-video-preview:-1"},"canonical":"https:\/\/sanluisinforma.com\/?p=18272","og_locale":"es_MX","og_type":"article","og_title":"Ricardo Gallardo consolida proyecci\u00f3n cultural de San Luis ante el mundo - sanluisinforma.com","og_description":"* El Gobernador del Estado impulsa la presentaci\u00f3n de Xantolo en Roma tras acuerdo con el embajador de Italia en","og_url":"https:\/\/sanluisinforma.com\/?p=18272","og_site_name":"sanluisinforma.com","article_published_time":"2026-03-16T06:58:00+00:00","article_modified_time":"2026-03-16T02:41:02+00:00","og_image":[{"width":300,"height":225,"url":"https:\/\/sanluisinforma.com\/wp-content\/uploads\/2026\/03\/unnamed-2-14.jpg","type":"image\/jpeg"}],"author":"sanluisinforma.com","twitter_card":"summary_large_image","twitter_misc":{"Escrito por":"sanluisinforma.com","Tiempo de lectura":"2 minutos"},"schema":{"@context":"https:\/\/schema.org","@graph":[{"@type":"Article","@id":"https:\/\/sanluisinforma.com\/?p=18272#article","isPartOf":{"@id":"https:\/\/sanluisinforma.com\/?p=18272"},"author":{"name":"sanluisinforma.com","@id":"https:\/\/sanluisinforma.com\/#\/schema\/person\/c30648f71476be533b6f59d092905c8b"},"headline":"Ricardo Gallardo consolida proyecci\u00f3n cultural de San Luis ante el mundo","datePublished":"2026-03-16T06:58:00+00:00","dateModified":"2026-03-16T02:41:02+00:00","mainEntityOfPage":{"@id":"https:\/\/sanluisinforma.com\/?p=18272"},"wordCount":302,"publisher":{"@id":"https:\/\/sanluisinforma.com\/#organization"},"image":{"@id":"https:\/\/sanluisinforma.com\/?p=18272#primaryimage"},"thumbnailUrl":"https:\/\/sanluisinforma.com\/wp-content\/uploads\/2026\/03\/unnamed-2-14.jpg","articleSection":["Local","Portada"],"inLanguage":"es"},{"@type":"WebPage","@id":"https:\/\/sanluisinforma.com\/?p=18272","url":"https:\/\/sanluisinforma.com\/?p=18272","name":"Ricardo Gallardo consolida proyecci\u00f3n cultural de San Luis ante el mundo - sanluisinforma.com","isPartOf":{"@id":"https:\/\/sanluisinforma.com\/#website"},"primaryImageOfPage":{"@id":"https:\/\/sanluisinforma.com\/?p=18272#primaryimage"},"image":{"@id":"https:\/\/sanluisinforma.com\/?p=18272#primaryimage"},"thumbnailUrl":"https:\/\/sanluisinforma.com\/wp-content\/uploads\/2026\/03\/unnamed-2-14.jpg","datePublished":"2026-03-16T06:58:00+00:00","dateModified":"2026-03-16T02:41:02+00:00","breadcrumb":{"@id":"https:\/\/sanluisinforma.com\/?p=18272#breadcrumb"},"inLanguage":"es","potentialAction":[{"@type":"ReadAction","target":["https:\/\/sanluisinforma.com\/?p=18272"]}]},{"@type":"ImageObject","inLanguage":"es","@id":"https:\/\/sanluisinforma.com\/?p=18272#primaryimage","url":"https:\/\/sanluisinforma.com\/wp-content\/uploads\/2026\/03\/unnamed-2-14.jpg","contentUrl":"https:\/\/sanluisinforma.com\/wp-content\/uploads\/2026\/03\/unnamed-2-14.jpg","width":300,"height":225},{"@type":"BreadcrumbList","@id":"https:\/\/sanluisinforma.com\/?p=18272#breadcrumb","itemListElement":[{"@type":"ListItem","position":1,"name":"Inicio","item":"https:\/\/sanluisinforma.com\/"},{"@type":"ListItem","position":2,"name":"Ricardo Gallardo consolida proyecci\u00f3n cultural de San Luis ante el mundo"}]},{"@type":"WebSite","@id":"https:\/\/sanluisinforma.com\/#website","url":"https:\/\/sanluisinforma.com\/","name":"sanluisinforma.com","description":"Periodico San Luis Informa","publisher":{"@id":"https:\/\/sanluisinforma.com\/#organization"},"potentialAction":[{"@type":"SearchAction","target":{"@type":"EntryPoint","urlTemplate":"https:\/\/sanluisinforma.com\/?s={search_term_string}"},"query-input":{"@type":"PropertyValueSpecification","valueRequired":true,"valueName":"search_term_string"}}],"inLanguage":"es"},{"@type":"Organization","@id":"https:\/\/sanluisinforma.com\/#organization","name":"sanluisinforma.com","url":"https:\/\/sanluisinforma.com\/","logo":{"@type":"ImageObject","inLanguage":"es","@id":"https:\/\/sanluisinforma.com\/#\/schema\/logo\/image\/","url":"https:\/\/sanluisinforma.com\/wp-content\/uploads\/2026\/03\/sanluisinforma-V.jpg","contentUrl":"https:\/\/sanluisinforma.com\/wp-content\/uploads\/2026\/03\/sanluisinforma-V.jpg","width":500,"height":156,"caption":"sanluisinforma.com"},"image":{"@id":"https:\/\/sanluisinforma.com\/#\/schema\/logo\/image\/"}},{"@type":"Person","@id":"https:\/\/sanluisinforma.com\/#\/schema\/person\/c30648f71476be533b6f59d092905c8b","name":"sanluisinforma.com","image":{"@type":"ImageObject","inLanguage":"es","@id":"https:\/\/sanluisinforma.com\/#\/schema\/person\/image\/","url":"https:\/\/secure.gravatar.com\/avatar\/86e3114e34a1eecefb963e0a02f0093f93b092dddb2fe1517596343751081a87?s=96&d=mm&r=g","contentUrl":"https:\/\/secure.gravatar.com\/avatar\/86e3114e34a1eecefb963e0a02f0093f93b092dddb2fe1517596343751081a87?s=96&d=mm&r=g","caption":"sanluisinforma.com"},"url":"https:\/\/sanluisinforma.com\/?author=2"}]}},"_links":{"self":[{"href":"https:\/\/sanluisinforma.com\/index.php?rest_route=\/wp\/v2\/posts\/18272","targetHints":{"allow":["GET"]}}],"collection":[{"href":"https:\/\/sanluisinforma.com\/index.php?rest_route=\/wp\/v2\/posts"}],"about":[{"href":"https:\/\/sanluisinforma.com\/index.php?rest_route=\/wp\/v2\/types\/post"}],"author":[{"embeddable":true,"href":"https:\/\/sanluisinforma.com\/index.php?rest_route=\/wp\/v2\/users\/2"}],"replies":[{"embeddable":true,"href":"https:\/\/sanluisinforma.com\/index.php?rest_route=%2Fwp%2Fv2%2Fcomments&post=18272"}],"version-history":[{"count":1,"href":"https:\/\/sanluisinforma.com\/index.php?rest_route=\/wp\/v2\/posts\/18272\/revisions"}],"predecessor-version":[{"id":18274,"href":"https:\/\/sanluisinforma.com\/index.php?rest_route=\/wp\/v2\/posts\/18272\/revisions\/18274"}],"wp:featuredmedia":[{"embeddable":true,"href":"https:\/\/sanluisinforma.com\/index.php?rest_route=\/wp\/v2\/media\/18273"}],"wp:attachment":[{"href":"https:\/\/sanluisinforma.com\/index.php?rest_route=%2Fwp%2Fv2%2Fmedia&parent=18272"}],"wp:term":[{"taxonomy":"category","embeddable":true,"href":"https:\/\/sanluisinforma.com\/index.php?rest_route=%2Fwp%2Fv2%2Fcategories&post=18272"},{"taxonomy":"post_tag","embeddable":true,"href":"https:\/\/sanluisinforma.com\/index.php?rest_route=%2Fwp%2Fv2%2Ftags&post=18272"}],"curies":[{"name":"wp","href":"https:\/\/api.w.org\/{rel}","templated":true}]}}