{"id":18298,"date":"2026-03-16T20:12:19","date_gmt":"2026-03-17T02:12:19","guid":{"rendered":"https:\/\/sanluisinforma.com\/?p=18298"},"modified":"2026-03-16T20:20:07","modified_gmt":"2026-03-17T02:20:07","slug":"lejos-la-paz-en-iran","status":"publish","type":"post","link":"https:\/\/sanluisinforma.com\/?p=18298","title":{"rendered":"#Guerra Lejos la paz en Ir\u00e1n."},"content":{"rendered":"\n<p>Agencias.- en redes sociales de la regi\u00f3n muestran varios videos, en donde se  pueden ver rastros anaranjados de munici\u00f3n antia\u00e9rea,  son disparos de sistemas estadounidenses de defensa contra cohetes, artiller\u00eda y morteros (C-RAM), cruzando el cielo.<\/p>\n\n\n\n<p> El video fue grabado a menos de 800 metros del complejo de la\u00a0<a href=\"https:\/\/www.cnn.com\/world\/live-news\/iran-war-us-israel-trump-03-14-26#cmmqg7xe600003b6ssp69tk40\">Embajada de EE.UU.<\/a>\u00a0en Bagdad.<\/p>\n\n\n\n<p>La embajada ya ha sido atacada antes.<\/p>\n\n\n\n<p> El s\u00e1bado, dos drones impactaron la Embajada de EE.UU. en la capital, dijo a CNN un funcionario de seguridad.<\/p>\n\n\n\n<p> Un video geolocalizado por CNN el s\u00e1bado mostr\u00f3 humo y llamas elev\u00e1ndose desde un edificio en las inmediaciones del complejo.<\/p>\n\n\n\n<p>A primera hora del martes, hora local, el portavoz del comandante en jefe de las fuerzas armadas de Iraq dijo que ataques injustificados se han repetido contra una serie de instalaciones vitales, infraestructuras y misiones diplom\u00e1ticas.<\/p>\n\n\n\n<p>Entre ellas se incluyen la sede de la Embajada de EE.UU. en Bagdad, el yacimiento petrolero de Majnoon y el Hotel Internacional Al-Rasheed, dijo Sabah al-Numan en un comunicado publicado por la Oficina del primer ministro de Iraq en X.<\/p>\n\n\n\n<p><a href=\"mailto:?subject=Se%20activan%20sistemas%20de%20defensa%20antia%C3%A9rea%20sobre%20Bagdad%20cerca%20del%20complejo%20de%20la%20Embajada%20de%20EE.UU.&amp;body=Mira%20las%20%C3%BAltimas%20noticias%20de%20CNN%3A%0Ahttps%3A%2F%2Fcnnespanol.cnn.com%2Fmundo%2Flive-news%2Fguerra-eeuu-israel-iran-ataques-medio-oriente-en-vivo-16-trax%3Fpost-id%3Dcmmtwvuq6002s356ru7bmo9y2\" target=\"_blank\" rel=\"noreferrer noopener\"><\/a><\/p>\n","protected":false},"excerpt":{"rendered":"<p>Agencias.- en redes sociales de la regi\u00f3n muestran varios videos, en donde se pueden ver rastros anaranjados de munici\u00f3n antia\u00e9rea,<\/p>\n","protected":false},"author":2,"featured_media":0,"comment_status":"closed","ping_status":"closed","sticky":false,"template":"","format":"standard","meta":{"footnotes":""},"categories":[28],"tags":[],"class_list":["post-18298","post","type-post","status-publish","format-standard","hentry","category-internacional"],"yoast_head":"<!-- This site is optimized with the Yoast SEO plugin v24.1 - https:\/\/yoast.com\/wordpress\/plugins\/seo\/ -->\n<title>#Guerra Lejos la paz en Ir\u00e1n. - sanluisinforma.com<\/title>\n<meta name=\"robots\" content=\"index, follow, max-snippet:-1, max-image-preview:large, max-video-preview:-1\" \/>\n<link rel=\"canonical\" href=\"https:\/\/sanluisinforma.com\/?p=18298\" \/>\n<meta property=\"og:locale\" content=\"es_MX\" \/>\n<meta property=\"og:type\" content=\"article\" \/>\n<meta property=\"og:title\" content=\"#Guerra Lejos la paz en Ir\u00e1n. - sanluisinforma.com\" \/>\n<meta property=\"og:description\" content=\"Agencias.- en redes sociales de la regi\u00f3n muestran varios videos, en donde se pueden ver rastros anaranjados de munici\u00f3n antia\u00e9rea,\" \/>\n<meta property=\"og:url\" content=\"https:\/\/sanluisinforma.com\/?p=18298\" \/>\n<meta property=\"og:site_name\" content=\"sanluisinforma.com\" \/>\n<meta property=\"article:published_time\" content=\"2026-03-17T02:12:19+00:00\" \/>\n<meta property=\"article:modified_time\" content=\"2026-03-17T02:20:07+00:00\" \/>\n<meta name=\"author\" content=\"sanluisinforma.com\" \/>\n<meta name=\"twitter:card\" content=\"summary_large_image\" \/>\n<meta name=\"twitter:label1\" content=\"Escrito por\" \/>\n\t<meta name=\"twitter:data1\" content=\"sanluisinforma.com\" \/>\n\t<meta name=\"twitter:label2\" content=\"Tiempo de lectura\" \/>\n\t<meta name=\"twitter:data2\" content=\"1 minuto\" \/>\n<script type=\"application\/ld+json\" class=\"yoast-schema-graph\">{\"@context\":\"https:\/\/schema.org\",\"@graph\":[{\"@type\":\"Article\",\"@id\":\"https:\/\/sanluisinforma.com\/?p=18298#article\",\"isPartOf\":{\"@id\":\"https:\/\/sanluisinforma.com\/?p=18298\"},\"author\":{\"name\":\"sanluisinforma.com\",\"@id\":\"https:\/\/sanluisinforma.com\/#\/schema\/person\/c30648f71476be533b6f59d092905c8b\"},\"headline\":\"#Guerra Lejos la paz en Ir\u00e1n.\",\"datePublished\":\"2026-03-17T02:12:19+00:00\",\"dateModified\":\"2026-03-17T02:20:07+00:00\",\"mainEntityOfPage\":{\"@id\":\"https:\/\/sanluisinforma.com\/?p=18298\"},\"wordCount\":194,\"publisher\":{\"@id\":\"https:\/\/sanluisinforma.com\/#organization\"},\"articleSection\":[\"Internacional\"],\"inLanguage\":\"es\"},{\"@type\":\"WebPage\",\"@id\":\"https:\/\/sanluisinforma.com\/?p=18298\",\"url\":\"https:\/\/sanluisinforma.com\/?p=18298\",\"name\":\"#Guerra Lejos la paz en Ir\u00e1n. - sanluisinforma.com\",\"isPartOf\":{\"@id\":\"https:\/\/sanluisinforma.com\/#website\"},\"datePublished\":\"2026-03-17T02:12:19+00:00\",\"dateModified\":\"2026-03-17T02:20:07+00:00\",\"breadcrumb\":{\"@id\":\"https:\/\/sanluisinforma.com\/?p=18298#breadcrumb\"},\"inLanguage\":\"es\",\"potentialAction\":[{\"@type\":\"ReadAction\",\"target\":[\"https:\/\/sanluisinforma.com\/?p=18298\"]}]},{\"@type\":\"BreadcrumbList\",\"@id\":\"https:\/\/sanluisinforma.com\/?p=18298#breadcrumb\",\"itemListElement\":[{\"@type\":\"ListItem\",\"position\":1,\"name\":\"Inicio\",\"item\":\"https:\/\/sanluisinforma.com\/\"},{\"@type\":\"ListItem\",\"position\":2,\"name\":\"#Guerra Lejos la paz en Ir\u00e1n.\"}]},{\"@type\":\"WebSite\",\"@id\":\"https:\/\/sanluisinforma.com\/#website\",\"url\":\"https:\/\/sanluisinforma.com\/\",\"name\":\"sanluisinforma.com\",\"description\":\"Periodico San Luis Informa\",\"publisher\":{\"@id\":\"https:\/\/sanluisinforma.com\/#organization\"},\"potentialAction\":[{\"@type\":\"SearchAction\",\"target\":{\"@type\":\"EntryPoint\",\"urlTemplate\":\"https:\/\/sanluisinforma.com\/?s={search_term_string}\"},\"query-input\":{\"@type\":\"PropertyValueSpecification\",\"valueRequired\":true,\"valueName\":\"search_term_string\"}}],\"inLanguage\":\"es\"},{\"@type\":\"Organization\",\"@id\":\"https:\/\/sanluisinforma.com\/#organization\",\"name\":\"sanluisinforma.com\",\"url\":\"https:\/\/sanluisinforma.com\/\",\"logo\":{\"@type\":\"ImageObject\",\"inLanguage\":\"es\",\"@id\":\"https:\/\/sanluisinforma.com\/#\/schema\/logo\/image\/\",\"url\":\"https:\/\/sanluisinforma.com\/wp-content\/uploads\/2026\/03\/sanluisinforma-V.jpg\",\"contentUrl\":\"https:\/\/sanluisinforma.com\/wp-content\/uploads\/2026\/03\/sanluisinforma-V.jpg\",\"width\":500,\"height\":156,\"caption\":\"sanluisinforma.com\"},\"image\":{\"@id\":\"https:\/\/sanluisinforma.com\/#\/schema\/logo\/image\/\"}},{\"@type\":\"Person\",\"@id\":\"https:\/\/sanluisinforma.com\/#\/schema\/person\/c30648f71476be533b6f59d092905c8b\",\"name\":\"sanluisinforma.com\",\"image\":{\"@type\":\"ImageObject\",\"inLanguage\":\"es\",\"@id\":\"https:\/\/sanluisinforma.com\/#\/schema\/person\/image\/\",\"url\":\"https:\/\/secure.gravatar.com\/avatar\/86e3114e34a1eecefb963e0a02f0093f93b092dddb2fe1517596343751081a87?s=96&d=mm&r=g\",\"contentUrl\":\"https:\/\/secure.gravatar.com\/avatar\/86e3114e34a1eecefb963e0a02f0093f93b092dddb2fe1517596343751081a87?s=96&d=mm&r=g\",\"caption\":\"sanluisinforma.com\"},\"url\":\"https:\/\/sanluisinforma.com\/?author=2\"}]}<\/script>\n<!-- \/ Yoast SEO plugin. -->","yoast_head_json":{"title":"#Guerra Lejos la paz en Ir\u00e1n. - sanluisinforma.com","robots":{"index":"index","follow":"follow","max-snippet":"max-snippet:-1","max-image-preview":"max-image-preview:large","max-video-preview":"max-video-preview:-1"},"canonical":"https:\/\/sanluisinforma.com\/?p=18298","og_locale":"es_MX","og_type":"article","og_title":"#Guerra Lejos la paz en Ir\u00e1n. - sanluisinforma.com","og_description":"Agencias.- en redes sociales de la regi\u00f3n muestran varios videos, en donde se pueden ver rastros anaranjados de munici\u00f3n antia\u00e9rea,","og_url":"https:\/\/sanluisinforma.com\/?p=18298","og_site_name":"sanluisinforma.com","article_published_time":"2026-03-17T02:12:19+00:00","article_modified_time":"2026-03-17T02:20:07+00:00","author":"sanluisinforma.com","twitter_card":"summary_large_image","twitter_misc":{"Escrito por":"sanluisinforma.com","Tiempo de lectura":"1 minuto"},"schema":{"@context":"https:\/\/schema.org","@graph":[{"@type":"Article","@id":"https:\/\/sanluisinforma.com\/?p=18298#article","isPartOf":{"@id":"https:\/\/sanluisinforma.com\/?p=18298"},"author":{"name":"sanluisinforma.com","@id":"https:\/\/sanluisinforma.com\/#\/schema\/person\/c30648f71476be533b6f59d092905c8b"},"headline":"#Guerra Lejos la paz en Ir\u00e1n.","datePublished":"2026-03-17T02:12:19+00:00","dateModified":"2026-03-17T02:20:07+00:00","mainEntityOfPage":{"@id":"https:\/\/sanluisinforma.com\/?p=18298"},"wordCount":194,"publisher":{"@id":"https:\/\/sanluisinforma.com\/#organization"},"articleSection":["Internacional"],"inLanguage":"es"},{"@type":"WebPage","@id":"https:\/\/sanluisinforma.com\/?p=18298","url":"https:\/\/sanluisinforma.com\/?p=18298","name":"#Guerra Lejos la paz en Ir\u00e1n. - sanluisinforma.com","isPartOf":{"@id":"https:\/\/sanluisinforma.com\/#website"},"datePublished":"2026-03-17T02:12:19+00:00","dateModified":"2026-03-17T02:20:07+00:00","breadcrumb":{"@id":"https:\/\/sanluisinforma.com\/?p=18298#breadcrumb"},"inLanguage":"es","potentialAction":[{"@type":"ReadAction","target":["https:\/\/sanluisinforma.com\/?p=18298"]}]},{"@type":"BreadcrumbList","@id":"https:\/\/sanluisinforma.com\/?p=18298#breadcrumb","itemListElement":[{"@type":"ListItem","position":1,"name":"Inicio","item":"https:\/\/sanluisinforma.com\/"},{"@type":"ListItem","position":2,"name":"#Guerra Lejos la paz en Ir\u00e1n."}]},{"@type":"WebSite","@id":"https:\/\/sanluisinforma.com\/#website","url":"https:\/\/sanluisinforma.com\/","name":"sanluisinforma.com","description":"Periodico San Luis Informa","publisher":{"@id":"https:\/\/sanluisinforma.com\/#organization"},"potentialAction":[{"@type":"SearchAction","target":{"@type":"EntryPoint","urlTemplate":"https:\/\/sanluisinforma.com\/?s={search_term_string}"},"query-input":{"@type":"PropertyValueSpecification","valueRequired":true,"valueName":"search_term_string"}}],"inLanguage":"es"},{"@type":"Organization","@id":"https:\/\/sanluisinforma.com\/#organization","name":"sanluisinforma.com","url":"https:\/\/sanluisinforma.com\/","logo":{"@type":"ImageObject","inLanguage":"es","@id":"https:\/\/sanluisinforma.com\/#\/schema\/logo\/image\/","url":"https:\/\/sanluisinforma.com\/wp-content\/uploads\/2026\/03\/sanluisinforma-V.jpg","contentUrl":"https:\/\/sanluisinforma.com\/wp-content\/uploads\/2026\/03\/sanluisinforma-V.jpg","width":500,"height":156,"caption":"sanluisinforma.com"},"image":{"@id":"https:\/\/sanluisinforma.com\/#\/schema\/logo\/image\/"}},{"@type":"Person","@id":"https:\/\/sanluisinforma.com\/#\/schema\/person\/c30648f71476be533b6f59d092905c8b","name":"sanluisinforma.com","image":{"@type":"ImageObject","inLanguage":"es","@id":"https:\/\/sanluisinforma.com\/#\/schema\/person\/image\/","url":"https:\/\/secure.gravatar.com\/avatar\/86e3114e34a1eecefb963e0a02f0093f93b092dddb2fe1517596343751081a87?s=96&d=mm&r=g","contentUrl":"https:\/\/secure.gravatar.com\/avatar\/86e3114e34a1eecefb963e0a02f0093f93b092dddb2fe1517596343751081a87?s=96&d=mm&r=g","caption":"sanluisinforma.com"},"url":"https:\/\/sanluisinforma.com\/?author=2"}]}},"_links":{"self":[{"href":"https:\/\/sanluisinforma.com\/index.php?rest_route=\/wp\/v2\/posts\/18298","targetHints":{"allow":["GET"]}}],"collection":[{"href":"https:\/\/sanluisinforma.com\/index.php?rest_route=\/wp\/v2\/posts"}],"about":[{"href":"https:\/\/sanluisinforma.com\/index.php?rest_route=\/wp\/v2\/types\/post"}],"author":[{"embeddable":true,"href":"https:\/\/sanluisinforma.com\/index.php?rest_route=\/wp\/v2\/users\/2"}],"replies":[{"embeddable":true,"href":"https:\/\/sanluisinforma.com\/index.php?rest_route=%2Fwp%2Fv2%2Fcomments&post=18298"}],"version-history":[{"count":2,"href":"https:\/\/sanluisinforma.com\/index.php?rest_route=\/wp\/v2\/posts\/18298\/revisions"}],"predecessor-version":[{"id":18300,"href":"https:\/\/sanluisinforma.com\/index.php?rest_route=\/wp\/v2\/posts\/18298\/revisions\/18300"}],"wp:attachment":[{"href":"https:\/\/sanluisinforma.com\/index.php?rest_route=%2Fwp%2Fv2%2Fmedia&parent=18298"}],"wp:term":[{"taxonomy":"category","embeddable":true,"href":"https:\/\/sanluisinforma.com\/index.php?rest_route=%2Fwp%2Fv2%2Fcategories&post=18298"},{"taxonomy":"post_tag","embeddable":true,"href":"https:\/\/sanluisinforma.com\/index.php?rest_route=%2Fwp%2Fv2%2Ftags&post=18298"}],"curies":[{"name":"wp","href":"https:\/\/api.w.org\/{rel}","templated":true}]}}