{"id":18310,"date":"2026-03-18T00:50:00","date_gmt":"2026-03-18T06:50:00","guid":{"rendered":"https:\/\/sanluisinforma.com\/?p=18310"},"modified":"2026-03-17T19:07:53","modified_gmt":"2026-03-18T01:07:53","slug":"san-luis-capital-y-monterrey-firman-acuerdo-turistico-rumbo-al-mundial","status":"publish","type":"post","link":"https:\/\/sanluisinforma.com\/?p=18310","title":{"rendered":"San Luis Capital y Monterrey firman acuerdo tur\u00edstico rumbo al Mundial"},"content":{"rendered":"\n<p><\/p>\n\n\n\n<ul class=\"wp-block-list\">\n<li>El Alcalde Enrique Galindo y el Presidente Municipal de Monterrey, Adri\u00e1n de la Garza, firmaron este convenio de colaboraci\u00f3n en la Sala de Cabildo de la Capital neoleonesa.<\/li>\n\n\n\n<li>El Alcalde Galindo se\u00f1al\u00f3 que es fundamental \u201caprovechar la ola de crecimiento\u201d que representar\u00e1 la Copa del Mundo en materia econ\u00f3mica y tur\u00edstica, a favor de quienes habitan ambas ciudades._<\/li>\n\n\n\n<li>El Alcalde regio, Adri\u00e1n de la Garza, subray\u00f3 la relevancia de esta colaboraci\u00f3n para la zona noreste._<\/li>\n<\/ul>\n\n\n\n<p>Al firmar el convenio de colaboraci\u00f3n tur\u00edstica entre San Luis Capital y Monterrey en el marco del Mundial de Futbol, el Alcalde potosino Enrique Galindo Ceballos calific\u00f3 esta oportunidad como invaluable ante los millones de turistas que estar\u00e1n en el pa\u00eds para la Copa del Mundo, con el objetivo de promover ambas capitales y todos sus atractivos tur\u00edsticos.<\/p>\n\n\n\n<p>En la Sala de Cabildo de la ciudad de Monterrey, Galindo Ceballos reafirm\u00f3 la relevancia de que la ciudad potosina se encuentre en el centro de las tres principales sedes del Mundial, a fin de fortalecer v\u00ednculos culturales, econ\u00f3micos y sociales, a trav\u00e9s igualmente de la gastronom\u00eda, de la calidez de sus habitantes y sus distintos puntos de inter\u00e9s. Consider\u00f3 fundamental \u201caprovechar esta ola de crecimiento mediante una agenda tur\u00edstica conjunta\u201d.<\/p>\n\n\n\n<p>Agradeci\u00f3 a su hom\u00f3logo de la ciudad regia, Adri\u00e1n de la Garza, as\u00ed como al Cabildo, su disposici\u00f3n para concretar esta colaboraci\u00f3n, adem\u00e1s resalt\u00f3 los lazos e historia que unen a ambas ciudades, a la par de los intercambios industriales y econ\u00f3micos, as\u00ed como las inversiones de potosinos en Monterrey como de habitantes de esa ciudad en San Luis Capital. El Alcalde potosino resalt\u00f3 a San Luis como un destino inclusivo, reconocido en Latinoam\u00e9rica y reafirm\u00f3 que la ciudad est\u00e1 preparada para recibir a visitantes atra\u00eddos por el Mundial.<\/p>\n\n\n\n<p>Por su parte, el Presidente Municipal de Monterrey, Adri\u00e1n Emilio de la Garza Santos subray\u00f3 la visi\u00f3n de Enrique Galindo, y puntualiz\u00f3 que este convenio ser\u00e1 de gran beneficio para todo el corredor tur\u00edstico de la zona noreste, \u201cya que esta justa deportiva es un reto y requiere de la mayor atenci\u00f3n porque es un aparador mundial para nuestro pa\u00eds y para nuestras ciudades\u201d.<\/p>\n\n\n\n<p>Ante funcionarias y funcionarios de ambas capitales, De la Garza Santos revel\u00f3 c\u00f3mo se ha preparado la ciudad de Monterrey para el Mundial con inversiones e infraestructura y a la par, reconoci\u00f3 como San Luis Capital y Monterrey se han complementado, al compartir diversos rasgos culturales, \u201ccon esta alianza nos comprometemos a aprovechar al m\u00e1ximo este evento internacional para atraer inversiones y al turismo\u201d.<\/p>\n","protected":false},"excerpt":{"rendered":"<p>Al firmar el convenio de colaboraci\u00f3n tur\u00edstica entre San Luis Capital y Monterrey en el marco del Mundial de Futbol,<\/p>\n","protected":false},"author":2,"featured_media":18311,"comment_status":"closed","ping_status":"closed","sticky":false,"template":"","format":"standard","meta":{"footnotes":""},"categories":[25,30],"tags":[],"class_list":["post-18310","post","type-post","status-publish","format-standard","has-post-thumbnail","hentry","category-local","category-portada"],"yoast_head":"<!-- This site is optimized with the Yoast SEO plugin v24.1 - https:\/\/yoast.com\/wordpress\/plugins\/seo\/ -->\n<title>San Luis Capital y Monterrey firman acuerdo tur\u00edstico rumbo al Mundial - sanluisinforma.com<\/title>\n<meta name=\"robots\" content=\"index, follow, max-snippet:-1, max-image-preview:large, max-video-preview:-1\" \/>\n<link rel=\"canonical\" href=\"https:\/\/sanluisinforma.com\/?p=18310\" \/>\n<meta property=\"og:locale\" content=\"es_MX\" \/>\n<meta property=\"og:type\" content=\"article\" \/>\n<meta property=\"og:title\" content=\"San Luis Capital y Monterrey firman acuerdo tur\u00edstico rumbo al Mundial - sanluisinforma.com\" \/>\n<meta property=\"og:description\" content=\"Al firmar el convenio de colaboraci\u00f3n tur\u00edstica entre San Luis Capital y Monterrey en el marco del Mundial de Futbol,\" \/>\n<meta property=\"og:url\" content=\"https:\/\/sanluisinforma.com\/?p=18310\" \/>\n<meta property=\"og:site_name\" content=\"sanluisinforma.com\" \/>\n<meta property=\"article:published_time\" content=\"2026-03-18T06:50:00+00:00\" \/>\n<meta property=\"article:modified_time\" content=\"2026-03-18T01:07:53+00:00\" \/>\n<meta property=\"og:image\" content=\"https:\/\/sanluisinforma.com\/wp-content\/uploads\/2026\/03\/unnamed-21.jpg\" \/>\n\t<meta property=\"og:image:width\" content=\"300\" \/>\n\t<meta property=\"og:image:height\" content=\"200\" \/>\n\t<meta property=\"og:image:type\" content=\"image\/jpeg\" \/>\n<meta name=\"author\" content=\"sanluisinforma.com\" \/>\n<meta name=\"twitter:card\" content=\"summary_large_image\" \/>\n<meta name=\"twitter:label1\" content=\"Escrito por\" \/>\n\t<meta name=\"twitter:data1\" content=\"sanluisinforma.com\" \/>\n\t<meta name=\"twitter:label2\" content=\"Tiempo de lectura\" \/>\n\t<meta name=\"twitter:data2\" content=\"3 minutos\" \/>\n<script type=\"application\/ld+json\" class=\"yoast-schema-graph\">{\"@context\":\"https:\/\/schema.org\",\"@graph\":[{\"@type\":\"Article\",\"@id\":\"https:\/\/sanluisinforma.com\/?p=18310#article\",\"isPartOf\":{\"@id\":\"https:\/\/sanluisinforma.com\/?p=18310\"},\"author\":{\"name\":\"sanluisinforma.com\",\"@id\":\"https:\/\/sanluisinforma.com\/#\/schema\/person\/c30648f71476be533b6f59d092905c8b\"},\"headline\":\"San Luis Capital y Monterrey firman acuerdo tur\u00edstico rumbo al Mundial\",\"datePublished\":\"2026-03-18T06:50:00+00:00\",\"dateModified\":\"2026-03-18T01:07:53+00:00\",\"mainEntityOfPage\":{\"@id\":\"https:\/\/sanluisinforma.com\/?p=18310\"},\"wordCount\":466,\"publisher\":{\"@id\":\"https:\/\/sanluisinforma.com\/#organization\"},\"image\":{\"@id\":\"https:\/\/sanluisinforma.com\/?p=18310#primaryimage\"},\"thumbnailUrl\":\"https:\/\/sanluisinforma.com\/wp-content\/uploads\/2026\/03\/unnamed-21.jpg\",\"articleSection\":[\"Local\",\"Portada\"],\"inLanguage\":\"es\"},{\"@type\":\"WebPage\",\"@id\":\"https:\/\/sanluisinforma.com\/?p=18310\",\"url\":\"https:\/\/sanluisinforma.com\/?p=18310\",\"name\":\"San Luis Capital y Monterrey firman acuerdo tur\u00edstico rumbo al Mundial - sanluisinforma.com\",\"isPartOf\":{\"@id\":\"https:\/\/sanluisinforma.com\/#website\"},\"primaryImageOfPage\":{\"@id\":\"https:\/\/sanluisinforma.com\/?p=18310#primaryimage\"},\"image\":{\"@id\":\"https:\/\/sanluisinforma.com\/?p=18310#primaryimage\"},\"thumbnailUrl\":\"https:\/\/sanluisinforma.com\/wp-content\/uploads\/2026\/03\/unnamed-21.jpg\",\"datePublished\":\"2026-03-18T06:50:00+00:00\",\"dateModified\":\"2026-03-18T01:07:53+00:00\",\"breadcrumb\":{\"@id\":\"https:\/\/sanluisinforma.com\/?p=18310#breadcrumb\"},\"inLanguage\":\"es\",\"potentialAction\":[{\"@type\":\"ReadAction\",\"target\":[\"https:\/\/sanluisinforma.com\/?p=18310\"]}]},{\"@type\":\"ImageObject\",\"inLanguage\":\"es\",\"@id\":\"https:\/\/sanluisinforma.com\/?p=18310#primaryimage\",\"url\":\"https:\/\/sanluisinforma.com\/wp-content\/uploads\/2026\/03\/unnamed-21.jpg\",\"contentUrl\":\"https:\/\/sanluisinforma.com\/wp-content\/uploads\/2026\/03\/unnamed-21.jpg\",\"width\":300,\"height\":200},{\"@type\":\"BreadcrumbList\",\"@id\":\"https:\/\/sanluisinforma.com\/?p=18310#breadcrumb\",\"itemListElement\":[{\"@type\":\"ListItem\",\"position\":1,\"name\":\"Inicio\",\"item\":\"https:\/\/sanluisinforma.com\/\"},{\"@type\":\"ListItem\",\"position\":2,\"name\":\"San Luis Capital y Monterrey firman acuerdo tur\u00edstico rumbo al Mundial\"}]},{\"@type\":\"WebSite\",\"@id\":\"https:\/\/sanluisinforma.com\/#website\",\"url\":\"https:\/\/sanluisinforma.com\/\",\"name\":\"sanluisinforma.com\",\"description\":\"Periodico San Luis Informa\",\"publisher\":{\"@id\":\"https:\/\/sanluisinforma.com\/#organization\"},\"potentialAction\":[{\"@type\":\"SearchAction\",\"target\":{\"@type\":\"EntryPoint\",\"urlTemplate\":\"https:\/\/sanluisinforma.com\/?s={search_term_string}\"},\"query-input\":{\"@type\":\"PropertyValueSpecification\",\"valueRequired\":true,\"valueName\":\"search_term_string\"}}],\"inLanguage\":\"es\"},{\"@type\":\"Organization\",\"@id\":\"https:\/\/sanluisinforma.com\/#organization\",\"name\":\"sanluisinforma.com\",\"url\":\"https:\/\/sanluisinforma.com\/\",\"logo\":{\"@type\":\"ImageObject\",\"inLanguage\":\"es\",\"@id\":\"https:\/\/sanluisinforma.com\/#\/schema\/logo\/image\/\",\"url\":\"https:\/\/sanluisinforma.com\/wp-content\/uploads\/2026\/03\/sanluisinforma-V.jpg\",\"contentUrl\":\"https:\/\/sanluisinforma.com\/wp-content\/uploads\/2026\/03\/sanluisinforma-V.jpg\",\"width\":500,\"height\":156,\"caption\":\"sanluisinforma.com\"},\"image\":{\"@id\":\"https:\/\/sanluisinforma.com\/#\/schema\/logo\/image\/\"}},{\"@type\":\"Person\",\"@id\":\"https:\/\/sanluisinforma.com\/#\/schema\/person\/c30648f71476be533b6f59d092905c8b\",\"name\":\"sanluisinforma.com\",\"image\":{\"@type\":\"ImageObject\",\"inLanguage\":\"es\",\"@id\":\"https:\/\/sanluisinforma.com\/#\/schema\/person\/image\/\",\"url\":\"https:\/\/secure.gravatar.com\/avatar\/86e3114e34a1eecefb963e0a02f0093f93b092dddb2fe1517596343751081a87?s=96&d=mm&r=g\",\"contentUrl\":\"https:\/\/secure.gravatar.com\/avatar\/86e3114e34a1eecefb963e0a02f0093f93b092dddb2fe1517596343751081a87?s=96&d=mm&r=g\",\"caption\":\"sanluisinforma.com\"},\"url\":\"https:\/\/sanluisinforma.com\/?author=2\"}]}<\/script>\n<!-- \/ Yoast SEO plugin. -->","yoast_head_json":{"title":"San Luis Capital y Monterrey firman acuerdo tur\u00edstico rumbo al Mundial - sanluisinforma.com","robots":{"index":"index","follow":"follow","max-snippet":"max-snippet:-1","max-image-preview":"max-image-preview:large","max-video-preview":"max-video-preview:-1"},"canonical":"https:\/\/sanluisinforma.com\/?p=18310","og_locale":"es_MX","og_type":"article","og_title":"San Luis Capital y Monterrey firman acuerdo tur\u00edstico rumbo al Mundial - sanluisinforma.com","og_description":"Al firmar el convenio de colaboraci\u00f3n tur\u00edstica entre San Luis Capital y Monterrey en el marco del Mundial de Futbol,","og_url":"https:\/\/sanluisinforma.com\/?p=18310","og_site_name":"sanluisinforma.com","article_published_time":"2026-03-18T06:50:00+00:00","article_modified_time":"2026-03-18T01:07:53+00:00","og_image":[{"width":300,"height":200,"url":"https:\/\/sanluisinforma.com\/wp-content\/uploads\/2026\/03\/unnamed-21.jpg","type":"image\/jpeg"}],"author":"sanluisinforma.com","twitter_card":"summary_large_image","twitter_misc":{"Escrito por":"sanluisinforma.com","Tiempo de lectura":"3 minutos"},"schema":{"@context":"https:\/\/schema.org","@graph":[{"@type":"Article","@id":"https:\/\/sanluisinforma.com\/?p=18310#article","isPartOf":{"@id":"https:\/\/sanluisinforma.com\/?p=18310"},"author":{"name":"sanluisinforma.com","@id":"https:\/\/sanluisinforma.com\/#\/schema\/person\/c30648f71476be533b6f59d092905c8b"},"headline":"San Luis Capital y Monterrey firman acuerdo tur\u00edstico rumbo al Mundial","datePublished":"2026-03-18T06:50:00+00:00","dateModified":"2026-03-18T01:07:53+00:00","mainEntityOfPage":{"@id":"https:\/\/sanluisinforma.com\/?p=18310"},"wordCount":466,"publisher":{"@id":"https:\/\/sanluisinforma.com\/#organization"},"image":{"@id":"https:\/\/sanluisinforma.com\/?p=18310#primaryimage"},"thumbnailUrl":"https:\/\/sanluisinforma.com\/wp-content\/uploads\/2026\/03\/unnamed-21.jpg","articleSection":["Local","Portada"],"inLanguage":"es"},{"@type":"WebPage","@id":"https:\/\/sanluisinforma.com\/?p=18310","url":"https:\/\/sanluisinforma.com\/?p=18310","name":"San Luis Capital y Monterrey firman acuerdo tur\u00edstico rumbo al Mundial - sanluisinforma.com","isPartOf":{"@id":"https:\/\/sanluisinforma.com\/#website"},"primaryImageOfPage":{"@id":"https:\/\/sanluisinforma.com\/?p=18310#primaryimage"},"image":{"@id":"https:\/\/sanluisinforma.com\/?p=18310#primaryimage"},"thumbnailUrl":"https:\/\/sanluisinforma.com\/wp-content\/uploads\/2026\/03\/unnamed-21.jpg","datePublished":"2026-03-18T06:50:00+00:00","dateModified":"2026-03-18T01:07:53+00:00","breadcrumb":{"@id":"https:\/\/sanluisinforma.com\/?p=18310#breadcrumb"},"inLanguage":"es","potentialAction":[{"@type":"ReadAction","target":["https:\/\/sanluisinforma.com\/?p=18310"]}]},{"@type":"ImageObject","inLanguage":"es","@id":"https:\/\/sanluisinforma.com\/?p=18310#primaryimage","url":"https:\/\/sanluisinforma.com\/wp-content\/uploads\/2026\/03\/unnamed-21.jpg","contentUrl":"https:\/\/sanluisinforma.com\/wp-content\/uploads\/2026\/03\/unnamed-21.jpg","width":300,"height":200},{"@type":"BreadcrumbList","@id":"https:\/\/sanluisinforma.com\/?p=18310#breadcrumb","itemListElement":[{"@type":"ListItem","position":1,"name":"Inicio","item":"https:\/\/sanluisinforma.com\/"},{"@type":"ListItem","position":2,"name":"San Luis Capital y Monterrey firman acuerdo tur\u00edstico rumbo al Mundial"}]},{"@type":"WebSite","@id":"https:\/\/sanluisinforma.com\/#website","url":"https:\/\/sanluisinforma.com\/","name":"sanluisinforma.com","description":"Periodico San Luis Informa","publisher":{"@id":"https:\/\/sanluisinforma.com\/#organization"},"potentialAction":[{"@type":"SearchAction","target":{"@type":"EntryPoint","urlTemplate":"https:\/\/sanluisinforma.com\/?s={search_term_string}"},"query-input":{"@type":"PropertyValueSpecification","valueRequired":true,"valueName":"search_term_string"}}],"inLanguage":"es"},{"@type":"Organization","@id":"https:\/\/sanluisinforma.com\/#organization","name":"sanluisinforma.com","url":"https:\/\/sanluisinforma.com\/","logo":{"@type":"ImageObject","inLanguage":"es","@id":"https:\/\/sanluisinforma.com\/#\/schema\/logo\/image\/","url":"https:\/\/sanluisinforma.com\/wp-content\/uploads\/2026\/03\/sanluisinforma-V.jpg","contentUrl":"https:\/\/sanluisinforma.com\/wp-content\/uploads\/2026\/03\/sanluisinforma-V.jpg","width":500,"height":156,"caption":"sanluisinforma.com"},"image":{"@id":"https:\/\/sanluisinforma.com\/#\/schema\/logo\/image\/"}},{"@type":"Person","@id":"https:\/\/sanluisinforma.com\/#\/schema\/person\/c30648f71476be533b6f59d092905c8b","name":"sanluisinforma.com","image":{"@type":"ImageObject","inLanguage":"es","@id":"https:\/\/sanluisinforma.com\/#\/schema\/person\/image\/","url":"https:\/\/secure.gravatar.com\/avatar\/86e3114e34a1eecefb963e0a02f0093f93b092dddb2fe1517596343751081a87?s=96&d=mm&r=g","contentUrl":"https:\/\/secure.gravatar.com\/avatar\/86e3114e34a1eecefb963e0a02f0093f93b092dddb2fe1517596343751081a87?s=96&d=mm&r=g","caption":"sanluisinforma.com"},"url":"https:\/\/sanluisinforma.com\/?author=2"}]}},"_links":{"self":[{"href":"https:\/\/sanluisinforma.com\/index.php?rest_route=\/wp\/v2\/posts\/18310","targetHints":{"allow":["GET"]}}],"collection":[{"href":"https:\/\/sanluisinforma.com\/index.php?rest_route=\/wp\/v2\/posts"}],"about":[{"href":"https:\/\/sanluisinforma.com\/index.php?rest_route=\/wp\/v2\/types\/post"}],"author":[{"embeddable":true,"href":"https:\/\/sanluisinforma.com\/index.php?rest_route=\/wp\/v2\/users\/2"}],"replies":[{"embeddable":true,"href":"https:\/\/sanluisinforma.com\/index.php?rest_route=%2Fwp%2Fv2%2Fcomments&post=18310"}],"version-history":[{"count":1,"href":"https:\/\/sanluisinforma.com\/index.php?rest_route=\/wp\/v2\/posts\/18310\/revisions"}],"predecessor-version":[{"id":18312,"href":"https:\/\/sanluisinforma.com\/index.php?rest_route=\/wp\/v2\/posts\/18310\/revisions\/18312"}],"wp:featuredmedia":[{"embeddable":true,"href":"https:\/\/sanluisinforma.com\/index.php?rest_route=\/wp\/v2\/media\/18311"}],"wp:attachment":[{"href":"https:\/\/sanluisinforma.com\/index.php?rest_route=%2Fwp%2Fv2%2Fmedia&parent=18310"}],"wp:term":[{"taxonomy":"category","embeddable":true,"href":"https:\/\/sanluisinforma.com\/index.php?rest_route=%2Fwp%2Fv2%2Fcategories&post=18310"},{"taxonomy":"post_tag","embeddable":true,"href":"https:\/\/sanluisinforma.com\/index.php?rest_route=%2Fwp%2Fv2%2Ftags&post=18310"}],"curies":[{"name":"wp","href":"https:\/\/api.w.org\/{rel}","templated":true}]}}