{"id":18337,"date":"2026-03-18T23:45:33","date_gmt":"2026-03-19T05:45:33","guid":{"rendered":"https:\/\/sanluisinforma.com\/?p=18337"},"modified":"2026-03-18T23:45:34","modified_gmt":"2026-03-19T05:45:34","slug":"guerra-israel-estados-unidos-contra-iran-ministros-de-estados-arabes-piden-a-iran-un-alto-a-sus-agresiones","status":"publish","type":"post","link":"https:\/\/sanluisinforma.com\/?p=18337","title":{"rendered":"#Guerra Israel-Estados Unidos contra Iran: Ministros de Estados \u00c1rabes piden a Ir\u00e1n un alto a sus agresiones"},"content":{"rendered":"\n<p><\/p>\n\n\n\n<p><\/p>\n\n\n\n<p>Los ministros de Asuntos Exteriores de 12 estados \u00e1rabes e isl\u00e1micos pidieron a Ir\u00e1n que \u201ccese inmediatamente sus ataques\u201d y respete el derecho internacional, en una declaraci\u00f3n conjunta publicada el jueves tras su reuni\u00f3n en la capital saudita, Riad.<\/p>\n\n\n\n<p>En el comunicado,&nbsp;<strong><\/strong>los ministros denunciaron los ataques de Ir\u00e1n contra los estados del Golfo, Jordania, Azerbaiy\u00e1n y Turqu\u00eda, que, seg\u00fan dijeron, tuvieron como objetivo \u201czonas residenciales, infraestructura civil, incluidas instalaciones petroleras, plantas desalinizadoras, aeropuertos, edificios residenciales y sedes diplom\u00e1ticas\u201d.<\/p>\n\n\n\n<p>Los ministros tambi\u00e9n condenaron los ataques de Israel contra el L\u00edbano y \u201creafirmaron su apoyo a la seguridad, la estabilidad y la integridad territorial del L\u00edbano\u201d.<\/p>\n\n\n\n<p>El comunicado conjunto se produjo mientras Ir\u00e1n atacaba la infraestructura energ\u00e9tica en todo el Golfo, con incendios reportados en instalaciones en Qatar y misiles bal\u00edsticos interceptados en Arabia Saudita.<\/p>\n\n\n\n<p>Anteriormente, los medios estatales iran\u00edes acusaron a Estados Unidos e Israel de atacar partes de sus instalaciones de producci\u00f3n de petr\u00f3leo y gas natural.<\/p>\n\n\n\n<p>El comunicado fue emitido en nombre de los ministros que representan a Azerbaiy\u00e1n, Bahrein, Egipto, Jordania, Kuwait, L\u00edbano, Pakist\u00e1n, Qatar, Arabia Saudita, Siria, Turqu\u00eda y los Emiratos \u00c1rabes Unidos.<\/p>\n\n\n\n<p><a href=\"mailto:?subject=Los%20ministros%20de%20Asuntos%20Exteriores%20de%2012%20estados%20%C3%A1rabes%20e%20isl%C3%A1micos%20piden%20a%20Ir%C3%A1n%20que%20detenga%20los%20ataques&amp;body=Mira%20las%20%C3%BAltimas%20noticias%20de%20CNN%3A%0Ahttps%3A%2F%2Fcnnespanol.cnn.com%2Fmundo%2Flive-news%2Fguerra-ee-uu-israel-iran-ataques-medio-oriente-vivo-trax%3Fpost-id%3Dcmmwzxbun000v356s8uqn13lo\" target=\"_blank\" rel=\"noreferrer noopener\"><\/a>Hace 38 minutos<\/p>\n\n\n\n<h2 class=\"wp-block-heading\">Los estados del Golfo advierten que los ataques contra instalaciones energ\u00e9ticas amenazan la seguridad mundial<\/h2>\n\n\n\n<p>Por Mohammed Tawfeeq<\/p>\n\n\n\n<p>Los pa\u00edses \u00e1rabes del Golfo P\u00e9rsico advirtieron hoy que los ataques contra la infraestructura energ\u00e9tica vinculada al yacimiento de gas natural de South Pars, en Ir\u00e1n, representan una grave amenaza para la seguridad energ\u00e9tica mundial y la estabilidad regional.<\/p>\n\n\n\n<p>Teher\u00e1<\/p>\n","protected":false},"excerpt":{"rendered":"<p>Los ministros de Asuntos Exteriores de 12 estados \u00e1rabes e isl\u00e1micos pidieron a Ir\u00e1n que \u201ccese inmediatamente sus ataques\u201d y<\/p>\n","protected":false},"author":2,"featured_media":0,"comment_status":"closed","ping_status":"closed","sticky":false,"template":"","format":"standard","meta":{"footnotes":""},"categories":[28],"tags":[],"class_list":["post-18337","post","type-post","status-publish","format-standard","hentry","category-internacional"],"yoast_head":"<!-- This site is optimized with the Yoast SEO plugin v24.1 - https:\/\/yoast.com\/wordpress\/plugins\/seo\/ -->\n<title>#Guerra Israel-Estados Unidos contra Iran: Ministros de Estados \u00c1rabes piden a Ir\u00e1n un alto a sus agresiones - sanluisinforma.com<\/title>\n<meta name=\"robots\" content=\"index, follow, max-snippet:-1, max-image-preview:large, max-video-preview:-1\" \/>\n<link rel=\"canonical\" href=\"https:\/\/sanluisinforma.com\/?p=18337\" \/>\n<meta property=\"og:locale\" content=\"es_MX\" \/>\n<meta property=\"og:type\" content=\"article\" \/>\n<meta property=\"og:title\" content=\"#Guerra Israel-Estados Unidos contra Iran: Ministros de Estados \u00c1rabes piden a Ir\u00e1n un alto a sus agresiones - sanluisinforma.com\" \/>\n<meta property=\"og:description\" content=\"Los ministros de Asuntos Exteriores de 12 estados \u00e1rabes e isl\u00e1micos pidieron a Ir\u00e1n que \u201ccese inmediatamente sus ataques\u201d y\" \/>\n<meta property=\"og:url\" content=\"https:\/\/sanluisinforma.com\/?p=18337\" \/>\n<meta property=\"og:site_name\" content=\"sanluisinforma.com\" \/>\n<meta property=\"article:published_time\" content=\"2026-03-19T05:45:33+00:00\" \/>\n<meta property=\"article:modified_time\" content=\"2026-03-19T05:45:34+00:00\" \/>\n<meta name=\"author\" content=\"sanluisinforma.com\" \/>\n<meta name=\"twitter:card\" content=\"summary_large_image\" \/>\n<meta name=\"twitter:label1\" content=\"Escrito por\" \/>\n\t<meta name=\"twitter:data1\" content=\"sanluisinforma.com\" \/>\n\t<meta name=\"twitter:label2\" content=\"Tiempo de lectura\" \/>\n\t<meta name=\"twitter:data2\" content=\"2 minutos\" \/>\n<script type=\"application\/ld+json\" class=\"yoast-schema-graph\">{\"@context\":\"https:\/\/schema.org\",\"@graph\":[{\"@type\":\"Article\",\"@id\":\"https:\/\/sanluisinforma.com\/?p=18337#article\",\"isPartOf\":{\"@id\":\"https:\/\/sanluisinforma.com\/?p=18337\"},\"author\":{\"name\":\"sanluisinforma.com\",\"@id\":\"https:\/\/sanluisinforma.com\/#\/schema\/person\/c30648f71476be533b6f59d092905c8b\"},\"headline\":\"#Guerra Israel-Estados Unidos contra Iran: Ministros de Estados \u00c1rabes piden a Ir\u00e1n un alto a sus agresiones\",\"datePublished\":\"2026-03-19T05:45:33+00:00\",\"dateModified\":\"2026-03-19T05:45:34+00:00\",\"mainEntityOfPage\":{\"@id\":\"https:\/\/sanluisinforma.com\/?p=18337\"},\"wordCount\":293,\"publisher\":{\"@id\":\"https:\/\/sanluisinforma.com\/#organization\"},\"articleSection\":[\"Internacional\"],\"inLanguage\":\"es\"},{\"@type\":\"WebPage\",\"@id\":\"https:\/\/sanluisinforma.com\/?p=18337\",\"url\":\"https:\/\/sanluisinforma.com\/?p=18337\",\"name\":\"#Guerra Israel-Estados Unidos contra Iran: Ministros de Estados \u00c1rabes piden a Ir\u00e1n un alto a sus agresiones - sanluisinforma.com\",\"isPartOf\":{\"@id\":\"https:\/\/sanluisinforma.com\/#website\"},\"datePublished\":\"2026-03-19T05:45:33+00:00\",\"dateModified\":\"2026-03-19T05:45:34+00:00\",\"breadcrumb\":{\"@id\":\"https:\/\/sanluisinforma.com\/?p=18337#breadcrumb\"},\"inLanguage\":\"es\",\"potentialAction\":[{\"@type\":\"ReadAction\",\"target\":[\"https:\/\/sanluisinforma.com\/?p=18337\"]}]},{\"@type\":\"BreadcrumbList\",\"@id\":\"https:\/\/sanluisinforma.com\/?p=18337#breadcrumb\",\"itemListElement\":[{\"@type\":\"ListItem\",\"position\":1,\"name\":\"Inicio\",\"item\":\"https:\/\/sanluisinforma.com\/\"},{\"@type\":\"ListItem\",\"position\":2,\"name\":\"#Guerra Israel-Estados Unidos contra Iran: Ministros de Estados \u00c1rabes piden a Ir\u00e1n un alto a sus agresiones\"}]},{\"@type\":\"WebSite\",\"@id\":\"https:\/\/sanluisinforma.com\/#website\",\"url\":\"https:\/\/sanluisinforma.com\/\",\"name\":\"sanluisinforma.com\",\"description\":\"Periodico San Luis Informa\",\"publisher\":{\"@id\":\"https:\/\/sanluisinforma.com\/#organization\"},\"potentialAction\":[{\"@type\":\"SearchAction\",\"target\":{\"@type\":\"EntryPoint\",\"urlTemplate\":\"https:\/\/sanluisinforma.com\/?s={search_term_string}\"},\"query-input\":{\"@type\":\"PropertyValueSpecification\",\"valueRequired\":true,\"valueName\":\"search_term_string\"}}],\"inLanguage\":\"es\"},{\"@type\":\"Organization\",\"@id\":\"https:\/\/sanluisinforma.com\/#organization\",\"name\":\"sanluisinforma.com\",\"url\":\"https:\/\/sanluisinforma.com\/\",\"logo\":{\"@type\":\"ImageObject\",\"inLanguage\":\"es\",\"@id\":\"https:\/\/sanluisinforma.com\/#\/schema\/logo\/image\/\",\"url\":\"https:\/\/sanluisinforma.com\/wp-content\/uploads\/2026\/03\/sanluisinforma-V.jpg\",\"contentUrl\":\"https:\/\/sanluisinforma.com\/wp-content\/uploads\/2026\/03\/sanluisinforma-V.jpg\",\"width\":500,\"height\":156,\"caption\":\"sanluisinforma.com\"},\"image\":{\"@id\":\"https:\/\/sanluisinforma.com\/#\/schema\/logo\/image\/\"}},{\"@type\":\"Person\",\"@id\":\"https:\/\/sanluisinforma.com\/#\/schema\/person\/c30648f71476be533b6f59d092905c8b\",\"name\":\"sanluisinforma.com\",\"image\":{\"@type\":\"ImageObject\",\"inLanguage\":\"es\",\"@id\":\"https:\/\/sanluisinforma.com\/#\/schema\/person\/image\/\",\"url\":\"https:\/\/secure.gravatar.com\/avatar\/86e3114e34a1eecefb963e0a02f0093f93b092dddb2fe1517596343751081a87?s=96&d=mm&r=g\",\"contentUrl\":\"https:\/\/secure.gravatar.com\/avatar\/86e3114e34a1eecefb963e0a02f0093f93b092dddb2fe1517596343751081a87?s=96&d=mm&r=g\",\"caption\":\"sanluisinforma.com\"},\"url\":\"https:\/\/sanluisinforma.com\/?author=2\"}]}<\/script>\n<!-- \/ Yoast SEO plugin. -->","yoast_head_json":{"title":"#Guerra Israel-Estados Unidos contra Iran: Ministros de Estados \u00c1rabes piden a Ir\u00e1n un alto a sus agresiones - sanluisinforma.com","robots":{"index":"index","follow":"follow","max-snippet":"max-snippet:-1","max-image-preview":"max-image-preview:large","max-video-preview":"max-video-preview:-1"},"canonical":"https:\/\/sanluisinforma.com\/?p=18337","og_locale":"es_MX","og_type":"article","og_title":"#Guerra Israel-Estados Unidos contra Iran: Ministros de Estados \u00c1rabes piden a Ir\u00e1n un alto a sus agresiones - sanluisinforma.com","og_description":"Los ministros de Asuntos Exteriores de 12 estados \u00e1rabes e isl\u00e1micos pidieron a Ir\u00e1n que \u201ccese inmediatamente sus ataques\u201d y","og_url":"https:\/\/sanluisinforma.com\/?p=18337","og_site_name":"sanluisinforma.com","article_published_time":"2026-03-19T05:45:33+00:00","article_modified_time":"2026-03-19T05:45:34+00:00","author":"sanluisinforma.com","twitter_card":"summary_large_image","twitter_misc":{"Escrito por":"sanluisinforma.com","Tiempo de lectura":"2 minutos"},"schema":{"@context":"https:\/\/schema.org","@graph":[{"@type":"Article","@id":"https:\/\/sanluisinforma.com\/?p=18337#article","isPartOf":{"@id":"https:\/\/sanluisinforma.com\/?p=18337"},"author":{"name":"sanluisinforma.com","@id":"https:\/\/sanluisinforma.com\/#\/schema\/person\/c30648f71476be533b6f59d092905c8b"},"headline":"#Guerra Israel-Estados Unidos contra Iran: Ministros de Estados \u00c1rabes piden a Ir\u00e1n un alto a sus agresiones","datePublished":"2026-03-19T05:45:33+00:00","dateModified":"2026-03-19T05:45:34+00:00","mainEntityOfPage":{"@id":"https:\/\/sanluisinforma.com\/?p=18337"},"wordCount":293,"publisher":{"@id":"https:\/\/sanluisinforma.com\/#organization"},"articleSection":["Internacional"],"inLanguage":"es"},{"@type":"WebPage","@id":"https:\/\/sanluisinforma.com\/?p=18337","url":"https:\/\/sanluisinforma.com\/?p=18337","name":"#Guerra Israel-Estados Unidos contra Iran: Ministros de Estados \u00c1rabes piden a Ir\u00e1n un alto a sus agresiones - sanluisinforma.com","isPartOf":{"@id":"https:\/\/sanluisinforma.com\/#website"},"datePublished":"2026-03-19T05:45:33+00:00","dateModified":"2026-03-19T05:45:34+00:00","breadcrumb":{"@id":"https:\/\/sanluisinforma.com\/?p=18337#breadcrumb"},"inLanguage":"es","potentialAction":[{"@type":"ReadAction","target":["https:\/\/sanluisinforma.com\/?p=18337"]}]},{"@type":"BreadcrumbList","@id":"https:\/\/sanluisinforma.com\/?p=18337#breadcrumb","itemListElement":[{"@type":"ListItem","position":1,"name":"Inicio","item":"https:\/\/sanluisinforma.com\/"},{"@type":"ListItem","position":2,"name":"#Guerra Israel-Estados Unidos contra Iran: Ministros de Estados \u00c1rabes piden a Ir\u00e1n un alto a sus agresiones"}]},{"@type":"WebSite","@id":"https:\/\/sanluisinforma.com\/#website","url":"https:\/\/sanluisinforma.com\/","name":"sanluisinforma.com","description":"Periodico San Luis Informa","publisher":{"@id":"https:\/\/sanluisinforma.com\/#organization"},"potentialAction":[{"@type":"SearchAction","target":{"@type":"EntryPoint","urlTemplate":"https:\/\/sanluisinforma.com\/?s={search_term_string}"},"query-input":{"@type":"PropertyValueSpecification","valueRequired":true,"valueName":"search_term_string"}}],"inLanguage":"es"},{"@type":"Organization","@id":"https:\/\/sanluisinforma.com\/#organization","name":"sanluisinforma.com","url":"https:\/\/sanluisinforma.com\/","logo":{"@type":"ImageObject","inLanguage":"es","@id":"https:\/\/sanluisinforma.com\/#\/schema\/logo\/image\/","url":"https:\/\/sanluisinforma.com\/wp-content\/uploads\/2026\/03\/sanluisinforma-V.jpg","contentUrl":"https:\/\/sanluisinforma.com\/wp-content\/uploads\/2026\/03\/sanluisinforma-V.jpg","width":500,"height":156,"caption":"sanluisinforma.com"},"image":{"@id":"https:\/\/sanluisinforma.com\/#\/schema\/logo\/image\/"}},{"@type":"Person","@id":"https:\/\/sanluisinforma.com\/#\/schema\/person\/c30648f71476be533b6f59d092905c8b","name":"sanluisinforma.com","image":{"@type":"ImageObject","inLanguage":"es","@id":"https:\/\/sanluisinforma.com\/#\/schema\/person\/image\/","url":"https:\/\/secure.gravatar.com\/avatar\/86e3114e34a1eecefb963e0a02f0093f93b092dddb2fe1517596343751081a87?s=96&d=mm&r=g","contentUrl":"https:\/\/secure.gravatar.com\/avatar\/86e3114e34a1eecefb963e0a02f0093f93b092dddb2fe1517596343751081a87?s=96&d=mm&r=g","caption":"sanluisinforma.com"},"url":"https:\/\/sanluisinforma.com\/?author=2"}]}},"_links":{"self":[{"href":"https:\/\/sanluisinforma.com\/index.php?rest_route=\/wp\/v2\/posts\/18337","targetHints":{"allow":["GET"]}}],"collection":[{"href":"https:\/\/sanluisinforma.com\/index.php?rest_route=\/wp\/v2\/posts"}],"about":[{"href":"https:\/\/sanluisinforma.com\/index.php?rest_route=\/wp\/v2\/types\/post"}],"author":[{"embeddable":true,"href":"https:\/\/sanluisinforma.com\/index.php?rest_route=\/wp\/v2\/users\/2"}],"replies":[{"embeddable":true,"href":"https:\/\/sanluisinforma.com\/index.php?rest_route=%2Fwp%2Fv2%2Fcomments&post=18337"}],"version-history":[{"count":1,"href":"https:\/\/sanluisinforma.com\/index.php?rest_route=\/wp\/v2\/posts\/18337\/revisions"}],"predecessor-version":[{"id":18338,"href":"https:\/\/sanluisinforma.com\/index.php?rest_route=\/wp\/v2\/posts\/18337\/revisions\/18338"}],"wp:attachment":[{"href":"https:\/\/sanluisinforma.com\/index.php?rest_route=%2Fwp%2Fv2%2Fmedia&parent=18337"}],"wp:term":[{"taxonomy":"category","embeddable":true,"href":"https:\/\/sanluisinforma.com\/index.php?rest_route=%2Fwp%2Fv2%2Fcategories&post=18337"},{"taxonomy":"post_tag","embeddable":true,"href":"https:\/\/sanluisinforma.com\/index.php?rest_route=%2Fwp%2Fv2%2Ftags&post=18337"}],"curies":[{"name":"wp","href":"https:\/\/api.w.org\/{rel}","templated":true}]}}