{"id":19105,"date":"2026-04-25T21:18:06","date_gmt":"2026-04-26T03:18:06","guid":{"rendered":"https:\/\/sanluisinforma.com\/?p=19105"},"modified":"2026-04-25T21:18:07","modified_gmt":"2026-04-26T03:18:07","slug":"ultima-horaevacuan-al-presidente-de-estados-unidos-donald-trump-por-emergencia-en-cena-con-corresponsales","status":"publish","type":"post","link":"https:\/\/sanluisinforma.com\/?p=19105","title":{"rendered":"Ultima hora*Evacuan al presidente de Estados Unidos , Donald Trump por emergencia en cena con corresponsales"},"content":{"rendered":"\n<p><\/p>\n\n\n\n<p>Agencias.- El presidente de Estados Unidos, Donald Trump, y otros altos dirigentes estadunidenses fueron evacuados de emergencia por el Servicio Secreto tras disparos de arma de fuego&nbsp; cerca del sal\u00f3n en donde cenaba Trump en compa\u00f1\u00eda de &nbsp;los corresponsales que fueron invitados por la Casa Blanca , como cada a\u00f1o lo hace.<\/p>\n\n\n\n<p>Fue aproximadamente&nbsp; a&nbsp; las ocho de la noche de este s\u00e1bado, cuando los elementos de seguridad detectaron a un hombre de 30 a\u00f1os que intent\u00f3 pasar los filtros de seguridad portando &nbsp;un arma de fuego.<\/p>\n\n\n\n<p>&nbsp;De inmediato los guardias lo aseguraron, pero el joven alcanzo a disparar hacia el sal\u00f3n, sin que lograra su objetivo de querer lastimar alguna de las personas&nbsp; que se encontraban en ese momento &nbsp;dentro de sal\u00f3n<\/p>\n\n\n\n<p>Ante el hecho,&nbsp; el &nbsp;presidente de Estados Unidos, Donald Trump, fue escoltado r\u00e1pidamente y sacado &nbsp;fuera del escenario por el Servicio Secreto tras reportes de posibles disparos durante la Cena de Corresponsales de la Casa Blanca en Washington<\/p>\n\n\n\n<p>El vicepresidente J. D. Vance y miembros del gabinete de Trump que tambi\u00e9n estaban presentes fueron evacuados.<\/p>\n\n\n\n<p>Una fuente dijo a CNN que Trump est\u00e1 a salvo, mientras que dos fuentes aseguraron que Vance sali\u00f3 de la cena de manera segura. De acuerdo con un funcionario de la Casa Blanca, los miembros del gabinete tambi\u00e9n est\u00e1n bien. Hasta el momento no se han reportado heridos.<\/p>\n\n\n\n<p>La transmisi\u00f3n del evento se interrumpi\u00f3 de urgencia luego de que se escuch\u00f3 un fuerte ruido y las autoridades estadunidenses detuvieron a un sospechoso por un presunto&nbsp; disparo.<\/p>\n\n\n\n<p>Mas tarde ,el presidente Tump dio una conferencia de prensa, en la Casa Blanca, &nbsp;para comunicar sobre lo sucedido esta noche.<\/p>\n\n\n\n<p>Dijo que &nbsp;nadie ninguna persona&nbsp; impedir\u00e1 que se reuna con los corresponsales de la Casa Blanca ,&nbsp; la cena se llevra a cabo en fecha pr\u00f3xima.<\/p>\n\n\n\n<p>Agradeci\u00f3 a los\u00a0 elementos de seguridad que actuaron de inmediato y lograron detener al \u00a0hombre que disparo, esta noche ,informaci\u00f3n en curso&#8230; <\/p>\n","protected":false},"excerpt":{"rendered":"<p>Agencias.- El presidente de Estados Unidos, Donald Trump, y otros altos dirigentes estadunidenses fueron evacuados de emergencia por el Servicio<\/p>\n","protected":false},"author":2,"featured_media":19106,"comment_status":"closed","ping_status":"closed","sticky":false,"template":"","format":"standard","meta":{"footnotes":""},"categories":[28,30],"tags":[],"class_list":["post-19105","post","type-post","status-publish","format-standard","has-post-thumbnail","hentry","category-internacional","category-portada"],"yoast_head":"<!-- This site is optimized with the Yoast SEO plugin v24.1 - https:\/\/yoast.com\/wordpress\/plugins\/seo\/ -->\n<title>Ultima hora*Evacuan al presidente de Estados Unidos , Donald Trump por emergencia en cena con corresponsales - sanluisinforma.com<\/title>\n<meta name=\"robots\" content=\"index, follow, max-snippet:-1, max-image-preview:large, max-video-preview:-1\" \/>\n<link rel=\"canonical\" href=\"https:\/\/sanluisinforma.com\/?p=19105\" \/>\n<meta property=\"og:locale\" content=\"es_MX\" \/>\n<meta property=\"og:type\" content=\"article\" \/>\n<meta property=\"og:title\" content=\"Ultima hora*Evacuan al presidente de Estados Unidos , Donald Trump por emergencia en cena con corresponsales - sanluisinforma.com\" \/>\n<meta property=\"og:description\" content=\"Agencias.- El presidente de Estados Unidos, Donald Trump, y otros altos dirigentes estadunidenses fueron evacuados de emergencia por el Servicio\" \/>\n<meta property=\"og:url\" content=\"https:\/\/sanluisinforma.com\/?p=19105\" \/>\n<meta property=\"og:site_name\" content=\"sanluisinforma.com\" \/>\n<meta property=\"article:published_time\" content=\"2026-04-26T03:18:06+00:00\" \/>\n<meta property=\"article:modified_time\" content=\"2026-04-26T03:18:07+00:00\" \/>\n<meta property=\"og:image\" content=\"https:\/\/sanluisinforma.com\/wp-content\/uploads\/2026\/04\/Trump.jpg\" \/>\n\t<meta property=\"og:image:width\" content=\"300\" \/>\n\t<meta property=\"og:image:height\" content=\"225\" \/>\n\t<meta property=\"og:image:type\" content=\"image\/jpeg\" \/>\n<meta name=\"author\" content=\"sanluisinforma.com\" \/>\n<meta name=\"twitter:card\" content=\"summary_large_image\" \/>\n<meta name=\"twitter:label1\" content=\"Escrito por\" \/>\n\t<meta name=\"twitter:data1\" content=\"sanluisinforma.com\" \/>\n\t<meta name=\"twitter:label2\" content=\"Tiempo de lectura\" \/>\n\t<meta name=\"twitter:data2\" content=\"2 minutos\" \/>\n<script type=\"application\/ld+json\" class=\"yoast-schema-graph\">{\"@context\":\"https:\/\/schema.org\",\"@graph\":[{\"@type\":\"Article\",\"@id\":\"https:\/\/sanluisinforma.com\/?p=19105#article\",\"isPartOf\":{\"@id\":\"https:\/\/sanluisinforma.com\/?p=19105\"},\"author\":{\"name\":\"sanluisinforma.com\",\"@id\":\"https:\/\/sanluisinforma.com\/#\/schema\/person\/c30648f71476be533b6f59d092905c8b\"},\"headline\":\"Ultima hora*Evacuan al presidente de Estados Unidos , Donald Trump por emergencia en cena con corresponsales\",\"datePublished\":\"2026-04-26T03:18:06+00:00\",\"dateModified\":\"2026-04-26T03:18:07+00:00\",\"mainEntityOfPage\":{\"@id\":\"https:\/\/sanluisinforma.com\/?p=19105\"},\"wordCount\":367,\"publisher\":{\"@id\":\"https:\/\/sanluisinforma.com\/#organization\"},\"image\":{\"@id\":\"https:\/\/sanluisinforma.com\/?p=19105#primaryimage\"},\"thumbnailUrl\":\"https:\/\/sanluisinforma.com\/wp-content\/uploads\/2026\/04\/Trump.jpg\",\"articleSection\":[\"Internacional\",\"Portada\"],\"inLanguage\":\"es\"},{\"@type\":\"WebPage\",\"@id\":\"https:\/\/sanluisinforma.com\/?p=19105\",\"url\":\"https:\/\/sanluisinforma.com\/?p=19105\",\"name\":\"Ultima hora*Evacuan al presidente de Estados Unidos , Donald Trump por emergencia en cena con corresponsales - sanluisinforma.com\",\"isPartOf\":{\"@id\":\"https:\/\/sanluisinforma.com\/#website\"},\"primaryImageOfPage\":{\"@id\":\"https:\/\/sanluisinforma.com\/?p=19105#primaryimage\"},\"image\":{\"@id\":\"https:\/\/sanluisinforma.com\/?p=19105#primaryimage\"},\"thumbnailUrl\":\"https:\/\/sanluisinforma.com\/wp-content\/uploads\/2026\/04\/Trump.jpg\",\"datePublished\":\"2026-04-26T03:18:06+00:00\",\"dateModified\":\"2026-04-26T03:18:07+00:00\",\"breadcrumb\":{\"@id\":\"https:\/\/sanluisinforma.com\/?p=19105#breadcrumb\"},\"inLanguage\":\"es\",\"potentialAction\":[{\"@type\":\"ReadAction\",\"target\":[\"https:\/\/sanluisinforma.com\/?p=19105\"]}]},{\"@type\":\"ImageObject\",\"inLanguage\":\"es\",\"@id\":\"https:\/\/sanluisinforma.com\/?p=19105#primaryimage\",\"url\":\"https:\/\/sanluisinforma.com\/wp-content\/uploads\/2026\/04\/Trump.jpg\",\"contentUrl\":\"https:\/\/sanluisinforma.com\/wp-content\/uploads\/2026\/04\/Trump.jpg\",\"width\":300,\"height\":225},{\"@type\":\"BreadcrumbList\",\"@id\":\"https:\/\/sanluisinforma.com\/?p=19105#breadcrumb\",\"itemListElement\":[{\"@type\":\"ListItem\",\"position\":1,\"name\":\"Inicio\",\"item\":\"https:\/\/sanluisinforma.com\/\"},{\"@type\":\"ListItem\",\"position\":2,\"name\":\"Ultima hora*Evacuan al presidente de Estados Unidos , Donald Trump por emergencia en cena con corresponsales\"}]},{\"@type\":\"WebSite\",\"@id\":\"https:\/\/sanluisinforma.com\/#website\",\"url\":\"https:\/\/sanluisinforma.com\/\",\"name\":\"sanluisinforma.com\",\"description\":\"Periodico San Luis Informa\",\"publisher\":{\"@id\":\"https:\/\/sanluisinforma.com\/#organization\"},\"potentialAction\":[{\"@type\":\"SearchAction\",\"target\":{\"@type\":\"EntryPoint\",\"urlTemplate\":\"https:\/\/sanluisinforma.com\/?s={search_term_string}\"},\"query-input\":{\"@type\":\"PropertyValueSpecification\",\"valueRequired\":true,\"valueName\":\"search_term_string\"}}],\"inLanguage\":\"es\"},{\"@type\":\"Organization\",\"@id\":\"https:\/\/sanluisinforma.com\/#organization\",\"name\":\"sanluisinforma.com\",\"url\":\"https:\/\/sanluisinforma.com\/\",\"logo\":{\"@type\":\"ImageObject\",\"inLanguage\":\"es\",\"@id\":\"https:\/\/sanluisinforma.com\/#\/schema\/logo\/image\/\",\"url\":\"https:\/\/sanluisinforma.com\/wp-content\/uploads\/2026\/03\/sanluisinforma-V.jpg\",\"contentUrl\":\"https:\/\/sanluisinforma.com\/wp-content\/uploads\/2026\/03\/sanluisinforma-V.jpg\",\"width\":500,\"height\":156,\"caption\":\"sanluisinforma.com\"},\"image\":{\"@id\":\"https:\/\/sanluisinforma.com\/#\/schema\/logo\/image\/\"}},{\"@type\":\"Person\",\"@id\":\"https:\/\/sanluisinforma.com\/#\/schema\/person\/c30648f71476be533b6f59d092905c8b\",\"name\":\"sanluisinforma.com\",\"image\":{\"@type\":\"ImageObject\",\"inLanguage\":\"es\",\"@id\":\"https:\/\/sanluisinforma.com\/#\/schema\/person\/image\/\",\"url\":\"https:\/\/secure.gravatar.com\/avatar\/86e3114e34a1eecefb963e0a02f0093f93b092dddb2fe1517596343751081a87?s=96&d=mm&r=g\",\"contentUrl\":\"https:\/\/secure.gravatar.com\/avatar\/86e3114e34a1eecefb963e0a02f0093f93b092dddb2fe1517596343751081a87?s=96&d=mm&r=g\",\"caption\":\"sanluisinforma.com\"},\"url\":\"https:\/\/sanluisinforma.com\/?author=2\"}]}<\/script>\n<!-- \/ Yoast SEO plugin. -->","yoast_head_json":{"title":"Ultima hora*Evacuan al presidente de Estados Unidos , Donald Trump por emergencia en cena con corresponsales - sanluisinforma.com","robots":{"index":"index","follow":"follow","max-snippet":"max-snippet:-1","max-image-preview":"max-image-preview:large","max-video-preview":"max-video-preview:-1"},"canonical":"https:\/\/sanluisinforma.com\/?p=19105","og_locale":"es_MX","og_type":"article","og_title":"Ultima hora*Evacuan al presidente de Estados Unidos , Donald Trump por emergencia en cena con corresponsales - sanluisinforma.com","og_description":"Agencias.- El presidente de Estados Unidos, Donald Trump, y otros altos dirigentes estadunidenses fueron evacuados de emergencia por el Servicio","og_url":"https:\/\/sanluisinforma.com\/?p=19105","og_site_name":"sanluisinforma.com","article_published_time":"2026-04-26T03:18:06+00:00","article_modified_time":"2026-04-26T03:18:07+00:00","og_image":[{"width":300,"height":225,"url":"https:\/\/sanluisinforma.com\/wp-content\/uploads\/2026\/04\/Trump.jpg","type":"image\/jpeg"}],"author":"sanluisinforma.com","twitter_card":"summary_large_image","twitter_misc":{"Escrito por":"sanluisinforma.com","Tiempo de lectura":"2 minutos"},"schema":{"@context":"https:\/\/schema.org","@graph":[{"@type":"Article","@id":"https:\/\/sanluisinforma.com\/?p=19105#article","isPartOf":{"@id":"https:\/\/sanluisinforma.com\/?p=19105"},"author":{"name":"sanluisinforma.com","@id":"https:\/\/sanluisinforma.com\/#\/schema\/person\/c30648f71476be533b6f59d092905c8b"},"headline":"Ultima hora*Evacuan al presidente de Estados Unidos , Donald Trump por emergencia en cena con corresponsales","datePublished":"2026-04-26T03:18:06+00:00","dateModified":"2026-04-26T03:18:07+00:00","mainEntityOfPage":{"@id":"https:\/\/sanluisinforma.com\/?p=19105"},"wordCount":367,"publisher":{"@id":"https:\/\/sanluisinforma.com\/#organization"},"image":{"@id":"https:\/\/sanluisinforma.com\/?p=19105#primaryimage"},"thumbnailUrl":"https:\/\/sanluisinforma.com\/wp-content\/uploads\/2026\/04\/Trump.jpg","articleSection":["Internacional","Portada"],"inLanguage":"es"},{"@type":"WebPage","@id":"https:\/\/sanluisinforma.com\/?p=19105","url":"https:\/\/sanluisinforma.com\/?p=19105","name":"Ultima hora*Evacuan al presidente de Estados Unidos , Donald Trump por emergencia en cena con corresponsales - sanluisinforma.com","isPartOf":{"@id":"https:\/\/sanluisinforma.com\/#website"},"primaryImageOfPage":{"@id":"https:\/\/sanluisinforma.com\/?p=19105#primaryimage"},"image":{"@id":"https:\/\/sanluisinforma.com\/?p=19105#primaryimage"},"thumbnailUrl":"https:\/\/sanluisinforma.com\/wp-content\/uploads\/2026\/04\/Trump.jpg","datePublished":"2026-04-26T03:18:06+00:00","dateModified":"2026-04-26T03:18:07+00:00","breadcrumb":{"@id":"https:\/\/sanluisinforma.com\/?p=19105#breadcrumb"},"inLanguage":"es","potentialAction":[{"@type":"ReadAction","target":["https:\/\/sanluisinforma.com\/?p=19105"]}]},{"@type":"ImageObject","inLanguage":"es","@id":"https:\/\/sanluisinforma.com\/?p=19105#primaryimage","url":"https:\/\/sanluisinforma.com\/wp-content\/uploads\/2026\/04\/Trump.jpg","contentUrl":"https:\/\/sanluisinforma.com\/wp-content\/uploads\/2026\/04\/Trump.jpg","width":300,"height":225},{"@type":"BreadcrumbList","@id":"https:\/\/sanluisinforma.com\/?p=19105#breadcrumb","itemListElement":[{"@type":"ListItem","position":1,"name":"Inicio","item":"https:\/\/sanluisinforma.com\/"},{"@type":"ListItem","position":2,"name":"Ultima hora*Evacuan al presidente de Estados Unidos , Donald Trump por emergencia en cena con corresponsales"}]},{"@type":"WebSite","@id":"https:\/\/sanluisinforma.com\/#website","url":"https:\/\/sanluisinforma.com\/","name":"sanluisinforma.com","description":"Periodico San Luis Informa","publisher":{"@id":"https:\/\/sanluisinforma.com\/#organization"},"potentialAction":[{"@type":"SearchAction","target":{"@type":"EntryPoint","urlTemplate":"https:\/\/sanluisinforma.com\/?s={search_term_string}"},"query-input":{"@type":"PropertyValueSpecification","valueRequired":true,"valueName":"search_term_string"}}],"inLanguage":"es"},{"@type":"Organization","@id":"https:\/\/sanluisinforma.com\/#organization","name":"sanluisinforma.com","url":"https:\/\/sanluisinforma.com\/","logo":{"@type":"ImageObject","inLanguage":"es","@id":"https:\/\/sanluisinforma.com\/#\/schema\/logo\/image\/","url":"https:\/\/sanluisinforma.com\/wp-content\/uploads\/2026\/03\/sanluisinforma-V.jpg","contentUrl":"https:\/\/sanluisinforma.com\/wp-content\/uploads\/2026\/03\/sanluisinforma-V.jpg","width":500,"height":156,"caption":"sanluisinforma.com"},"image":{"@id":"https:\/\/sanluisinforma.com\/#\/schema\/logo\/image\/"}},{"@type":"Person","@id":"https:\/\/sanluisinforma.com\/#\/schema\/person\/c30648f71476be533b6f59d092905c8b","name":"sanluisinforma.com","image":{"@type":"ImageObject","inLanguage":"es","@id":"https:\/\/sanluisinforma.com\/#\/schema\/person\/image\/","url":"https:\/\/secure.gravatar.com\/avatar\/86e3114e34a1eecefb963e0a02f0093f93b092dddb2fe1517596343751081a87?s=96&d=mm&r=g","contentUrl":"https:\/\/secure.gravatar.com\/avatar\/86e3114e34a1eecefb963e0a02f0093f93b092dddb2fe1517596343751081a87?s=96&d=mm&r=g","caption":"sanluisinforma.com"},"url":"https:\/\/sanluisinforma.com\/?author=2"}]}},"_links":{"self":[{"href":"https:\/\/sanluisinforma.com\/index.php?rest_route=\/wp\/v2\/posts\/19105","targetHints":{"allow":["GET"]}}],"collection":[{"href":"https:\/\/sanluisinforma.com\/index.php?rest_route=\/wp\/v2\/posts"}],"about":[{"href":"https:\/\/sanluisinforma.com\/index.php?rest_route=\/wp\/v2\/types\/post"}],"author":[{"embeddable":true,"href":"https:\/\/sanluisinforma.com\/index.php?rest_route=\/wp\/v2\/users\/2"}],"replies":[{"embeddable":true,"href":"https:\/\/sanluisinforma.com\/index.php?rest_route=%2Fwp%2Fv2%2Fcomments&post=19105"}],"version-history":[{"count":1,"href":"https:\/\/sanluisinforma.com\/index.php?rest_route=\/wp\/v2\/posts\/19105\/revisions"}],"predecessor-version":[{"id":19107,"href":"https:\/\/sanluisinforma.com\/index.php?rest_route=\/wp\/v2\/posts\/19105\/revisions\/19107"}],"wp:featuredmedia":[{"embeddable":true,"href":"https:\/\/sanluisinforma.com\/index.php?rest_route=\/wp\/v2\/media\/19106"}],"wp:attachment":[{"href":"https:\/\/sanluisinforma.com\/index.php?rest_route=%2Fwp%2Fv2%2Fmedia&parent=19105"}],"wp:term":[{"taxonomy":"category","embeddable":true,"href":"https:\/\/sanluisinforma.com\/index.php?rest_route=%2Fwp%2Fv2%2Fcategories&post=19105"},{"taxonomy":"post_tag","embeddable":true,"href":"https:\/\/sanluisinforma.com\/index.php?rest_route=%2Fwp%2Fv2%2Ftags&post=19105"}],"curies":[{"name":"wp","href":"https:\/\/api.w.org\/{rel}","templated":true}]}}