{"id":19124,"date":"2026-04-27T00:40:00","date_gmt":"2026-04-27T06:40:00","guid":{"rendered":"https:\/\/sanluisinforma.com\/?p=19124"},"modified":"2026-04-26T18:55:20","modified_gmt":"2026-04-27T00:55:20","slug":"cumplimos-con-el-pueblo-de-mexico-presidenta-claudia-sheinbaum-inaugura-el-tren-felipe-angeles","status":"publish","type":"post","link":"https:\/\/sanluisinforma.com\/?p=19124","title":{"rendered":"&#8220;Cumplimos con el  pueblo de M\u00e9xico&#8221;: Presidenta Claudia Sheinbaum inaugura el tren Felipe \u00c1ngeles"},"content":{"rendered":"\n<p><\/p>\n\n\n\n<p>\u201cDecirle a todas y a todos, que la honestidad y el amor al pueblo siempre dan resultados. \u00a1Que viva M\u00e9xico!\u201d, resalt\u00f3 la Jefa del Ejecutivo Federal * Conectar\u00e1 al norte de la CDMX con el AIFA, en menos de 60 minutos en el inicio de operaciones, y posteriormente en 43 minutos <\/p>\n\n\n\n<p> Se prev\u00e9 una demanda estimada de 57 mil pasajeros diarios, con capacidad de movilizar a m\u00e1s de 80 mil personas y cuenta con 6 estaciones: Cueyamil, La Loma, Teyahualco, Prados Sur, Cajiga y Xaltocan, as\u00ed como la Terminal AIFA-Clara Krause <\/p>\n\n\n\n<p> La obra beneficia a 799 mil 240 habitantes de distintas comunidades, tales como Tultitl\u00e1n, Tultepec, Nextlalpan y Zumpango *<\/p>\n\n\n\n<p>Ciudad de M\u00e9xico, a 26 de abril de 2026.- La Presidenta de M\u00e9xico, Claudia Sheinbaum Pardo, inaugur\u00f3 el Tren Felipe \u00c1ngeles, Buenavista-AIFA, que a trav\u00e9s de 41 kil\u00f3metros (km), conectar\u00e1 al norte de la Ciudad de M\u00e9xico con el Aeropuerto Internacional Felipe \u00c1ngeles, en el Estado de M\u00e9xico, en menos de 60 minutos en el inicio de operaciones, y posteriormente en 43 minutos, con una demanda estimada de 57 mil pasajeros diarios, como parte de la recuperaci\u00f3n de los trenes de pasajeros y con ello otorgar el derecho a la movilidad a las y los mexicanos.\u00a0<\/p>\n\n\n\n<p> \u201cEl d\u00eda de hoy podemos decir, como dicen las Fuerzas Armadas: \u201cMisi\u00f3n cumplida\u201d. Cumplimos con el pueblo de M\u00e9xico. Agradezco enormemente la presencia del general secretario y del almirante secretario. Y en particular, a los ingenieros militares, como siempre est\u00e1n al servicio de la patria y al servicio del pueblo.<\/p>\n\n\n\n<p> Estamos en una de las obras m\u00e1s extraordinarias del pa\u00eds, que es el Aeropuerto Internacional Felipe \u00c1ngeles, desarrollado, construido y operado por la Secretar\u00eda de la Defensa Nacional.* (&#8230;) <\/p>\n\n\n\n<p>\u201dHoy le decimos al pueblo de M\u00e9xico: Gobernamos para el pueblo. Misi\u00f3n cumplida, pueblo de M\u00e9xico. <\/p>\n\n\n\n<p>Y finalmente decirle a todas y a todos, que la honestidad y el amor al pueblo siempre dan resultados. \u00a1Que viva M\u00e9xico!\u201d, destac\u00f3 desde la estaci\u00f3n Terminal AIFA-Clara Krause del Tren Felipe \u00c1ngeles.<\/p>\n\n\n\n<p> Se\u00f1al\u00f3 que la Cuarta Transformaci\u00f3n lucha por los derechos del pueblo de M\u00e9xico y con esta obra se garantiza el derecho a la movilidad con el mejor transporte posible y a precios accesibles. *\u201cEso es lo que representa el rescate de los trenes de pasajeros: que las y los mexicanos, y los visitantes que llegan a nuestro pa\u00eds tengan el acceso a la movilidad.<\/p>\n\n\n\n<p> Y que el pueblo de M\u00e9xico tenga el derecho a una movilidad de primer nivel\u201d, agreg\u00f3. Como parte del homenaje a las mujeres de la historia de M\u00e9xico, la Jefa del Ejecutivo Federal solicit\u00f3 al director del AIFA, Isidoro Pastor, nombrar a la estaci\u00f3n terminal AIFA-Clara Krause, en reconocimiento a la esposa del general Felipe \u00c1ngeles, cuyos restos fueron repatriados en agosto de 2024.<\/p>\n\n\n\n<p> El director general de la Agencia de Trenes y Transporte P\u00fablico Integrado (ATTRAPI), Andr\u00e9s Lajous Loaeza, detall\u00f3 que la longitud de la obra es de 41 km: 18 km de Buenavista-Lecher\u00eda y 22.94 km de Lecher\u00eda-AIFA.<\/p>\n\n\n\n<p> Se\u00f1al\u00f3 que la v\u00eda de Buenavista y AIFA est\u00e1 dise\u00f1ada para hacer el recorrido en 43 minutos y en el inicio de operaciones ser\u00e1 de 60 minutos, con una velocidad promedio de 65 km\/h y m\u00e1xima de 130 km\/h, con una demanda estimada de 57 mil pasajeros diarios, pero con capacidad de movilizar a m\u00e1s de 80 mil personas, cuyo ingreso ser\u00e1 por medio de las Tarjetas de Movilidad Integrada y del Suburbano.<\/p>\n\n\n\n<p> Inform\u00f3 que cuenta con seis estaciones nuevas: Cueyamil, La Loma, Teyahualco, Prados Sur, Cajiga, y Xaltocan, as\u00ed como la estaci\u00f3n Terminal AIFA-Clara Krause. <\/p>\n\n\n\n<p>Adem\u00e1s tendr\u00e1 conexi\u00f3n con el Tren Suburbano Buenavista-Cuautitl\u00e1n; la L\u00ednea B del Metro; las l\u00edneas 1, 3 y 4 del Metrob\u00fas; y con Ecobici en la Ciudad de M\u00e9xico.<\/p>\n\n\n\n<p> Mientras que en el Estado de M\u00e9xico se conecta con Mexib\u00fas y el transporte p\u00fablico local. El director general del Banco Nacional de Obras y Servicios P\u00fablicos (Banobras), Jorge Mendoza S\u00e1nchez, inform\u00f3 que iniciar\u00e1 operaciones con cuatro de los 10 trenes que dar\u00e1n servicio de lunes a viernes de 5:00 a 00:00h, s\u00e1bados de 06:00 a 00:00h y domingos y d\u00edas festivos de 07:00 a 00:00h.<\/p>\n\n\n\n<p> La tarifa promocional en el primer mes de operaci\u00f3n ser\u00e1 de 45 pesos desde cualquier estaci\u00f3n hasta el AIFA y de 11.50 pesos entre estaciones intermedias; posteriormente se dar\u00e1n a conocer las tarifas definitivas.<\/p>\n\n\n\n<p> La frecuencia de trenes ser\u00e1 de 30 minutos y el objetivo es reducirlo a 12 minutos conforme se incorporen los dem\u00e1s trenes. El ingeniero residente de obra de la Secretar\u00eda de la Defensa Nacional, Iv\u00e1n Hern\u00e1ndez Uribe, destac\u00f3 que esta obra gener\u00f3 m\u00e1s de 20 mil empleos para su construcci\u00f3n, alrededor de 2 mil 200 contratadas por mes, y record\u00f3 que la participaci\u00f3n del Ej\u00e9rcito mexicano en la construcci\u00f3n de estos proyectos garantiza eficiencia, transparencia\u00a0 y compromiso con la patria.<\/p>\n\n\n\n<p> Asimismo la construcci\u00f3n beneficia a 799 mil 240 habitantes de distintas comunidades, tales como Tultitl\u00e1n, Tultepec, Nextlalpan y Zumpango. <\/p>\n\n\n\n<p>El gobernador de Hidalgo, Julio Menchaca Salazar, destac\u00f3 que el Segundo Piso de la Cuarta Transformaci\u00f3n viaja en tren y se\u00f1al\u00f3 que obras como estas resuelven una necesidad de movilidad importante en una de las zonas metropolitanas m\u00e1s grandes del mundo. <\/p>\n\n\n\n<p>La jefa de gobierno de la Ciudad de M\u00e9xico, Clara Brugada Molina, destac\u00f3 que la estaci\u00f3n Buenavista se consolida como la estaci\u00f3n ferroviaria de la capital del pa\u00eds y con este tren se impulsa la movilidad en la zona metropolitana y se suma a otros proyectos que conectan con el Estado de M\u00e9xico, como son el Troleb\u00fas elevado de Chalco y el Tren El Insurgente, que representa una transformaci\u00f3n sin precedentes de la movilidad en el Valle de M\u00e9xico. La gobernadora del Estado de M\u00e9xico, Delfina G\u00f3mez \u00c1lvarez, agradeci\u00f3 a la mandataria por esta obra que va a reducir distancias con la Ciudad de M\u00e9xico y que va a permitir que muchas localidades olvidadas tengan acceso a un transporte p\u00fablico digno.<br><br><br><br><\/p>\n","protected":false},"excerpt":{"rendered":"<p>\u201cDecirle a todas y a todos, que la honestidad y el amor al pueblo siempre dan resultados. \u00a1Que viva M\u00e9xico!\u201d,<\/p>\n","protected":false},"author":2,"featured_media":19125,"comment_status":"closed","ping_status":"closed","sticky":false,"template":"","format":"standard","meta":{"footnotes":""},"categories":[26],"tags":[],"class_list":["post-19124","post","type-post","status-publish","format-standard","has-post-thumbnail","hentry","category-nacional"],"yoast_head":"<!-- This site is optimized with the Yoast SEO plugin v24.1 - https:\/\/yoast.com\/wordpress\/plugins\/seo\/ -->\n<title>&quot;Cumplimos con el pueblo de M\u00e9xico&quot;: Presidenta Claudia Sheinbaum inaugura el tren Felipe \u00c1ngeles - sanluisinforma.com<\/title>\n<meta name=\"robots\" content=\"index, follow, max-snippet:-1, max-image-preview:large, max-video-preview:-1\" \/>\n<link rel=\"canonical\" href=\"https:\/\/sanluisinforma.com\/?p=19124\" \/>\n<meta property=\"og:locale\" content=\"es_MX\" \/>\n<meta property=\"og:type\" content=\"article\" \/>\n<meta property=\"og:title\" content=\"&quot;Cumplimos con el pueblo de M\u00e9xico&quot;: Presidenta Claudia Sheinbaum inaugura el tren Felipe \u00c1ngeles - sanluisinforma.com\" \/>\n<meta property=\"og:description\" content=\"\u201cDecirle a todas y a todos, que la honestidad y el amor al pueblo siempre dan resultados. \u00a1Que viva M\u00e9xico!\u201d,\" \/>\n<meta property=\"og:url\" content=\"https:\/\/sanluisinforma.com\/?p=19124\" \/>\n<meta property=\"og:site_name\" content=\"sanluisinforma.com\" \/>\n<meta property=\"article:published_time\" content=\"2026-04-27T06:40:00+00:00\" \/>\n<meta property=\"article:modified_time\" content=\"2026-04-27T00:55:20+00:00\" \/>\n<meta property=\"og:image\" content=\"https:\/\/sanluisinforma.com\/wp-content\/uploads\/2026\/04\/Tr.jpg\" \/>\n\t<meta property=\"og:image:width\" content=\"300\" \/>\n\t<meta property=\"og:image:height\" content=\"200\" \/>\n\t<meta property=\"og:image:type\" content=\"image\/jpeg\" \/>\n<meta name=\"author\" content=\"sanluisinforma.com\" \/>\n<meta name=\"twitter:card\" content=\"summary_large_image\" \/>\n<meta name=\"twitter:label1\" content=\"Escrito por\" \/>\n\t<meta name=\"twitter:data1\" content=\"sanluisinforma.com\" \/>\n\t<meta name=\"twitter:label2\" content=\"Tiempo de lectura\" \/>\n\t<meta name=\"twitter:data2\" content=\"5 minutos\" \/>\n<script type=\"application\/ld+json\" class=\"yoast-schema-graph\">{\"@context\":\"https:\/\/schema.org\",\"@graph\":[{\"@type\":\"Article\",\"@id\":\"https:\/\/sanluisinforma.com\/?p=19124#article\",\"isPartOf\":{\"@id\":\"https:\/\/sanluisinforma.com\/?p=19124\"},\"author\":{\"name\":\"sanluisinforma.com\",\"@id\":\"https:\/\/sanluisinforma.com\/#\/schema\/person\/c30648f71476be533b6f59d092905c8b\"},\"headline\":\"&#8220;Cumplimos con el pueblo de M\u00e9xico&#8221;: Presidenta Claudia Sheinbaum inaugura el tren Felipe \u00c1ngeles\",\"datePublished\":\"2026-04-27T06:40:00+00:00\",\"dateModified\":\"2026-04-27T00:55:20+00:00\",\"mainEntityOfPage\":{\"@id\":\"https:\/\/sanluisinforma.com\/?p=19124\"},\"wordCount\":1043,\"publisher\":{\"@id\":\"https:\/\/sanluisinforma.com\/#organization\"},\"image\":{\"@id\":\"https:\/\/sanluisinforma.com\/?p=19124#primaryimage\"},\"thumbnailUrl\":\"https:\/\/sanluisinforma.com\/wp-content\/uploads\/2026\/04\/Tr.jpg\",\"articleSection\":[\"Nacional\"],\"inLanguage\":\"es\"},{\"@type\":\"WebPage\",\"@id\":\"https:\/\/sanluisinforma.com\/?p=19124\",\"url\":\"https:\/\/sanluisinforma.com\/?p=19124\",\"name\":\"\\\"Cumplimos con el pueblo de M\u00e9xico\\\": Presidenta Claudia Sheinbaum inaugura el tren Felipe \u00c1ngeles - sanluisinforma.com\",\"isPartOf\":{\"@id\":\"https:\/\/sanluisinforma.com\/#website\"},\"primaryImageOfPage\":{\"@id\":\"https:\/\/sanluisinforma.com\/?p=19124#primaryimage\"},\"image\":{\"@id\":\"https:\/\/sanluisinforma.com\/?p=19124#primaryimage\"},\"thumbnailUrl\":\"https:\/\/sanluisinforma.com\/wp-content\/uploads\/2026\/04\/Tr.jpg\",\"datePublished\":\"2026-04-27T06:40:00+00:00\",\"dateModified\":\"2026-04-27T00:55:20+00:00\",\"breadcrumb\":{\"@id\":\"https:\/\/sanluisinforma.com\/?p=19124#breadcrumb\"},\"inLanguage\":\"es\",\"potentialAction\":[{\"@type\":\"ReadAction\",\"target\":[\"https:\/\/sanluisinforma.com\/?p=19124\"]}]},{\"@type\":\"ImageObject\",\"inLanguage\":\"es\",\"@id\":\"https:\/\/sanluisinforma.com\/?p=19124#primaryimage\",\"url\":\"https:\/\/sanluisinforma.com\/wp-content\/uploads\/2026\/04\/Tr.jpg\",\"contentUrl\":\"https:\/\/sanluisinforma.com\/wp-content\/uploads\/2026\/04\/Tr.jpg\",\"width\":300,\"height\":200},{\"@type\":\"BreadcrumbList\",\"@id\":\"https:\/\/sanluisinforma.com\/?p=19124#breadcrumb\",\"itemListElement\":[{\"@type\":\"ListItem\",\"position\":1,\"name\":\"Inicio\",\"item\":\"https:\/\/sanluisinforma.com\/\"},{\"@type\":\"ListItem\",\"position\":2,\"name\":\"&#8220;Cumplimos con el pueblo de M\u00e9xico&#8221;: Presidenta Claudia Sheinbaum inaugura el tren Felipe \u00c1ngeles\"}]},{\"@type\":\"WebSite\",\"@id\":\"https:\/\/sanluisinforma.com\/#website\",\"url\":\"https:\/\/sanluisinforma.com\/\",\"name\":\"sanluisinforma.com\",\"description\":\"Periodico San Luis Informa\",\"publisher\":{\"@id\":\"https:\/\/sanluisinforma.com\/#organization\"},\"potentialAction\":[{\"@type\":\"SearchAction\",\"target\":{\"@type\":\"EntryPoint\",\"urlTemplate\":\"https:\/\/sanluisinforma.com\/?s={search_term_string}\"},\"query-input\":{\"@type\":\"PropertyValueSpecification\",\"valueRequired\":true,\"valueName\":\"search_term_string\"}}],\"inLanguage\":\"es\"},{\"@type\":\"Organization\",\"@id\":\"https:\/\/sanluisinforma.com\/#organization\",\"name\":\"sanluisinforma.com\",\"url\":\"https:\/\/sanluisinforma.com\/\",\"logo\":{\"@type\":\"ImageObject\",\"inLanguage\":\"es\",\"@id\":\"https:\/\/sanluisinforma.com\/#\/schema\/logo\/image\/\",\"url\":\"https:\/\/sanluisinforma.com\/wp-content\/uploads\/2026\/03\/sanluisinforma-V.jpg\",\"contentUrl\":\"https:\/\/sanluisinforma.com\/wp-content\/uploads\/2026\/03\/sanluisinforma-V.jpg\",\"width\":500,\"height\":156,\"caption\":\"sanluisinforma.com\"},\"image\":{\"@id\":\"https:\/\/sanluisinforma.com\/#\/schema\/logo\/image\/\"}},{\"@type\":\"Person\",\"@id\":\"https:\/\/sanluisinforma.com\/#\/schema\/person\/c30648f71476be533b6f59d092905c8b\",\"name\":\"sanluisinforma.com\",\"image\":{\"@type\":\"ImageObject\",\"inLanguage\":\"es\",\"@id\":\"https:\/\/sanluisinforma.com\/#\/schema\/person\/image\/\",\"url\":\"https:\/\/secure.gravatar.com\/avatar\/86e3114e34a1eecefb963e0a02f0093f93b092dddb2fe1517596343751081a87?s=96&d=mm&r=g\",\"contentUrl\":\"https:\/\/secure.gravatar.com\/avatar\/86e3114e34a1eecefb963e0a02f0093f93b092dddb2fe1517596343751081a87?s=96&d=mm&r=g\",\"caption\":\"sanluisinforma.com\"},\"url\":\"https:\/\/sanluisinforma.com\/?author=2\"}]}<\/script>\n<!-- \/ Yoast SEO plugin. -->","yoast_head_json":{"title":"\"Cumplimos con el pueblo de M\u00e9xico\": Presidenta Claudia Sheinbaum inaugura el tren Felipe \u00c1ngeles - sanluisinforma.com","robots":{"index":"index","follow":"follow","max-snippet":"max-snippet:-1","max-image-preview":"max-image-preview:large","max-video-preview":"max-video-preview:-1"},"canonical":"https:\/\/sanluisinforma.com\/?p=19124","og_locale":"es_MX","og_type":"article","og_title":"\"Cumplimos con el pueblo de M\u00e9xico\": Presidenta Claudia Sheinbaum inaugura el tren Felipe \u00c1ngeles - sanluisinforma.com","og_description":"\u201cDecirle a todas y a todos, que la honestidad y el amor al pueblo siempre dan resultados. \u00a1Que viva M\u00e9xico!\u201d,","og_url":"https:\/\/sanluisinforma.com\/?p=19124","og_site_name":"sanluisinforma.com","article_published_time":"2026-04-27T06:40:00+00:00","article_modified_time":"2026-04-27T00:55:20+00:00","og_image":[{"width":300,"height":200,"url":"https:\/\/sanluisinforma.com\/wp-content\/uploads\/2026\/04\/Tr.jpg","type":"image\/jpeg"}],"author":"sanluisinforma.com","twitter_card":"summary_large_image","twitter_misc":{"Escrito por":"sanluisinforma.com","Tiempo de lectura":"5 minutos"},"schema":{"@context":"https:\/\/schema.org","@graph":[{"@type":"Article","@id":"https:\/\/sanluisinforma.com\/?p=19124#article","isPartOf":{"@id":"https:\/\/sanluisinforma.com\/?p=19124"},"author":{"name":"sanluisinforma.com","@id":"https:\/\/sanluisinforma.com\/#\/schema\/person\/c30648f71476be533b6f59d092905c8b"},"headline":"&#8220;Cumplimos con el pueblo de M\u00e9xico&#8221;: Presidenta Claudia Sheinbaum inaugura el tren Felipe \u00c1ngeles","datePublished":"2026-04-27T06:40:00+00:00","dateModified":"2026-04-27T00:55:20+00:00","mainEntityOfPage":{"@id":"https:\/\/sanluisinforma.com\/?p=19124"},"wordCount":1043,"publisher":{"@id":"https:\/\/sanluisinforma.com\/#organization"},"image":{"@id":"https:\/\/sanluisinforma.com\/?p=19124#primaryimage"},"thumbnailUrl":"https:\/\/sanluisinforma.com\/wp-content\/uploads\/2026\/04\/Tr.jpg","articleSection":["Nacional"],"inLanguage":"es"},{"@type":"WebPage","@id":"https:\/\/sanluisinforma.com\/?p=19124","url":"https:\/\/sanluisinforma.com\/?p=19124","name":"\"Cumplimos con el pueblo de M\u00e9xico\": Presidenta Claudia Sheinbaum inaugura el tren Felipe \u00c1ngeles - sanluisinforma.com","isPartOf":{"@id":"https:\/\/sanluisinforma.com\/#website"},"primaryImageOfPage":{"@id":"https:\/\/sanluisinforma.com\/?p=19124#primaryimage"},"image":{"@id":"https:\/\/sanluisinforma.com\/?p=19124#primaryimage"},"thumbnailUrl":"https:\/\/sanluisinforma.com\/wp-content\/uploads\/2026\/04\/Tr.jpg","datePublished":"2026-04-27T06:40:00+00:00","dateModified":"2026-04-27T00:55:20+00:00","breadcrumb":{"@id":"https:\/\/sanluisinforma.com\/?p=19124#breadcrumb"},"inLanguage":"es","potentialAction":[{"@type":"ReadAction","target":["https:\/\/sanluisinforma.com\/?p=19124"]}]},{"@type":"ImageObject","inLanguage":"es","@id":"https:\/\/sanluisinforma.com\/?p=19124#primaryimage","url":"https:\/\/sanluisinforma.com\/wp-content\/uploads\/2026\/04\/Tr.jpg","contentUrl":"https:\/\/sanluisinforma.com\/wp-content\/uploads\/2026\/04\/Tr.jpg","width":300,"height":200},{"@type":"BreadcrumbList","@id":"https:\/\/sanluisinforma.com\/?p=19124#breadcrumb","itemListElement":[{"@type":"ListItem","position":1,"name":"Inicio","item":"https:\/\/sanluisinforma.com\/"},{"@type":"ListItem","position":2,"name":"&#8220;Cumplimos con el pueblo de M\u00e9xico&#8221;: Presidenta Claudia Sheinbaum inaugura el tren Felipe \u00c1ngeles"}]},{"@type":"WebSite","@id":"https:\/\/sanluisinforma.com\/#website","url":"https:\/\/sanluisinforma.com\/","name":"sanluisinforma.com","description":"Periodico San Luis Informa","publisher":{"@id":"https:\/\/sanluisinforma.com\/#organization"},"potentialAction":[{"@type":"SearchAction","target":{"@type":"EntryPoint","urlTemplate":"https:\/\/sanluisinforma.com\/?s={search_term_string}"},"query-input":{"@type":"PropertyValueSpecification","valueRequired":true,"valueName":"search_term_string"}}],"inLanguage":"es"},{"@type":"Organization","@id":"https:\/\/sanluisinforma.com\/#organization","name":"sanluisinforma.com","url":"https:\/\/sanluisinforma.com\/","logo":{"@type":"ImageObject","inLanguage":"es","@id":"https:\/\/sanluisinforma.com\/#\/schema\/logo\/image\/","url":"https:\/\/sanluisinforma.com\/wp-content\/uploads\/2026\/03\/sanluisinforma-V.jpg","contentUrl":"https:\/\/sanluisinforma.com\/wp-content\/uploads\/2026\/03\/sanluisinforma-V.jpg","width":500,"height":156,"caption":"sanluisinforma.com"},"image":{"@id":"https:\/\/sanluisinforma.com\/#\/schema\/logo\/image\/"}},{"@type":"Person","@id":"https:\/\/sanluisinforma.com\/#\/schema\/person\/c30648f71476be533b6f59d092905c8b","name":"sanluisinforma.com","image":{"@type":"ImageObject","inLanguage":"es","@id":"https:\/\/sanluisinforma.com\/#\/schema\/person\/image\/","url":"https:\/\/secure.gravatar.com\/avatar\/86e3114e34a1eecefb963e0a02f0093f93b092dddb2fe1517596343751081a87?s=96&d=mm&r=g","contentUrl":"https:\/\/secure.gravatar.com\/avatar\/86e3114e34a1eecefb963e0a02f0093f93b092dddb2fe1517596343751081a87?s=96&d=mm&r=g","caption":"sanluisinforma.com"},"url":"https:\/\/sanluisinforma.com\/?author=2"}]}},"_links":{"self":[{"href":"https:\/\/sanluisinforma.com\/index.php?rest_route=\/wp\/v2\/posts\/19124","targetHints":{"allow":["GET"]}}],"collection":[{"href":"https:\/\/sanluisinforma.com\/index.php?rest_route=\/wp\/v2\/posts"}],"about":[{"href":"https:\/\/sanluisinforma.com\/index.php?rest_route=\/wp\/v2\/types\/post"}],"author":[{"embeddable":true,"href":"https:\/\/sanluisinforma.com\/index.php?rest_route=\/wp\/v2\/users\/2"}],"replies":[{"embeddable":true,"href":"https:\/\/sanluisinforma.com\/index.php?rest_route=%2Fwp%2Fv2%2Fcomments&post=19124"}],"version-history":[{"count":1,"href":"https:\/\/sanluisinforma.com\/index.php?rest_route=\/wp\/v2\/posts\/19124\/revisions"}],"predecessor-version":[{"id":19126,"href":"https:\/\/sanluisinforma.com\/index.php?rest_route=\/wp\/v2\/posts\/19124\/revisions\/19126"}],"wp:featuredmedia":[{"embeddable":true,"href":"https:\/\/sanluisinforma.com\/index.php?rest_route=\/wp\/v2\/media\/19125"}],"wp:attachment":[{"href":"https:\/\/sanluisinforma.com\/index.php?rest_route=%2Fwp%2Fv2%2Fmedia&parent=19124"}],"wp:term":[{"taxonomy":"category","embeddable":true,"href":"https:\/\/sanluisinforma.com\/index.php?rest_route=%2Fwp%2Fv2%2Fcategories&post=19124"},{"taxonomy":"post_tag","embeddable":true,"href":"https:\/\/sanluisinforma.com\/index.php?rest_route=%2Fwp%2Fv2%2Ftags&post=19124"}],"curies":[{"name":"wp","href":"https:\/\/api.w.org\/{rel}","templated":true}]}}