{"id":19139,"date":"2026-04-27T01:03:56","date_gmt":"2026-04-27T07:03:56","guid":{"rendered":"https:\/\/sanluisinforma.com\/?p=19139"},"modified":"2026-04-27T01:05:22","modified_gmt":"2026-04-27T07:05:22","slug":"joao-pedro-del-atletico-de-san-luis-pasa-a-la-historia-del-futbol","status":"publish","type":"post","link":"https:\/\/sanluisinforma.com\/?p=19139","title":{"rendered":"Jo\u00e3o Pedro, del Atl\u00e9tico de San Luis pasa a la historia del futbol"},"content":{"rendered":"\n<p>Definida la liguilla del Futbol de M\u00e9xico\u00a0 de Torneo Clausura 2026<\/p>\n\n\n\n<p><\/p>\n\n\n\n<p><\/p>\n\n\n\n<p>Al termino del Torneo de Clausura 2026, por segunda ocasi\u00f3n consecutiva el brasile\u00f1o Jo\u00e3o Pedro logra el campeonato de goleo, el delantero jugador del Club Atl\u00e9tico de San Luis hizo algo nunca visto en el equipo, ser el \u00fanico bicampe\u00f3n de goleo &nbsp;en la historia de los torneos cortos del futbol potosino.<\/p>\n\n\n\n<p>El jugador brasile\u00f1o, en &nbsp;2025, tambi\u00e9n &nbsp;llego a ser Campe\u00f3n de goleo, con este triunfo son dos veces que logra la meta.<\/p>\n\n\n\n<p><strong>Definida la liguilla del Futbol de M\u00e9xico&nbsp; de Torneo Clausura 2026<\/strong><\/p>\n\n\n\n<p>Cruz Azul, cierra el Torneo Clausura 2026 con 33 unidades en el tercer puesto<\/p>\n\n\n\n<p>&nbsp;Con este resultado&nbsp; est\u00e1n definidos los encuentros de&nbsp; la liguilla donde los celestes tendr\u00e1n como rival al Atlas, mientras que Pachuca enfrentar\u00e1 al bicampe\u00f3n Toluca; Chivas y Tigres pelear\u00e1n una de las series al tiempo que el l\u00edder Pumas se medir\u00e1 con el Am\u00e9rica, \u00faltimo en la zona de clasificaci\u00f3n.<\/p>\n","protected":false},"excerpt":{"rendered":"<p>Definida la liguilla del Futbol de M\u00e9xico\u00a0 de Torneo Clausura 2026 Al termino del Torneo de Clausura 2026, por segunda<\/p>\n","protected":false},"author":2,"featured_media":0,"comment_status":"closed","ping_status":"closed","sticky":false,"template":"","format":"standard","meta":{"footnotes":""},"categories":[27],"tags":[],"class_list":["post-19139","post","type-post","status-publish","format-standard","hentry","category-deportes"],"yoast_head":"<!-- This site is optimized with the Yoast SEO plugin v24.1 - https:\/\/yoast.com\/wordpress\/plugins\/seo\/ -->\n<title>Jo\u00e3o Pedro, del Atl\u00e9tico de San Luis pasa a la historia del futbol - sanluisinforma.com<\/title>\n<meta name=\"robots\" content=\"index, follow, max-snippet:-1, max-image-preview:large, max-video-preview:-1\" \/>\n<link rel=\"canonical\" href=\"https:\/\/sanluisinforma.com\/?p=19139\" \/>\n<meta property=\"og:locale\" content=\"es_MX\" \/>\n<meta property=\"og:type\" content=\"article\" \/>\n<meta property=\"og:title\" content=\"Jo\u00e3o Pedro, del Atl\u00e9tico de San Luis pasa a la historia del futbol - sanluisinforma.com\" \/>\n<meta property=\"og:description\" content=\"Definida la liguilla del Futbol de M\u00e9xico\u00a0 de Torneo Clausura 2026 Al termino del Torneo de Clausura 2026, por segunda\" \/>\n<meta property=\"og:url\" content=\"https:\/\/sanluisinforma.com\/?p=19139\" \/>\n<meta property=\"og:site_name\" content=\"sanluisinforma.com\" \/>\n<meta property=\"article:published_time\" content=\"2026-04-27T07:03:56+00:00\" \/>\n<meta property=\"article:modified_time\" content=\"2026-04-27T07:05:22+00:00\" \/>\n<meta name=\"author\" content=\"sanluisinforma.com\" \/>\n<meta name=\"twitter:card\" content=\"summary_large_image\" \/>\n<meta name=\"twitter:label1\" content=\"Escrito por\" \/>\n\t<meta name=\"twitter:data1\" content=\"sanluisinforma.com\" \/>\n\t<meta name=\"twitter:label2\" content=\"Tiempo de lectura\" \/>\n\t<meta name=\"twitter:data2\" content=\"1 minuto\" \/>\n<script type=\"application\/ld+json\" class=\"yoast-schema-graph\">{\"@context\":\"https:\/\/schema.org\",\"@graph\":[{\"@type\":\"Article\",\"@id\":\"https:\/\/sanluisinforma.com\/?p=19139#article\",\"isPartOf\":{\"@id\":\"https:\/\/sanluisinforma.com\/?p=19139\"},\"author\":{\"name\":\"sanluisinforma.com\",\"@id\":\"https:\/\/sanluisinforma.com\/#\/schema\/person\/c30648f71476be533b6f59d092905c8b\"},\"headline\":\"Jo\u00e3o Pedro, del Atl\u00e9tico de San Luis pasa a la historia del futbol\",\"datePublished\":\"2026-04-27T07:03:56+00:00\",\"dateModified\":\"2026-04-27T07:05:22+00:00\",\"mainEntityOfPage\":{\"@id\":\"https:\/\/sanluisinforma.com\/?p=19139\"},\"wordCount\":193,\"publisher\":{\"@id\":\"https:\/\/sanluisinforma.com\/#organization\"},\"articleSection\":[\"Deportes\"],\"inLanguage\":\"es\"},{\"@type\":\"WebPage\",\"@id\":\"https:\/\/sanluisinforma.com\/?p=19139\",\"url\":\"https:\/\/sanluisinforma.com\/?p=19139\",\"name\":\"Jo\u00e3o Pedro, del Atl\u00e9tico de San Luis pasa a la historia del futbol - sanluisinforma.com\",\"isPartOf\":{\"@id\":\"https:\/\/sanluisinforma.com\/#website\"},\"datePublished\":\"2026-04-27T07:03:56+00:00\",\"dateModified\":\"2026-04-27T07:05:22+00:00\",\"breadcrumb\":{\"@id\":\"https:\/\/sanluisinforma.com\/?p=19139#breadcrumb\"},\"inLanguage\":\"es\",\"potentialAction\":[{\"@type\":\"ReadAction\",\"target\":[\"https:\/\/sanluisinforma.com\/?p=19139\"]}]},{\"@type\":\"BreadcrumbList\",\"@id\":\"https:\/\/sanluisinforma.com\/?p=19139#breadcrumb\",\"itemListElement\":[{\"@type\":\"ListItem\",\"position\":1,\"name\":\"Inicio\",\"item\":\"https:\/\/sanluisinforma.com\/\"},{\"@type\":\"ListItem\",\"position\":2,\"name\":\"Jo\u00e3o Pedro, del Atl\u00e9tico de San Luis pasa a la historia del futbol\"}]},{\"@type\":\"WebSite\",\"@id\":\"https:\/\/sanluisinforma.com\/#website\",\"url\":\"https:\/\/sanluisinforma.com\/\",\"name\":\"sanluisinforma.com\",\"description\":\"Periodico San Luis Informa\",\"publisher\":{\"@id\":\"https:\/\/sanluisinforma.com\/#organization\"},\"potentialAction\":[{\"@type\":\"SearchAction\",\"target\":{\"@type\":\"EntryPoint\",\"urlTemplate\":\"https:\/\/sanluisinforma.com\/?s={search_term_string}\"},\"query-input\":{\"@type\":\"PropertyValueSpecification\",\"valueRequired\":true,\"valueName\":\"search_term_string\"}}],\"inLanguage\":\"es\"},{\"@type\":\"Organization\",\"@id\":\"https:\/\/sanluisinforma.com\/#organization\",\"name\":\"sanluisinforma.com\",\"url\":\"https:\/\/sanluisinforma.com\/\",\"logo\":{\"@type\":\"ImageObject\",\"inLanguage\":\"es\",\"@id\":\"https:\/\/sanluisinforma.com\/#\/schema\/logo\/image\/\",\"url\":\"https:\/\/sanluisinforma.com\/wp-content\/uploads\/2026\/03\/sanluisinforma-V.jpg\",\"contentUrl\":\"https:\/\/sanluisinforma.com\/wp-content\/uploads\/2026\/03\/sanluisinforma-V.jpg\",\"width\":500,\"height\":156,\"caption\":\"sanluisinforma.com\"},\"image\":{\"@id\":\"https:\/\/sanluisinforma.com\/#\/schema\/logo\/image\/\"}},{\"@type\":\"Person\",\"@id\":\"https:\/\/sanluisinforma.com\/#\/schema\/person\/c30648f71476be533b6f59d092905c8b\",\"name\":\"sanluisinforma.com\",\"image\":{\"@type\":\"ImageObject\",\"inLanguage\":\"es\",\"@id\":\"https:\/\/sanluisinforma.com\/#\/schema\/person\/image\/\",\"url\":\"https:\/\/secure.gravatar.com\/avatar\/86e3114e34a1eecefb963e0a02f0093f93b092dddb2fe1517596343751081a87?s=96&d=mm&r=g\",\"contentUrl\":\"https:\/\/secure.gravatar.com\/avatar\/86e3114e34a1eecefb963e0a02f0093f93b092dddb2fe1517596343751081a87?s=96&d=mm&r=g\",\"caption\":\"sanluisinforma.com\"},\"url\":\"https:\/\/sanluisinforma.com\/?author=2\"}]}<\/script>\n<!-- \/ Yoast SEO plugin. -->","yoast_head_json":{"title":"Jo\u00e3o Pedro, del Atl\u00e9tico de San Luis pasa a la historia del futbol - sanluisinforma.com","robots":{"index":"index","follow":"follow","max-snippet":"max-snippet:-1","max-image-preview":"max-image-preview:large","max-video-preview":"max-video-preview:-1"},"canonical":"https:\/\/sanluisinforma.com\/?p=19139","og_locale":"es_MX","og_type":"article","og_title":"Jo\u00e3o Pedro, del Atl\u00e9tico de San Luis pasa a la historia del futbol - sanluisinforma.com","og_description":"Definida la liguilla del Futbol de M\u00e9xico\u00a0 de Torneo Clausura 2026 Al termino del Torneo de Clausura 2026, por segunda","og_url":"https:\/\/sanluisinforma.com\/?p=19139","og_site_name":"sanluisinforma.com","article_published_time":"2026-04-27T07:03:56+00:00","article_modified_time":"2026-04-27T07:05:22+00:00","author":"sanluisinforma.com","twitter_card":"summary_large_image","twitter_misc":{"Escrito por":"sanluisinforma.com","Tiempo de lectura":"1 minuto"},"schema":{"@context":"https:\/\/schema.org","@graph":[{"@type":"Article","@id":"https:\/\/sanluisinforma.com\/?p=19139#article","isPartOf":{"@id":"https:\/\/sanluisinforma.com\/?p=19139"},"author":{"name":"sanluisinforma.com","@id":"https:\/\/sanluisinforma.com\/#\/schema\/person\/c30648f71476be533b6f59d092905c8b"},"headline":"Jo\u00e3o Pedro, del Atl\u00e9tico de San Luis pasa a la historia del futbol","datePublished":"2026-04-27T07:03:56+00:00","dateModified":"2026-04-27T07:05:22+00:00","mainEntityOfPage":{"@id":"https:\/\/sanluisinforma.com\/?p=19139"},"wordCount":193,"publisher":{"@id":"https:\/\/sanluisinforma.com\/#organization"},"articleSection":["Deportes"],"inLanguage":"es"},{"@type":"WebPage","@id":"https:\/\/sanluisinforma.com\/?p=19139","url":"https:\/\/sanluisinforma.com\/?p=19139","name":"Jo\u00e3o Pedro, del Atl\u00e9tico de San Luis pasa a la historia del futbol - sanluisinforma.com","isPartOf":{"@id":"https:\/\/sanluisinforma.com\/#website"},"datePublished":"2026-04-27T07:03:56+00:00","dateModified":"2026-04-27T07:05:22+00:00","breadcrumb":{"@id":"https:\/\/sanluisinforma.com\/?p=19139#breadcrumb"},"inLanguage":"es","potentialAction":[{"@type":"ReadAction","target":["https:\/\/sanluisinforma.com\/?p=19139"]}]},{"@type":"BreadcrumbList","@id":"https:\/\/sanluisinforma.com\/?p=19139#breadcrumb","itemListElement":[{"@type":"ListItem","position":1,"name":"Inicio","item":"https:\/\/sanluisinforma.com\/"},{"@type":"ListItem","position":2,"name":"Jo\u00e3o Pedro, del Atl\u00e9tico de San Luis pasa a la historia del futbol"}]},{"@type":"WebSite","@id":"https:\/\/sanluisinforma.com\/#website","url":"https:\/\/sanluisinforma.com\/","name":"sanluisinforma.com","description":"Periodico San Luis Informa","publisher":{"@id":"https:\/\/sanluisinforma.com\/#organization"},"potentialAction":[{"@type":"SearchAction","target":{"@type":"EntryPoint","urlTemplate":"https:\/\/sanluisinforma.com\/?s={search_term_string}"},"query-input":{"@type":"PropertyValueSpecification","valueRequired":true,"valueName":"search_term_string"}}],"inLanguage":"es"},{"@type":"Organization","@id":"https:\/\/sanluisinforma.com\/#organization","name":"sanluisinforma.com","url":"https:\/\/sanluisinforma.com\/","logo":{"@type":"ImageObject","inLanguage":"es","@id":"https:\/\/sanluisinforma.com\/#\/schema\/logo\/image\/","url":"https:\/\/sanluisinforma.com\/wp-content\/uploads\/2026\/03\/sanluisinforma-V.jpg","contentUrl":"https:\/\/sanluisinforma.com\/wp-content\/uploads\/2026\/03\/sanluisinforma-V.jpg","width":500,"height":156,"caption":"sanluisinforma.com"},"image":{"@id":"https:\/\/sanluisinforma.com\/#\/schema\/logo\/image\/"}},{"@type":"Person","@id":"https:\/\/sanluisinforma.com\/#\/schema\/person\/c30648f71476be533b6f59d092905c8b","name":"sanluisinforma.com","image":{"@type":"ImageObject","inLanguage":"es","@id":"https:\/\/sanluisinforma.com\/#\/schema\/person\/image\/","url":"https:\/\/secure.gravatar.com\/avatar\/86e3114e34a1eecefb963e0a02f0093f93b092dddb2fe1517596343751081a87?s=96&d=mm&r=g","contentUrl":"https:\/\/secure.gravatar.com\/avatar\/86e3114e34a1eecefb963e0a02f0093f93b092dddb2fe1517596343751081a87?s=96&d=mm&r=g","caption":"sanluisinforma.com"},"url":"https:\/\/sanluisinforma.com\/?author=2"}]}},"_links":{"self":[{"href":"https:\/\/sanluisinforma.com\/index.php?rest_route=\/wp\/v2\/posts\/19139","targetHints":{"allow":["GET"]}}],"collection":[{"href":"https:\/\/sanluisinforma.com\/index.php?rest_route=\/wp\/v2\/posts"}],"about":[{"href":"https:\/\/sanluisinforma.com\/index.php?rest_route=\/wp\/v2\/types\/post"}],"author":[{"embeddable":true,"href":"https:\/\/sanluisinforma.com\/index.php?rest_route=\/wp\/v2\/users\/2"}],"replies":[{"embeddable":true,"href":"https:\/\/sanluisinforma.com\/index.php?rest_route=%2Fwp%2Fv2%2Fcomments&post=19139"}],"version-history":[{"count":2,"href":"https:\/\/sanluisinforma.com\/index.php?rest_route=\/wp\/v2\/posts\/19139\/revisions"}],"predecessor-version":[{"id":19141,"href":"https:\/\/sanluisinforma.com\/index.php?rest_route=\/wp\/v2\/posts\/19139\/revisions\/19141"}],"wp:attachment":[{"href":"https:\/\/sanluisinforma.com\/index.php?rest_route=%2Fwp%2Fv2%2Fmedia&parent=19139"}],"wp:term":[{"taxonomy":"category","embeddable":true,"href":"https:\/\/sanluisinforma.com\/index.php?rest_route=%2Fwp%2Fv2%2Fcategories&post=19139"},{"taxonomy":"post_tag","embeddable":true,"href":"https:\/\/sanluisinforma.com\/index.php?rest_route=%2Fwp%2Fv2%2Ftags&post=19139"}],"curies":[{"name":"wp","href":"https:\/\/api.w.org\/{rel}","templated":true}]}}