{"id":19142,"date":"2026-04-28T00:40:00","date_gmt":"2026-04-28T06:40:00","guid":{"rendered":"https:\/\/sanluisinforma.com\/?p=19142"},"modified":"2026-04-27T23:35:58","modified_gmt":"2026-04-28T05:35:58","slug":"el-objetivo-es-apoyar-la-economia-de-las-familias-mexicanas-presidenta-claudia-sheinbaum","status":"publish","type":"post","link":"https:\/\/sanluisinforma.com\/?p=19142","title":{"rendered":"El objetivo es apoyar la econom\u00eda de las familias mexicanas: Presidenta Claudia Sheinbaum"},"content":{"rendered":"\n<p><\/p>\n\n\n\n<p> \u201cDecirle al pueblo de M\u00e9xico, a la gente que estamos trabajando para que no aumente el precio de los combustibles y al contrario para ver c\u00f3mo podemos reducirlo m\u00e1s todav\u00eda\u201d, se\u00f1al\u00f3 * La reducci\u00f3n de las comisiones ser\u00e1 vigente del 1 de mayo al 31 de octubre * Con el acuerdo, la comisi\u00f3n por aceptar pagos con Tarjeta de D\u00e9bito se reduce en un 0.45% de cada transacci\u00f3n; con Tarjeta de Cr\u00e9dito en 1% de cada transacci\u00f3n y en vales en 1.10 pesos *Ciudad de M\u00e9xico, 27 de abril de 2026.-<\/p>\n\n\n\n<p> La Presidenta Claudia Sheinbaum Pardo firm\u00f3 un acuerdo entre el Gobierno de M\u00e9xico y la Asociaci\u00f3n de Bancos de M\u00e9xico (ABM) y la Asociaci\u00f3n de Sociedades de Vales (ASEVAL) para que, del 1 de mayo al 31 de octubre 2026, se reduzcan las comisiones en el pago de gasolinas y di\u00e9sel con tarjetas y vales en beneficio de la econom\u00eda de las familias mexicanas. <\/p>\n\n\n\n<p>\u201cEs la demostraci\u00f3n de que cuando se trabaja juntos por las y los mexicanos sacamos muy buenas cosas. Hoy vamos a anunciar la disminuci\u00f3n de las comisiones en el pago de las gasolinas y del di\u00e9sel, tanto para aquellos que pagan con tarjeta de cr\u00e9dito o d\u00e9bito como para aquellos que pagan con vales.<\/p>\n\n\n\n<p> E<\/p>\n\n\n\n<p>Este es un acuerdo en el que particip\u00f3 el Banco de M\u00e9xico y las distintas asociaciones coordinado por la Secretar\u00eda de Hacienda. \u00bfPor qu\u00e9 es importante esto? Porque, al disminuir las comisiones, va a bajar todav\u00eda m\u00e1s el precio de la gasolina y el di\u00e9sel.<\/p>\n\n\n\n<p> El objetivo es seguir disminuyendo sobre todo el precio del di\u00e9sel y, lo m\u00e1s importante, apoyar la econom\u00eda de las familias mexicanas\u201d, puntualiz\u00f3 en la conferencia matutina: \u201cLas ma\u00f1aneras del pueblo\u201d. Adem\u00e1s, la Jefa del Ejecutivo Federal inform\u00f3 que ma\u00f1ana, 28 de abril, sostendr\u00e1 una reuni\u00f3n con gasolineros y representantes de estaciones de servicio con la finalidad de seguir reduciendo el precio del di\u00e9sel. <\/p>\n\n\n\n<p>\u201cDecirle al pueblo de M\u00e9xico, a la gente, que estamos trabajando para que no aumente el precio de los combustibles y al contrario para ver c\u00f3mo podemos reducirlo m\u00e1s todav\u00eda. El acuerdo que tomamos hoy es muy importante porque todo el mundo est\u00e1 contribuyendo a esto\u201d,* agreg\u00f3. El secretario de Hacienda y Cr\u00e9dito P\u00fablico, \u00c9dgar Amador Zamora, explic\u00f3 que con este acuerdo la gasolinera paga menos por aceptar pagos digitales y este ahorro se ve reflejado en el precio de la gasolina que pagan las y los mexicanos.<\/p>\n\n\n\n<p>Detall\u00f3 que entre las medidas para contener el precio de la gasolina se han realizado tres acuerdos simult\u00e1neos: 1.Descuento en las comisiones que se cobran en el uso de tarjetas que emiten los bancos con la ABM, con ello se dejar\u00e1 de cobrar el 80% de la cuota; 2. Descuento de 1.10 pesos en las comisiones que se cobran por la recepci\u00f3n de vales usados en el sector transportista y log\u00edstico por parte de las valeras; y 3. Medida regulatoria con la Comisi\u00f3n Nacional Bancaria y de Valores (CNBV) y el Banco de M\u00e9xico (Banxico) para que estos acuerdos tengan vigencia a partir del 1 de mayo.<\/p>\n\n\n\n<p> Explic\u00f3 que el costo que asume la gasolinera por aceptar pagos con Tarjeta de D\u00e9bito se reduce en 0.45% por cada transacci\u00f3n, con Tarjeta de Cr\u00e9dito en 1% por cada transacci\u00f3n y en vales una reducci\u00f3n de 1.10 pesos por cada transacci\u00f3n. <\/p>\n\n\n\n<p>Adem\u00e1s, detall\u00f3 que ya se trabaja en un acuerdo para eliminar el uso de efectivo en gasolineras. <\/p>\n\n\n\n<p>Esta reducci\u00f3n es muy importante, nos vamos a 0 por ciento en tarjetas de d\u00e9bito, cr\u00e9dito, los vales de red abierta y un descuento muy importante en los vales para la red cerrada\u201d*, coment\u00f3. El presidente de la ABM, Emilio Romano Mussali, se\u00f1al\u00f3 que la banca en M\u00e9xico est\u00e1 comprometida con las medidas implementadas con el Gobierno de la Presidenta Claudia Sheinbaum para proteger la econom\u00eda de los mexicanos y mexicanas a trav\u00e9s de la reducci\u00f3n sustancial de las comisiones.<\/p>\n\n\n\n<p> Agreg\u00f3 que esta acci\u00f3n es una primera etapa del objetivo de eliminar el uso de efectivo en el pago de gasolinas para acelerar la digitalizaci\u00f3n de la econom\u00eda. En la firma del anuncio estuvieron presentes: el presidente de la Comisi\u00f3n Nacional Bancaria y de Valores, \u00c1ngel Cabrera Mendoza, de la Asociaci\u00f3n de Sociedades de Emisoras de Vales A.C. (ASEVAL), Marco Antonio Mart\u00ednez y Alberto Balderas Fern\u00e1ndez; de Dispersiones Sociales de M\u00e9xico, S.A.P.I. de C.V., Jos\u00e9 Rivera R\u00edo Rocha; de Edenred M\u00e9xico, S.A. de C.V., Operadora de Programas de Abasto M\u00faltiple, S.A. de C.V. y Vales y Monederos Electr\u00f3nicos Puntoclave, S.A. de C.V., Yonjana Josefina Mart\u00ednez; de Efectivale, S. de R.L. de C.V., Pablo Ceballos Morales; de Gasngo M\u00e9xico S.A. de C.V., Joaqu\u00edn Berni Wennekers; y de Grit Mobility S.A. de C.V., Marcos Siqueiros Ballesteros. As\u00ed como, de Intely Vale, S.A.P.I. de C.V., Ra\u00fal Mart\u00ednez Gonz\u00e1lez; de NX Control, S.A. de C.V., Romina Socorro Guevara Guevara; de OCSI Soluciones, S.A. de C.V., Pablo Calderoni Covarrubias; de Pluxee M\u00e9xico, S.A. de C.V., Sa\u00fal Palacios P\u00e9rez; de Previsi\u00f3n del Trabajo, S.A. de C.V., Jos\u00e9 Antonio Garc\u00eda Le\u00f3n; de Promotora Inbursa, S.A. de C.V, Claudia Mac\u00edas Valadez Zayas; de Servicios Broxel, S.A.P.I. de C.V., Carlos Alberto Reyes P\u00e9rez; de S\u00ed Vale M\u00e9xico, S.A de C.V., Luis Fernando G\u00f3mez Cituk Hern\u00e1ndez; y de Toka Internacional, S.A.P.I. de C.V., Edgar Bola\u00f1os Rojas<br><br><br><br><\/p>\n","protected":false},"excerpt":{"rendered":"<p>\u201cDecirle al pueblo de M\u00e9xico, a la gente que estamos trabajando para que no aumente el precio de los combustibles<\/p>\n","protected":false},"author":2,"featured_media":19143,"comment_status":"closed","ping_status":"closed","sticky":false,"template":"","format":"standard","meta":{"footnotes":""},"categories":[26],"tags":[],"class_list":["post-19142","post","type-post","status-publish","format-standard","has-post-thumbnail","hentry","category-nacional"],"yoast_head":"<!-- This site is optimized with the Yoast SEO plugin v24.1 - https:\/\/yoast.com\/wordpress\/plugins\/seo\/ -->\n<title>El objetivo es apoyar la econom\u00eda de las familias mexicanas: Presidenta Claudia Sheinbaum - sanluisinforma.com<\/title>\n<meta name=\"robots\" content=\"index, follow, max-snippet:-1, max-image-preview:large, max-video-preview:-1\" \/>\n<link rel=\"canonical\" href=\"https:\/\/sanluisinforma.com\/?p=19142\" \/>\n<meta property=\"og:locale\" content=\"es_MX\" \/>\n<meta property=\"og:type\" content=\"article\" \/>\n<meta property=\"og:title\" content=\"El objetivo es apoyar la econom\u00eda de las familias mexicanas: Presidenta Claudia Sheinbaum - sanluisinforma.com\" \/>\n<meta property=\"og:description\" content=\"\u201cDecirle al pueblo de M\u00e9xico, a la gente que estamos trabajando para que no aumente el precio de los combustibles\" \/>\n<meta property=\"og:url\" content=\"https:\/\/sanluisinforma.com\/?p=19142\" \/>\n<meta property=\"og:site_name\" content=\"sanluisinforma.com\" \/>\n<meta property=\"article:published_time\" content=\"2026-04-28T06:40:00+00:00\" \/>\n<meta property=\"article:modified_time\" content=\"2026-04-28T05:35:58+00:00\" \/>\n<meta property=\"og:image\" content=\"https:\/\/sanluisinforma.com\/wp-content\/uploads\/2026\/04\/Confe-1.jpg\" \/>\n\t<meta property=\"og:image:width\" content=\"300\" \/>\n\t<meta property=\"og:image:height\" content=\"175\" \/>\n\t<meta property=\"og:image:type\" content=\"image\/jpeg\" \/>\n<meta name=\"author\" content=\"sanluisinforma.com\" \/>\n<meta name=\"twitter:card\" content=\"summary_large_image\" \/>\n<meta name=\"twitter:label1\" content=\"Escrito por\" \/>\n\t<meta name=\"twitter:data1\" content=\"sanluisinforma.com\" \/>\n\t<meta name=\"twitter:label2\" content=\"Tiempo de lectura\" \/>\n\t<meta name=\"twitter:data2\" content=\"5 minutos\" \/>\n<script type=\"application\/ld+json\" class=\"yoast-schema-graph\">{\"@context\":\"https:\/\/schema.org\",\"@graph\":[{\"@type\":\"Article\",\"@id\":\"https:\/\/sanluisinforma.com\/?p=19142#article\",\"isPartOf\":{\"@id\":\"https:\/\/sanluisinforma.com\/?p=19142\"},\"author\":{\"name\":\"sanluisinforma.com\",\"@id\":\"https:\/\/sanluisinforma.com\/#\/schema\/person\/c30648f71476be533b6f59d092905c8b\"},\"headline\":\"El objetivo es apoyar la econom\u00eda de las familias mexicanas: Presidenta Claudia Sheinbaum\",\"datePublished\":\"2026-04-28T06:40:00+00:00\",\"dateModified\":\"2026-04-28T05:35:58+00:00\",\"mainEntityOfPage\":{\"@id\":\"https:\/\/sanluisinforma.com\/?p=19142\"},\"wordCount\":1005,\"publisher\":{\"@id\":\"https:\/\/sanluisinforma.com\/#organization\"},\"image\":{\"@id\":\"https:\/\/sanluisinforma.com\/?p=19142#primaryimage\"},\"thumbnailUrl\":\"https:\/\/sanluisinforma.com\/wp-content\/uploads\/2026\/04\/Confe-1.jpg\",\"articleSection\":[\"Nacional\"],\"inLanguage\":\"es\"},{\"@type\":\"WebPage\",\"@id\":\"https:\/\/sanluisinforma.com\/?p=19142\",\"url\":\"https:\/\/sanluisinforma.com\/?p=19142\",\"name\":\"El objetivo es apoyar la econom\u00eda de las familias mexicanas: Presidenta Claudia Sheinbaum - sanluisinforma.com\",\"isPartOf\":{\"@id\":\"https:\/\/sanluisinforma.com\/#website\"},\"primaryImageOfPage\":{\"@id\":\"https:\/\/sanluisinforma.com\/?p=19142#primaryimage\"},\"image\":{\"@id\":\"https:\/\/sanluisinforma.com\/?p=19142#primaryimage\"},\"thumbnailUrl\":\"https:\/\/sanluisinforma.com\/wp-content\/uploads\/2026\/04\/Confe-1.jpg\",\"datePublished\":\"2026-04-28T06:40:00+00:00\",\"dateModified\":\"2026-04-28T05:35:58+00:00\",\"breadcrumb\":{\"@id\":\"https:\/\/sanluisinforma.com\/?p=19142#breadcrumb\"},\"inLanguage\":\"es\",\"potentialAction\":[{\"@type\":\"ReadAction\",\"target\":[\"https:\/\/sanluisinforma.com\/?p=19142\"]}]},{\"@type\":\"ImageObject\",\"inLanguage\":\"es\",\"@id\":\"https:\/\/sanluisinforma.com\/?p=19142#primaryimage\",\"url\":\"https:\/\/sanluisinforma.com\/wp-content\/uploads\/2026\/04\/Confe-1.jpg\",\"contentUrl\":\"https:\/\/sanluisinforma.com\/wp-content\/uploads\/2026\/04\/Confe-1.jpg\",\"width\":300,\"height\":175,\"caption\":\"Cuauht\u00e9moc, Ciudad de M\u00e9xico. 27 de abril 2026. La presidenta constitucional de los Estados Unidos Mexicanos, la Doctora Claudia Sheinbaum Pardo en conferencia de prensa matutina en el sal\u00f3n de la Tesorer\u00eda de Palacio Nacional. La acompa\u00f1an: Edgar Amador, secretario de Hacienda; Marco Antonio Mart\u00ednez, representante legal de Asociaci\u00f3n de Sociedades Emisoras de Vales; Alberto Balderas Hern\u00e1ndez representante legal de Asociaci\u00f3n de Sociedades de Emisoras de Vales; Josefina Martines, representante legal de Edenred M\u00e9xico; Iv\u00e1n Escalante, Procurador Federal del Consumidor (Profeco) y Diana Aurora Correa, subdirectora de Dise\u00f1o Digital y Medios Sociales en la Unidad de Memoria. Foto: Juan Carlos Ramos Mamahua\/Presidencia\"},{\"@type\":\"BreadcrumbList\",\"@id\":\"https:\/\/sanluisinforma.com\/?p=19142#breadcrumb\",\"itemListElement\":[{\"@type\":\"ListItem\",\"position\":1,\"name\":\"Inicio\",\"item\":\"https:\/\/sanluisinforma.com\/\"},{\"@type\":\"ListItem\",\"position\":2,\"name\":\"El objetivo es apoyar la econom\u00eda de las familias mexicanas: Presidenta Claudia Sheinbaum\"}]},{\"@type\":\"WebSite\",\"@id\":\"https:\/\/sanluisinforma.com\/#website\",\"url\":\"https:\/\/sanluisinforma.com\/\",\"name\":\"sanluisinforma.com\",\"description\":\"Periodico San Luis Informa\",\"publisher\":{\"@id\":\"https:\/\/sanluisinforma.com\/#organization\"},\"potentialAction\":[{\"@type\":\"SearchAction\",\"target\":{\"@type\":\"EntryPoint\",\"urlTemplate\":\"https:\/\/sanluisinforma.com\/?s={search_term_string}\"},\"query-input\":{\"@type\":\"PropertyValueSpecification\",\"valueRequired\":true,\"valueName\":\"search_term_string\"}}],\"inLanguage\":\"es\"},{\"@type\":\"Organization\",\"@id\":\"https:\/\/sanluisinforma.com\/#organization\",\"name\":\"sanluisinforma.com\",\"url\":\"https:\/\/sanluisinforma.com\/\",\"logo\":{\"@type\":\"ImageObject\",\"inLanguage\":\"es\",\"@id\":\"https:\/\/sanluisinforma.com\/#\/schema\/logo\/image\/\",\"url\":\"https:\/\/sanluisinforma.com\/wp-content\/uploads\/2026\/03\/sanluisinforma-V.jpg\",\"contentUrl\":\"https:\/\/sanluisinforma.com\/wp-content\/uploads\/2026\/03\/sanluisinforma-V.jpg\",\"width\":500,\"height\":156,\"caption\":\"sanluisinforma.com\"},\"image\":{\"@id\":\"https:\/\/sanluisinforma.com\/#\/schema\/logo\/image\/\"}},{\"@type\":\"Person\",\"@id\":\"https:\/\/sanluisinforma.com\/#\/schema\/person\/c30648f71476be533b6f59d092905c8b\",\"name\":\"sanluisinforma.com\",\"image\":{\"@type\":\"ImageObject\",\"inLanguage\":\"es\",\"@id\":\"https:\/\/sanluisinforma.com\/#\/schema\/person\/image\/\",\"url\":\"https:\/\/secure.gravatar.com\/avatar\/86e3114e34a1eecefb963e0a02f0093f93b092dddb2fe1517596343751081a87?s=96&d=mm&r=g\",\"contentUrl\":\"https:\/\/secure.gravatar.com\/avatar\/86e3114e34a1eecefb963e0a02f0093f93b092dddb2fe1517596343751081a87?s=96&d=mm&r=g\",\"caption\":\"sanluisinforma.com\"},\"url\":\"https:\/\/sanluisinforma.com\/?author=2\"}]}<\/script>\n<!-- \/ Yoast SEO plugin. -->","yoast_head_json":{"title":"El objetivo es apoyar la econom\u00eda de las familias mexicanas: Presidenta Claudia Sheinbaum - sanluisinforma.com","robots":{"index":"index","follow":"follow","max-snippet":"max-snippet:-1","max-image-preview":"max-image-preview:large","max-video-preview":"max-video-preview:-1"},"canonical":"https:\/\/sanluisinforma.com\/?p=19142","og_locale":"es_MX","og_type":"article","og_title":"El objetivo es apoyar la econom\u00eda de las familias mexicanas: Presidenta Claudia Sheinbaum - sanluisinforma.com","og_description":"\u201cDecirle al pueblo de M\u00e9xico, a la gente que estamos trabajando para que no aumente el precio de los combustibles","og_url":"https:\/\/sanluisinforma.com\/?p=19142","og_site_name":"sanluisinforma.com","article_published_time":"2026-04-28T06:40:00+00:00","article_modified_time":"2026-04-28T05:35:58+00:00","og_image":[{"width":300,"height":175,"url":"https:\/\/sanluisinforma.com\/wp-content\/uploads\/2026\/04\/Confe-1.jpg","type":"image\/jpeg"}],"author":"sanluisinforma.com","twitter_card":"summary_large_image","twitter_misc":{"Escrito por":"sanluisinforma.com","Tiempo de lectura":"5 minutos"},"schema":{"@context":"https:\/\/schema.org","@graph":[{"@type":"Article","@id":"https:\/\/sanluisinforma.com\/?p=19142#article","isPartOf":{"@id":"https:\/\/sanluisinforma.com\/?p=19142"},"author":{"name":"sanluisinforma.com","@id":"https:\/\/sanluisinforma.com\/#\/schema\/person\/c30648f71476be533b6f59d092905c8b"},"headline":"El objetivo es apoyar la econom\u00eda de las familias mexicanas: Presidenta Claudia Sheinbaum","datePublished":"2026-04-28T06:40:00+00:00","dateModified":"2026-04-28T05:35:58+00:00","mainEntityOfPage":{"@id":"https:\/\/sanluisinforma.com\/?p=19142"},"wordCount":1005,"publisher":{"@id":"https:\/\/sanluisinforma.com\/#organization"},"image":{"@id":"https:\/\/sanluisinforma.com\/?p=19142#primaryimage"},"thumbnailUrl":"https:\/\/sanluisinforma.com\/wp-content\/uploads\/2026\/04\/Confe-1.jpg","articleSection":["Nacional"],"inLanguage":"es"},{"@type":"WebPage","@id":"https:\/\/sanluisinforma.com\/?p=19142","url":"https:\/\/sanluisinforma.com\/?p=19142","name":"El objetivo es apoyar la econom\u00eda de las familias mexicanas: Presidenta Claudia Sheinbaum - sanluisinforma.com","isPartOf":{"@id":"https:\/\/sanluisinforma.com\/#website"},"primaryImageOfPage":{"@id":"https:\/\/sanluisinforma.com\/?p=19142#primaryimage"},"image":{"@id":"https:\/\/sanluisinforma.com\/?p=19142#primaryimage"},"thumbnailUrl":"https:\/\/sanluisinforma.com\/wp-content\/uploads\/2026\/04\/Confe-1.jpg","datePublished":"2026-04-28T06:40:00+00:00","dateModified":"2026-04-28T05:35:58+00:00","breadcrumb":{"@id":"https:\/\/sanluisinforma.com\/?p=19142#breadcrumb"},"inLanguage":"es","potentialAction":[{"@type":"ReadAction","target":["https:\/\/sanluisinforma.com\/?p=19142"]}]},{"@type":"ImageObject","inLanguage":"es","@id":"https:\/\/sanluisinforma.com\/?p=19142#primaryimage","url":"https:\/\/sanluisinforma.com\/wp-content\/uploads\/2026\/04\/Confe-1.jpg","contentUrl":"https:\/\/sanluisinforma.com\/wp-content\/uploads\/2026\/04\/Confe-1.jpg","width":300,"height":175,"caption":"Cuauht\u00e9moc, Ciudad de M\u00e9xico. 27 de abril 2026. La presidenta constitucional de los Estados Unidos Mexicanos, la Doctora Claudia Sheinbaum Pardo en conferencia de prensa matutina en el sal\u00f3n de la Tesorer\u00eda de Palacio Nacional. La acompa\u00f1an: Edgar Amador, secretario de Hacienda; Marco Antonio Mart\u00ednez, representante legal de Asociaci\u00f3n de Sociedades Emisoras de Vales; Alberto Balderas Hern\u00e1ndez representante legal de Asociaci\u00f3n de Sociedades de Emisoras de Vales; Josefina Martines, representante legal de Edenred M\u00e9xico; Iv\u00e1n Escalante, Procurador Federal del Consumidor (Profeco) y Diana Aurora Correa, subdirectora de Dise\u00f1o Digital y Medios Sociales en la Unidad de Memoria. Foto: Juan Carlos Ramos Mamahua\/Presidencia"},{"@type":"BreadcrumbList","@id":"https:\/\/sanluisinforma.com\/?p=19142#breadcrumb","itemListElement":[{"@type":"ListItem","position":1,"name":"Inicio","item":"https:\/\/sanluisinforma.com\/"},{"@type":"ListItem","position":2,"name":"El objetivo es apoyar la econom\u00eda de las familias mexicanas: Presidenta Claudia Sheinbaum"}]},{"@type":"WebSite","@id":"https:\/\/sanluisinforma.com\/#website","url":"https:\/\/sanluisinforma.com\/","name":"sanluisinforma.com","description":"Periodico San Luis Informa","publisher":{"@id":"https:\/\/sanluisinforma.com\/#organization"},"potentialAction":[{"@type":"SearchAction","target":{"@type":"EntryPoint","urlTemplate":"https:\/\/sanluisinforma.com\/?s={search_term_string}"},"query-input":{"@type":"PropertyValueSpecification","valueRequired":true,"valueName":"search_term_string"}}],"inLanguage":"es"},{"@type":"Organization","@id":"https:\/\/sanluisinforma.com\/#organization","name":"sanluisinforma.com","url":"https:\/\/sanluisinforma.com\/","logo":{"@type":"ImageObject","inLanguage":"es","@id":"https:\/\/sanluisinforma.com\/#\/schema\/logo\/image\/","url":"https:\/\/sanluisinforma.com\/wp-content\/uploads\/2026\/03\/sanluisinforma-V.jpg","contentUrl":"https:\/\/sanluisinforma.com\/wp-content\/uploads\/2026\/03\/sanluisinforma-V.jpg","width":500,"height":156,"caption":"sanluisinforma.com"},"image":{"@id":"https:\/\/sanluisinforma.com\/#\/schema\/logo\/image\/"}},{"@type":"Person","@id":"https:\/\/sanluisinforma.com\/#\/schema\/person\/c30648f71476be533b6f59d092905c8b","name":"sanluisinforma.com","image":{"@type":"ImageObject","inLanguage":"es","@id":"https:\/\/sanluisinforma.com\/#\/schema\/person\/image\/","url":"https:\/\/secure.gravatar.com\/avatar\/86e3114e34a1eecefb963e0a02f0093f93b092dddb2fe1517596343751081a87?s=96&d=mm&r=g","contentUrl":"https:\/\/secure.gravatar.com\/avatar\/86e3114e34a1eecefb963e0a02f0093f93b092dddb2fe1517596343751081a87?s=96&d=mm&r=g","caption":"sanluisinforma.com"},"url":"https:\/\/sanluisinforma.com\/?author=2"}]}},"_links":{"self":[{"href":"https:\/\/sanluisinforma.com\/index.php?rest_route=\/wp\/v2\/posts\/19142","targetHints":{"allow":["GET"]}}],"collection":[{"href":"https:\/\/sanluisinforma.com\/index.php?rest_route=\/wp\/v2\/posts"}],"about":[{"href":"https:\/\/sanluisinforma.com\/index.php?rest_route=\/wp\/v2\/types\/post"}],"author":[{"embeddable":true,"href":"https:\/\/sanluisinforma.com\/index.php?rest_route=\/wp\/v2\/users\/2"}],"replies":[{"embeddable":true,"href":"https:\/\/sanluisinforma.com\/index.php?rest_route=%2Fwp%2Fv2%2Fcomments&post=19142"}],"version-history":[{"count":1,"href":"https:\/\/sanluisinforma.com\/index.php?rest_route=\/wp\/v2\/posts\/19142\/revisions"}],"predecessor-version":[{"id":19144,"href":"https:\/\/sanluisinforma.com\/index.php?rest_route=\/wp\/v2\/posts\/19142\/revisions\/19144"}],"wp:featuredmedia":[{"embeddable":true,"href":"https:\/\/sanluisinforma.com\/index.php?rest_route=\/wp\/v2\/media\/19143"}],"wp:attachment":[{"href":"https:\/\/sanluisinforma.com\/index.php?rest_route=%2Fwp%2Fv2%2Fmedia&parent=19142"}],"wp:term":[{"taxonomy":"category","embeddable":true,"href":"https:\/\/sanluisinforma.com\/index.php?rest_route=%2Fwp%2Fv2%2Fcategories&post=19142"},{"taxonomy":"post_tag","embeddable":true,"href":"https:\/\/sanluisinforma.com\/index.php?rest_route=%2Fwp%2Fv2%2Ftags&post=19142"}],"curies":[{"name":"wp","href":"https:\/\/api.w.org\/{rel}","templated":true}]}}