{"id":19148,"date":"2026-04-28T00:45:00","date_gmt":"2026-04-28T06:45:00","guid":{"rendered":"https:\/\/sanluisinforma.com\/?p=19148"},"modified":"2026-04-27T23:58:13","modified_gmt":"2026-04-28T05:58:13","slug":"refuerza-proteccion-civil-municipal-medidas-de-seguridad-en-centro-comercial-de-la-capital-potosina","status":"publish","type":"post","link":"https:\/\/sanluisinforma.com\/?p=19148","title":{"rendered":"Refuerza Protecci\u00f3n Civil Municipal medidas de seguridad en centro comercial de la capital potosina"},"content":{"rendered":"\n<p><\/p>\n\n\n\n<p>La dependencia municipal implement\u00f3 acciones preventivas y suspensi\u00f3n temporal tras incidente por ca\u00edda de plafones, priorizando la seguridad de la ciudadan\u00eda.<\/p>\n\n\n\n<p>La Direcci\u00f3n Municipal de Protecci\u00f3n Civil informa que, en atenci\u00f3n a un reporte ciudadano, personal operativo y del \u00e1rea de Inspecci\u00f3n acudi\u00f3 a un centro comercial perteneciente a una empresa comercial de supermercados, ubicado en una plaza de la capital potosina, donde se registr\u00f3 la ca\u00edda de plafones tipo l\u00e1mina.<\/p>\n\n\n\n<p>En el sitio, se procedi\u00f3 a la instalaci\u00f3n de se\u00f1al\u00e9tica preventiva con el prop\u00f3sito de mitigar riesgos y salvaguardar la integridad de las personas usuarias.<\/p>\n\n\n\n<p>De manera complementaria, el \u00e1rea de Inspecci\u00f3n llev\u00f3 a cabo la colocaci\u00f3n de sellos de suspensi\u00f3n preventiva, con el objetivo de que el establecimiento refuerce sus condiciones de seguridad y prevenci\u00f3n en beneficio de la ciudadan\u00eda.<\/p>\n\n\n\n<p>Asimismo, se levant\u00f3 el acta administrativa correspondiente, conforme a la normativa vigente y en estricto apego a las facultades de la dependencia, a fin de que el centro comercial regularice su situaci\u00f3n y cumpla con los lineamientos establecidos por la ley.<\/p>\n\n\n\n<p>Con estas acciones, la Direcci\u00f3n Municipal de Protecci\u00f3n Civil reafirma su compromiso con la seguridad e integridad de la poblaci\u00f3n, y reitera el exhorto a todos los establecimientos comerciales a cumplir con las disposiciones aplicables para garantizar espacios seguros para las y los visitantes<\/p>\n","protected":false},"excerpt":{"rendered":"<p>La dependencia municipal implement\u00f3 acciones preventivas y suspensi\u00f3n temporal tras incidente por ca\u00edda de plafones, priorizando la seguridad de la<\/p>\n","protected":false},"author":2,"featured_media":19149,"comment_status":"closed","ping_status":"closed","sticky":false,"template":"","format":"standard","meta":{"footnotes":""},"categories":[25,30],"tags":[],"class_list":["post-19148","post","type-post","status-publish","format-standard","has-post-thumbnail","hentry","category-local","category-portada"],"yoast_head":"<!-- This site is optimized with the Yoast SEO plugin v24.1 - https:\/\/yoast.com\/wordpress\/plugins\/seo\/ -->\n<title>Refuerza Protecci\u00f3n Civil Municipal medidas de seguridad en centro comercial de la capital potosina - sanluisinforma.com<\/title>\n<meta name=\"robots\" content=\"index, follow, max-snippet:-1, max-image-preview:large, max-video-preview:-1\" \/>\n<link rel=\"canonical\" href=\"https:\/\/sanluisinforma.com\/?p=19148\" \/>\n<meta property=\"og:locale\" content=\"es_MX\" \/>\n<meta property=\"og:type\" content=\"article\" \/>\n<meta property=\"og:title\" content=\"Refuerza Protecci\u00f3n Civil Municipal medidas de seguridad en centro comercial de la capital potosina - sanluisinforma.com\" \/>\n<meta property=\"og:description\" content=\"La dependencia municipal implement\u00f3 acciones preventivas y suspensi\u00f3n temporal tras incidente por ca\u00edda de plafones, priorizando la seguridad de la\" \/>\n<meta property=\"og:url\" content=\"https:\/\/sanluisinforma.com\/?p=19148\" \/>\n<meta property=\"og:site_name\" content=\"sanluisinforma.com\" \/>\n<meta property=\"article:published_time\" content=\"2026-04-28T06:45:00+00:00\" \/>\n<meta property=\"article:modified_time\" content=\"2026-04-28T05:58:13+00:00\" \/>\n<meta property=\"og:image\" content=\"https:\/\/sanluisinforma.com\/wp-content\/uploads\/2026\/04\/desca-1-1.jpg\" \/>\n\t<meta property=\"og:image:width\" content=\"300\" \/>\n\t<meta property=\"og:image:height\" content=\"532\" \/>\n\t<meta property=\"og:image:type\" content=\"image\/jpeg\" \/>\n<meta name=\"author\" content=\"sanluisinforma.com\" \/>\n<meta name=\"twitter:card\" content=\"summary_large_image\" \/>\n<meta name=\"twitter:label1\" content=\"Escrito por\" \/>\n\t<meta name=\"twitter:data1\" content=\"sanluisinforma.com\" \/>\n\t<meta name=\"twitter:label2\" content=\"Tiempo de lectura\" \/>\n\t<meta name=\"twitter:data2\" content=\"2 minutos\" \/>\n<script type=\"application\/ld+json\" class=\"yoast-schema-graph\">{\"@context\":\"https:\/\/schema.org\",\"@graph\":[{\"@type\":\"Article\",\"@id\":\"https:\/\/sanluisinforma.com\/?p=19148#article\",\"isPartOf\":{\"@id\":\"https:\/\/sanluisinforma.com\/?p=19148\"},\"author\":{\"name\":\"sanluisinforma.com\",\"@id\":\"https:\/\/sanluisinforma.com\/#\/schema\/person\/c30648f71476be533b6f59d092905c8b\"},\"headline\":\"Refuerza Protecci\u00f3n Civil Municipal medidas de seguridad en centro comercial de la capital potosina\",\"datePublished\":\"2026-04-28T06:45:00+00:00\",\"dateModified\":\"2026-04-28T05:58:13+00:00\",\"mainEntityOfPage\":{\"@id\":\"https:\/\/sanluisinforma.com\/?p=19148\"},\"wordCount\":254,\"publisher\":{\"@id\":\"https:\/\/sanluisinforma.com\/#organization\"},\"image\":{\"@id\":\"https:\/\/sanluisinforma.com\/?p=19148#primaryimage\"},\"thumbnailUrl\":\"https:\/\/sanluisinforma.com\/wp-content\/uploads\/2026\/04\/desca-1-1.jpg\",\"articleSection\":[\"Local\",\"Portada\"],\"inLanguage\":\"es\"},{\"@type\":\"WebPage\",\"@id\":\"https:\/\/sanluisinforma.com\/?p=19148\",\"url\":\"https:\/\/sanluisinforma.com\/?p=19148\",\"name\":\"Refuerza Protecci\u00f3n Civil Municipal medidas de seguridad en centro comercial de la capital potosina - sanluisinforma.com\",\"isPartOf\":{\"@id\":\"https:\/\/sanluisinforma.com\/#website\"},\"primaryImageOfPage\":{\"@id\":\"https:\/\/sanluisinforma.com\/?p=19148#primaryimage\"},\"image\":{\"@id\":\"https:\/\/sanluisinforma.com\/?p=19148#primaryimage\"},\"thumbnailUrl\":\"https:\/\/sanluisinforma.com\/wp-content\/uploads\/2026\/04\/desca-1-1.jpg\",\"datePublished\":\"2026-04-28T06:45:00+00:00\",\"dateModified\":\"2026-04-28T05:58:13+00:00\",\"breadcrumb\":{\"@id\":\"https:\/\/sanluisinforma.com\/?p=19148#breadcrumb\"},\"inLanguage\":\"es\",\"potentialAction\":[{\"@type\":\"ReadAction\",\"target\":[\"https:\/\/sanluisinforma.com\/?p=19148\"]}]},{\"@type\":\"ImageObject\",\"inLanguage\":\"es\",\"@id\":\"https:\/\/sanluisinforma.com\/?p=19148#primaryimage\",\"url\":\"https:\/\/sanluisinforma.com\/wp-content\/uploads\/2026\/04\/desca-1-1.jpg\",\"contentUrl\":\"https:\/\/sanluisinforma.com\/wp-content\/uploads\/2026\/04\/desca-1-1.jpg\",\"width\":300,\"height\":532},{\"@type\":\"BreadcrumbList\",\"@id\":\"https:\/\/sanluisinforma.com\/?p=19148#breadcrumb\",\"itemListElement\":[{\"@type\":\"ListItem\",\"position\":1,\"name\":\"Inicio\",\"item\":\"https:\/\/sanluisinforma.com\/\"},{\"@type\":\"ListItem\",\"position\":2,\"name\":\"Refuerza Protecci\u00f3n Civil Municipal medidas de seguridad en centro comercial de la capital potosina\"}]},{\"@type\":\"WebSite\",\"@id\":\"https:\/\/sanluisinforma.com\/#website\",\"url\":\"https:\/\/sanluisinforma.com\/\",\"name\":\"sanluisinforma.com\",\"description\":\"Periodico San Luis Informa\",\"publisher\":{\"@id\":\"https:\/\/sanluisinforma.com\/#organization\"},\"potentialAction\":[{\"@type\":\"SearchAction\",\"target\":{\"@type\":\"EntryPoint\",\"urlTemplate\":\"https:\/\/sanluisinforma.com\/?s={search_term_string}\"},\"query-input\":{\"@type\":\"PropertyValueSpecification\",\"valueRequired\":true,\"valueName\":\"search_term_string\"}}],\"inLanguage\":\"es\"},{\"@type\":\"Organization\",\"@id\":\"https:\/\/sanluisinforma.com\/#organization\",\"name\":\"sanluisinforma.com\",\"url\":\"https:\/\/sanluisinforma.com\/\",\"logo\":{\"@type\":\"ImageObject\",\"inLanguage\":\"es\",\"@id\":\"https:\/\/sanluisinforma.com\/#\/schema\/logo\/image\/\",\"url\":\"https:\/\/sanluisinforma.com\/wp-content\/uploads\/2026\/03\/sanluisinforma-V.jpg\",\"contentUrl\":\"https:\/\/sanluisinforma.com\/wp-content\/uploads\/2026\/03\/sanluisinforma-V.jpg\",\"width\":500,\"height\":156,\"caption\":\"sanluisinforma.com\"},\"image\":{\"@id\":\"https:\/\/sanluisinforma.com\/#\/schema\/logo\/image\/\"}},{\"@type\":\"Person\",\"@id\":\"https:\/\/sanluisinforma.com\/#\/schema\/person\/c30648f71476be533b6f59d092905c8b\",\"name\":\"sanluisinforma.com\",\"image\":{\"@type\":\"ImageObject\",\"inLanguage\":\"es\",\"@id\":\"https:\/\/sanluisinforma.com\/#\/schema\/person\/image\/\",\"url\":\"https:\/\/secure.gravatar.com\/avatar\/86e3114e34a1eecefb963e0a02f0093f93b092dddb2fe1517596343751081a87?s=96&d=mm&r=g\",\"contentUrl\":\"https:\/\/secure.gravatar.com\/avatar\/86e3114e34a1eecefb963e0a02f0093f93b092dddb2fe1517596343751081a87?s=96&d=mm&r=g\",\"caption\":\"sanluisinforma.com\"},\"url\":\"https:\/\/sanluisinforma.com\/?author=2\"}]}<\/script>\n<!-- \/ Yoast SEO plugin. -->","yoast_head_json":{"title":"Refuerza Protecci\u00f3n Civil Municipal medidas de seguridad en centro comercial de la capital potosina - sanluisinforma.com","robots":{"index":"index","follow":"follow","max-snippet":"max-snippet:-1","max-image-preview":"max-image-preview:large","max-video-preview":"max-video-preview:-1"},"canonical":"https:\/\/sanluisinforma.com\/?p=19148","og_locale":"es_MX","og_type":"article","og_title":"Refuerza Protecci\u00f3n Civil Municipal medidas de seguridad en centro comercial de la capital potosina - sanluisinforma.com","og_description":"La dependencia municipal implement\u00f3 acciones preventivas y suspensi\u00f3n temporal tras incidente por ca\u00edda de plafones, priorizando la seguridad de la","og_url":"https:\/\/sanluisinforma.com\/?p=19148","og_site_name":"sanluisinforma.com","article_published_time":"2026-04-28T06:45:00+00:00","article_modified_time":"2026-04-28T05:58:13+00:00","og_image":[{"width":300,"height":532,"url":"https:\/\/sanluisinforma.com\/wp-content\/uploads\/2026\/04\/desca-1-1.jpg","type":"image\/jpeg"}],"author":"sanluisinforma.com","twitter_card":"summary_large_image","twitter_misc":{"Escrito por":"sanluisinforma.com","Tiempo de lectura":"2 minutos"},"schema":{"@context":"https:\/\/schema.org","@graph":[{"@type":"Article","@id":"https:\/\/sanluisinforma.com\/?p=19148#article","isPartOf":{"@id":"https:\/\/sanluisinforma.com\/?p=19148"},"author":{"name":"sanluisinforma.com","@id":"https:\/\/sanluisinforma.com\/#\/schema\/person\/c30648f71476be533b6f59d092905c8b"},"headline":"Refuerza Protecci\u00f3n Civil Municipal medidas de seguridad en centro comercial de la capital potosina","datePublished":"2026-04-28T06:45:00+00:00","dateModified":"2026-04-28T05:58:13+00:00","mainEntityOfPage":{"@id":"https:\/\/sanluisinforma.com\/?p=19148"},"wordCount":254,"publisher":{"@id":"https:\/\/sanluisinforma.com\/#organization"},"image":{"@id":"https:\/\/sanluisinforma.com\/?p=19148#primaryimage"},"thumbnailUrl":"https:\/\/sanluisinforma.com\/wp-content\/uploads\/2026\/04\/desca-1-1.jpg","articleSection":["Local","Portada"],"inLanguage":"es"},{"@type":"WebPage","@id":"https:\/\/sanluisinforma.com\/?p=19148","url":"https:\/\/sanluisinforma.com\/?p=19148","name":"Refuerza Protecci\u00f3n Civil Municipal medidas de seguridad en centro comercial de la capital potosina - sanluisinforma.com","isPartOf":{"@id":"https:\/\/sanluisinforma.com\/#website"},"primaryImageOfPage":{"@id":"https:\/\/sanluisinforma.com\/?p=19148#primaryimage"},"image":{"@id":"https:\/\/sanluisinforma.com\/?p=19148#primaryimage"},"thumbnailUrl":"https:\/\/sanluisinforma.com\/wp-content\/uploads\/2026\/04\/desca-1-1.jpg","datePublished":"2026-04-28T06:45:00+00:00","dateModified":"2026-04-28T05:58:13+00:00","breadcrumb":{"@id":"https:\/\/sanluisinforma.com\/?p=19148#breadcrumb"},"inLanguage":"es","potentialAction":[{"@type":"ReadAction","target":["https:\/\/sanluisinforma.com\/?p=19148"]}]},{"@type":"ImageObject","inLanguage":"es","@id":"https:\/\/sanluisinforma.com\/?p=19148#primaryimage","url":"https:\/\/sanluisinforma.com\/wp-content\/uploads\/2026\/04\/desca-1-1.jpg","contentUrl":"https:\/\/sanluisinforma.com\/wp-content\/uploads\/2026\/04\/desca-1-1.jpg","width":300,"height":532},{"@type":"BreadcrumbList","@id":"https:\/\/sanluisinforma.com\/?p=19148#breadcrumb","itemListElement":[{"@type":"ListItem","position":1,"name":"Inicio","item":"https:\/\/sanluisinforma.com\/"},{"@type":"ListItem","position":2,"name":"Refuerza Protecci\u00f3n Civil Municipal medidas de seguridad en centro comercial de la capital potosina"}]},{"@type":"WebSite","@id":"https:\/\/sanluisinforma.com\/#website","url":"https:\/\/sanluisinforma.com\/","name":"sanluisinforma.com","description":"Periodico San Luis Informa","publisher":{"@id":"https:\/\/sanluisinforma.com\/#organization"},"potentialAction":[{"@type":"SearchAction","target":{"@type":"EntryPoint","urlTemplate":"https:\/\/sanluisinforma.com\/?s={search_term_string}"},"query-input":{"@type":"PropertyValueSpecification","valueRequired":true,"valueName":"search_term_string"}}],"inLanguage":"es"},{"@type":"Organization","@id":"https:\/\/sanluisinforma.com\/#organization","name":"sanluisinforma.com","url":"https:\/\/sanluisinforma.com\/","logo":{"@type":"ImageObject","inLanguage":"es","@id":"https:\/\/sanluisinforma.com\/#\/schema\/logo\/image\/","url":"https:\/\/sanluisinforma.com\/wp-content\/uploads\/2026\/03\/sanluisinforma-V.jpg","contentUrl":"https:\/\/sanluisinforma.com\/wp-content\/uploads\/2026\/03\/sanluisinforma-V.jpg","width":500,"height":156,"caption":"sanluisinforma.com"},"image":{"@id":"https:\/\/sanluisinforma.com\/#\/schema\/logo\/image\/"}},{"@type":"Person","@id":"https:\/\/sanluisinforma.com\/#\/schema\/person\/c30648f71476be533b6f59d092905c8b","name":"sanluisinforma.com","image":{"@type":"ImageObject","inLanguage":"es","@id":"https:\/\/sanluisinforma.com\/#\/schema\/person\/image\/","url":"https:\/\/secure.gravatar.com\/avatar\/86e3114e34a1eecefb963e0a02f0093f93b092dddb2fe1517596343751081a87?s=96&d=mm&r=g","contentUrl":"https:\/\/secure.gravatar.com\/avatar\/86e3114e34a1eecefb963e0a02f0093f93b092dddb2fe1517596343751081a87?s=96&d=mm&r=g","caption":"sanluisinforma.com"},"url":"https:\/\/sanluisinforma.com\/?author=2"}]}},"_links":{"self":[{"href":"https:\/\/sanluisinforma.com\/index.php?rest_route=\/wp\/v2\/posts\/19148","targetHints":{"allow":["GET"]}}],"collection":[{"href":"https:\/\/sanluisinforma.com\/index.php?rest_route=\/wp\/v2\/posts"}],"about":[{"href":"https:\/\/sanluisinforma.com\/index.php?rest_route=\/wp\/v2\/types\/post"}],"author":[{"embeddable":true,"href":"https:\/\/sanluisinforma.com\/index.php?rest_route=\/wp\/v2\/users\/2"}],"replies":[{"embeddable":true,"href":"https:\/\/sanluisinforma.com\/index.php?rest_route=%2Fwp%2Fv2%2Fcomments&post=19148"}],"version-history":[{"count":1,"href":"https:\/\/sanluisinforma.com\/index.php?rest_route=\/wp\/v2\/posts\/19148\/revisions"}],"predecessor-version":[{"id":19150,"href":"https:\/\/sanluisinforma.com\/index.php?rest_route=\/wp\/v2\/posts\/19148\/revisions\/19150"}],"wp:featuredmedia":[{"embeddable":true,"href":"https:\/\/sanluisinforma.com\/index.php?rest_route=\/wp\/v2\/media\/19149"}],"wp:attachment":[{"href":"https:\/\/sanluisinforma.com\/index.php?rest_route=%2Fwp%2Fv2%2Fmedia&parent=19148"}],"wp:term":[{"taxonomy":"category","embeddable":true,"href":"https:\/\/sanluisinforma.com\/index.php?rest_route=%2Fwp%2Fv2%2Fcategories&post=19148"},{"taxonomy":"post_tag","embeddable":true,"href":"https:\/\/sanluisinforma.com\/index.php?rest_route=%2Fwp%2Fv2%2Ftags&post=19148"}],"curies":[{"name":"wp","href":"https:\/\/api.w.org\/{rel}","templated":true}]}}