{"id":19154,"date":"2026-04-28T00:55:00","date_gmt":"2026-04-28T06:55:00","guid":{"rendered":"https:\/\/sanluisinforma.com\/?p=19154"},"modified":"2026-04-27T23:56:35","modified_gmt":"2026-04-28T05:56:35","slug":"ricardo-gallardo-arranca-celebraciones-del-dia-de-la-ninez-en-villa-de-reyes","status":"publish","type":"post","link":"https:\/\/sanluisinforma.com\/?p=19154","title":{"rendered":"Ricardo Gallardo arranca celebraciones del d\u00eda de la ni\u00f1ez en Villa de Reyes"},"content":{"rendered":"\n<p> Entre un ambiente repleto de risas y alegr\u00eda, el Gobernador del Estado entreg\u00f3 bicicletas, balones y juguetes a ni\u00f1os y ni\u00f1as de diferentes comunidades del municipio. Ricardo Gallardo Cardona, Gobernador de San Luis Potos\u00ed, comenz\u00f3 los festejos del D\u00eda de la Ni\u00f1ez en Villa de Reyes, en donde entreg\u00f3 a ni\u00f1as y ni\u00f1os, de diversas comunidades del municipio, bicicletas, patinetas, scooters, balones y toda clase de juguetes, brind\u00e1ndoles un momento lleno de alegr\u00eda, risas y festejo.<\/p>\n\n\n\n<p> En el cambio que se vive y se siente, entre muestras emotivas de las familias reunidas en la plaza principal, el Gobernador Ricardo Gallardo asegur\u00f3 que su administraci\u00f3n prioriza el bienestar de las ni\u00f1as y ni\u00f1os con acciones que fortalecen su desarrollo integral, su acceso a la educaci\u00f3n, la salud y con espacios dignos para su recreaci\u00f3n.<\/p>\n\n\n\n<p> Durante el evento, previo a partir el pastel con las ni\u00f1as y ni\u00f1os asistentes al evento, el Gobernador del Estado destac\u00f3 que ellos y ellas son el presente y futuro de Villa de Reyes, por lo que seguir\u00e1 impulsando la educaci\u00f3n en el municipio con la construcci\u00f3n de una nueva preparatoria, proyecto que iniciar\u00e1 en los pr\u00f3ximos d\u00edas, adem\u00e1s de rehabilitar y equipar m\u00e1s planteles, del nivel b\u00e1sico, ubicadas en las comunidades. Es as\u00ed como ni\u00f1as y ni\u00f1os disfrutaron de actividades interactivas, din\u00e1micas y sorpresas organizadas especialmente para celebrar su d\u00eda, en un ambiente familiar que reafirma el compromiso de Ricardo Gallardo Cardona de mantener cercan\u00eda con la gente y atender de manera directa sus necesidades. <\/p>\n\n\n\n<p>Finalmente, el Gobernador Ricardo Gallardo reiter\u00f3 que estas celebraciones continuar\u00e1n en diferentes municipios de las cuatro regiones de San Luis Potos\u00ed, llevando alegr\u00eda y apoyos a miles de ni\u00f1as y ni\u00f1os, a la vez que les garantiza un Estado con m\u00e1s oportunidades y una mejor calidad de vida.<\/p>\n\n\n\n<p>ResponderReenviar<\/p>\n\n\n\n<p>A\u00f1adir reacci\u00f3n<\/p>\n","protected":false},"excerpt":{"rendered":"<p>Entre un ambiente repleto de risas y alegr\u00eda, el Gobernador del Estado entreg\u00f3 bicicletas, balones y juguetes a ni\u00f1os y<\/p>\n","protected":false},"author":2,"featured_media":19155,"comment_status":"closed","ping_status":"closed","sticky":false,"template":"","format":"standard","meta":{"footnotes":""},"categories":[25,30],"tags":[],"class_list":["post-19154","post","type-post","status-publish","format-standard","has-post-thumbnail","hentry","category-local","category-portada"],"yoast_head":"<!-- This site is optimized with the Yoast SEO plugin v24.1 - https:\/\/yoast.com\/wordpress\/plugins\/seo\/ -->\n<title>Ricardo Gallardo arranca celebraciones del d\u00eda de la ni\u00f1ez en Villa de Reyes - sanluisinforma.com<\/title>\n<meta name=\"robots\" content=\"index, follow, max-snippet:-1, max-image-preview:large, max-video-preview:-1\" \/>\n<link rel=\"canonical\" href=\"https:\/\/sanluisinforma.com\/?p=19154\" \/>\n<meta property=\"og:locale\" content=\"es_MX\" \/>\n<meta property=\"og:type\" content=\"article\" \/>\n<meta property=\"og:title\" content=\"Ricardo Gallardo arranca celebraciones del d\u00eda de la ni\u00f1ez en Villa de Reyes - sanluisinforma.com\" \/>\n<meta property=\"og:description\" content=\"Entre un ambiente repleto de risas y alegr\u00eda, el Gobernador del Estado entreg\u00f3 bicicletas, balones y juguetes a ni\u00f1os y\" \/>\n<meta property=\"og:url\" content=\"https:\/\/sanluisinforma.com\/?p=19154\" \/>\n<meta property=\"og:site_name\" content=\"sanluisinforma.com\" \/>\n<meta property=\"article:published_time\" content=\"2026-04-28T06:55:00+00:00\" \/>\n<meta property=\"article:modified_time\" content=\"2026-04-28T05:56:35+00:00\" \/>\n<meta property=\"og:image\" content=\"https:\/\/sanluisinforma.com\/wp-content\/uploads\/2026\/04\/ft.jpg\" \/>\n\t<meta property=\"og:image:width\" content=\"300\" \/>\n\t<meta property=\"og:image:height\" content=\"199\" \/>\n\t<meta property=\"og:image:type\" content=\"image\/jpeg\" \/>\n<meta name=\"author\" content=\"sanluisinforma.com\" \/>\n<meta name=\"twitter:card\" content=\"summary_large_image\" \/>\n<meta name=\"twitter:label1\" content=\"Escrito por\" \/>\n\t<meta name=\"twitter:data1\" content=\"sanluisinforma.com\" \/>\n\t<meta name=\"twitter:label2\" content=\"Tiempo de lectura\" \/>\n\t<meta name=\"twitter:data2\" content=\"2 minutos\" \/>\n<script type=\"application\/ld+json\" class=\"yoast-schema-graph\">{\"@context\":\"https:\/\/schema.org\",\"@graph\":[{\"@type\":\"Article\",\"@id\":\"https:\/\/sanluisinforma.com\/?p=19154#article\",\"isPartOf\":{\"@id\":\"https:\/\/sanluisinforma.com\/?p=19154\"},\"author\":{\"name\":\"sanluisinforma.com\",\"@id\":\"https:\/\/sanluisinforma.com\/#\/schema\/person\/c30648f71476be533b6f59d092905c8b\"},\"headline\":\"Ricardo Gallardo arranca celebraciones del d\u00eda de la ni\u00f1ez en Villa de Reyes\",\"datePublished\":\"2026-04-28T06:55:00+00:00\",\"dateModified\":\"2026-04-28T05:56:35+00:00\",\"mainEntityOfPage\":{\"@id\":\"https:\/\/sanluisinforma.com\/?p=19154\"},\"wordCount\":350,\"publisher\":{\"@id\":\"https:\/\/sanluisinforma.com\/#organization\"},\"image\":{\"@id\":\"https:\/\/sanluisinforma.com\/?p=19154#primaryimage\"},\"thumbnailUrl\":\"https:\/\/sanluisinforma.com\/wp-content\/uploads\/2026\/04\/ft.jpg\",\"articleSection\":[\"Local\",\"Portada\"],\"inLanguage\":\"es\"},{\"@type\":\"WebPage\",\"@id\":\"https:\/\/sanluisinforma.com\/?p=19154\",\"url\":\"https:\/\/sanluisinforma.com\/?p=19154\",\"name\":\"Ricardo Gallardo arranca celebraciones del d\u00eda de la ni\u00f1ez en Villa de Reyes - sanluisinforma.com\",\"isPartOf\":{\"@id\":\"https:\/\/sanluisinforma.com\/#website\"},\"primaryImageOfPage\":{\"@id\":\"https:\/\/sanluisinforma.com\/?p=19154#primaryimage\"},\"image\":{\"@id\":\"https:\/\/sanluisinforma.com\/?p=19154#primaryimage\"},\"thumbnailUrl\":\"https:\/\/sanluisinforma.com\/wp-content\/uploads\/2026\/04\/ft.jpg\",\"datePublished\":\"2026-04-28T06:55:00+00:00\",\"dateModified\":\"2026-04-28T05:56:35+00:00\",\"breadcrumb\":{\"@id\":\"https:\/\/sanluisinforma.com\/?p=19154#breadcrumb\"},\"inLanguage\":\"es\",\"potentialAction\":[{\"@type\":\"ReadAction\",\"target\":[\"https:\/\/sanluisinforma.com\/?p=19154\"]}]},{\"@type\":\"ImageObject\",\"inLanguage\":\"es\",\"@id\":\"https:\/\/sanluisinforma.com\/?p=19154#primaryimage\",\"url\":\"https:\/\/sanluisinforma.com\/wp-content\/uploads\/2026\/04\/ft.jpg\",\"contentUrl\":\"https:\/\/sanluisinforma.com\/wp-content\/uploads\/2026\/04\/ft.jpg\",\"width\":300,\"height\":199},{\"@type\":\"BreadcrumbList\",\"@id\":\"https:\/\/sanluisinforma.com\/?p=19154#breadcrumb\",\"itemListElement\":[{\"@type\":\"ListItem\",\"position\":1,\"name\":\"Inicio\",\"item\":\"https:\/\/sanluisinforma.com\/\"},{\"@type\":\"ListItem\",\"position\":2,\"name\":\"Ricardo Gallardo arranca celebraciones del d\u00eda de la ni\u00f1ez en Villa de Reyes\"}]},{\"@type\":\"WebSite\",\"@id\":\"https:\/\/sanluisinforma.com\/#website\",\"url\":\"https:\/\/sanluisinforma.com\/\",\"name\":\"sanluisinforma.com\",\"description\":\"Periodico San Luis Informa\",\"publisher\":{\"@id\":\"https:\/\/sanluisinforma.com\/#organization\"},\"potentialAction\":[{\"@type\":\"SearchAction\",\"target\":{\"@type\":\"EntryPoint\",\"urlTemplate\":\"https:\/\/sanluisinforma.com\/?s={search_term_string}\"},\"query-input\":{\"@type\":\"PropertyValueSpecification\",\"valueRequired\":true,\"valueName\":\"search_term_string\"}}],\"inLanguage\":\"es\"},{\"@type\":\"Organization\",\"@id\":\"https:\/\/sanluisinforma.com\/#organization\",\"name\":\"sanluisinforma.com\",\"url\":\"https:\/\/sanluisinforma.com\/\",\"logo\":{\"@type\":\"ImageObject\",\"inLanguage\":\"es\",\"@id\":\"https:\/\/sanluisinforma.com\/#\/schema\/logo\/image\/\",\"url\":\"https:\/\/sanluisinforma.com\/wp-content\/uploads\/2026\/03\/sanluisinforma-V.jpg\",\"contentUrl\":\"https:\/\/sanluisinforma.com\/wp-content\/uploads\/2026\/03\/sanluisinforma-V.jpg\",\"width\":500,\"height\":156,\"caption\":\"sanluisinforma.com\"},\"image\":{\"@id\":\"https:\/\/sanluisinforma.com\/#\/schema\/logo\/image\/\"}},{\"@type\":\"Person\",\"@id\":\"https:\/\/sanluisinforma.com\/#\/schema\/person\/c30648f71476be533b6f59d092905c8b\",\"name\":\"sanluisinforma.com\",\"image\":{\"@type\":\"ImageObject\",\"inLanguage\":\"es\",\"@id\":\"https:\/\/sanluisinforma.com\/#\/schema\/person\/image\/\",\"url\":\"https:\/\/secure.gravatar.com\/avatar\/86e3114e34a1eecefb963e0a02f0093f93b092dddb2fe1517596343751081a87?s=96&d=mm&r=g\",\"contentUrl\":\"https:\/\/secure.gravatar.com\/avatar\/86e3114e34a1eecefb963e0a02f0093f93b092dddb2fe1517596343751081a87?s=96&d=mm&r=g\",\"caption\":\"sanluisinforma.com\"},\"url\":\"https:\/\/sanluisinforma.com\/?author=2\"}]}<\/script>\n<!-- \/ Yoast SEO plugin. -->","yoast_head_json":{"title":"Ricardo Gallardo arranca celebraciones del d\u00eda de la ni\u00f1ez en Villa de Reyes - sanluisinforma.com","robots":{"index":"index","follow":"follow","max-snippet":"max-snippet:-1","max-image-preview":"max-image-preview:large","max-video-preview":"max-video-preview:-1"},"canonical":"https:\/\/sanluisinforma.com\/?p=19154","og_locale":"es_MX","og_type":"article","og_title":"Ricardo Gallardo arranca celebraciones del d\u00eda de la ni\u00f1ez en Villa de Reyes - sanluisinforma.com","og_description":"Entre un ambiente repleto de risas y alegr\u00eda, el Gobernador del Estado entreg\u00f3 bicicletas, balones y juguetes a ni\u00f1os y","og_url":"https:\/\/sanluisinforma.com\/?p=19154","og_site_name":"sanluisinforma.com","article_published_time":"2026-04-28T06:55:00+00:00","article_modified_time":"2026-04-28T05:56:35+00:00","og_image":[{"width":300,"height":199,"url":"https:\/\/sanluisinforma.com\/wp-content\/uploads\/2026\/04\/ft.jpg","type":"image\/jpeg"}],"author":"sanluisinforma.com","twitter_card":"summary_large_image","twitter_misc":{"Escrito por":"sanluisinforma.com","Tiempo de lectura":"2 minutos"},"schema":{"@context":"https:\/\/schema.org","@graph":[{"@type":"Article","@id":"https:\/\/sanluisinforma.com\/?p=19154#article","isPartOf":{"@id":"https:\/\/sanluisinforma.com\/?p=19154"},"author":{"name":"sanluisinforma.com","@id":"https:\/\/sanluisinforma.com\/#\/schema\/person\/c30648f71476be533b6f59d092905c8b"},"headline":"Ricardo Gallardo arranca celebraciones del d\u00eda de la ni\u00f1ez en Villa de Reyes","datePublished":"2026-04-28T06:55:00+00:00","dateModified":"2026-04-28T05:56:35+00:00","mainEntityOfPage":{"@id":"https:\/\/sanluisinforma.com\/?p=19154"},"wordCount":350,"publisher":{"@id":"https:\/\/sanluisinforma.com\/#organization"},"image":{"@id":"https:\/\/sanluisinforma.com\/?p=19154#primaryimage"},"thumbnailUrl":"https:\/\/sanluisinforma.com\/wp-content\/uploads\/2026\/04\/ft.jpg","articleSection":["Local","Portada"],"inLanguage":"es"},{"@type":"WebPage","@id":"https:\/\/sanluisinforma.com\/?p=19154","url":"https:\/\/sanluisinforma.com\/?p=19154","name":"Ricardo Gallardo arranca celebraciones del d\u00eda de la ni\u00f1ez en Villa de Reyes - sanluisinforma.com","isPartOf":{"@id":"https:\/\/sanluisinforma.com\/#website"},"primaryImageOfPage":{"@id":"https:\/\/sanluisinforma.com\/?p=19154#primaryimage"},"image":{"@id":"https:\/\/sanluisinforma.com\/?p=19154#primaryimage"},"thumbnailUrl":"https:\/\/sanluisinforma.com\/wp-content\/uploads\/2026\/04\/ft.jpg","datePublished":"2026-04-28T06:55:00+00:00","dateModified":"2026-04-28T05:56:35+00:00","breadcrumb":{"@id":"https:\/\/sanluisinforma.com\/?p=19154#breadcrumb"},"inLanguage":"es","potentialAction":[{"@type":"ReadAction","target":["https:\/\/sanluisinforma.com\/?p=19154"]}]},{"@type":"ImageObject","inLanguage":"es","@id":"https:\/\/sanluisinforma.com\/?p=19154#primaryimage","url":"https:\/\/sanluisinforma.com\/wp-content\/uploads\/2026\/04\/ft.jpg","contentUrl":"https:\/\/sanluisinforma.com\/wp-content\/uploads\/2026\/04\/ft.jpg","width":300,"height":199},{"@type":"BreadcrumbList","@id":"https:\/\/sanluisinforma.com\/?p=19154#breadcrumb","itemListElement":[{"@type":"ListItem","position":1,"name":"Inicio","item":"https:\/\/sanluisinforma.com\/"},{"@type":"ListItem","position":2,"name":"Ricardo Gallardo arranca celebraciones del d\u00eda de la ni\u00f1ez en Villa de Reyes"}]},{"@type":"WebSite","@id":"https:\/\/sanluisinforma.com\/#website","url":"https:\/\/sanluisinforma.com\/","name":"sanluisinforma.com","description":"Periodico San Luis Informa","publisher":{"@id":"https:\/\/sanluisinforma.com\/#organization"},"potentialAction":[{"@type":"SearchAction","target":{"@type":"EntryPoint","urlTemplate":"https:\/\/sanluisinforma.com\/?s={search_term_string}"},"query-input":{"@type":"PropertyValueSpecification","valueRequired":true,"valueName":"search_term_string"}}],"inLanguage":"es"},{"@type":"Organization","@id":"https:\/\/sanluisinforma.com\/#organization","name":"sanluisinforma.com","url":"https:\/\/sanluisinforma.com\/","logo":{"@type":"ImageObject","inLanguage":"es","@id":"https:\/\/sanluisinforma.com\/#\/schema\/logo\/image\/","url":"https:\/\/sanluisinforma.com\/wp-content\/uploads\/2026\/03\/sanluisinforma-V.jpg","contentUrl":"https:\/\/sanluisinforma.com\/wp-content\/uploads\/2026\/03\/sanluisinforma-V.jpg","width":500,"height":156,"caption":"sanluisinforma.com"},"image":{"@id":"https:\/\/sanluisinforma.com\/#\/schema\/logo\/image\/"}},{"@type":"Person","@id":"https:\/\/sanluisinforma.com\/#\/schema\/person\/c30648f71476be533b6f59d092905c8b","name":"sanluisinforma.com","image":{"@type":"ImageObject","inLanguage":"es","@id":"https:\/\/sanluisinforma.com\/#\/schema\/person\/image\/","url":"https:\/\/secure.gravatar.com\/avatar\/86e3114e34a1eecefb963e0a02f0093f93b092dddb2fe1517596343751081a87?s=96&d=mm&r=g","contentUrl":"https:\/\/secure.gravatar.com\/avatar\/86e3114e34a1eecefb963e0a02f0093f93b092dddb2fe1517596343751081a87?s=96&d=mm&r=g","caption":"sanluisinforma.com"},"url":"https:\/\/sanluisinforma.com\/?author=2"}]}},"_links":{"self":[{"href":"https:\/\/sanluisinforma.com\/index.php?rest_route=\/wp\/v2\/posts\/19154","targetHints":{"allow":["GET"]}}],"collection":[{"href":"https:\/\/sanluisinforma.com\/index.php?rest_route=\/wp\/v2\/posts"}],"about":[{"href":"https:\/\/sanluisinforma.com\/index.php?rest_route=\/wp\/v2\/types\/post"}],"author":[{"embeddable":true,"href":"https:\/\/sanluisinforma.com\/index.php?rest_route=\/wp\/v2\/users\/2"}],"replies":[{"embeddable":true,"href":"https:\/\/sanluisinforma.com\/index.php?rest_route=%2Fwp%2Fv2%2Fcomments&post=19154"}],"version-history":[{"count":1,"href":"https:\/\/sanluisinforma.com\/index.php?rest_route=\/wp\/v2\/posts\/19154\/revisions"}],"predecessor-version":[{"id":19156,"href":"https:\/\/sanluisinforma.com\/index.php?rest_route=\/wp\/v2\/posts\/19154\/revisions\/19156"}],"wp:featuredmedia":[{"embeddable":true,"href":"https:\/\/sanluisinforma.com\/index.php?rest_route=\/wp\/v2\/media\/19155"}],"wp:attachment":[{"href":"https:\/\/sanluisinforma.com\/index.php?rest_route=%2Fwp%2Fv2%2Fmedia&parent=19154"}],"wp:term":[{"taxonomy":"category","embeddable":true,"href":"https:\/\/sanluisinforma.com\/index.php?rest_route=%2Fwp%2Fv2%2Fcategories&post=19154"},{"taxonomy":"post_tag","embeddable":true,"href":"https:\/\/sanluisinforma.com\/index.php?rest_route=%2Fwp%2Fv2%2Ftags&post=19154"}],"curies":[{"name":"wp","href":"https:\/\/api.w.org\/{rel}","templated":true}]}}