{"id":19171,"date":"2026-04-29T00:45:00","date_gmt":"2026-04-29T06:45:00","guid":{"rendered":"https:\/\/sanluisinforma.com\/?p=19171"},"modified":"2026-04-28T23:18:46","modified_gmt":"2026-04-29T05:18:46","slug":"invitan-a-poblacion-potosina-a-conformar-el-reglamento-del-sistema-municipal-de-cuidados","status":"publish","type":"post","link":"https:\/\/sanluisinforma.com\/?p=19171","title":{"rendered":"Invitan a poblaci\u00f3n potosina a conformar el Reglamento del Sistema Municipal de Cuidados"},"content":{"rendered":"\n<p><\/p>\n\n\n\n<p>La consulta est\u00e1 dirigida a personas con discapacidad, para quienes cuidan pacientes, y si forman parte de una organizaci\u00f3n relacionada con cuidados<\/p>\n\n\n\n<ul class=\"wp-block-list\">\n<li>Para conocer la convocatoria completa y sus requisitos, se puede acceder al siguiente enlace: <a href=\"https:\/\/sitio.sanluis.gob.mx\/ConsultaCuidados\/\">https:\/\/sitio.sanluis.gob.mx\/ConsultaCuidados\/<\/a><\/li>\n<\/ul>\n\n\n\n<p>Para seguir con la construcci\u00f3n de un San Luis m\u00e1s humano e inclusivo, el Gobierno de la Capital invita a la poblaci\u00f3n a formar parte de la iniciativa para elaborar el Reglamento del Sistema Municipal de Cuidados.<\/p>\n\n\n\n<p>La consulta est\u00e1 dirigida principalmente a personas con alguna discapacidad, as\u00ed como para quienes se dedican al cuidado de pacientes, pero igualmente pueden involucrarse si forman parte de una organizaci\u00f3n relacionada con cuidados para personas enfermas.<\/p>\n\n\n\n<p>La participaci\u00f3n puede ser en l\u00ednea o de manera presencial, en donde lo que m\u00e1s interesa es que compartan sus experiencias, as\u00ed como sus vivencias y todo lo que ayude a la conformaci\u00f3n de la normatividad antes citada.<\/p>\n\n\n\n<p>La consulta qued\u00f3 abierta desde el pasado 24 de abril y cerrar\u00e1 hasta el 23 de junio, no obstante, para conocer la convocatoria completa, as\u00ed como sus requisitos, se puede acceder al siguiente enlace: <a href=\"https:\/\/sitio.sanluis.gob.mx\/ConsultaCuidados\/\">https:\/\/sitio.sanluis.gob.mx\/ConsultaCuidados\/<\/a>. Asimismo, el Gobierno de la Capital dio a conocer que en mayo se realizar\u00e1n reuniones informativas y foros de di\u00e1logo, para luego dar paso en junio a un encuentro de conclusiones, para finalizar con la integraci\u00f3n de resultados.<\/p>\n\n\n\n<p>Para mayores informes respecto sobre esta consulta, dirigirse a la Secretar\u00eda T\u00e9cnica del Ayuntamiento, en bulevar Salvador Nava Mart\u00ednez 1580, colonia Santuario, tel\u00e9fono 4448-345400 extensi\u00f3n 3000, de lunes a viernes en un horario de 08:00 a 15:00 horas; y a la Coordinaci\u00f3n de Inclusi\u00f3n para Personas con Discapacidad del Sistema Municipal DIF, ubicada en Xicot\u00e9ncatl 1650, en el mismo horario y d\u00edas, o en el tel\u00e9fono 4448-345400, ext. 117.<\/p>\n","protected":false},"excerpt":{"rendered":"<p>La consulta est\u00e1 dirigida a personas con discapacidad, para quienes cuidan pacientes, y si forman parte de una organizaci\u00f3n relacionada<\/p>\n","protected":false},"author":2,"featured_media":19172,"comment_status":"closed","ping_status":"closed","sticky":false,"template":"","format":"standard","meta":{"footnotes":""},"categories":[25,30],"tags":[],"class_list":["post-19171","post","type-post","status-publish","format-standard","has-post-thumbnail","hentry","category-local","category-portada"],"yoast_head":"<!-- This site is optimized with the Yoast SEO plugin v24.1 - https:\/\/yoast.com\/wordpress\/plugins\/seo\/ -->\n<title>Invitan a poblaci\u00f3n potosina a conformar el Reglamento del Sistema Municipal de Cuidados - sanluisinforma.com<\/title>\n<meta name=\"robots\" content=\"index, follow, max-snippet:-1, max-image-preview:large, max-video-preview:-1\" \/>\n<link rel=\"canonical\" href=\"https:\/\/sanluisinforma.com\/?p=19171\" \/>\n<meta property=\"og:locale\" content=\"es_MX\" \/>\n<meta property=\"og:type\" content=\"article\" \/>\n<meta property=\"og:title\" content=\"Invitan a poblaci\u00f3n potosina a conformar el Reglamento del Sistema Municipal de Cuidados - sanluisinforma.com\" \/>\n<meta property=\"og:description\" content=\"La consulta est\u00e1 dirigida a personas con discapacidad, para quienes cuidan pacientes, y si forman parte de una organizaci\u00f3n relacionada\" \/>\n<meta property=\"og:url\" content=\"https:\/\/sanluisinforma.com\/?p=19171\" \/>\n<meta property=\"og:site_name\" content=\"sanluisinforma.com\" \/>\n<meta property=\"article:published_time\" content=\"2026-04-29T06:45:00+00:00\" \/>\n<meta property=\"article:modified_time\" content=\"2026-04-29T05:18:46+00:00\" \/>\n<meta property=\"og:image\" content=\"https:\/\/sanluisinforma.com\/wp-content\/uploads\/2026\/04\/m1.jpg\" \/>\n\t<meta property=\"og:image:width\" content=\"300\" \/>\n\t<meta property=\"og:image:height\" content=\"400\" \/>\n\t<meta property=\"og:image:type\" content=\"image\/jpeg\" \/>\n<meta name=\"author\" content=\"sanluisinforma.com\" \/>\n<meta name=\"twitter:card\" content=\"summary_large_image\" \/>\n<meta name=\"twitter:label1\" content=\"Escrito por\" \/>\n\t<meta name=\"twitter:data1\" content=\"sanluisinforma.com\" \/>\n\t<meta name=\"twitter:label2\" content=\"Tiempo de lectura\" \/>\n\t<meta name=\"twitter:data2\" content=\"2 minutos\" \/>\n<script type=\"application\/ld+json\" class=\"yoast-schema-graph\">{\"@context\":\"https:\/\/schema.org\",\"@graph\":[{\"@type\":\"Article\",\"@id\":\"https:\/\/sanluisinforma.com\/?p=19171#article\",\"isPartOf\":{\"@id\":\"https:\/\/sanluisinforma.com\/?p=19171\"},\"author\":{\"name\":\"sanluisinforma.com\",\"@id\":\"https:\/\/sanluisinforma.com\/#\/schema\/person\/c30648f71476be533b6f59d092905c8b\"},\"headline\":\"Invitan a poblaci\u00f3n potosina a conformar el Reglamento del Sistema Municipal de Cuidados\",\"datePublished\":\"2026-04-29T06:45:00+00:00\",\"dateModified\":\"2026-04-29T05:18:46+00:00\",\"mainEntityOfPage\":{\"@id\":\"https:\/\/sanluisinforma.com\/?p=19171\"},\"wordCount\":328,\"publisher\":{\"@id\":\"https:\/\/sanluisinforma.com\/#organization\"},\"image\":{\"@id\":\"https:\/\/sanluisinforma.com\/?p=19171#primaryimage\"},\"thumbnailUrl\":\"https:\/\/sanluisinforma.com\/wp-content\/uploads\/2026\/04\/m1.jpg\",\"articleSection\":[\"Local\",\"Portada\"],\"inLanguage\":\"es\"},{\"@type\":\"WebPage\",\"@id\":\"https:\/\/sanluisinforma.com\/?p=19171\",\"url\":\"https:\/\/sanluisinforma.com\/?p=19171\",\"name\":\"Invitan a poblaci\u00f3n potosina a conformar el Reglamento del Sistema Municipal de Cuidados - sanluisinforma.com\",\"isPartOf\":{\"@id\":\"https:\/\/sanluisinforma.com\/#website\"},\"primaryImageOfPage\":{\"@id\":\"https:\/\/sanluisinforma.com\/?p=19171#primaryimage\"},\"image\":{\"@id\":\"https:\/\/sanluisinforma.com\/?p=19171#primaryimage\"},\"thumbnailUrl\":\"https:\/\/sanluisinforma.com\/wp-content\/uploads\/2026\/04\/m1.jpg\",\"datePublished\":\"2026-04-29T06:45:00+00:00\",\"dateModified\":\"2026-04-29T05:18:46+00:00\",\"breadcrumb\":{\"@id\":\"https:\/\/sanluisinforma.com\/?p=19171#breadcrumb\"},\"inLanguage\":\"es\",\"potentialAction\":[{\"@type\":\"ReadAction\",\"target\":[\"https:\/\/sanluisinforma.com\/?p=19171\"]}]},{\"@type\":\"ImageObject\",\"inLanguage\":\"es\",\"@id\":\"https:\/\/sanluisinforma.com\/?p=19171#primaryimage\",\"url\":\"https:\/\/sanluisinforma.com\/wp-content\/uploads\/2026\/04\/m1.jpg\",\"contentUrl\":\"https:\/\/sanluisinforma.com\/wp-content\/uploads\/2026\/04\/m1.jpg\",\"width\":300,\"height\":400},{\"@type\":\"BreadcrumbList\",\"@id\":\"https:\/\/sanluisinforma.com\/?p=19171#breadcrumb\",\"itemListElement\":[{\"@type\":\"ListItem\",\"position\":1,\"name\":\"Inicio\",\"item\":\"https:\/\/sanluisinforma.com\/\"},{\"@type\":\"ListItem\",\"position\":2,\"name\":\"Invitan a poblaci\u00f3n potosina a conformar el Reglamento del Sistema Municipal de Cuidados\"}]},{\"@type\":\"WebSite\",\"@id\":\"https:\/\/sanluisinforma.com\/#website\",\"url\":\"https:\/\/sanluisinforma.com\/\",\"name\":\"sanluisinforma.com\",\"description\":\"Periodico San Luis Informa\",\"publisher\":{\"@id\":\"https:\/\/sanluisinforma.com\/#organization\"},\"potentialAction\":[{\"@type\":\"SearchAction\",\"target\":{\"@type\":\"EntryPoint\",\"urlTemplate\":\"https:\/\/sanluisinforma.com\/?s={search_term_string}\"},\"query-input\":{\"@type\":\"PropertyValueSpecification\",\"valueRequired\":true,\"valueName\":\"search_term_string\"}}],\"inLanguage\":\"es\"},{\"@type\":\"Organization\",\"@id\":\"https:\/\/sanluisinforma.com\/#organization\",\"name\":\"sanluisinforma.com\",\"url\":\"https:\/\/sanluisinforma.com\/\",\"logo\":{\"@type\":\"ImageObject\",\"inLanguage\":\"es\",\"@id\":\"https:\/\/sanluisinforma.com\/#\/schema\/logo\/image\/\",\"url\":\"https:\/\/sanluisinforma.com\/wp-content\/uploads\/2026\/03\/sanluisinforma-V.jpg\",\"contentUrl\":\"https:\/\/sanluisinforma.com\/wp-content\/uploads\/2026\/03\/sanluisinforma-V.jpg\",\"width\":500,\"height\":156,\"caption\":\"sanluisinforma.com\"},\"image\":{\"@id\":\"https:\/\/sanluisinforma.com\/#\/schema\/logo\/image\/\"}},{\"@type\":\"Person\",\"@id\":\"https:\/\/sanluisinforma.com\/#\/schema\/person\/c30648f71476be533b6f59d092905c8b\",\"name\":\"sanluisinforma.com\",\"image\":{\"@type\":\"ImageObject\",\"inLanguage\":\"es\",\"@id\":\"https:\/\/sanluisinforma.com\/#\/schema\/person\/image\/\",\"url\":\"https:\/\/secure.gravatar.com\/avatar\/86e3114e34a1eecefb963e0a02f0093f93b092dddb2fe1517596343751081a87?s=96&d=mm&r=g\",\"contentUrl\":\"https:\/\/secure.gravatar.com\/avatar\/86e3114e34a1eecefb963e0a02f0093f93b092dddb2fe1517596343751081a87?s=96&d=mm&r=g\",\"caption\":\"sanluisinforma.com\"},\"url\":\"https:\/\/sanluisinforma.com\/?author=2\"}]}<\/script>\n<!-- \/ Yoast SEO plugin. -->","yoast_head_json":{"title":"Invitan a poblaci\u00f3n potosina a conformar el Reglamento del Sistema Municipal de Cuidados - sanluisinforma.com","robots":{"index":"index","follow":"follow","max-snippet":"max-snippet:-1","max-image-preview":"max-image-preview:large","max-video-preview":"max-video-preview:-1"},"canonical":"https:\/\/sanluisinforma.com\/?p=19171","og_locale":"es_MX","og_type":"article","og_title":"Invitan a poblaci\u00f3n potosina a conformar el Reglamento del Sistema Municipal de Cuidados - sanluisinforma.com","og_description":"La consulta est\u00e1 dirigida a personas con discapacidad, para quienes cuidan pacientes, y si forman parte de una organizaci\u00f3n relacionada","og_url":"https:\/\/sanluisinforma.com\/?p=19171","og_site_name":"sanluisinforma.com","article_published_time":"2026-04-29T06:45:00+00:00","article_modified_time":"2026-04-29T05:18:46+00:00","og_image":[{"width":300,"height":400,"url":"https:\/\/sanluisinforma.com\/wp-content\/uploads\/2026\/04\/m1.jpg","type":"image\/jpeg"}],"author":"sanluisinforma.com","twitter_card":"summary_large_image","twitter_misc":{"Escrito por":"sanluisinforma.com","Tiempo de lectura":"2 minutos"},"schema":{"@context":"https:\/\/schema.org","@graph":[{"@type":"Article","@id":"https:\/\/sanluisinforma.com\/?p=19171#article","isPartOf":{"@id":"https:\/\/sanluisinforma.com\/?p=19171"},"author":{"name":"sanluisinforma.com","@id":"https:\/\/sanluisinforma.com\/#\/schema\/person\/c30648f71476be533b6f59d092905c8b"},"headline":"Invitan a poblaci\u00f3n potosina a conformar el Reglamento del Sistema Municipal de Cuidados","datePublished":"2026-04-29T06:45:00+00:00","dateModified":"2026-04-29T05:18:46+00:00","mainEntityOfPage":{"@id":"https:\/\/sanluisinforma.com\/?p=19171"},"wordCount":328,"publisher":{"@id":"https:\/\/sanluisinforma.com\/#organization"},"image":{"@id":"https:\/\/sanluisinforma.com\/?p=19171#primaryimage"},"thumbnailUrl":"https:\/\/sanluisinforma.com\/wp-content\/uploads\/2026\/04\/m1.jpg","articleSection":["Local","Portada"],"inLanguage":"es"},{"@type":"WebPage","@id":"https:\/\/sanluisinforma.com\/?p=19171","url":"https:\/\/sanluisinforma.com\/?p=19171","name":"Invitan a poblaci\u00f3n potosina a conformar el Reglamento del Sistema Municipal de Cuidados - sanluisinforma.com","isPartOf":{"@id":"https:\/\/sanluisinforma.com\/#website"},"primaryImageOfPage":{"@id":"https:\/\/sanluisinforma.com\/?p=19171#primaryimage"},"image":{"@id":"https:\/\/sanluisinforma.com\/?p=19171#primaryimage"},"thumbnailUrl":"https:\/\/sanluisinforma.com\/wp-content\/uploads\/2026\/04\/m1.jpg","datePublished":"2026-04-29T06:45:00+00:00","dateModified":"2026-04-29T05:18:46+00:00","breadcrumb":{"@id":"https:\/\/sanluisinforma.com\/?p=19171#breadcrumb"},"inLanguage":"es","potentialAction":[{"@type":"ReadAction","target":["https:\/\/sanluisinforma.com\/?p=19171"]}]},{"@type":"ImageObject","inLanguage":"es","@id":"https:\/\/sanluisinforma.com\/?p=19171#primaryimage","url":"https:\/\/sanluisinforma.com\/wp-content\/uploads\/2026\/04\/m1.jpg","contentUrl":"https:\/\/sanluisinforma.com\/wp-content\/uploads\/2026\/04\/m1.jpg","width":300,"height":400},{"@type":"BreadcrumbList","@id":"https:\/\/sanluisinforma.com\/?p=19171#breadcrumb","itemListElement":[{"@type":"ListItem","position":1,"name":"Inicio","item":"https:\/\/sanluisinforma.com\/"},{"@type":"ListItem","position":2,"name":"Invitan a poblaci\u00f3n potosina a conformar el Reglamento del Sistema Municipal de Cuidados"}]},{"@type":"WebSite","@id":"https:\/\/sanluisinforma.com\/#website","url":"https:\/\/sanluisinforma.com\/","name":"sanluisinforma.com","description":"Periodico San Luis Informa","publisher":{"@id":"https:\/\/sanluisinforma.com\/#organization"},"potentialAction":[{"@type":"SearchAction","target":{"@type":"EntryPoint","urlTemplate":"https:\/\/sanluisinforma.com\/?s={search_term_string}"},"query-input":{"@type":"PropertyValueSpecification","valueRequired":true,"valueName":"search_term_string"}}],"inLanguage":"es"},{"@type":"Organization","@id":"https:\/\/sanluisinforma.com\/#organization","name":"sanluisinforma.com","url":"https:\/\/sanluisinforma.com\/","logo":{"@type":"ImageObject","inLanguage":"es","@id":"https:\/\/sanluisinforma.com\/#\/schema\/logo\/image\/","url":"https:\/\/sanluisinforma.com\/wp-content\/uploads\/2026\/03\/sanluisinforma-V.jpg","contentUrl":"https:\/\/sanluisinforma.com\/wp-content\/uploads\/2026\/03\/sanluisinforma-V.jpg","width":500,"height":156,"caption":"sanluisinforma.com"},"image":{"@id":"https:\/\/sanluisinforma.com\/#\/schema\/logo\/image\/"}},{"@type":"Person","@id":"https:\/\/sanluisinforma.com\/#\/schema\/person\/c30648f71476be533b6f59d092905c8b","name":"sanluisinforma.com","image":{"@type":"ImageObject","inLanguage":"es","@id":"https:\/\/sanluisinforma.com\/#\/schema\/person\/image\/","url":"https:\/\/secure.gravatar.com\/avatar\/86e3114e34a1eecefb963e0a02f0093f93b092dddb2fe1517596343751081a87?s=96&d=mm&r=g","contentUrl":"https:\/\/secure.gravatar.com\/avatar\/86e3114e34a1eecefb963e0a02f0093f93b092dddb2fe1517596343751081a87?s=96&d=mm&r=g","caption":"sanluisinforma.com"},"url":"https:\/\/sanluisinforma.com\/?author=2"}]}},"_links":{"self":[{"href":"https:\/\/sanluisinforma.com\/index.php?rest_route=\/wp\/v2\/posts\/19171","targetHints":{"allow":["GET"]}}],"collection":[{"href":"https:\/\/sanluisinforma.com\/index.php?rest_route=\/wp\/v2\/posts"}],"about":[{"href":"https:\/\/sanluisinforma.com\/index.php?rest_route=\/wp\/v2\/types\/post"}],"author":[{"embeddable":true,"href":"https:\/\/sanluisinforma.com\/index.php?rest_route=\/wp\/v2\/users\/2"}],"replies":[{"embeddable":true,"href":"https:\/\/sanluisinforma.com\/index.php?rest_route=%2Fwp%2Fv2%2Fcomments&post=19171"}],"version-history":[{"count":1,"href":"https:\/\/sanluisinforma.com\/index.php?rest_route=\/wp\/v2\/posts\/19171\/revisions"}],"predecessor-version":[{"id":19173,"href":"https:\/\/sanluisinforma.com\/index.php?rest_route=\/wp\/v2\/posts\/19171\/revisions\/19173"}],"wp:featuredmedia":[{"embeddable":true,"href":"https:\/\/sanluisinforma.com\/index.php?rest_route=\/wp\/v2\/media\/19172"}],"wp:attachment":[{"href":"https:\/\/sanluisinforma.com\/index.php?rest_route=%2Fwp%2Fv2%2Fmedia&parent=19171"}],"wp:term":[{"taxonomy":"category","embeddable":true,"href":"https:\/\/sanluisinforma.com\/index.php?rest_route=%2Fwp%2Fv2%2Fcategories&post=19171"},{"taxonomy":"post_tag","embeddable":true,"href":"https:\/\/sanluisinforma.com\/index.php?rest_route=%2Fwp%2Fv2%2Ftags&post=19171"}],"curies":[{"name":"wp","href":"https:\/\/api.w.org\/{rel}","templated":true}]}}