{"id":19174,"date":"2026-04-28T23:53:49","date_gmt":"2026-04-29T05:53:49","guid":{"rendered":"https:\/\/sanluisinforma.com\/?p=19174"},"modified":"2026-04-28T23:53:50","modified_gmt":"2026-04-29T05:53:50","slug":"lista-de-jugadores-seleccionados-rumbo-a-la-copa-mundial-fifa-2026","status":"publish","type":"post","link":"https:\/\/sanluisinforma.com\/?p=19174","title":{"rendered":"Lista de jugadores seleccionados rumbo a la #Copa Mundial FIFA 2026"},"content":{"rendered":"\n<p><\/p>\n\n\n\n<p>Javier Aguirre, entrenador nacional &nbsp;present\u00f3 este martes la lista de jugadores que iniciar\u00e1n el pr\u00f3ximo 6 de mayo la concentraci\u00f3n definitiva rumbo a la Copa Mundial de la FIFA.<\/p>\n\n\n\n<p>&nbsp;De acuerdo con el plan de trabajo que aprobaron los due\u00f1os de los 18 clubes de la Liga Mx, el plan deportivo abarca un periodo de preparaci\u00f3n de cinco semanas y media.<\/p>\n\n\n\n<p>&nbsp;Ser\u00e1n la base los &nbsp;cinco jugadores del Guadalajara ,Ra\u00fal Rangel, Luis Romo, Brian Guti\u00e9rrez, Roberto Alvarado y Armando Gonz\u00e1lez,.<\/p>\n\n\n\n<p><strong>La lista completa<\/strong><\/p>\n\n\n\n<p><strong>Porteros : <\/strong>Ra\u00fal Rangel&nbsp; del Guadalajara,&nbsp; Carlos Acevedo&nbsp; de Santos Laguna y &nbsp;\u00d3scar Garc\u00eda . juega con Le\u00f3n<\/p>\n\n\n\n<p><strong>Defensas.<\/strong>Israel Reyes (Am\u00e9rica) Jes\u00fas Gallardo (Toluca) Everardo L\u00f3pez (Toluca) Jes\u00fas G\u00f3mez (Tijuana)Luis Rey (Puebla)&nbsp; Denzell Garc\u00eda (Ju\u00e1rez)<\/p>\n\n\n\n<p><strong>Mediocampistas: <\/strong>Luis Romo (Guadalajara) Roberto Alvarado (Guadalajara) Brian Guti\u00e9rrez (Guadalajara)Erik Lira (Cruz Azul) Gilberto Mora (Tijuana) ker Fimbres (Monterrey)v Jairo Torres (Ju\u00e1rez)<\/p>\n\n\n\n<p><strong>Delanteros: &nbsp;<\/strong>Armando Gonz\u00e1lez (Guadalajara)&nbsp; Alexis Vega (Toluca, Guillermo Mart\u00ednez (Pumas) Kevin Casta\u00f1eda (Tijuana)<\/p>\n\n\n\n<p><\/p>\n","protected":false},"excerpt":{"rendered":"<p>Javier Aguirre, entrenador nacional &nbsp;present\u00f3 este martes la lista de jugadores que iniciar\u00e1n el pr\u00f3ximo 6 de mayo la concentraci\u00f3n<\/p>\n","protected":false},"author":2,"featured_media":0,"comment_status":"closed","ping_status":"closed","sticky":false,"template":"","format":"standard","meta":{"footnotes":""},"categories":[27],"tags":[],"class_list":["post-19174","post","type-post","status-publish","format-standard","hentry","category-deportes"],"yoast_head":"<!-- This site is optimized with the Yoast SEO plugin v24.1 - https:\/\/yoast.com\/wordpress\/plugins\/seo\/ -->\n<title>Lista de jugadores seleccionados rumbo a la #Copa Mundial FIFA 2026 - sanluisinforma.com<\/title>\n<meta name=\"robots\" content=\"index, follow, max-snippet:-1, max-image-preview:large, max-video-preview:-1\" \/>\n<link rel=\"canonical\" href=\"https:\/\/sanluisinforma.com\/?p=19174\" \/>\n<meta property=\"og:locale\" content=\"es_MX\" \/>\n<meta property=\"og:type\" content=\"article\" \/>\n<meta property=\"og:title\" content=\"Lista de jugadores seleccionados rumbo a la #Copa Mundial FIFA 2026 - sanluisinforma.com\" \/>\n<meta property=\"og:description\" content=\"Javier Aguirre, entrenador nacional &nbsp;present\u00f3 este martes la lista de jugadores que iniciar\u00e1n el pr\u00f3ximo 6 de mayo la concentraci\u00f3n\" \/>\n<meta property=\"og:url\" content=\"https:\/\/sanluisinforma.com\/?p=19174\" \/>\n<meta property=\"og:site_name\" content=\"sanluisinforma.com\" \/>\n<meta property=\"article:published_time\" content=\"2026-04-29T05:53:49+00:00\" \/>\n<meta property=\"article:modified_time\" content=\"2026-04-29T05:53:50+00:00\" \/>\n<meta name=\"author\" content=\"sanluisinforma.com\" \/>\n<meta name=\"twitter:card\" content=\"summary_large_image\" \/>\n<meta name=\"twitter:label1\" content=\"Escrito por\" \/>\n\t<meta name=\"twitter:data1\" content=\"sanluisinforma.com\" \/>\n\t<meta name=\"twitter:label2\" content=\"Tiempo de lectura\" \/>\n\t<meta name=\"twitter:data2\" content=\"1 minuto\" \/>\n<script type=\"application\/ld+json\" class=\"yoast-schema-graph\">{\"@context\":\"https:\/\/schema.org\",\"@graph\":[{\"@type\":\"Article\",\"@id\":\"https:\/\/sanluisinforma.com\/?p=19174#article\",\"isPartOf\":{\"@id\":\"https:\/\/sanluisinforma.com\/?p=19174\"},\"author\":{\"name\":\"sanluisinforma.com\",\"@id\":\"https:\/\/sanluisinforma.com\/#\/schema\/person\/c30648f71476be533b6f59d092905c8b\"},\"headline\":\"Lista de jugadores seleccionados rumbo a la #Copa Mundial FIFA 2026\",\"datePublished\":\"2026-04-29T05:53:49+00:00\",\"dateModified\":\"2026-04-29T05:53:50+00:00\",\"mainEntityOfPage\":{\"@id\":\"https:\/\/sanluisinforma.com\/?p=19174\"},\"wordCount\":198,\"publisher\":{\"@id\":\"https:\/\/sanluisinforma.com\/#organization\"},\"articleSection\":[\"Deportes\"],\"inLanguage\":\"es\"},{\"@type\":\"WebPage\",\"@id\":\"https:\/\/sanluisinforma.com\/?p=19174\",\"url\":\"https:\/\/sanluisinforma.com\/?p=19174\",\"name\":\"Lista de jugadores seleccionados rumbo a la #Copa Mundial FIFA 2026 - sanluisinforma.com\",\"isPartOf\":{\"@id\":\"https:\/\/sanluisinforma.com\/#website\"},\"datePublished\":\"2026-04-29T05:53:49+00:00\",\"dateModified\":\"2026-04-29T05:53:50+00:00\",\"breadcrumb\":{\"@id\":\"https:\/\/sanluisinforma.com\/?p=19174#breadcrumb\"},\"inLanguage\":\"es\",\"potentialAction\":[{\"@type\":\"ReadAction\",\"target\":[\"https:\/\/sanluisinforma.com\/?p=19174\"]}]},{\"@type\":\"BreadcrumbList\",\"@id\":\"https:\/\/sanluisinforma.com\/?p=19174#breadcrumb\",\"itemListElement\":[{\"@type\":\"ListItem\",\"position\":1,\"name\":\"Inicio\",\"item\":\"https:\/\/sanluisinforma.com\/\"},{\"@type\":\"ListItem\",\"position\":2,\"name\":\"Lista de jugadores seleccionados rumbo a la #Copa Mundial FIFA 2026\"}]},{\"@type\":\"WebSite\",\"@id\":\"https:\/\/sanluisinforma.com\/#website\",\"url\":\"https:\/\/sanluisinforma.com\/\",\"name\":\"sanluisinforma.com\",\"description\":\"Periodico San Luis Informa\",\"publisher\":{\"@id\":\"https:\/\/sanluisinforma.com\/#organization\"},\"potentialAction\":[{\"@type\":\"SearchAction\",\"target\":{\"@type\":\"EntryPoint\",\"urlTemplate\":\"https:\/\/sanluisinforma.com\/?s={search_term_string}\"},\"query-input\":{\"@type\":\"PropertyValueSpecification\",\"valueRequired\":true,\"valueName\":\"search_term_string\"}}],\"inLanguage\":\"es\"},{\"@type\":\"Organization\",\"@id\":\"https:\/\/sanluisinforma.com\/#organization\",\"name\":\"sanluisinforma.com\",\"url\":\"https:\/\/sanluisinforma.com\/\",\"logo\":{\"@type\":\"ImageObject\",\"inLanguage\":\"es\",\"@id\":\"https:\/\/sanluisinforma.com\/#\/schema\/logo\/image\/\",\"url\":\"https:\/\/sanluisinforma.com\/wp-content\/uploads\/2026\/03\/sanluisinforma-V.jpg\",\"contentUrl\":\"https:\/\/sanluisinforma.com\/wp-content\/uploads\/2026\/03\/sanluisinforma-V.jpg\",\"width\":500,\"height\":156,\"caption\":\"sanluisinforma.com\"},\"image\":{\"@id\":\"https:\/\/sanluisinforma.com\/#\/schema\/logo\/image\/\"}},{\"@type\":\"Person\",\"@id\":\"https:\/\/sanluisinforma.com\/#\/schema\/person\/c30648f71476be533b6f59d092905c8b\",\"name\":\"sanluisinforma.com\",\"image\":{\"@type\":\"ImageObject\",\"inLanguage\":\"es\",\"@id\":\"https:\/\/sanluisinforma.com\/#\/schema\/person\/image\/\",\"url\":\"https:\/\/secure.gravatar.com\/avatar\/86e3114e34a1eecefb963e0a02f0093f93b092dddb2fe1517596343751081a87?s=96&d=mm&r=g\",\"contentUrl\":\"https:\/\/secure.gravatar.com\/avatar\/86e3114e34a1eecefb963e0a02f0093f93b092dddb2fe1517596343751081a87?s=96&d=mm&r=g\",\"caption\":\"sanluisinforma.com\"},\"url\":\"https:\/\/sanluisinforma.com\/?author=2\"}]}<\/script>\n<!-- \/ Yoast SEO plugin. -->","yoast_head_json":{"title":"Lista de jugadores seleccionados rumbo a la #Copa Mundial FIFA 2026 - sanluisinforma.com","robots":{"index":"index","follow":"follow","max-snippet":"max-snippet:-1","max-image-preview":"max-image-preview:large","max-video-preview":"max-video-preview:-1"},"canonical":"https:\/\/sanluisinforma.com\/?p=19174","og_locale":"es_MX","og_type":"article","og_title":"Lista de jugadores seleccionados rumbo a la #Copa Mundial FIFA 2026 - sanluisinforma.com","og_description":"Javier Aguirre, entrenador nacional &nbsp;present\u00f3 este martes la lista de jugadores que iniciar\u00e1n el pr\u00f3ximo 6 de mayo la concentraci\u00f3n","og_url":"https:\/\/sanluisinforma.com\/?p=19174","og_site_name":"sanluisinforma.com","article_published_time":"2026-04-29T05:53:49+00:00","article_modified_time":"2026-04-29T05:53:50+00:00","author":"sanluisinforma.com","twitter_card":"summary_large_image","twitter_misc":{"Escrito por":"sanluisinforma.com","Tiempo de lectura":"1 minuto"},"schema":{"@context":"https:\/\/schema.org","@graph":[{"@type":"Article","@id":"https:\/\/sanluisinforma.com\/?p=19174#article","isPartOf":{"@id":"https:\/\/sanluisinforma.com\/?p=19174"},"author":{"name":"sanluisinforma.com","@id":"https:\/\/sanluisinforma.com\/#\/schema\/person\/c30648f71476be533b6f59d092905c8b"},"headline":"Lista de jugadores seleccionados rumbo a la #Copa Mundial FIFA 2026","datePublished":"2026-04-29T05:53:49+00:00","dateModified":"2026-04-29T05:53:50+00:00","mainEntityOfPage":{"@id":"https:\/\/sanluisinforma.com\/?p=19174"},"wordCount":198,"publisher":{"@id":"https:\/\/sanluisinforma.com\/#organization"},"articleSection":["Deportes"],"inLanguage":"es"},{"@type":"WebPage","@id":"https:\/\/sanluisinforma.com\/?p=19174","url":"https:\/\/sanluisinforma.com\/?p=19174","name":"Lista de jugadores seleccionados rumbo a la #Copa Mundial FIFA 2026 - sanluisinforma.com","isPartOf":{"@id":"https:\/\/sanluisinforma.com\/#website"},"datePublished":"2026-04-29T05:53:49+00:00","dateModified":"2026-04-29T05:53:50+00:00","breadcrumb":{"@id":"https:\/\/sanluisinforma.com\/?p=19174#breadcrumb"},"inLanguage":"es","potentialAction":[{"@type":"ReadAction","target":["https:\/\/sanluisinforma.com\/?p=19174"]}]},{"@type":"BreadcrumbList","@id":"https:\/\/sanluisinforma.com\/?p=19174#breadcrumb","itemListElement":[{"@type":"ListItem","position":1,"name":"Inicio","item":"https:\/\/sanluisinforma.com\/"},{"@type":"ListItem","position":2,"name":"Lista de jugadores seleccionados rumbo a la #Copa Mundial FIFA 2026"}]},{"@type":"WebSite","@id":"https:\/\/sanluisinforma.com\/#website","url":"https:\/\/sanluisinforma.com\/","name":"sanluisinforma.com","description":"Periodico San Luis Informa","publisher":{"@id":"https:\/\/sanluisinforma.com\/#organization"},"potentialAction":[{"@type":"SearchAction","target":{"@type":"EntryPoint","urlTemplate":"https:\/\/sanluisinforma.com\/?s={search_term_string}"},"query-input":{"@type":"PropertyValueSpecification","valueRequired":true,"valueName":"search_term_string"}}],"inLanguage":"es"},{"@type":"Organization","@id":"https:\/\/sanluisinforma.com\/#organization","name":"sanluisinforma.com","url":"https:\/\/sanluisinforma.com\/","logo":{"@type":"ImageObject","inLanguage":"es","@id":"https:\/\/sanluisinforma.com\/#\/schema\/logo\/image\/","url":"https:\/\/sanluisinforma.com\/wp-content\/uploads\/2026\/03\/sanluisinforma-V.jpg","contentUrl":"https:\/\/sanluisinforma.com\/wp-content\/uploads\/2026\/03\/sanluisinforma-V.jpg","width":500,"height":156,"caption":"sanluisinforma.com"},"image":{"@id":"https:\/\/sanluisinforma.com\/#\/schema\/logo\/image\/"}},{"@type":"Person","@id":"https:\/\/sanluisinforma.com\/#\/schema\/person\/c30648f71476be533b6f59d092905c8b","name":"sanluisinforma.com","image":{"@type":"ImageObject","inLanguage":"es","@id":"https:\/\/sanluisinforma.com\/#\/schema\/person\/image\/","url":"https:\/\/secure.gravatar.com\/avatar\/86e3114e34a1eecefb963e0a02f0093f93b092dddb2fe1517596343751081a87?s=96&d=mm&r=g","contentUrl":"https:\/\/secure.gravatar.com\/avatar\/86e3114e34a1eecefb963e0a02f0093f93b092dddb2fe1517596343751081a87?s=96&d=mm&r=g","caption":"sanluisinforma.com"},"url":"https:\/\/sanluisinforma.com\/?author=2"}]}},"_links":{"self":[{"href":"https:\/\/sanluisinforma.com\/index.php?rest_route=\/wp\/v2\/posts\/19174","targetHints":{"allow":["GET"]}}],"collection":[{"href":"https:\/\/sanluisinforma.com\/index.php?rest_route=\/wp\/v2\/posts"}],"about":[{"href":"https:\/\/sanluisinforma.com\/index.php?rest_route=\/wp\/v2\/types\/post"}],"author":[{"embeddable":true,"href":"https:\/\/sanluisinforma.com\/index.php?rest_route=\/wp\/v2\/users\/2"}],"replies":[{"embeddable":true,"href":"https:\/\/sanluisinforma.com\/index.php?rest_route=%2Fwp%2Fv2%2Fcomments&post=19174"}],"version-history":[{"count":1,"href":"https:\/\/sanluisinforma.com\/index.php?rest_route=\/wp\/v2\/posts\/19174\/revisions"}],"predecessor-version":[{"id":19175,"href":"https:\/\/sanluisinforma.com\/index.php?rest_route=\/wp\/v2\/posts\/19174\/revisions\/19175"}],"wp:attachment":[{"href":"https:\/\/sanluisinforma.com\/index.php?rest_route=%2Fwp%2Fv2%2Fmedia&parent=19174"}],"wp:term":[{"taxonomy":"category","embeddable":true,"href":"https:\/\/sanluisinforma.com\/index.php?rest_route=%2Fwp%2Fv2%2Fcategories&post=19174"},{"taxonomy":"post_tag","embeddable":true,"href":"https:\/\/sanluisinforma.com\/index.php?rest_route=%2Fwp%2Fv2%2Ftags&post=19174"}],"curies":[{"name":"wp","href":"https:\/\/api.w.org\/{rel}","templated":true}]}}