{"id":19195,"date":"2026-05-01T00:58:00","date_gmt":"2026-05-01T06:58:00","guid":{"rendered":"https:\/\/sanluisinforma.com\/?p=19195"},"modified":"2026-04-30T23:43:22","modified_gmt":"2026-05-01T05:43:22","slug":"ricardo-gallardo-festeja-a-ninez-de-matehuala-e-inicia-pavimentacion-de-avenida","status":"publish","type":"post","link":"https:\/\/sanluisinforma.com\/?p=19195","title":{"rendered":"Ricardo Gallardo festeja a Ni\u00f1ez de Matehuala e inicia pavimentaci\u00f3n de avenida"},"content":{"rendered":"\n<p> Entre muestras de alegr\u00edas, felicidad y respaldo ciudadano, el Gobernador del Estado regal\u00f3 juguetes a ni\u00f1as y ni\u00f1os del municipio e inici\u00f3 la construcci\u00f3n de la segunda etapa de la avenida de Las Torres. <\/p>\n\n\n\n<p>Ricardo Gallardo Cardona, Gobernador de San Luis Potos\u00ed, celebr\u00f3 en Matehuala el D\u00eda de la Ni\u00f1ez con un evento lleno de alegr\u00eda, sorpresas y muchos regalos para ni\u00f1as y ni\u00f1os; posteriormente, arranc\u00f3 la construcci\u00f3n de la segunda etapa de avenida de Las Torres para seguir impulsando sin l\u00edmites la movilidad segura en el municipio. <\/p>\n\n\n\n<p>Recibido por un gran respaldo de las familias, as\u00ed como de la alegr\u00eda de las ni\u00f1as y los ni\u00f1os, el Gobernador Ricardo Gallardo asegur\u00f3 que, en el cambio que se vive y se siente, se contin\u00faa garantizando el bienestar acad\u00e9mico de la ni\u00f1ez con la construcci\u00f3n y rehabilitaci\u00f3n de m\u00e1s escuelas en el municipio, como la Preparatorio \u201cCandelaria S\u00e1nchez\u201d, que en un futuro podr\u00e1n disfrutar para cursar el nivel medio superior; de igual forma, se mejoran los espacios para el deporte y el esparcimiento social, como el parque \u201cLas Camelias\u201d, el cual se moderniz\u00f3 en su totalidad con juegos y aparatos de ejercicio de gran calidad.<\/p>\n\n\n\n<p> Durante el evento festivo, el Gobernador del Estado convivi\u00f3 con las ni\u00f1as y ni\u00f1os de diferentes colonias y comunidades de Matehuala, a quienes les regal\u00f3 bicicletas, balones, patinetas, scooters y una gran variedad de juguetes, esto, enmarcado con actividades l\u00fadicas, bailes y presentaciones musicales. Posteriormente, Ricardo Gallardo Cardona dio el banderazo de arranque de construcci\u00f3n de la segunda etapa de la avenida de Las Torres, en el tramo correspondiente entre las calles Bustamante y Carretera a Caleros, obra que, adem\u00e1s de beneficiar la movilidad vehicular del municipio, se convertir\u00e1 en un extenso bulevar adecuado para recorridos peatonales, en bicicleta y de esparcimiento familiar, modernizando el entorno urbano en la zona y beneficiando a m\u00e1s de 62 mil usuarios. <\/p>\n\n\n\n<p>El proyecto contempla la implementaci\u00f3n total de concreto hidr\u00e1ulico en una superficie de 20 mil metros cuadrados; tambi\u00e9n contar\u00e1 con camellones centrales, luminarias led, \u00e1reas laterales extendidas y espacios para estacionamiento; asimismo, se mejorar\u00e1 la red hidrosanitaria y los se\u00f1alamientos, optimizando los traslados y brindando una movilidad m\u00e1s segura e incluyente.<br><br><br><br><\/p>\n","protected":false},"excerpt":{"rendered":"<p>Entre muestras de alegr\u00edas, felicidad y respaldo ciudadano, el Gobernador del Estado regal\u00f3 juguetes a ni\u00f1as y ni\u00f1os del municipio<\/p>\n","protected":false},"author":2,"featured_media":19196,"comment_status":"closed","ping_status":"closed","sticky":false,"template":"","format":"standard","meta":{"footnotes":""},"categories":[25,30],"tags":[],"class_list":["post-19195","post","type-post","status-publish","format-standard","has-post-thumbnail","hentry","category-local","category-portada"],"yoast_head":"<!-- This site is optimized with the Yoast SEO plugin v24.1 - https:\/\/yoast.com\/wordpress\/plugins\/seo\/ -->\n<title>Ricardo Gallardo festeja a Ni\u00f1ez de Matehuala e inicia pavimentaci\u00f3n de avenida - sanluisinforma.com<\/title>\n<meta name=\"robots\" content=\"index, follow, max-snippet:-1, max-image-preview:large, max-video-preview:-1\" \/>\n<link rel=\"canonical\" href=\"https:\/\/sanluisinforma.com\/?p=19195\" \/>\n<meta property=\"og:locale\" content=\"es_MX\" \/>\n<meta property=\"og:type\" content=\"article\" \/>\n<meta property=\"og:title\" content=\"Ricardo Gallardo festeja a Ni\u00f1ez de Matehuala e inicia pavimentaci\u00f3n de avenida - sanluisinforma.com\" \/>\n<meta property=\"og:description\" content=\"Entre muestras de alegr\u00edas, felicidad y respaldo ciudadano, el Gobernador del Estado regal\u00f3 juguetes a ni\u00f1as y ni\u00f1os del municipio\" \/>\n<meta property=\"og:url\" content=\"https:\/\/sanluisinforma.com\/?p=19195\" \/>\n<meta property=\"og:site_name\" content=\"sanluisinforma.com\" \/>\n<meta property=\"article:published_time\" content=\"2026-05-01T06:58:00+00:00\" \/>\n<meta property=\"article:modified_time\" content=\"2026-05-01T05:43:22+00:00\" \/>\n<meta property=\"og:image\" content=\"https:\/\/sanluisinforma.com\/wp-content\/uploads\/2026\/04\/Des-4.jpg\" \/>\n\t<meta property=\"og:image:width\" content=\"300\" \/>\n\t<meta property=\"og:image:height\" content=\"199\" \/>\n\t<meta property=\"og:image:type\" content=\"image\/jpeg\" \/>\n<meta name=\"author\" content=\"sanluisinforma.com\" \/>\n<meta name=\"twitter:card\" content=\"summary_large_image\" \/>\n<meta name=\"twitter:label1\" content=\"Escrito por\" \/>\n\t<meta name=\"twitter:data1\" content=\"sanluisinforma.com\" \/>\n\t<meta name=\"twitter:label2\" content=\"Tiempo de lectura\" \/>\n\t<meta name=\"twitter:data2\" content=\"2 minutos\" \/>\n<script type=\"application\/ld+json\" class=\"yoast-schema-graph\">{\"@context\":\"https:\/\/schema.org\",\"@graph\":[{\"@type\":\"Article\",\"@id\":\"https:\/\/sanluisinforma.com\/?p=19195#article\",\"isPartOf\":{\"@id\":\"https:\/\/sanluisinforma.com\/?p=19195\"},\"author\":{\"name\":\"sanluisinforma.com\",\"@id\":\"https:\/\/sanluisinforma.com\/#\/schema\/person\/c30648f71476be533b6f59d092905c8b\"},\"headline\":\"Ricardo Gallardo festeja a Ni\u00f1ez de Matehuala e inicia pavimentaci\u00f3n de avenida\",\"datePublished\":\"2026-05-01T06:58:00+00:00\",\"dateModified\":\"2026-05-01T05:43:22+00:00\",\"mainEntityOfPage\":{\"@id\":\"https:\/\/sanluisinforma.com\/?p=19195\"},\"wordCount\":408,\"publisher\":{\"@id\":\"https:\/\/sanluisinforma.com\/#organization\"},\"image\":{\"@id\":\"https:\/\/sanluisinforma.com\/?p=19195#primaryimage\"},\"thumbnailUrl\":\"https:\/\/sanluisinforma.com\/wp-content\/uploads\/2026\/04\/Des-4.jpg\",\"articleSection\":[\"Local\",\"Portada\"],\"inLanguage\":\"es\"},{\"@type\":\"WebPage\",\"@id\":\"https:\/\/sanluisinforma.com\/?p=19195\",\"url\":\"https:\/\/sanluisinforma.com\/?p=19195\",\"name\":\"Ricardo Gallardo festeja a Ni\u00f1ez de Matehuala e inicia pavimentaci\u00f3n de avenida - sanluisinforma.com\",\"isPartOf\":{\"@id\":\"https:\/\/sanluisinforma.com\/#website\"},\"primaryImageOfPage\":{\"@id\":\"https:\/\/sanluisinforma.com\/?p=19195#primaryimage\"},\"image\":{\"@id\":\"https:\/\/sanluisinforma.com\/?p=19195#primaryimage\"},\"thumbnailUrl\":\"https:\/\/sanluisinforma.com\/wp-content\/uploads\/2026\/04\/Des-4.jpg\",\"datePublished\":\"2026-05-01T06:58:00+00:00\",\"dateModified\":\"2026-05-01T05:43:22+00:00\",\"breadcrumb\":{\"@id\":\"https:\/\/sanluisinforma.com\/?p=19195#breadcrumb\"},\"inLanguage\":\"es\",\"potentialAction\":[{\"@type\":\"ReadAction\",\"target\":[\"https:\/\/sanluisinforma.com\/?p=19195\"]}]},{\"@type\":\"ImageObject\",\"inLanguage\":\"es\",\"@id\":\"https:\/\/sanluisinforma.com\/?p=19195#primaryimage\",\"url\":\"https:\/\/sanluisinforma.com\/wp-content\/uploads\/2026\/04\/Des-4.jpg\",\"contentUrl\":\"https:\/\/sanluisinforma.com\/wp-content\/uploads\/2026\/04\/Des-4.jpg\",\"width\":300,\"height\":199},{\"@type\":\"BreadcrumbList\",\"@id\":\"https:\/\/sanluisinforma.com\/?p=19195#breadcrumb\",\"itemListElement\":[{\"@type\":\"ListItem\",\"position\":1,\"name\":\"Inicio\",\"item\":\"https:\/\/sanluisinforma.com\/\"},{\"@type\":\"ListItem\",\"position\":2,\"name\":\"Ricardo Gallardo festeja a Ni\u00f1ez de Matehuala e inicia pavimentaci\u00f3n de avenida\"}]},{\"@type\":\"WebSite\",\"@id\":\"https:\/\/sanluisinforma.com\/#website\",\"url\":\"https:\/\/sanluisinforma.com\/\",\"name\":\"sanluisinforma.com\",\"description\":\"Periodico San Luis Informa\",\"publisher\":{\"@id\":\"https:\/\/sanluisinforma.com\/#organization\"},\"potentialAction\":[{\"@type\":\"SearchAction\",\"target\":{\"@type\":\"EntryPoint\",\"urlTemplate\":\"https:\/\/sanluisinforma.com\/?s={search_term_string}\"},\"query-input\":{\"@type\":\"PropertyValueSpecification\",\"valueRequired\":true,\"valueName\":\"search_term_string\"}}],\"inLanguage\":\"es\"},{\"@type\":\"Organization\",\"@id\":\"https:\/\/sanluisinforma.com\/#organization\",\"name\":\"sanluisinforma.com\",\"url\":\"https:\/\/sanluisinforma.com\/\",\"logo\":{\"@type\":\"ImageObject\",\"inLanguage\":\"es\",\"@id\":\"https:\/\/sanluisinforma.com\/#\/schema\/logo\/image\/\",\"url\":\"https:\/\/sanluisinforma.com\/wp-content\/uploads\/2026\/03\/sanluisinforma-V.jpg\",\"contentUrl\":\"https:\/\/sanluisinforma.com\/wp-content\/uploads\/2026\/03\/sanluisinforma-V.jpg\",\"width\":500,\"height\":156,\"caption\":\"sanluisinforma.com\"},\"image\":{\"@id\":\"https:\/\/sanluisinforma.com\/#\/schema\/logo\/image\/\"}},{\"@type\":\"Person\",\"@id\":\"https:\/\/sanluisinforma.com\/#\/schema\/person\/c30648f71476be533b6f59d092905c8b\",\"name\":\"sanluisinforma.com\",\"image\":{\"@type\":\"ImageObject\",\"inLanguage\":\"es\",\"@id\":\"https:\/\/sanluisinforma.com\/#\/schema\/person\/image\/\",\"url\":\"https:\/\/secure.gravatar.com\/avatar\/86e3114e34a1eecefb963e0a02f0093f93b092dddb2fe1517596343751081a87?s=96&d=mm&r=g\",\"contentUrl\":\"https:\/\/secure.gravatar.com\/avatar\/86e3114e34a1eecefb963e0a02f0093f93b092dddb2fe1517596343751081a87?s=96&d=mm&r=g\",\"caption\":\"sanluisinforma.com\"},\"url\":\"https:\/\/sanluisinforma.com\/?author=2\"}]}<\/script>\n<!-- \/ Yoast SEO plugin. -->","yoast_head_json":{"title":"Ricardo Gallardo festeja a Ni\u00f1ez de Matehuala e inicia pavimentaci\u00f3n de avenida - sanluisinforma.com","robots":{"index":"index","follow":"follow","max-snippet":"max-snippet:-1","max-image-preview":"max-image-preview:large","max-video-preview":"max-video-preview:-1"},"canonical":"https:\/\/sanluisinforma.com\/?p=19195","og_locale":"es_MX","og_type":"article","og_title":"Ricardo Gallardo festeja a Ni\u00f1ez de Matehuala e inicia pavimentaci\u00f3n de avenida - sanluisinforma.com","og_description":"Entre muestras de alegr\u00edas, felicidad y respaldo ciudadano, el Gobernador del Estado regal\u00f3 juguetes a ni\u00f1as y ni\u00f1os del municipio","og_url":"https:\/\/sanluisinforma.com\/?p=19195","og_site_name":"sanluisinforma.com","article_published_time":"2026-05-01T06:58:00+00:00","article_modified_time":"2026-05-01T05:43:22+00:00","og_image":[{"width":300,"height":199,"url":"https:\/\/sanluisinforma.com\/wp-content\/uploads\/2026\/04\/Des-4.jpg","type":"image\/jpeg"}],"author":"sanluisinforma.com","twitter_card":"summary_large_image","twitter_misc":{"Escrito por":"sanluisinforma.com","Tiempo de lectura":"2 minutos"},"schema":{"@context":"https:\/\/schema.org","@graph":[{"@type":"Article","@id":"https:\/\/sanluisinforma.com\/?p=19195#article","isPartOf":{"@id":"https:\/\/sanluisinforma.com\/?p=19195"},"author":{"name":"sanluisinforma.com","@id":"https:\/\/sanluisinforma.com\/#\/schema\/person\/c30648f71476be533b6f59d092905c8b"},"headline":"Ricardo Gallardo festeja a Ni\u00f1ez de Matehuala e inicia pavimentaci\u00f3n de avenida","datePublished":"2026-05-01T06:58:00+00:00","dateModified":"2026-05-01T05:43:22+00:00","mainEntityOfPage":{"@id":"https:\/\/sanluisinforma.com\/?p=19195"},"wordCount":408,"publisher":{"@id":"https:\/\/sanluisinforma.com\/#organization"},"image":{"@id":"https:\/\/sanluisinforma.com\/?p=19195#primaryimage"},"thumbnailUrl":"https:\/\/sanluisinforma.com\/wp-content\/uploads\/2026\/04\/Des-4.jpg","articleSection":["Local","Portada"],"inLanguage":"es"},{"@type":"WebPage","@id":"https:\/\/sanluisinforma.com\/?p=19195","url":"https:\/\/sanluisinforma.com\/?p=19195","name":"Ricardo Gallardo festeja a Ni\u00f1ez de Matehuala e inicia pavimentaci\u00f3n de avenida - sanluisinforma.com","isPartOf":{"@id":"https:\/\/sanluisinforma.com\/#website"},"primaryImageOfPage":{"@id":"https:\/\/sanluisinforma.com\/?p=19195#primaryimage"},"image":{"@id":"https:\/\/sanluisinforma.com\/?p=19195#primaryimage"},"thumbnailUrl":"https:\/\/sanluisinforma.com\/wp-content\/uploads\/2026\/04\/Des-4.jpg","datePublished":"2026-05-01T06:58:00+00:00","dateModified":"2026-05-01T05:43:22+00:00","breadcrumb":{"@id":"https:\/\/sanluisinforma.com\/?p=19195#breadcrumb"},"inLanguage":"es","potentialAction":[{"@type":"ReadAction","target":["https:\/\/sanluisinforma.com\/?p=19195"]}]},{"@type":"ImageObject","inLanguage":"es","@id":"https:\/\/sanluisinforma.com\/?p=19195#primaryimage","url":"https:\/\/sanluisinforma.com\/wp-content\/uploads\/2026\/04\/Des-4.jpg","contentUrl":"https:\/\/sanluisinforma.com\/wp-content\/uploads\/2026\/04\/Des-4.jpg","width":300,"height":199},{"@type":"BreadcrumbList","@id":"https:\/\/sanluisinforma.com\/?p=19195#breadcrumb","itemListElement":[{"@type":"ListItem","position":1,"name":"Inicio","item":"https:\/\/sanluisinforma.com\/"},{"@type":"ListItem","position":2,"name":"Ricardo Gallardo festeja a Ni\u00f1ez de Matehuala e inicia pavimentaci\u00f3n de avenida"}]},{"@type":"WebSite","@id":"https:\/\/sanluisinforma.com\/#website","url":"https:\/\/sanluisinforma.com\/","name":"sanluisinforma.com","description":"Periodico San Luis Informa","publisher":{"@id":"https:\/\/sanluisinforma.com\/#organization"},"potentialAction":[{"@type":"SearchAction","target":{"@type":"EntryPoint","urlTemplate":"https:\/\/sanluisinforma.com\/?s={search_term_string}"},"query-input":{"@type":"PropertyValueSpecification","valueRequired":true,"valueName":"search_term_string"}}],"inLanguage":"es"},{"@type":"Organization","@id":"https:\/\/sanluisinforma.com\/#organization","name":"sanluisinforma.com","url":"https:\/\/sanluisinforma.com\/","logo":{"@type":"ImageObject","inLanguage":"es","@id":"https:\/\/sanluisinforma.com\/#\/schema\/logo\/image\/","url":"https:\/\/sanluisinforma.com\/wp-content\/uploads\/2026\/03\/sanluisinforma-V.jpg","contentUrl":"https:\/\/sanluisinforma.com\/wp-content\/uploads\/2026\/03\/sanluisinforma-V.jpg","width":500,"height":156,"caption":"sanluisinforma.com"},"image":{"@id":"https:\/\/sanluisinforma.com\/#\/schema\/logo\/image\/"}},{"@type":"Person","@id":"https:\/\/sanluisinforma.com\/#\/schema\/person\/c30648f71476be533b6f59d092905c8b","name":"sanluisinforma.com","image":{"@type":"ImageObject","inLanguage":"es","@id":"https:\/\/sanluisinforma.com\/#\/schema\/person\/image\/","url":"https:\/\/secure.gravatar.com\/avatar\/86e3114e34a1eecefb963e0a02f0093f93b092dddb2fe1517596343751081a87?s=96&d=mm&r=g","contentUrl":"https:\/\/secure.gravatar.com\/avatar\/86e3114e34a1eecefb963e0a02f0093f93b092dddb2fe1517596343751081a87?s=96&d=mm&r=g","caption":"sanluisinforma.com"},"url":"https:\/\/sanluisinforma.com\/?author=2"}]}},"_links":{"self":[{"href":"https:\/\/sanluisinforma.com\/index.php?rest_route=\/wp\/v2\/posts\/19195","targetHints":{"allow":["GET"]}}],"collection":[{"href":"https:\/\/sanluisinforma.com\/index.php?rest_route=\/wp\/v2\/posts"}],"about":[{"href":"https:\/\/sanluisinforma.com\/index.php?rest_route=\/wp\/v2\/types\/post"}],"author":[{"embeddable":true,"href":"https:\/\/sanluisinforma.com\/index.php?rest_route=\/wp\/v2\/users\/2"}],"replies":[{"embeddable":true,"href":"https:\/\/sanluisinforma.com\/index.php?rest_route=%2Fwp%2Fv2%2Fcomments&post=19195"}],"version-history":[{"count":1,"href":"https:\/\/sanluisinforma.com\/index.php?rest_route=\/wp\/v2\/posts\/19195\/revisions"}],"predecessor-version":[{"id":19197,"href":"https:\/\/sanluisinforma.com\/index.php?rest_route=\/wp\/v2\/posts\/19195\/revisions\/19197"}],"wp:featuredmedia":[{"embeddable":true,"href":"https:\/\/sanluisinforma.com\/index.php?rest_route=\/wp\/v2\/media\/19196"}],"wp:attachment":[{"href":"https:\/\/sanluisinforma.com\/index.php?rest_route=%2Fwp%2Fv2%2Fmedia&parent=19195"}],"wp:term":[{"taxonomy":"category","embeddable":true,"href":"https:\/\/sanluisinforma.com\/index.php?rest_route=%2Fwp%2Fv2%2Fcategories&post=19195"},{"taxonomy":"post_tag","embeddable":true,"href":"https:\/\/sanluisinforma.com\/index.php?rest_route=%2Fwp%2Fv2%2Ftags&post=19195"}],"curies":[{"name":"wp","href":"https:\/\/api.w.org\/{rel}","templated":true}]}}