{"id":19198,"date":"2026-05-01T00:40:00","date_gmt":"2026-05-01T06:40:00","guid":{"rendered":"https:\/\/sanluisinforma.com\/?p=19198"},"modified":"2026-04-30T23:44:14","modified_gmt":"2026-05-01T05:44:14","slug":"queremos-que-las-ninas-y-ninos-sean-felices-presidenta-claudia-sheinbaum-anuncia-el-inicio-de-la-entrega-de-la-tarjeta-de-apoyo-para-uniformes-y-utiles-rita-cetina","status":"publish","type":"post","link":"https:\/\/sanluisinforma.com\/?p=19198","title":{"rendered":"\u201cQueremos que las Ni\u00f1as y Ni\u00f1os sean felices&#8221;: presidenta Claudia Sheinbaum, anuncia el inicio de la entrega de la tarjeta de apoyo para Uniformes y \u00datiles &#8220;Rita Cetina&#8221;"},"content":{"rendered":"\n<p> \u201cLo que queremos es que sean felices, que tengan acceso a todo, incluido el cumplimiento de sus sue\u00f1os\u201d, se\u00f1al\u00f3<\/p>\n\n\n\n<p>  La Beca de Apoyo para Uniformes y \u00datiles \u201cRita Cetina\u201d consta de 2 mil 500 pesos que ser\u00e1 depositado en agosto, previo al inicio del pr\u00f3ximo ciclo escolar <\/p>\n\n\n\n<p> En 2026, 15.2 millones de estudiantes de primaria y secundaria reciben la Beca \u201cRita Cetina\u201d: SEP <\/p>\n\n\n\n<p> El Gobierno de M\u00e9xico implementa programas, fortalece la infraestructura y realiza acciones en beneficio de 20.2 millones de ni\u00f1as y ni\u00f1os inscritos en 203 mil 600 escuelas p\u00fablicas <\/p>\n\n\n\n<p>Ciudad de M\u00e9xico, 30 de abril de 2026.- En el D\u00eda de la Ni\u00f1a y el Ni\u00f1o, la Presidenta de M\u00e9xico, Claudia Sheinbaum Pardo, anunci\u00f3 que este jueves 30 de abril inicia la entrega de las tarjetas de la Beca de Apoyo para Uniformes y \u00datiles \u201cRita Cetina\u201d en beneficio de estudiantes de escuelas primarias p\u00fablicas, que consta de 2 mil 500 pesos que ser\u00e1n depositados en agosto, para que puedan las familias tener todo lo necesario para entrar a la escuela.<\/p>\n\n\n\n<p>\u201cNosotros queremos que las ni\u00f1as y los ni\u00f1os sean felices. Y para ello el gobierno tiene que garantizarle los derechos, porque las ni\u00f1as y los ni\u00f1os tienen derechos especiales. Todos los mexicanos y mexicanas tenemos derechos, pero particularmente las ni\u00f1as y los ni\u00f1os tienen derechos.<\/p>\n\n\n\n<p> El cumplimiento de esos derechos garantiza su felicidad. Entonces, nosotros queremos que todas y todos sean felices\u201d.<\/p>\n\n\n\n<p>\u201c\u00bfQu\u00e9 significan esos derechos? Una vida segura, libre de violencia. Acceso a la educaci\u00f3n. Acceso a la salud. Acceso al espacio de juego. Acceso a un espacio donde puedan, as\u00ed como estudiar, desarrollarse libremente.<\/p>\n\n\n\n<p> Garantizar su seguridad tambi\u00e9n, en el espacio privado, si es que hay un ambiente de violencia. Y sobre todo, decirles que lo que queremos es que sean felices, que tengan acceso a todo, incluido el cumplimiento de sus sue\u00f1os\u201d, detall\u00f3 en la conferencia matutina: \u201cLas ma\u00f1aneras del pueblo\u201d.<\/p>\n\n\n\n<p> El secretario de Educaci\u00f3n P\u00fablica, Mario Delgado Carrillo explic\u00f3 que el Gobierno de M\u00e9xico implementa programas, fortalece la infraestructura y realiza acciones en beneficio de 20.2 millones de ni\u00f1as y ni\u00f1os inscritos en 203 mil 600 escuelas p\u00fablicas, como:  En 2026, 15.2 millones de estudiantes de primaria y secundaria reciben la Beca \u201cRita Cetina\u201d, de ellos 9.9 millones corresponden a la modalidad de Apoyo para Uniformes y \u00datiles, y 5.3 millones a la Beca Universal de secundaria <\/p>\n\n\n\n<p> Con la estrategia Vive saludable, vive feliz, se ha valorado la salud de 10.4 millones de estudiantes en 80.7 mil escuelas. De ellos, 4.7 millones de ni\u00f1as y ni\u00f1os fueron atendidos en cl\u00ednicas, se otorgaron 89 mil lentes gratuitos y 2 millones m\u00e1s ya se tienen listos para su entrega. <\/p>\n\n\n\n<p> En el ciclo escolar 2025-2026 hay 20.2 millones de ni\u00f1as y ni\u00f1os inscritos en las 203.6 mil escuelas de Educaci\u00f3n B\u00e1sica de todo el pa\u00eds.<\/p>\n\n\n\n<p> Adem\u00e1s, se distribuyeron 155.6 millones de Libros de Texto Gratuitos (LTG).  Con el programa La Escuela es Nuestra (LEEN) se han atendido en el ciclo escolar 2025-2026 a 137.2 mil planteles educativos, beneficiando a 13.7 millones de estudiantes. <\/p>\n\n\n\n<p> Como parte de las acciones en el marco de la Copa Mundial FIFA 2026, se realiza el Mundialito Copa Escolar de F\u00fatbol, en el que participan 610 mil ni\u00f1as y ni\u00f1os, conformando 61 mil equipos en 19.2 mil escuelas.<\/p>\n\n\n\n<p> En la conferencia matutina, a la que asistieron ni\u00f1as y ni\u00f1os invitados, se present\u00f3 la agrupaci\u00f3n de rock infantil \u201cPatita de Perro\u201d quien interpret\u00f3 &#8220;Vamos a brincar&#8221; y &#8220;Chin-chin el que se mueva&#8221;.<\/p>\n","protected":false},"excerpt":{"rendered":"<p>\u201cLo que queremos es que sean felices, que tengan acceso a todo, incluido el cumplimiento de sus sue\u00f1os\u201d, se\u00f1al\u00f3 La<\/p>\n","protected":false},"author":2,"featured_media":19199,"comment_status":"closed","ping_status":"closed","sticky":false,"template":"","format":"standard","meta":{"footnotes":""},"categories":[26],"tags":[],"class_list":["post-19198","post","type-post","status-publish","format-standard","has-post-thumbnail","hentry","category-nacional"],"yoast_head":"<!-- This site is optimized with the Yoast SEO plugin v24.1 - https:\/\/yoast.com\/wordpress\/plugins\/seo\/ -->\n<title>\u201cQueremos que las Ni\u00f1as y Ni\u00f1os sean felices&quot;: presidenta Claudia Sheinbaum, anuncia el inicio de la entrega de la tarjeta de apoyo para Uniformes y \u00datiles &quot;Rita Cetina&quot; - sanluisinforma.com<\/title>\n<meta name=\"robots\" content=\"index, follow, max-snippet:-1, max-image-preview:large, max-video-preview:-1\" \/>\n<link rel=\"canonical\" href=\"https:\/\/sanluisinforma.com\/?p=19198\" \/>\n<meta property=\"og:locale\" content=\"es_MX\" \/>\n<meta property=\"og:type\" content=\"article\" \/>\n<meta property=\"og:title\" content=\"\u201cQueremos que las Ni\u00f1as y Ni\u00f1os sean felices&quot;: presidenta Claudia Sheinbaum, anuncia el inicio de la entrega de la tarjeta de apoyo para Uniformes y \u00datiles &quot;Rita Cetina&quot; - sanluisinforma.com\" \/>\n<meta property=\"og:description\" content=\"\u201cLo que queremos es que sean felices, que tengan acceso a todo, incluido el cumplimiento de sus sue\u00f1os\u201d, se\u00f1al\u00f3 La\" \/>\n<meta property=\"og:url\" content=\"https:\/\/sanluisinforma.com\/?p=19198\" \/>\n<meta property=\"og:site_name\" content=\"sanluisinforma.com\" \/>\n<meta property=\"article:published_time\" content=\"2026-05-01T06:40:00+00:00\" \/>\n<meta property=\"article:modified_time\" content=\"2026-05-01T05:44:14+00:00\" \/>\n<meta property=\"og:image\" content=\"https:\/\/sanluisinforma.com\/wp-content\/uploads\/2026\/04\/post-1.jpg\" \/>\n\t<meta property=\"og:image:width\" content=\"300\" \/>\n\t<meta property=\"og:image:height\" content=\"175\" \/>\n\t<meta property=\"og:image:type\" content=\"image\/jpeg\" \/>\n<meta name=\"author\" content=\"sanluisinforma.com\" \/>\n<meta name=\"twitter:card\" content=\"summary_large_image\" \/>\n<meta name=\"twitter:label1\" content=\"Escrito por\" \/>\n\t<meta name=\"twitter:data1\" content=\"sanluisinforma.com\" \/>\n\t<meta name=\"twitter:label2\" content=\"Tiempo de lectura\" \/>\n\t<meta name=\"twitter:data2\" content=\"3 minutos\" \/>\n<script type=\"application\/ld+json\" class=\"yoast-schema-graph\">{\"@context\":\"https:\/\/schema.org\",\"@graph\":[{\"@type\":\"Article\",\"@id\":\"https:\/\/sanluisinforma.com\/?p=19198#article\",\"isPartOf\":{\"@id\":\"https:\/\/sanluisinforma.com\/?p=19198\"},\"author\":{\"name\":\"sanluisinforma.com\",\"@id\":\"https:\/\/sanluisinforma.com\/#\/schema\/person\/c30648f71476be533b6f59d092905c8b\"},\"headline\":\"\u201cQueremos que las Ni\u00f1as y Ni\u00f1os sean felices&#8221;: presidenta Claudia Sheinbaum, anuncia el inicio de la entrega de la tarjeta de apoyo para Uniformes y \u00datiles &#8220;Rita Cetina&#8221;\",\"datePublished\":\"2026-05-01T06:40:00+00:00\",\"dateModified\":\"2026-05-01T05:44:14+00:00\",\"mainEntityOfPage\":{\"@id\":\"https:\/\/sanluisinforma.com\/?p=19198\"},\"wordCount\":623,\"publisher\":{\"@id\":\"https:\/\/sanluisinforma.com\/#organization\"},\"image\":{\"@id\":\"https:\/\/sanluisinforma.com\/?p=19198#primaryimage\"},\"thumbnailUrl\":\"https:\/\/sanluisinforma.com\/wp-content\/uploads\/2026\/04\/post-1.jpg\",\"articleSection\":[\"Nacional\"],\"inLanguage\":\"es\"},{\"@type\":\"WebPage\",\"@id\":\"https:\/\/sanluisinforma.com\/?p=19198\",\"url\":\"https:\/\/sanluisinforma.com\/?p=19198\",\"name\":\"\u201cQueremos que las Ni\u00f1as y Ni\u00f1os sean felices\\\": presidenta Claudia Sheinbaum, anuncia el inicio de la entrega de la tarjeta de apoyo para Uniformes y \u00datiles \\\"Rita Cetina\\\" - sanluisinforma.com\",\"isPartOf\":{\"@id\":\"https:\/\/sanluisinforma.com\/#website\"},\"primaryImageOfPage\":{\"@id\":\"https:\/\/sanluisinforma.com\/?p=19198#primaryimage\"},\"image\":{\"@id\":\"https:\/\/sanluisinforma.com\/?p=19198#primaryimage\"},\"thumbnailUrl\":\"https:\/\/sanluisinforma.com\/wp-content\/uploads\/2026\/04\/post-1.jpg\",\"datePublished\":\"2026-05-01T06:40:00+00:00\",\"dateModified\":\"2026-05-01T05:44:14+00:00\",\"breadcrumb\":{\"@id\":\"https:\/\/sanluisinforma.com\/?p=19198#breadcrumb\"},\"inLanguage\":\"es\",\"potentialAction\":[{\"@type\":\"ReadAction\",\"target\":[\"https:\/\/sanluisinforma.com\/?p=19198\"]}]},{\"@type\":\"ImageObject\",\"inLanguage\":\"es\",\"@id\":\"https:\/\/sanluisinforma.com\/?p=19198#primaryimage\",\"url\":\"https:\/\/sanluisinforma.com\/wp-content\/uploads\/2026\/04\/post-1.jpg\",\"contentUrl\":\"https:\/\/sanluisinforma.com\/wp-content\/uploads\/2026\/04\/post-1.jpg\",\"width\":300,\"height\":175},{\"@type\":\"BreadcrumbList\",\"@id\":\"https:\/\/sanluisinforma.com\/?p=19198#breadcrumb\",\"itemListElement\":[{\"@type\":\"ListItem\",\"position\":1,\"name\":\"Inicio\",\"item\":\"https:\/\/sanluisinforma.com\/\"},{\"@type\":\"ListItem\",\"position\":2,\"name\":\"\u201cQueremos que las Ni\u00f1as y Ni\u00f1os sean felices&#8221;: presidenta Claudia Sheinbaum, anuncia el inicio de la entrega de la tarjeta de apoyo para Uniformes y \u00datiles &#8220;Rita Cetina&#8221;\"}]},{\"@type\":\"WebSite\",\"@id\":\"https:\/\/sanluisinforma.com\/#website\",\"url\":\"https:\/\/sanluisinforma.com\/\",\"name\":\"sanluisinforma.com\",\"description\":\"Periodico San Luis Informa\",\"publisher\":{\"@id\":\"https:\/\/sanluisinforma.com\/#organization\"},\"potentialAction\":[{\"@type\":\"SearchAction\",\"target\":{\"@type\":\"EntryPoint\",\"urlTemplate\":\"https:\/\/sanluisinforma.com\/?s={search_term_string}\"},\"query-input\":{\"@type\":\"PropertyValueSpecification\",\"valueRequired\":true,\"valueName\":\"search_term_string\"}}],\"inLanguage\":\"es\"},{\"@type\":\"Organization\",\"@id\":\"https:\/\/sanluisinforma.com\/#organization\",\"name\":\"sanluisinforma.com\",\"url\":\"https:\/\/sanluisinforma.com\/\",\"logo\":{\"@type\":\"ImageObject\",\"inLanguage\":\"es\",\"@id\":\"https:\/\/sanluisinforma.com\/#\/schema\/logo\/image\/\",\"url\":\"https:\/\/sanluisinforma.com\/wp-content\/uploads\/2026\/03\/sanluisinforma-V.jpg\",\"contentUrl\":\"https:\/\/sanluisinforma.com\/wp-content\/uploads\/2026\/03\/sanluisinforma-V.jpg\",\"width\":500,\"height\":156,\"caption\":\"sanluisinforma.com\"},\"image\":{\"@id\":\"https:\/\/sanluisinforma.com\/#\/schema\/logo\/image\/\"}},{\"@type\":\"Person\",\"@id\":\"https:\/\/sanluisinforma.com\/#\/schema\/person\/c30648f71476be533b6f59d092905c8b\",\"name\":\"sanluisinforma.com\",\"image\":{\"@type\":\"ImageObject\",\"inLanguage\":\"es\",\"@id\":\"https:\/\/sanluisinforma.com\/#\/schema\/person\/image\/\",\"url\":\"https:\/\/secure.gravatar.com\/avatar\/86e3114e34a1eecefb963e0a02f0093f93b092dddb2fe1517596343751081a87?s=96&d=mm&r=g\",\"contentUrl\":\"https:\/\/secure.gravatar.com\/avatar\/86e3114e34a1eecefb963e0a02f0093f93b092dddb2fe1517596343751081a87?s=96&d=mm&r=g\",\"caption\":\"sanluisinforma.com\"},\"url\":\"https:\/\/sanluisinforma.com\/?author=2\"}]}<\/script>\n<!-- \/ Yoast SEO plugin. -->","yoast_head_json":{"title":"\u201cQueremos que las Ni\u00f1as y Ni\u00f1os sean felices\": presidenta Claudia Sheinbaum, anuncia el inicio de la entrega de la tarjeta de apoyo para Uniformes y \u00datiles \"Rita Cetina\" - sanluisinforma.com","robots":{"index":"index","follow":"follow","max-snippet":"max-snippet:-1","max-image-preview":"max-image-preview:large","max-video-preview":"max-video-preview:-1"},"canonical":"https:\/\/sanluisinforma.com\/?p=19198","og_locale":"es_MX","og_type":"article","og_title":"\u201cQueremos que las Ni\u00f1as y Ni\u00f1os sean felices\": presidenta Claudia Sheinbaum, anuncia el inicio de la entrega de la tarjeta de apoyo para Uniformes y \u00datiles \"Rita Cetina\" - sanluisinforma.com","og_description":"\u201cLo que queremos es que sean felices, que tengan acceso a todo, incluido el cumplimiento de sus sue\u00f1os\u201d, se\u00f1al\u00f3 La","og_url":"https:\/\/sanluisinforma.com\/?p=19198","og_site_name":"sanluisinforma.com","article_published_time":"2026-05-01T06:40:00+00:00","article_modified_time":"2026-05-01T05:44:14+00:00","og_image":[{"width":300,"height":175,"url":"https:\/\/sanluisinforma.com\/wp-content\/uploads\/2026\/04\/post-1.jpg","type":"image\/jpeg"}],"author":"sanluisinforma.com","twitter_card":"summary_large_image","twitter_misc":{"Escrito por":"sanluisinforma.com","Tiempo de lectura":"3 minutos"},"schema":{"@context":"https:\/\/schema.org","@graph":[{"@type":"Article","@id":"https:\/\/sanluisinforma.com\/?p=19198#article","isPartOf":{"@id":"https:\/\/sanluisinforma.com\/?p=19198"},"author":{"name":"sanluisinforma.com","@id":"https:\/\/sanluisinforma.com\/#\/schema\/person\/c30648f71476be533b6f59d092905c8b"},"headline":"\u201cQueremos que las Ni\u00f1as y Ni\u00f1os sean felices&#8221;: presidenta Claudia Sheinbaum, anuncia el inicio de la entrega de la tarjeta de apoyo para Uniformes y \u00datiles &#8220;Rita Cetina&#8221;","datePublished":"2026-05-01T06:40:00+00:00","dateModified":"2026-05-01T05:44:14+00:00","mainEntityOfPage":{"@id":"https:\/\/sanluisinforma.com\/?p=19198"},"wordCount":623,"publisher":{"@id":"https:\/\/sanluisinforma.com\/#organization"},"image":{"@id":"https:\/\/sanluisinforma.com\/?p=19198#primaryimage"},"thumbnailUrl":"https:\/\/sanluisinforma.com\/wp-content\/uploads\/2026\/04\/post-1.jpg","articleSection":["Nacional"],"inLanguage":"es"},{"@type":"WebPage","@id":"https:\/\/sanluisinforma.com\/?p=19198","url":"https:\/\/sanluisinforma.com\/?p=19198","name":"\u201cQueremos que las Ni\u00f1as y Ni\u00f1os sean felices\": presidenta Claudia Sheinbaum, anuncia el inicio de la entrega de la tarjeta de apoyo para Uniformes y \u00datiles \"Rita Cetina\" - sanluisinforma.com","isPartOf":{"@id":"https:\/\/sanluisinforma.com\/#website"},"primaryImageOfPage":{"@id":"https:\/\/sanluisinforma.com\/?p=19198#primaryimage"},"image":{"@id":"https:\/\/sanluisinforma.com\/?p=19198#primaryimage"},"thumbnailUrl":"https:\/\/sanluisinforma.com\/wp-content\/uploads\/2026\/04\/post-1.jpg","datePublished":"2026-05-01T06:40:00+00:00","dateModified":"2026-05-01T05:44:14+00:00","breadcrumb":{"@id":"https:\/\/sanluisinforma.com\/?p=19198#breadcrumb"},"inLanguage":"es","potentialAction":[{"@type":"ReadAction","target":["https:\/\/sanluisinforma.com\/?p=19198"]}]},{"@type":"ImageObject","inLanguage":"es","@id":"https:\/\/sanluisinforma.com\/?p=19198#primaryimage","url":"https:\/\/sanluisinforma.com\/wp-content\/uploads\/2026\/04\/post-1.jpg","contentUrl":"https:\/\/sanluisinforma.com\/wp-content\/uploads\/2026\/04\/post-1.jpg","width":300,"height":175},{"@type":"BreadcrumbList","@id":"https:\/\/sanluisinforma.com\/?p=19198#breadcrumb","itemListElement":[{"@type":"ListItem","position":1,"name":"Inicio","item":"https:\/\/sanluisinforma.com\/"},{"@type":"ListItem","position":2,"name":"\u201cQueremos que las Ni\u00f1as y Ni\u00f1os sean felices&#8221;: presidenta Claudia Sheinbaum, anuncia el inicio de la entrega de la tarjeta de apoyo para Uniformes y \u00datiles &#8220;Rita Cetina&#8221;"}]},{"@type":"WebSite","@id":"https:\/\/sanluisinforma.com\/#website","url":"https:\/\/sanluisinforma.com\/","name":"sanluisinforma.com","description":"Periodico San Luis Informa","publisher":{"@id":"https:\/\/sanluisinforma.com\/#organization"},"potentialAction":[{"@type":"SearchAction","target":{"@type":"EntryPoint","urlTemplate":"https:\/\/sanluisinforma.com\/?s={search_term_string}"},"query-input":{"@type":"PropertyValueSpecification","valueRequired":true,"valueName":"search_term_string"}}],"inLanguage":"es"},{"@type":"Organization","@id":"https:\/\/sanluisinforma.com\/#organization","name":"sanluisinforma.com","url":"https:\/\/sanluisinforma.com\/","logo":{"@type":"ImageObject","inLanguage":"es","@id":"https:\/\/sanluisinforma.com\/#\/schema\/logo\/image\/","url":"https:\/\/sanluisinforma.com\/wp-content\/uploads\/2026\/03\/sanluisinforma-V.jpg","contentUrl":"https:\/\/sanluisinforma.com\/wp-content\/uploads\/2026\/03\/sanluisinforma-V.jpg","width":500,"height":156,"caption":"sanluisinforma.com"},"image":{"@id":"https:\/\/sanluisinforma.com\/#\/schema\/logo\/image\/"}},{"@type":"Person","@id":"https:\/\/sanluisinforma.com\/#\/schema\/person\/c30648f71476be533b6f59d092905c8b","name":"sanluisinforma.com","image":{"@type":"ImageObject","inLanguage":"es","@id":"https:\/\/sanluisinforma.com\/#\/schema\/person\/image\/","url":"https:\/\/secure.gravatar.com\/avatar\/86e3114e34a1eecefb963e0a02f0093f93b092dddb2fe1517596343751081a87?s=96&d=mm&r=g","contentUrl":"https:\/\/secure.gravatar.com\/avatar\/86e3114e34a1eecefb963e0a02f0093f93b092dddb2fe1517596343751081a87?s=96&d=mm&r=g","caption":"sanluisinforma.com"},"url":"https:\/\/sanluisinforma.com\/?author=2"}]}},"_links":{"self":[{"href":"https:\/\/sanluisinforma.com\/index.php?rest_route=\/wp\/v2\/posts\/19198","targetHints":{"allow":["GET"]}}],"collection":[{"href":"https:\/\/sanluisinforma.com\/index.php?rest_route=\/wp\/v2\/posts"}],"about":[{"href":"https:\/\/sanluisinforma.com\/index.php?rest_route=\/wp\/v2\/types\/post"}],"author":[{"embeddable":true,"href":"https:\/\/sanluisinforma.com\/index.php?rest_route=\/wp\/v2\/users\/2"}],"replies":[{"embeddable":true,"href":"https:\/\/sanluisinforma.com\/index.php?rest_route=%2Fwp%2Fv2%2Fcomments&post=19198"}],"version-history":[{"count":1,"href":"https:\/\/sanluisinforma.com\/index.php?rest_route=\/wp\/v2\/posts\/19198\/revisions"}],"predecessor-version":[{"id":19200,"href":"https:\/\/sanluisinforma.com\/index.php?rest_route=\/wp\/v2\/posts\/19198\/revisions\/19200"}],"wp:featuredmedia":[{"embeddable":true,"href":"https:\/\/sanluisinforma.com\/index.php?rest_route=\/wp\/v2\/media\/19199"}],"wp:attachment":[{"href":"https:\/\/sanluisinforma.com\/index.php?rest_route=%2Fwp%2Fv2%2Fmedia&parent=19198"}],"wp:term":[{"taxonomy":"category","embeddable":true,"href":"https:\/\/sanluisinforma.com\/index.php?rest_route=%2Fwp%2Fv2%2Fcategories&post=19198"},{"taxonomy":"post_tag","embeddable":true,"href":"https:\/\/sanluisinforma.com\/index.php?rest_route=%2Fwp%2Fv2%2Ftags&post=19198"}],"curies":[{"name":"wp","href":"https:\/\/api.w.org\/{rel}","templated":true}]}}