{"id":19213,"date":"2026-05-02T00:55:00","date_gmt":"2026-05-02T06:55:00","guid":{"rendered":"https:\/\/sanluisinforma.com\/?p=19213"},"modified":"2026-05-01T21:55:18","modified_gmt":"2026-05-02T03:55:18","slug":"ricardo-gallardo-brindara-becas-educativas-a-hijas-e-hijos-de-loos-trabajadores","status":"publish","type":"post","link":"https:\/\/sanluisinforma.com\/?p=19213","title":{"rendered":"Ricardo Gallardo brindar\u00e1  becas educativas a hijas e hijos de loos trabajadores"},"content":{"rendered":"\n<p> Ante un respaldo multitudinario de agremiados de diversos sindicatos, el Gobernador del Estado, adem\u00e1s, les anunci\u00f3 apoyos de 5 mil lotes gratuitos y material para la construcci\u00f3n de viviendas, as\u00ed como la extensi\u00f3n de m\u00e1s rutas de la RedMetro.<\/p>\n\n\n\n<p> Ricardo Gallardo Cardona, Gobernador de San Luis Potos\u00ed, en el marco del D\u00eda del Trabajo, firm\u00f3, junto a l\u00edderes sindicales y agremiados, el proceso de creaci\u00f3n del Congreso Laboral Potos\u00ed, lo que permitir\u00e1 construir un espacio de di\u00e1logo entre sindicatos y Gobierno en favor de la clase trabajadora. <\/p>\n\n\n\n<p>Ante un c\u00e1lido recibimiento de miles de agremiados de los sindicatos participantes, el Gobernador Ricardo Gallardo asegur\u00f3 que la creaci\u00f3n de este nuevo congreso traer\u00e1 grandes beneficios para las familias de las y los trabajadores, como m\u00e1s de 3 mil becas de educaci\u00f3n media superior para sus hijas e hijos; 5 mil lotes gratuitos y material para la construcci\u00f3n de viviendas y la extensi\u00f3n de m\u00e1s rutas de la RedMetro para brindar un transporte p\u00fablico seguro, moderno y gratuito que llegar\u00e1 a los centros laborales.<\/p>\n\n\n\n<p> El Gobernador de San Luis Potos\u00ed resalt\u00f3, en este cambio que se vive y se siente, el avance que ha tenido el Estado en infraestructura para que hijas, hijos y familiares de las y los trabajadores tengan mejores condiciones de vida y un entorno digno, esto, con la construcci\u00f3n y rehabilitaci\u00f3n de calles y avenidas de las colonias y comunidades de los municipios; de igual forma, se han construido 500 escuelas nuevas y 150 unidades deportivas en las cuatro regiones de la entidad potosina, respaldando su desarrollo acad\u00e9mico, deportivo y cultural.<\/p>\n\n\n\n<p> El Gobernador Ricardo Gallardo coment\u00f3 que el Congreso Laboral Potos\u00ed busca modernizar el mundo de las y los trabajadores al acercar herramientas de digitalizaci\u00f3n, el nearshoring y la transici\u00f3n energ\u00e9tica; de igual forma, se buscar\u00e1 cumplir con compromisos del T-MEC y la Reforma Laboral 2019 y se contemplar\u00e1 la instalaci\u00f3n de un \u00f3rgano t\u00e9cnico, plural y permanente para anticipar riesgos y formular recomendaciones. Finalmente, Ricardo Galallardo agradeci\u00f3 a los l\u00edderes y agremiados de la Confederaci\u00f3n Regional Obrera Mexicana de San Luis Potos\u00ed (CROM), de la Federaci\u00f3n Internacional de Trabajadores (FIT), de la Confederaci\u00f3n Aut\u00e9ntica de Trabajadores del Estado Potosino (CAT) y al Sindicato de Trabajadores de la Industria Metalmec\u00e1nica en el Estado de San Luis Potos\u00ed (SINERGIA) por mostrar su disposici\u00f3n para trabajar juntos en este nuevo proyecto que beneficiar\u00e1 a la fuerza laboral de San Luis Potos\u00ed.<\/p>\n\n\n\n<p><\/p>\n","protected":false},"excerpt":{"rendered":"<p>Ante un respaldo multitudinario de agremiados de diversos sindicatos, el Gobernador del Estado, adem\u00e1s, les anunci\u00f3 apoyos de 5 mil<\/p>\n","protected":false},"author":2,"featured_media":19214,"comment_status":"closed","ping_status":"closed","sticky":false,"template":"","format":"standard","meta":{"footnotes":""},"categories":[25,30],"tags":[],"class_list":["post-19213","post","type-post","status-publish","format-standard","has-post-thumbnail","hentry","category-local","category-portada"],"yoast_head":"<!-- This site is optimized with the Yoast SEO plugin v24.1 - https:\/\/yoast.com\/wordpress\/plugins\/seo\/ -->\n<title>Ricardo Gallardo brindar\u00e1 becas educativas a hijas e hijos de loos trabajadores - sanluisinforma.com<\/title>\n<meta name=\"robots\" content=\"index, follow, max-snippet:-1, max-image-preview:large, max-video-preview:-1\" \/>\n<link rel=\"canonical\" href=\"https:\/\/sanluisinforma.com\/?p=19213\" \/>\n<meta property=\"og:locale\" content=\"es_MX\" \/>\n<meta property=\"og:type\" content=\"article\" \/>\n<meta property=\"og:title\" content=\"Ricardo Gallardo brindar\u00e1 becas educativas a hijas e hijos de loos trabajadores - sanluisinforma.com\" \/>\n<meta property=\"og:description\" content=\"Ante un respaldo multitudinario de agremiados de diversos sindicatos, el Gobernador del Estado, adem\u00e1s, les anunci\u00f3 apoyos de 5 mil\" \/>\n<meta property=\"og:url\" content=\"https:\/\/sanluisinforma.com\/?p=19213\" \/>\n<meta property=\"og:site_name\" content=\"sanluisinforma.com\" \/>\n<meta property=\"article:published_time\" content=\"2026-05-02T06:55:00+00:00\" \/>\n<meta property=\"article:modified_time\" content=\"2026-05-02T03:55:18+00:00\" \/>\n<meta property=\"og:image\" content=\"https:\/\/sanluisinforma.com\/wp-content\/uploads\/2026\/05\/descda.jpg\" \/>\n\t<meta property=\"og:image:width\" content=\"300\" \/>\n\t<meta property=\"og:image:height\" content=\"168\" \/>\n\t<meta property=\"og:image:type\" content=\"image\/jpeg\" \/>\n<meta name=\"author\" content=\"sanluisinforma.com\" \/>\n<meta name=\"twitter:card\" content=\"summary_large_image\" \/>\n<meta name=\"twitter:label1\" content=\"Escrito por\" \/>\n\t<meta name=\"twitter:data1\" content=\"sanluisinforma.com\" \/>\n\t<meta name=\"twitter:label2\" content=\"Tiempo de lectura\" \/>\n\t<meta name=\"twitter:data2\" content=\"3 minutos\" \/>\n<script type=\"application\/ld+json\" class=\"yoast-schema-graph\">{\"@context\":\"https:\/\/schema.org\",\"@graph\":[{\"@type\":\"Article\",\"@id\":\"https:\/\/sanluisinforma.com\/?p=19213#article\",\"isPartOf\":{\"@id\":\"https:\/\/sanluisinforma.com\/?p=19213\"},\"author\":{\"name\":\"sanluisinforma.com\",\"@id\":\"https:\/\/sanluisinforma.com\/#\/schema\/person\/c30648f71476be533b6f59d092905c8b\"},\"headline\":\"Ricardo Gallardo brindar\u00e1 becas educativas a hijas e hijos de loos trabajadores\",\"datePublished\":\"2026-05-02T06:55:00+00:00\",\"dateModified\":\"2026-05-02T03:55:18+00:00\",\"mainEntityOfPage\":{\"@id\":\"https:\/\/sanluisinforma.com\/?p=19213\"},\"wordCount\":438,\"publisher\":{\"@id\":\"https:\/\/sanluisinforma.com\/#organization\"},\"image\":{\"@id\":\"https:\/\/sanluisinforma.com\/?p=19213#primaryimage\"},\"thumbnailUrl\":\"https:\/\/sanluisinforma.com\/wp-content\/uploads\/2026\/05\/descda.jpg\",\"articleSection\":[\"Local\",\"Portada\"],\"inLanguage\":\"es\"},{\"@type\":\"WebPage\",\"@id\":\"https:\/\/sanluisinforma.com\/?p=19213\",\"url\":\"https:\/\/sanluisinforma.com\/?p=19213\",\"name\":\"Ricardo Gallardo brindar\u00e1 becas educativas a hijas e hijos de loos trabajadores - sanluisinforma.com\",\"isPartOf\":{\"@id\":\"https:\/\/sanluisinforma.com\/#website\"},\"primaryImageOfPage\":{\"@id\":\"https:\/\/sanluisinforma.com\/?p=19213#primaryimage\"},\"image\":{\"@id\":\"https:\/\/sanluisinforma.com\/?p=19213#primaryimage\"},\"thumbnailUrl\":\"https:\/\/sanluisinforma.com\/wp-content\/uploads\/2026\/05\/descda.jpg\",\"datePublished\":\"2026-05-02T06:55:00+00:00\",\"dateModified\":\"2026-05-02T03:55:18+00:00\",\"breadcrumb\":{\"@id\":\"https:\/\/sanluisinforma.com\/?p=19213#breadcrumb\"},\"inLanguage\":\"es\",\"potentialAction\":[{\"@type\":\"ReadAction\",\"target\":[\"https:\/\/sanluisinforma.com\/?p=19213\"]}]},{\"@type\":\"ImageObject\",\"inLanguage\":\"es\",\"@id\":\"https:\/\/sanluisinforma.com\/?p=19213#primaryimage\",\"url\":\"https:\/\/sanluisinforma.com\/wp-content\/uploads\/2026\/05\/descda.jpg\",\"contentUrl\":\"https:\/\/sanluisinforma.com\/wp-content\/uploads\/2026\/05\/descda.jpg\",\"width\":300,\"height\":168},{\"@type\":\"BreadcrumbList\",\"@id\":\"https:\/\/sanluisinforma.com\/?p=19213#breadcrumb\",\"itemListElement\":[{\"@type\":\"ListItem\",\"position\":1,\"name\":\"Inicio\",\"item\":\"https:\/\/sanluisinforma.com\/\"},{\"@type\":\"ListItem\",\"position\":2,\"name\":\"Ricardo Gallardo brindar\u00e1 becas educativas a hijas e hijos de loos trabajadores\"}]},{\"@type\":\"WebSite\",\"@id\":\"https:\/\/sanluisinforma.com\/#website\",\"url\":\"https:\/\/sanluisinforma.com\/\",\"name\":\"sanluisinforma.com\",\"description\":\"Periodico San Luis Informa\",\"publisher\":{\"@id\":\"https:\/\/sanluisinforma.com\/#organization\"},\"potentialAction\":[{\"@type\":\"SearchAction\",\"target\":{\"@type\":\"EntryPoint\",\"urlTemplate\":\"https:\/\/sanluisinforma.com\/?s={search_term_string}\"},\"query-input\":{\"@type\":\"PropertyValueSpecification\",\"valueRequired\":true,\"valueName\":\"search_term_string\"}}],\"inLanguage\":\"es\"},{\"@type\":\"Organization\",\"@id\":\"https:\/\/sanluisinforma.com\/#organization\",\"name\":\"sanluisinforma.com\",\"url\":\"https:\/\/sanluisinforma.com\/\",\"logo\":{\"@type\":\"ImageObject\",\"inLanguage\":\"es\",\"@id\":\"https:\/\/sanluisinforma.com\/#\/schema\/logo\/image\/\",\"url\":\"https:\/\/sanluisinforma.com\/wp-content\/uploads\/2026\/03\/sanluisinforma-V.jpg\",\"contentUrl\":\"https:\/\/sanluisinforma.com\/wp-content\/uploads\/2026\/03\/sanluisinforma-V.jpg\",\"width\":500,\"height\":156,\"caption\":\"sanluisinforma.com\"},\"image\":{\"@id\":\"https:\/\/sanluisinforma.com\/#\/schema\/logo\/image\/\"}},{\"@type\":\"Person\",\"@id\":\"https:\/\/sanluisinforma.com\/#\/schema\/person\/c30648f71476be533b6f59d092905c8b\",\"name\":\"sanluisinforma.com\",\"image\":{\"@type\":\"ImageObject\",\"inLanguage\":\"es\",\"@id\":\"https:\/\/sanluisinforma.com\/#\/schema\/person\/image\/\",\"url\":\"https:\/\/secure.gravatar.com\/avatar\/86e3114e34a1eecefb963e0a02f0093f93b092dddb2fe1517596343751081a87?s=96&d=mm&r=g\",\"contentUrl\":\"https:\/\/secure.gravatar.com\/avatar\/86e3114e34a1eecefb963e0a02f0093f93b092dddb2fe1517596343751081a87?s=96&d=mm&r=g\",\"caption\":\"sanluisinforma.com\"},\"url\":\"https:\/\/sanluisinforma.com\/?author=2\"}]}<\/script>\n<!-- \/ Yoast SEO plugin. -->","yoast_head_json":{"title":"Ricardo Gallardo brindar\u00e1 becas educativas a hijas e hijos de loos trabajadores - sanluisinforma.com","robots":{"index":"index","follow":"follow","max-snippet":"max-snippet:-1","max-image-preview":"max-image-preview:large","max-video-preview":"max-video-preview:-1"},"canonical":"https:\/\/sanluisinforma.com\/?p=19213","og_locale":"es_MX","og_type":"article","og_title":"Ricardo Gallardo brindar\u00e1 becas educativas a hijas e hijos de loos trabajadores - sanluisinforma.com","og_description":"Ante un respaldo multitudinario de agremiados de diversos sindicatos, el Gobernador del Estado, adem\u00e1s, les anunci\u00f3 apoyos de 5 mil","og_url":"https:\/\/sanluisinforma.com\/?p=19213","og_site_name":"sanluisinforma.com","article_published_time":"2026-05-02T06:55:00+00:00","article_modified_time":"2026-05-02T03:55:18+00:00","og_image":[{"width":300,"height":168,"url":"https:\/\/sanluisinforma.com\/wp-content\/uploads\/2026\/05\/descda.jpg","type":"image\/jpeg"}],"author":"sanluisinforma.com","twitter_card":"summary_large_image","twitter_misc":{"Escrito por":"sanluisinforma.com","Tiempo de lectura":"3 minutos"},"schema":{"@context":"https:\/\/schema.org","@graph":[{"@type":"Article","@id":"https:\/\/sanluisinforma.com\/?p=19213#article","isPartOf":{"@id":"https:\/\/sanluisinforma.com\/?p=19213"},"author":{"name":"sanluisinforma.com","@id":"https:\/\/sanluisinforma.com\/#\/schema\/person\/c30648f71476be533b6f59d092905c8b"},"headline":"Ricardo Gallardo brindar\u00e1 becas educativas a hijas e hijos de loos trabajadores","datePublished":"2026-05-02T06:55:00+00:00","dateModified":"2026-05-02T03:55:18+00:00","mainEntityOfPage":{"@id":"https:\/\/sanluisinforma.com\/?p=19213"},"wordCount":438,"publisher":{"@id":"https:\/\/sanluisinforma.com\/#organization"},"image":{"@id":"https:\/\/sanluisinforma.com\/?p=19213#primaryimage"},"thumbnailUrl":"https:\/\/sanluisinforma.com\/wp-content\/uploads\/2026\/05\/descda.jpg","articleSection":["Local","Portada"],"inLanguage":"es"},{"@type":"WebPage","@id":"https:\/\/sanluisinforma.com\/?p=19213","url":"https:\/\/sanluisinforma.com\/?p=19213","name":"Ricardo Gallardo brindar\u00e1 becas educativas a hijas e hijos de loos trabajadores - sanluisinforma.com","isPartOf":{"@id":"https:\/\/sanluisinforma.com\/#website"},"primaryImageOfPage":{"@id":"https:\/\/sanluisinforma.com\/?p=19213#primaryimage"},"image":{"@id":"https:\/\/sanluisinforma.com\/?p=19213#primaryimage"},"thumbnailUrl":"https:\/\/sanluisinforma.com\/wp-content\/uploads\/2026\/05\/descda.jpg","datePublished":"2026-05-02T06:55:00+00:00","dateModified":"2026-05-02T03:55:18+00:00","breadcrumb":{"@id":"https:\/\/sanluisinforma.com\/?p=19213#breadcrumb"},"inLanguage":"es","potentialAction":[{"@type":"ReadAction","target":["https:\/\/sanluisinforma.com\/?p=19213"]}]},{"@type":"ImageObject","inLanguage":"es","@id":"https:\/\/sanluisinforma.com\/?p=19213#primaryimage","url":"https:\/\/sanluisinforma.com\/wp-content\/uploads\/2026\/05\/descda.jpg","contentUrl":"https:\/\/sanluisinforma.com\/wp-content\/uploads\/2026\/05\/descda.jpg","width":300,"height":168},{"@type":"BreadcrumbList","@id":"https:\/\/sanluisinforma.com\/?p=19213#breadcrumb","itemListElement":[{"@type":"ListItem","position":1,"name":"Inicio","item":"https:\/\/sanluisinforma.com\/"},{"@type":"ListItem","position":2,"name":"Ricardo Gallardo brindar\u00e1 becas educativas a hijas e hijos de loos trabajadores"}]},{"@type":"WebSite","@id":"https:\/\/sanluisinforma.com\/#website","url":"https:\/\/sanluisinforma.com\/","name":"sanluisinforma.com","description":"Periodico San Luis Informa","publisher":{"@id":"https:\/\/sanluisinforma.com\/#organization"},"potentialAction":[{"@type":"SearchAction","target":{"@type":"EntryPoint","urlTemplate":"https:\/\/sanluisinforma.com\/?s={search_term_string}"},"query-input":{"@type":"PropertyValueSpecification","valueRequired":true,"valueName":"search_term_string"}}],"inLanguage":"es"},{"@type":"Organization","@id":"https:\/\/sanluisinforma.com\/#organization","name":"sanluisinforma.com","url":"https:\/\/sanluisinforma.com\/","logo":{"@type":"ImageObject","inLanguage":"es","@id":"https:\/\/sanluisinforma.com\/#\/schema\/logo\/image\/","url":"https:\/\/sanluisinforma.com\/wp-content\/uploads\/2026\/03\/sanluisinforma-V.jpg","contentUrl":"https:\/\/sanluisinforma.com\/wp-content\/uploads\/2026\/03\/sanluisinforma-V.jpg","width":500,"height":156,"caption":"sanluisinforma.com"},"image":{"@id":"https:\/\/sanluisinforma.com\/#\/schema\/logo\/image\/"}},{"@type":"Person","@id":"https:\/\/sanluisinforma.com\/#\/schema\/person\/c30648f71476be533b6f59d092905c8b","name":"sanluisinforma.com","image":{"@type":"ImageObject","inLanguage":"es","@id":"https:\/\/sanluisinforma.com\/#\/schema\/person\/image\/","url":"https:\/\/secure.gravatar.com\/avatar\/86e3114e34a1eecefb963e0a02f0093f93b092dddb2fe1517596343751081a87?s=96&d=mm&r=g","contentUrl":"https:\/\/secure.gravatar.com\/avatar\/86e3114e34a1eecefb963e0a02f0093f93b092dddb2fe1517596343751081a87?s=96&d=mm&r=g","caption":"sanluisinforma.com"},"url":"https:\/\/sanluisinforma.com\/?author=2"}]}},"_links":{"self":[{"href":"https:\/\/sanluisinforma.com\/index.php?rest_route=\/wp\/v2\/posts\/19213","targetHints":{"allow":["GET"]}}],"collection":[{"href":"https:\/\/sanluisinforma.com\/index.php?rest_route=\/wp\/v2\/posts"}],"about":[{"href":"https:\/\/sanluisinforma.com\/index.php?rest_route=\/wp\/v2\/types\/post"}],"author":[{"embeddable":true,"href":"https:\/\/sanluisinforma.com\/index.php?rest_route=\/wp\/v2\/users\/2"}],"replies":[{"embeddable":true,"href":"https:\/\/sanluisinforma.com\/index.php?rest_route=%2Fwp%2Fv2%2Fcomments&post=19213"}],"version-history":[{"count":1,"href":"https:\/\/sanluisinforma.com\/index.php?rest_route=\/wp\/v2\/posts\/19213\/revisions"}],"predecessor-version":[{"id":19215,"href":"https:\/\/sanluisinforma.com\/index.php?rest_route=\/wp\/v2\/posts\/19213\/revisions\/19215"}],"wp:featuredmedia":[{"embeddable":true,"href":"https:\/\/sanluisinforma.com\/index.php?rest_route=\/wp\/v2\/media\/19214"}],"wp:attachment":[{"href":"https:\/\/sanluisinforma.com\/index.php?rest_route=%2Fwp%2Fv2%2Fmedia&parent=19213"}],"wp:term":[{"taxonomy":"category","embeddable":true,"href":"https:\/\/sanluisinforma.com\/index.php?rest_route=%2Fwp%2Fv2%2Fcategories&post=19213"},{"taxonomy":"post_tag","embeddable":true,"href":"https:\/\/sanluisinforma.com\/index.php?rest_route=%2Fwp%2Fv2%2Ftags&post=19213"}],"curies":[{"name":"wp","href":"https:\/\/api.w.org\/{rel}","templated":true}]}}