{"id":19228,"date":"2026-05-03T00:50:00","date_gmt":"2026-05-03T06:50:00","guid":{"rendered":"https:\/\/sanluisinforma.com\/?p=19228"},"modified":"2026-05-02T20:28:10","modified_gmt":"2026-05-03T02:28:10","slug":"enrique-galindo-invitado-especial-de-la-ctm-en-el-dia-del-trabajo","status":"publish","type":"post","link":"https:\/\/sanluisinforma.com\/?p=19228","title":{"rendered":"Enrique Galindo invitado especial de la CTM en el D\u00eda del Trabajo"},"content":{"rendered":"\n<p>Enrique Galindo destac\u00f3 la fortaleza del sector obrero y el papel de la organizaci\u00f3n en el desarrollo econ\u00f3mico de San Luis Potos\u00ed, y reconoci\u00f3 la labor de Emilio de Je\u00fas Ramirez al frente de la organizaci\u00f3n sindical.<\/p>\n\n\n\n<p> Ante m\u00e1s de mil l\u00edderes sindicales el alcalde capitalino dijo que existe una fuerte liga hacia la CTM, debido a que su padre fue un miembro activo del movimiento obrero.<\/p>\n\n\n\n<p>En la conmemoraci\u00f3n del D\u00eda del Trabajo, Enrique Galindo Ceballos particip\u00f3 como invitado especial en el evento la Confederaci\u00f3n de Trabajadores de M\u00e9xico (CTM) en San Luis Potos\u00ed, donde se dieron cita m\u00e1s de mil l\u00edderes sindicales de diversas empresas de la entidad. <\/p>\n\n\n\n<p>Durante su intervenci\u00f3n, y destac\u00f3 la importancia del movimiento obrero en el desarrollo econ\u00f3mico y social del estado.<\/p>\n\n\n\n<p>Ante los asistentes, el alcalde record\u00f3 sus ra\u00edces familiares ligadas al sindicalismo, al compartir que su padre fue trabajador y miembro activo de la CTM durante d\u00e9cadas, lo que marc\u00f3 su formaci\u00f3n personal.<\/p>\n\n\n\n<p> En ese sentido, expres\u00f3 que esta organizaci\u00f3n es hist\u00f3ricamente una escuela de vida que forma hombres y mujeres comprometidos con sus comunidades y con el desarrollo de San Luis Potos\u00ed.<\/p>\n\n\n\n<p>En su mensaje, Galindo Ceballos reconoci\u00f3 la trayectoria de Emilio de Jes\u00fas Ram\u00edrez, a quien calific\u00f3 como un gran l\u00edder que ha realizado una labor significativa al frente de la CTM, consolidando a la organizaci\u00f3n como un pilar en la defensa de los derechos laborales y el fortalecimiento de las familias trabajadora y subray\u00f3 que el trabajo de la central no solo se limita a lo sindical, sino que impulsa programas sociales y de apoyo comunitario.<\/p>\n\n\n\n<p>Galindo enfatiz\u00f3 que la fuerza laboral representa la base del crecimiento econ\u00f3mico, al se\u00f1alar que los trabajadores no solo generan riqueza, sino que constituyen la columna vertebral del sector productivo, especialmente en la industria de la transformaci\u00f3n y el cl\u00faster automotriz, a\u00f1adi\u00f3 que el avance del estado y del pa\u00eds depende del esfuerzo conjunto entre gobierno, sindicatos y sector empresarial.<\/p>\n\n\n\n<p>El Presidente Municipal reiter\u00f3 su reconocimiento a la CTM y a sus agremiados, asegurando que el Ayuntamiento continuar\u00e1 trabajando de la mano con el sector obrero para impulsar proyectos en beneficio de las familias potosinas, como la pr\u00f3xima construcci\u00f3n de una guarder\u00eda, adem\u00e1s, llam\u00f3 a mantener la unidad y enfrentar los retos laborales con determinaci\u00f3n.<\/p>\n","protected":false},"excerpt":{"rendered":"<p>Enrique Galindo destac\u00f3 la fortaleza del sector obrero y el papel de la organizaci\u00f3n en el desarrollo econ\u00f3mico de San<\/p>\n","protected":false},"author":2,"featured_media":19229,"comment_status":"closed","ping_status":"closed","sticky":false,"template":"","format":"standard","meta":{"footnotes":""},"categories":[25,30],"tags":[],"class_list":["post-19228","post","type-post","status-publish","format-standard","has-post-thumbnail","hentry","category-local","category-portada"],"yoast_head":"<!-- This site is optimized with the Yoast SEO plugin v24.1 - https:\/\/yoast.com\/wordpress\/plugins\/seo\/ -->\n<title>Enrique Galindo invitado especial de la CTM en el D\u00eda del Trabajo - sanluisinforma.com<\/title>\n<meta name=\"robots\" content=\"index, follow, max-snippet:-1, max-image-preview:large, max-video-preview:-1\" \/>\n<link rel=\"canonical\" href=\"https:\/\/sanluisinforma.com\/?p=19228\" \/>\n<meta property=\"og:locale\" content=\"es_MX\" \/>\n<meta property=\"og:type\" content=\"article\" \/>\n<meta property=\"og:title\" content=\"Enrique Galindo invitado especial de la CTM en el D\u00eda del Trabajo - sanluisinforma.com\" \/>\n<meta property=\"og:description\" content=\"Enrique Galindo destac\u00f3 la fortaleza del sector obrero y el papel de la organizaci\u00f3n en el desarrollo econ\u00f3mico de San\" \/>\n<meta property=\"og:url\" content=\"https:\/\/sanluisinforma.com\/?p=19228\" \/>\n<meta property=\"og:site_name\" content=\"sanluisinforma.com\" \/>\n<meta property=\"article:published_time\" content=\"2026-05-03T06:50:00+00:00\" \/>\n<meta property=\"article:modified_time\" content=\"2026-05-03T02:28:10+00:00\" \/>\n<meta property=\"og:image\" content=\"https:\/\/sanluisinforma.com\/wp-content\/uploads\/2026\/05\/Fot.jpg\" \/>\n\t<meta property=\"og:image:width\" content=\"300\" \/>\n\t<meta property=\"og:image:height\" content=\"241\" \/>\n\t<meta property=\"og:image:type\" content=\"image\/jpeg\" \/>\n<meta name=\"author\" content=\"sanluisinforma.com\" \/>\n<meta name=\"twitter:card\" content=\"summary_large_image\" \/>\n<meta name=\"twitter:label1\" content=\"Escrito por\" \/>\n\t<meta name=\"twitter:data1\" content=\"sanluisinforma.com\" \/>\n\t<meta name=\"twitter:label2\" content=\"Tiempo de lectura\" \/>\n\t<meta name=\"twitter:data2\" content=\"2 minutos\" \/>\n<script type=\"application\/ld+json\" class=\"yoast-schema-graph\">{\"@context\":\"https:\/\/schema.org\",\"@graph\":[{\"@type\":\"Article\",\"@id\":\"https:\/\/sanluisinforma.com\/?p=19228#article\",\"isPartOf\":{\"@id\":\"https:\/\/sanluisinforma.com\/?p=19228\"},\"author\":{\"name\":\"sanluisinforma.com\",\"@id\":\"https:\/\/sanluisinforma.com\/#\/schema\/person\/c30648f71476be533b6f59d092905c8b\"},\"headline\":\"Enrique Galindo invitado especial de la CTM en el D\u00eda del Trabajo\",\"datePublished\":\"2026-05-03T06:50:00+00:00\",\"dateModified\":\"2026-05-03T02:28:10+00:00\",\"mainEntityOfPage\":{\"@id\":\"https:\/\/sanluisinforma.com\/?p=19228\"},\"wordCount\":429,\"publisher\":{\"@id\":\"https:\/\/sanluisinforma.com\/#organization\"},\"image\":{\"@id\":\"https:\/\/sanluisinforma.com\/?p=19228#primaryimage\"},\"thumbnailUrl\":\"https:\/\/sanluisinforma.com\/wp-content\/uploads\/2026\/05\/Fot.jpg\",\"articleSection\":[\"Local\",\"Portada\"],\"inLanguage\":\"es\"},{\"@type\":\"WebPage\",\"@id\":\"https:\/\/sanluisinforma.com\/?p=19228\",\"url\":\"https:\/\/sanluisinforma.com\/?p=19228\",\"name\":\"Enrique Galindo invitado especial de la CTM en el D\u00eda del Trabajo - sanluisinforma.com\",\"isPartOf\":{\"@id\":\"https:\/\/sanluisinforma.com\/#website\"},\"primaryImageOfPage\":{\"@id\":\"https:\/\/sanluisinforma.com\/?p=19228#primaryimage\"},\"image\":{\"@id\":\"https:\/\/sanluisinforma.com\/?p=19228#primaryimage\"},\"thumbnailUrl\":\"https:\/\/sanluisinforma.com\/wp-content\/uploads\/2026\/05\/Fot.jpg\",\"datePublished\":\"2026-05-03T06:50:00+00:00\",\"dateModified\":\"2026-05-03T02:28:10+00:00\",\"breadcrumb\":{\"@id\":\"https:\/\/sanluisinforma.com\/?p=19228#breadcrumb\"},\"inLanguage\":\"es\",\"potentialAction\":[{\"@type\":\"ReadAction\",\"target\":[\"https:\/\/sanluisinforma.com\/?p=19228\"]}]},{\"@type\":\"ImageObject\",\"inLanguage\":\"es\",\"@id\":\"https:\/\/sanluisinforma.com\/?p=19228#primaryimage\",\"url\":\"https:\/\/sanluisinforma.com\/wp-content\/uploads\/2026\/05\/Fot.jpg\",\"contentUrl\":\"https:\/\/sanluisinforma.com\/wp-content\/uploads\/2026\/05\/Fot.jpg\",\"width\":300,\"height\":241},{\"@type\":\"BreadcrumbList\",\"@id\":\"https:\/\/sanluisinforma.com\/?p=19228#breadcrumb\",\"itemListElement\":[{\"@type\":\"ListItem\",\"position\":1,\"name\":\"Inicio\",\"item\":\"https:\/\/sanluisinforma.com\/\"},{\"@type\":\"ListItem\",\"position\":2,\"name\":\"Enrique Galindo invitado especial de la CTM en el D\u00eda del Trabajo\"}]},{\"@type\":\"WebSite\",\"@id\":\"https:\/\/sanluisinforma.com\/#website\",\"url\":\"https:\/\/sanluisinforma.com\/\",\"name\":\"sanluisinforma.com\",\"description\":\"Periodico San Luis Informa\",\"publisher\":{\"@id\":\"https:\/\/sanluisinforma.com\/#organization\"},\"potentialAction\":[{\"@type\":\"SearchAction\",\"target\":{\"@type\":\"EntryPoint\",\"urlTemplate\":\"https:\/\/sanluisinforma.com\/?s={search_term_string}\"},\"query-input\":{\"@type\":\"PropertyValueSpecification\",\"valueRequired\":true,\"valueName\":\"search_term_string\"}}],\"inLanguage\":\"es\"},{\"@type\":\"Organization\",\"@id\":\"https:\/\/sanluisinforma.com\/#organization\",\"name\":\"sanluisinforma.com\",\"url\":\"https:\/\/sanluisinforma.com\/\",\"logo\":{\"@type\":\"ImageObject\",\"inLanguage\":\"es\",\"@id\":\"https:\/\/sanluisinforma.com\/#\/schema\/logo\/image\/\",\"url\":\"https:\/\/sanluisinforma.com\/wp-content\/uploads\/2026\/03\/sanluisinforma-V.jpg\",\"contentUrl\":\"https:\/\/sanluisinforma.com\/wp-content\/uploads\/2026\/03\/sanluisinforma-V.jpg\",\"width\":500,\"height\":156,\"caption\":\"sanluisinforma.com\"},\"image\":{\"@id\":\"https:\/\/sanluisinforma.com\/#\/schema\/logo\/image\/\"}},{\"@type\":\"Person\",\"@id\":\"https:\/\/sanluisinforma.com\/#\/schema\/person\/c30648f71476be533b6f59d092905c8b\",\"name\":\"sanluisinforma.com\",\"image\":{\"@type\":\"ImageObject\",\"inLanguage\":\"es\",\"@id\":\"https:\/\/sanluisinforma.com\/#\/schema\/person\/image\/\",\"url\":\"https:\/\/secure.gravatar.com\/avatar\/86e3114e34a1eecefb963e0a02f0093f93b092dddb2fe1517596343751081a87?s=96&d=mm&r=g\",\"contentUrl\":\"https:\/\/secure.gravatar.com\/avatar\/86e3114e34a1eecefb963e0a02f0093f93b092dddb2fe1517596343751081a87?s=96&d=mm&r=g\",\"caption\":\"sanluisinforma.com\"},\"url\":\"https:\/\/sanluisinforma.com\/?author=2\"}]}<\/script>\n<!-- \/ Yoast SEO plugin. -->","yoast_head_json":{"title":"Enrique Galindo invitado especial de la CTM en el D\u00eda del Trabajo - sanluisinforma.com","robots":{"index":"index","follow":"follow","max-snippet":"max-snippet:-1","max-image-preview":"max-image-preview:large","max-video-preview":"max-video-preview:-1"},"canonical":"https:\/\/sanluisinforma.com\/?p=19228","og_locale":"es_MX","og_type":"article","og_title":"Enrique Galindo invitado especial de la CTM en el D\u00eda del Trabajo - sanluisinforma.com","og_description":"Enrique Galindo destac\u00f3 la fortaleza del sector obrero y el papel de la organizaci\u00f3n en el desarrollo econ\u00f3mico de San","og_url":"https:\/\/sanluisinforma.com\/?p=19228","og_site_name":"sanluisinforma.com","article_published_time":"2026-05-03T06:50:00+00:00","article_modified_time":"2026-05-03T02:28:10+00:00","og_image":[{"width":300,"height":241,"url":"https:\/\/sanluisinforma.com\/wp-content\/uploads\/2026\/05\/Fot.jpg","type":"image\/jpeg"}],"author":"sanluisinforma.com","twitter_card":"summary_large_image","twitter_misc":{"Escrito por":"sanluisinforma.com","Tiempo de lectura":"2 minutos"},"schema":{"@context":"https:\/\/schema.org","@graph":[{"@type":"Article","@id":"https:\/\/sanluisinforma.com\/?p=19228#article","isPartOf":{"@id":"https:\/\/sanluisinforma.com\/?p=19228"},"author":{"name":"sanluisinforma.com","@id":"https:\/\/sanluisinforma.com\/#\/schema\/person\/c30648f71476be533b6f59d092905c8b"},"headline":"Enrique Galindo invitado especial de la CTM en el D\u00eda del Trabajo","datePublished":"2026-05-03T06:50:00+00:00","dateModified":"2026-05-03T02:28:10+00:00","mainEntityOfPage":{"@id":"https:\/\/sanluisinforma.com\/?p=19228"},"wordCount":429,"publisher":{"@id":"https:\/\/sanluisinforma.com\/#organization"},"image":{"@id":"https:\/\/sanluisinforma.com\/?p=19228#primaryimage"},"thumbnailUrl":"https:\/\/sanluisinforma.com\/wp-content\/uploads\/2026\/05\/Fot.jpg","articleSection":["Local","Portada"],"inLanguage":"es"},{"@type":"WebPage","@id":"https:\/\/sanluisinforma.com\/?p=19228","url":"https:\/\/sanluisinforma.com\/?p=19228","name":"Enrique Galindo invitado especial de la CTM en el D\u00eda del Trabajo - sanluisinforma.com","isPartOf":{"@id":"https:\/\/sanluisinforma.com\/#website"},"primaryImageOfPage":{"@id":"https:\/\/sanluisinforma.com\/?p=19228#primaryimage"},"image":{"@id":"https:\/\/sanluisinforma.com\/?p=19228#primaryimage"},"thumbnailUrl":"https:\/\/sanluisinforma.com\/wp-content\/uploads\/2026\/05\/Fot.jpg","datePublished":"2026-05-03T06:50:00+00:00","dateModified":"2026-05-03T02:28:10+00:00","breadcrumb":{"@id":"https:\/\/sanluisinforma.com\/?p=19228#breadcrumb"},"inLanguage":"es","potentialAction":[{"@type":"ReadAction","target":["https:\/\/sanluisinforma.com\/?p=19228"]}]},{"@type":"ImageObject","inLanguage":"es","@id":"https:\/\/sanluisinforma.com\/?p=19228#primaryimage","url":"https:\/\/sanluisinforma.com\/wp-content\/uploads\/2026\/05\/Fot.jpg","contentUrl":"https:\/\/sanluisinforma.com\/wp-content\/uploads\/2026\/05\/Fot.jpg","width":300,"height":241},{"@type":"BreadcrumbList","@id":"https:\/\/sanluisinforma.com\/?p=19228#breadcrumb","itemListElement":[{"@type":"ListItem","position":1,"name":"Inicio","item":"https:\/\/sanluisinforma.com\/"},{"@type":"ListItem","position":2,"name":"Enrique Galindo invitado especial de la CTM en el D\u00eda del Trabajo"}]},{"@type":"WebSite","@id":"https:\/\/sanluisinforma.com\/#website","url":"https:\/\/sanluisinforma.com\/","name":"sanluisinforma.com","description":"Periodico San Luis Informa","publisher":{"@id":"https:\/\/sanluisinforma.com\/#organization"},"potentialAction":[{"@type":"SearchAction","target":{"@type":"EntryPoint","urlTemplate":"https:\/\/sanluisinforma.com\/?s={search_term_string}"},"query-input":{"@type":"PropertyValueSpecification","valueRequired":true,"valueName":"search_term_string"}}],"inLanguage":"es"},{"@type":"Organization","@id":"https:\/\/sanluisinforma.com\/#organization","name":"sanluisinforma.com","url":"https:\/\/sanluisinforma.com\/","logo":{"@type":"ImageObject","inLanguage":"es","@id":"https:\/\/sanluisinforma.com\/#\/schema\/logo\/image\/","url":"https:\/\/sanluisinforma.com\/wp-content\/uploads\/2026\/03\/sanluisinforma-V.jpg","contentUrl":"https:\/\/sanluisinforma.com\/wp-content\/uploads\/2026\/03\/sanluisinforma-V.jpg","width":500,"height":156,"caption":"sanluisinforma.com"},"image":{"@id":"https:\/\/sanluisinforma.com\/#\/schema\/logo\/image\/"}},{"@type":"Person","@id":"https:\/\/sanluisinforma.com\/#\/schema\/person\/c30648f71476be533b6f59d092905c8b","name":"sanluisinforma.com","image":{"@type":"ImageObject","inLanguage":"es","@id":"https:\/\/sanluisinforma.com\/#\/schema\/person\/image\/","url":"https:\/\/secure.gravatar.com\/avatar\/86e3114e34a1eecefb963e0a02f0093f93b092dddb2fe1517596343751081a87?s=96&d=mm&r=g","contentUrl":"https:\/\/secure.gravatar.com\/avatar\/86e3114e34a1eecefb963e0a02f0093f93b092dddb2fe1517596343751081a87?s=96&d=mm&r=g","caption":"sanluisinforma.com"},"url":"https:\/\/sanluisinforma.com\/?author=2"}]}},"_links":{"self":[{"href":"https:\/\/sanluisinforma.com\/index.php?rest_route=\/wp\/v2\/posts\/19228","targetHints":{"allow":["GET"]}}],"collection":[{"href":"https:\/\/sanluisinforma.com\/index.php?rest_route=\/wp\/v2\/posts"}],"about":[{"href":"https:\/\/sanluisinforma.com\/index.php?rest_route=\/wp\/v2\/types\/post"}],"author":[{"embeddable":true,"href":"https:\/\/sanluisinforma.com\/index.php?rest_route=\/wp\/v2\/users\/2"}],"replies":[{"embeddable":true,"href":"https:\/\/sanluisinforma.com\/index.php?rest_route=%2Fwp%2Fv2%2Fcomments&post=19228"}],"version-history":[{"count":1,"href":"https:\/\/sanluisinforma.com\/index.php?rest_route=\/wp\/v2\/posts\/19228\/revisions"}],"predecessor-version":[{"id":19230,"href":"https:\/\/sanluisinforma.com\/index.php?rest_route=\/wp\/v2\/posts\/19228\/revisions\/19230"}],"wp:featuredmedia":[{"embeddable":true,"href":"https:\/\/sanluisinforma.com\/index.php?rest_route=\/wp\/v2\/media\/19229"}],"wp:attachment":[{"href":"https:\/\/sanluisinforma.com\/index.php?rest_route=%2Fwp%2Fv2%2Fmedia&parent=19228"}],"wp:term":[{"taxonomy":"category","embeddable":true,"href":"https:\/\/sanluisinforma.com\/index.php?rest_route=%2Fwp%2Fv2%2Fcategories&post=19228"},{"taxonomy":"post_tag","embeddable":true,"href":"https:\/\/sanluisinforma.com\/index.php?rest_route=%2Fwp%2Fv2%2Ftags&post=19228"}],"curies":[{"name":"wp","href":"https:\/\/api.w.org\/{rel}","templated":true}]}}