{"id":19231,"date":"2026-05-03T00:45:00","date_gmt":"2026-05-03T06:45:00","guid":{"rendered":"https:\/\/sanluisinforma.com\/?p=19231"},"modified":"2026-05-02T20:28:23","modified_gmt":"2026-05-03T02:28:23","slug":"alcalde-galindo-arranca-la-feria-del-taco","status":"publish","type":"post","link":"https:\/\/sanluisinforma.com\/?p=19231","title":{"rendered":"Alcalde Galindo arranca la Feria del Taco"},"content":{"rendered":"\n<p><\/p>\n\n\n\n<p>En la Alameda Juan Sarabia m\u00e1s de 50 taquer\u00edas se instalaron para benepl\u00e1cito de los potosinos, \u201ceventos como estos estimulan la econom\u00eda, son un atractivo para los visitantes y se ofrece un espacio accesible para las familias potosinas\u201d, se\u00f1al\u00f3 el Alcalde.<\/p>\n\n\n\n<p>El presidente municipal Enrique Galindo Ceballos inaugur\u00f3 la primera Feria Municipal del Taco, un evento que re\u00fane a m\u00e1s de 50 taquer\u00edas en la Alameda Juan Sarabia, consolid\u00e1ndose como un espacio para promover la gastronom\u00eda local y fortalecer la econom\u00eda de peque\u00f1os y medianos negocios del sector alimenticio.<\/p>\n\n\n\n<p>Durante el arranque, el alcalde destac\u00f3 que esta iniciativa fue organizada desde semanas atr\u00e1s por la Direcci\u00f3n de Turismo Municipal en coordinaci\u00f3n con el regidor Jorge Zavala, con el objetivo de ofrecer a la ciudadan\u00eda un evento atractivo que enaltezca uno de los platillos m\u00e1s representativos de M\u00e9xico. <\/p>\n\n\n\n<p>Subray\u00f3 que desde la ma\u00f1ana de este s\u00e1bado se registr\u00f3 una importante afluencia de visitantes.<\/p>\n\n\n\n<p>Galindo Ceballos se\u00f1al\u00f3 que en esta feria no solo participan taqueros de la capital potosina, sino tambi\u00e9n expositores provenientes de municipios cercanos como Soledad de Graciano S\u00e1nchez y Villa de Pozos, lo que ampl\u00eda la oferta gastron\u00f3mica y fortalece la integraci\u00f3n regional en este tipo de actividades.<\/p>\n\n\n\n<p>El edil resalt\u00f3 que, adem\u00e1s de la venta de alimentos, se organizaron concursos como el de las mejores salsas y los mejores tacos al pastor, lo que a\u00f1adi\u00f3 un elemento de competencia y convivencia entre los participantes.<\/p>\n\n\n\n<p>Y afirm\u00f3 que el \u00e9xito de esta primera edici\u00f3n abre la puerta para que la Feria Municipal del Taco se consolide como una tradici\u00f3n anual en San Luis Potos\u00ed.participan en este evento gastron\u00f3mico que busca impulsar la econom\u00eda local y promover la riqueza culinaria potosina.<\/p>\n","protected":false},"excerpt":{"rendered":"<p>En la Alameda Juan Sarabia m\u00e1s de 50 taquer\u00edas se instalaron para benepl\u00e1cito de los potosinos, \u201ceventos como estos estimulan<\/p>\n","protected":false},"author":2,"featured_media":19232,"comment_status":"closed","ping_status":"closed","sticky":false,"template":"","format":"standard","meta":{"footnotes":""},"categories":[25,30],"tags":[],"class_list":["post-19231","post","type-post","status-publish","format-standard","has-post-thumbnail","hentry","category-local","category-portada"],"yoast_head":"<!-- This site is optimized with the Yoast SEO plugin v24.1 - https:\/\/yoast.com\/wordpress\/plugins\/seo\/ -->\n<title>Alcalde Galindo arranca la Feria del Taco - sanluisinforma.com<\/title>\n<meta name=\"robots\" content=\"index, follow, max-snippet:-1, max-image-preview:large, max-video-preview:-1\" \/>\n<link rel=\"canonical\" href=\"https:\/\/sanluisinforma.com\/?p=19231\" \/>\n<meta property=\"og:locale\" content=\"es_MX\" \/>\n<meta property=\"og:type\" content=\"article\" \/>\n<meta property=\"og:title\" content=\"Alcalde Galindo arranca la Feria del Taco - sanluisinforma.com\" \/>\n<meta property=\"og:description\" content=\"En la Alameda Juan Sarabia m\u00e1s de 50 taquer\u00edas se instalaron para benepl\u00e1cito de los potosinos, \u201ceventos como estos estimulan\" \/>\n<meta property=\"og:url\" content=\"https:\/\/sanluisinforma.com\/?p=19231\" \/>\n<meta property=\"og:site_name\" content=\"sanluisinforma.com\" \/>\n<meta property=\"article:published_time\" content=\"2026-05-03T06:45:00+00:00\" \/>\n<meta property=\"article:modified_time\" content=\"2026-05-03T02:28:23+00:00\" \/>\n<meta property=\"og:image\" content=\"https:\/\/sanluisinforma.com\/wp-content\/uploads\/2026\/05\/desc-3.jpg\" \/>\n\t<meta property=\"og:image:width\" content=\"300\" \/>\n\t<meta property=\"og:image:height\" content=\"199\" \/>\n\t<meta property=\"og:image:type\" content=\"image\/jpeg\" \/>\n<meta name=\"author\" content=\"sanluisinforma.com\" \/>\n<meta name=\"twitter:card\" content=\"summary_large_image\" \/>\n<meta name=\"twitter:label1\" content=\"Escrito por\" \/>\n\t<meta name=\"twitter:data1\" content=\"sanluisinforma.com\" \/>\n\t<meta name=\"twitter:label2\" content=\"Tiempo de lectura\" \/>\n\t<meta name=\"twitter:data2\" content=\"2 minutos\" \/>\n<script type=\"application\/ld+json\" class=\"yoast-schema-graph\">{\"@context\":\"https:\/\/schema.org\",\"@graph\":[{\"@type\":\"Article\",\"@id\":\"https:\/\/sanluisinforma.com\/?p=19231#article\",\"isPartOf\":{\"@id\":\"https:\/\/sanluisinforma.com\/?p=19231\"},\"author\":{\"name\":\"sanluisinforma.com\",\"@id\":\"https:\/\/sanluisinforma.com\/#\/schema\/person\/c30648f71476be533b6f59d092905c8b\"},\"headline\":\"Alcalde Galindo arranca la Feria del Taco\",\"datePublished\":\"2026-05-03T06:45:00+00:00\",\"dateModified\":\"2026-05-03T02:28:23+00:00\",\"mainEntityOfPage\":{\"@id\":\"https:\/\/sanluisinforma.com\/?p=19231\"},\"wordCount\":319,\"publisher\":{\"@id\":\"https:\/\/sanluisinforma.com\/#organization\"},\"image\":{\"@id\":\"https:\/\/sanluisinforma.com\/?p=19231#primaryimage\"},\"thumbnailUrl\":\"https:\/\/sanluisinforma.com\/wp-content\/uploads\/2026\/05\/desc-3.jpg\",\"articleSection\":[\"Local\",\"Portada\"],\"inLanguage\":\"es\"},{\"@type\":\"WebPage\",\"@id\":\"https:\/\/sanluisinforma.com\/?p=19231\",\"url\":\"https:\/\/sanluisinforma.com\/?p=19231\",\"name\":\"Alcalde Galindo arranca la Feria del Taco - sanluisinforma.com\",\"isPartOf\":{\"@id\":\"https:\/\/sanluisinforma.com\/#website\"},\"primaryImageOfPage\":{\"@id\":\"https:\/\/sanluisinforma.com\/?p=19231#primaryimage\"},\"image\":{\"@id\":\"https:\/\/sanluisinforma.com\/?p=19231#primaryimage\"},\"thumbnailUrl\":\"https:\/\/sanluisinforma.com\/wp-content\/uploads\/2026\/05\/desc-3.jpg\",\"datePublished\":\"2026-05-03T06:45:00+00:00\",\"dateModified\":\"2026-05-03T02:28:23+00:00\",\"breadcrumb\":{\"@id\":\"https:\/\/sanluisinforma.com\/?p=19231#breadcrumb\"},\"inLanguage\":\"es\",\"potentialAction\":[{\"@type\":\"ReadAction\",\"target\":[\"https:\/\/sanluisinforma.com\/?p=19231\"]}]},{\"@type\":\"ImageObject\",\"inLanguage\":\"es\",\"@id\":\"https:\/\/sanluisinforma.com\/?p=19231#primaryimage\",\"url\":\"https:\/\/sanluisinforma.com\/wp-content\/uploads\/2026\/05\/desc-3.jpg\",\"contentUrl\":\"https:\/\/sanluisinforma.com\/wp-content\/uploads\/2026\/05\/desc-3.jpg\",\"width\":300,\"height\":199},{\"@type\":\"BreadcrumbList\",\"@id\":\"https:\/\/sanluisinforma.com\/?p=19231#breadcrumb\",\"itemListElement\":[{\"@type\":\"ListItem\",\"position\":1,\"name\":\"Inicio\",\"item\":\"https:\/\/sanluisinforma.com\/\"},{\"@type\":\"ListItem\",\"position\":2,\"name\":\"Alcalde Galindo arranca la Feria del Taco\"}]},{\"@type\":\"WebSite\",\"@id\":\"https:\/\/sanluisinforma.com\/#website\",\"url\":\"https:\/\/sanluisinforma.com\/\",\"name\":\"sanluisinforma.com\",\"description\":\"Periodico San Luis Informa\",\"publisher\":{\"@id\":\"https:\/\/sanluisinforma.com\/#organization\"},\"potentialAction\":[{\"@type\":\"SearchAction\",\"target\":{\"@type\":\"EntryPoint\",\"urlTemplate\":\"https:\/\/sanluisinforma.com\/?s={search_term_string}\"},\"query-input\":{\"@type\":\"PropertyValueSpecification\",\"valueRequired\":true,\"valueName\":\"search_term_string\"}}],\"inLanguage\":\"es\"},{\"@type\":\"Organization\",\"@id\":\"https:\/\/sanluisinforma.com\/#organization\",\"name\":\"sanluisinforma.com\",\"url\":\"https:\/\/sanluisinforma.com\/\",\"logo\":{\"@type\":\"ImageObject\",\"inLanguage\":\"es\",\"@id\":\"https:\/\/sanluisinforma.com\/#\/schema\/logo\/image\/\",\"url\":\"https:\/\/sanluisinforma.com\/wp-content\/uploads\/2026\/03\/sanluisinforma-V.jpg\",\"contentUrl\":\"https:\/\/sanluisinforma.com\/wp-content\/uploads\/2026\/03\/sanluisinforma-V.jpg\",\"width\":500,\"height\":156,\"caption\":\"sanluisinforma.com\"},\"image\":{\"@id\":\"https:\/\/sanluisinforma.com\/#\/schema\/logo\/image\/\"}},{\"@type\":\"Person\",\"@id\":\"https:\/\/sanluisinforma.com\/#\/schema\/person\/c30648f71476be533b6f59d092905c8b\",\"name\":\"sanluisinforma.com\",\"image\":{\"@type\":\"ImageObject\",\"inLanguage\":\"es\",\"@id\":\"https:\/\/sanluisinforma.com\/#\/schema\/person\/image\/\",\"url\":\"https:\/\/secure.gravatar.com\/avatar\/86e3114e34a1eecefb963e0a02f0093f93b092dddb2fe1517596343751081a87?s=96&d=mm&r=g\",\"contentUrl\":\"https:\/\/secure.gravatar.com\/avatar\/86e3114e34a1eecefb963e0a02f0093f93b092dddb2fe1517596343751081a87?s=96&d=mm&r=g\",\"caption\":\"sanluisinforma.com\"},\"url\":\"https:\/\/sanluisinforma.com\/?author=2\"}]}<\/script>\n<!-- \/ Yoast SEO plugin. -->","yoast_head_json":{"title":"Alcalde Galindo arranca la Feria del Taco - sanluisinforma.com","robots":{"index":"index","follow":"follow","max-snippet":"max-snippet:-1","max-image-preview":"max-image-preview:large","max-video-preview":"max-video-preview:-1"},"canonical":"https:\/\/sanluisinforma.com\/?p=19231","og_locale":"es_MX","og_type":"article","og_title":"Alcalde Galindo arranca la Feria del Taco - sanluisinforma.com","og_description":"En la Alameda Juan Sarabia m\u00e1s de 50 taquer\u00edas se instalaron para benepl\u00e1cito de los potosinos, \u201ceventos como estos estimulan","og_url":"https:\/\/sanluisinforma.com\/?p=19231","og_site_name":"sanluisinforma.com","article_published_time":"2026-05-03T06:45:00+00:00","article_modified_time":"2026-05-03T02:28:23+00:00","og_image":[{"width":300,"height":199,"url":"https:\/\/sanluisinforma.com\/wp-content\/uploads\/2026\/05\/desc-3.jpg","type":"image\/jpeg"}],"author":"sanluisinforma.com","twitter_card":"summary_large_image","twitter_misc":{"Escrito por":"sanluisinforma.com","Tiempo de lectura":"2 minutos"},"schema":{"@context":"https:\/\/schema.org","@graph":[{"@type":"Article","@id":"https:\/\/sanluisinforma.com\/?p=19231#article","isPartOf":{"@id":"https:\/\/sanluisinforma.com\/?p=19231"},"author":{"name":"sanluisinforma.com","@id":"https:\/\/sanluisinforma.com\/#\/schema\/person\/c30648f71476be533b6f59d092905c8b"},"headline":"Alcalde Galindo arranca la Feria del Taco","datePublished":"2026-05-03T06:45:00+00:00","dateModified":"2026-05-03T02:28:23+00:00","mainEntityOfPage":{"@id":"https:\/\/sanluisinforma.com\/?p=19231"},"wordCount":319,"publisher":{"@id":"https:\/\/sanluisinforma.com\/#organization"},"image":{"@id":"https:\/\/sanluisinforma.com\/?p=19231#primaryimage"},"thumbnailUrl":"https:\/\/sanluisinforma.com\/wp-content\/uploads\/2026\/05\/desc-3.jpg","articleSection":["Local","Portada"],"inLanguage":"es"},{"@type":"WebPage","@id":"https:\/\/sanluisinforma.com\/?p=19231","url":"https:\/\/sanluisinforma.com\/?p=19231","name":"Alcalde Galindo arranca la Feria del Taco - sanluisinforma.com","isPartOf":{"@id":"https:\/\/sanluisinforma.com\/#website"},"primaryImageOfPage":{"@id":"https:\/\/sanluisinforma.com\/?p=19231#primaryimage"},"image":{"@id":"https:\/\/sanluisinforma.com\/?p=19231#primaryimage"},"thumbnailUrl":"https:\/\/sanluisinforma.com\/wp-content\/uploads\/2026\/05\/desc-3.jpg","datePublished":"2026-05-03T06:45:00+00:00","dateModified":"2026-05-03T02:28:23+00:00","breadcrumb":{"@id":"https:\/\/sanluisinforma.com\/?p=19231#breadcrumb"},"inLanguage":"es","potentialAction":[{"@type":"ReadAction","target":["https:\/\/sanluisinforma.com\/?p=19231"]}]},{"@type":"ImageObject","inLanguage":"es","@id":"https:\/\/sanluisinforma.com\/?p=19231#primaryimage","url":"https:\/\/sanluisinforma.com\/wp-content\/uploads\/2026\/05\/desc-3.jpg","contentUrl":"https:\/\/sanluisinforma.com\/wp-content\/uploads\/2026\/05\/desc-3.jpg","width":300,"height":199},{"@type":"BreadcrumbList","@id":"https:\/\/sanluisinforma.com\/?p=19231#breadcrumb","itemListElement":[{"@type":"ListItem","position":1,"name":"Inicio","item":"https:\/\/sanluisinforma.com\/"},{"@type":"ListItem","position":2,"name":"Alcalde Galindo arranca la Feria del Taco"}]},{"@type":"WebSite","@id":"https:\/\/sanluisinforma.com\/#website","url":"https:\/\/sanluisinforma.com\/","name":"sanluisinforma.com","description":"Periodico San Luis Informa","publisher":{"@id":"https:\/\/sanluisinforma.com\/#organization"},"potentialAction":[{"@type":"SearchAction","target":{"@type":"EntryPoint","urlTemplate":"https:\/\/sanluisinforma.com\/?s={search_term_string}"},"query-input":{"@type":"PropertyValueSpecification","valueRequired":true,"valueName":"search_term_string"}}],"inLanguage":"es"},{"@type":"Organization","@id":"https:\/\/sanluisinforma.com\/#organization","name":"sanluisinforma.com","url":"https:\/\/sanluisinforma.com\/","logo":{"@type":"ImageObject","inLanguage":"es","@id":"https:\/\/sanluisinforma.com\/#\/schema\/logo\/image\/","url":"https:\/\/sanluisinforma.com\/wp-content\/uploads\/2026\/03\/sanluisinforma-V.jpg","contentUrl":"https:\/\/sanluisinforma.com\/wp-content\/uploads\/2026\/03\/sanluisinforma-V.jpg","width":500,"height":156,"caption":"sanluisinforma.com"},"image":{"@id":"https:\/\/sanluisinforma.com\/#\/schema\/logo\/image\/"}},{"@type":"Person","@id":"https:\/\/sanluisinforma.com\/#\/schema\/person\/c30648f71476be533b6f59d092905c8b","name":"sanluisinforma.com","image":{"@type":"ImageObject","inLanguage":"es","@id":"https:\/\/sanluisinforma.com\/#\/schema\/person\/image\/","url":"https:\/\/secure.gravatar.com\/avatar\/86e3114e34a1eecefb963e0a02f0093f93b092dddb2fe1517596343751081a87?s=96&d=mm&r=g","contentUrl":"https:\/\/secure.gravatar.com\/avatar\/86e3114e34a1eecefb963e0a02f0093f93b092dddb2fe1517596343751081a87?s=96&d=mm&r=g","caption":"sanluisinforma.com"},"url":"https:\/\/sanluisinforma.com\/?author=2"}]}},"_links":{"self":[{"href":"https:\/\/sanluisinforma.com\/index.php?rest_route=\/wp\/v2\/posts\/19231","targetHints":{"allow":["GET"]}}],"collection":[{"href":"https:\/\/sanluisinforma.com\/index.php?rest_route=\/wp\/v2\/posts"}],"about":[{"href":"https:\/\/sanluisinforma.com\/index.php?rest_route=\/wp\/v2\/types\/post"}],"author":[{"embeddable":true,"href":"https:\/\/sanluisinforma.com\/index.php?rest_route=\/wp\/v2\/users\/2"}],"replies":[{"embeddable":true,"href":"https:\/\/sanluisinforma.com\/index.php?rest_route=%2Fwp%2Fv2%2Fcomments&post=19231"}],"version-history":[{"count":1,"href":"https:\/\/sanluisinforma.com\/index.php?rest_route=\/wp\/v2\/posts\/19231\/revisions"}],"predecessor-version":[{"id":19233,"href":"https:\/\/sanluisinforma.com\/index.php?rest_route=\/wp\/v2\/posts\/19231\/revisions\/19233"}],"wp:featuredmedia":[{"embeddable":true,"href":"https:\/\/sanluisinforma.com\/index.php?rest_route=\/wp\/v2\/media\/19232"}],"wp:attachment":[{"href":"https:\/\/sanluisinforma.com\/index.php?rest_route=%2Fwp%2Fv2%2Fmedia&parent=19231"}],"wp:term":[{"taxonomy":"category","embeddable":true,"href":"https:\/\/sanluisinforma.com\/index.php?rest_route=%2Fwp%2Fv2%2Fcategories&post=19231"},{"taxonomy":"post_tag","embeddable":true,"href":"https:\/\/sanluisinforma.com\/index.php?rest_route=%2Fwp%2Fv2%2Ftags&post=19231"}],"curies":[{"name":"wp","href":"https:\/\/api.w.org\/{rel}","templated":true}]}}