{"id":2096,"date":"2023-11-05T00:50:00","date_gmt":"2023-11-05T06:50:00","guid":{"rendered":"https:\/\/sanluisinforma.com\/?p=2096"},"modified":"2023-11-04T19:40:30","modified_gmt":"2023-11-05T01:40:30","slug":"en-conmemoracion-de-fundacion-de-san-luis-capital-alcalde-galindo-cancela-timbre-postal","status":"publish","type":"post","link":"https:\/\/sanluisinforma.com\/?p=2096","title":{"rendered":"En conmemoraci\u00f3n de Fundaci\u00f3n de San Luis Capital, Alcalde Galindo cancela timbre postal"},"content":{"rendered":"\n<ul class=\"wp-block-list\">\n<li>El Presidente Municipal subray\u00f3 que este evento implica arte, cultura e institucionalidad, adem\u00e1s de refrendar la alianza del Gobierno con la ciudadan\u00eda.<\/li>\n\n\n\n<li>La directora de Sepomex, Roc\u00edo B\u00e1rcena, resalt\u00f3 que esta Estampilla de SLP llegar\u00e1 a m\u00e1s de 190 pa\u00edses, donde ya la esperan.<\/li>\n<\/ul>\n\n\n\n<p>En ceremonia p\u00fablica de cancelaci\u00f3n del timbre postal por el 430 Aniversario de la Fundaci\u00f3n de nuestra Ciudad, el Alcalde Enrique Galindo Ceballos resalt\u00f3 que este acto se escribe en la historia de San Luis Potos\u00ed en el \u00e1mbito nacional e internacional, en un evento conmemorativo que suma arte, cultura e institucionalidad.<\/p>\n\n\n\n<p>El Presidente Municipal de San Luis Potos\u00ed record\u00f3 que el Servicio Postal Mexicano (Sepomex) elabor\u00f3 este timbre conmemorativo para la Capital potosina y aprovech\u00f3 para hacer un reconocimiento especial a las y los carteros que hoy en d\u00eda, reparten la correspondencia a todos los hogares.<\/p>\n\n\n\n<p>Frente al Palacio Municipal, el Alcalde Enrique Galindo Ceballos reafirm\u00f3 que esta cancelaci\u00f3n del timbre se queda escrito en Actas de Cabildo \u201cpero adem\u00e1s esta ceremonia en Plaza de Armas es para atestiguar con la poblaci\u00f3n, la alianza que mantenemos como Ayuntamiento, adem\u00e1s de ser aliados del Gobierno Federal y as\u00ed como en otros \u00e1mbitos nos coordinamos, ahora tambi\u00e9n logramos esta cancelaci\u00f3n de timbre&#8221;.El Presidente Municipal pidi\u00f3 seguir con la solidaridad a favor de la gente de Guerrero, por lo que habr\u00e1 m\u00e1s apoyos del Gobierno de la Capital del S\u00ed.<\/p>\n\n\n\n<p>La Directora General de Sepomex, Roc\u00edo B\u00e1rcena Molina, dijo que &#8220;es un honor ser parte de la celebraci\u00f3n por la Fundaci\u00f3n de la Ciudad, por lo que a partir de esta cancelaci\u00f3n, la imagen de San Luis Potos\u00ed viajar\u00e1 a 192 paises del mundo, donde muchas personas ya la est\u00e1n esperando&#8221; .<\/p>\n\n\n\n<p>A\u00f1adi\u00f3 que as\u00ed como el Servicio Postal Mexicano tiene un amplio antecedente, &#8220;San Luis Potos\u00ed est\u00e1 tambi\u00e9n lleno de historias, y por supuesto que nuestra vidas est\u00e1n marcadas por una carta. Sepomex tiene una gran presencia aqu\u00ed y cubrimos la misi\u00f3n de comunicar a todas y todos&#8221;.&nbsp; B\u00e1rcena Molina resalt\u00f3 la cultura de la filatelia, &#8220;puesto que los timbres se vuelven embajadores de los pa\u00edses y hoy San Luis, se suma no s\u00f3lo a la Filatelia Mexicana sino mundial, por eso, a partir de las 200 mil estampillas&nbsp; San Luis Potos\u00ed viajar\u00e1 a muchas naciones&#8221;. Igualmente, reconoci\u00f3 al Alcalde, Enrique Galindo Ceballos por su trabajo y su acercamiento con la poblaci\u00f3n potosina.<\/p>\n\n\n\n<p>El Director de Cultura Municipal, Daniel Garc\u00eda \u00c1lvarez de la Llera, resalt\u00f3 las actividades realizadas por el Aniversario de la Ciudad, y remarc\u00f3 que con esta Estampilla se refrendar\u00e1 la identidad de las potosinas y potosinos, adem\u00e1s se le dar\u00e1 nombre en M\u00e9xico y el mundo a San Luis Potos\u00ed, adem\u00e1s de generar ya un gran inter\u00e9s entre las personas coleccionistas.<\/p>\n\n\n\n<p>Integrantes del Cabildo; la Presidenta del DIF Municipal, Estela Arriaga y representantes del Gabinete Municipal e invitados especiales, as\u00ed como la artista, Karina Tapia, cuya imagen fue la seleccionada para esta Estampilla que muestra la Plaza de Aranzaz\u00fa, sellaron, es decir, cancelaron varias estampillas, adem\u00e1s se distribuyeron regaladas varias decenas de \u00e9stas al p\u00fablico asistente a la Plaza de Armas.<\/p>\n","protected":false},"excerpt":{"rendered":"<p>En ceremonia p\u00fablica de cancelaci\u00f3n del timbre postal por el 430 Aniversario de la Fundaci\u00f3n de nuestra Ciudad, el Alcalde<\/p>\n","protected":false},"author":2,"featured_media":2098,"comment_status":"open","ping_status":"open","sticky":false,"template":"","format":"standard","meta":{"footnotes":""},"categories":[25,30],"tags":[],"class_list":["post-2096","post","type-post","status-publish","format-standard","has-post-thumbnail","hentry","category-local","category-portada"],"yoast_head":"<!-- This site is optimized with the Yoast SEO plugin v24.1 - https:\/\/yoast.com\/wordpress\/plugins\/seo\/ -->\n<title>En conmemoraci\u00f3n de Fundaci\u00f3n de San Luis Capital, Alcalde Galindo cancela timbre postal - sanluisinforma.com<\/title>\n<meta name=\"robots\" content=\"index, follow, max-snippet:-1, max-image-preview:large, max-video-preview:-1\" \/>\n<link rel=\"canonical\" href=\"https:\/\/sanluisinforma.com\/?p=2096\" \/>\n<meta property=\"og:locale\" content=\"es_MX\" \/>\n<meta property=\"og:type\" content=\"article\" \/>\n<meta property=\"og:title\" content=\"En conmemoraci\u00f3n de Fundaci\u00f3n de San Luis Capital, Alcalde Galindo cancela timbre postal - sanluisinforma.com\" \/>\n<meta property=\"og:description\" content=\"En ceremonia p\u00fablica de cancelaci\u00f3n del timbre postal por el 430 Aniversario de la Fundaci\u00f3n de nuestra Ciudad, el Alcalde\" \/>\n<meta property=\"og:url\" content=\"https:\/\/sanluisinforma.com\/?p=2096\" \/>\n<meta property=\"og:site_name\" content=\"sanluisinforma.com\" \/>\n<meta property=\"article:published_time\" content=\"2023-11-05T06:50:00+00:00\" \/>\n<meta property=\"article:modified_time\" content=\"2023-11-05T01:40:30+00:00\" \/>\n<meta property=\"og:image\" content=\"https:\/\/sanluisinforma.com\/wp-content\/uploads\/2023\/11\/5a09ff4f-d4e9-4706-8d50-46515ca8bed9.jpg\" \/>\n\t<meta property=\"og:image:width\" content=\"520\" \/>\n\t<meta property=\"og:image:height\" content=\"346\" \/>\n\t<meta property=\"og:image:type\" content=\"image\/jpeg\" \/>\n<meta name=\"author\" content=\"sanluisinforma.com\" \/>\n<meta name=\"twitter:card\" content=\"summary_large_image\" \/>\n<meta name=\"twitter:label1\" content=\"Escrito por\" \/>\n\t<meta name=\"twitter:data1\" content=\"sanluisinforma.com\" \/>\n\t<meta name=\"twitter:label2\" content=\"Tiempo de lectura\" \/>\n\t<meta name=\"twitter:data2\" content=\"3 minutos\" \/>\n<script type=\"application\/ld+json\" class=\"yoast-schema-graph\">{\"@context\":\"https:\/\/schema.org\",\"@graph\":[{\"@type\":\"Article\",\"@id\":\"https:\/\/sanluisinforma.com\/?p=2096#article\",\"isPartOf\":{\"@id\":\"https:\/\/sanluisinforma.com\/?p=2096\"},\"author\":{\"name\":\"sanluisinforma.com\",\"@id\":\"https:\/\/sanluisinforma.com\/#\/schema\/person\/c30648f71476be533b6f59d092905c8b\"},\"headline\":\"En conmemoraci\u00f3n de Fundaci\u00f3n de San Luis Capital, Alcalde Galindo cancela timbre postal\",\"datePublished\":\"2023-11-05T06:50:00+00:00\",\"dateModified\":\"2023-11-05T01:40:30+00:00\",\"mainEntityOfPage\":{\"@id\":\"https:\/\/sanluisinforma.com\/?p=2096\"},\"wordCount\":568,\"commentCount\":0,\"publisher\":{\"@id\":\"https:\/\/sanluisinforma.com\/#organization\"},\"image\":{\"@id\":\"https:\/\/sanluisinforma.com\/?p=2096#primaryimage\"},\"thumbnailUrl\":\"https:\/\/sanluisinforma.com\/wp-content\/uploads\/2023\/11\/5a09ff4f-d4e9-4706-8d50-46515ca8bed9.jpg\",\"articleSection\":[\"Local\",\"Portada\"],\"inLanguage\":\"es\",\"potentialAction\":[{\"@type\":\"CommentAction\",\"name\":\"Comment\",\"target\":[\"https:\/\/sanluisinforma.com\/?p=2096#respond\"]}]},{\"@type\":\"WebPage\",\"@id\":\"https:\/\/sanluisinforma.com\/?p=2096\",\"url\":\"https:\/\/sanluisinforma.com\/?p=2096\",\"name\":\"En conmemoraci\u00f3n de Fundaci\u00f3n de San Luis Capital, Alcalde Galindo cancela timbre postal - sanluisinforma.com\",\"isPartOf\":{\"@id\":\"https:\/\/sanluisinforma.com\/#website\"},\"primaryImageOfPage\":{\"@id\":\"https:\/\/sanluisinforma.com\/?p=2096#primaryimage\"},\"image\":{\"@id\":\"https:\/\/sanluisinforma.com\/?p=2096#primaryimage\"},\"thumbnailUrl\":\"https:\/\/sanluisinforma.com\/wp-content\/uploads\/2023\/11\/5a09ff4f-d4e9-4706-8d50-46515ca8bed9.jpg\",\"datePublished\":\"2023-11-05T06:50:00+00:00\",\"dateModified\":\"2023-11-05T01:40:30+00:00\",\"breadcrumb\":{\"@id\":\"https:\/\/sanluisinforma.com\/?p=2096#breadcrumb\"},\"inLanguage\":\"es\",\"potentialAction\":[{\"@type\":\"ReadAction\",\"target\":[\"https:\/\/sanluisinforma.com\/?p=2096\"]}]},{\"@type\":\"ImageObject\",\"inLanguage\":\"es\",\"@id\":\"https:\/\/sanluisinforma.com\/?p=2096#primaryimage\",\"url\":\"https:\/\/sanluisinforma.com\/wp-content\/uploads\/2023\/11\/5a09ff4f-d4e9-4706-8d50-46515ca8bed9.jpg\",\"contentUrl\":\"https:\/\/sanluisinforma.com\/wp-content\/uploads\/2023\/11\/5a09ff4f-d4e9-4706-8d50-46515ca8bed9.jpg\",\"width\":520,\"height\":346},{\"@type\":\"BreadcrumbList\",\"@id\":\"https:\/\/sanluisinforma.com\/?p=2096#breadcrumb\",\"itemListElement\":[{\"@type\":\"ListItem\",\"position\":1,\"name\":\"Inicio\",\"item\":\"https:\/\/sanluisinforma.com\/\"},{\"@type\":\"ListItem\",\"position\":2,\"name\":\"En conmemoraci\u00f3n de Fundaci\u00f3n de San Luis Capital, Alcalde Galindo cancela timbre postal\"}]},{\"@type\":\"WebSite\",\"@id\":\"https:\/\/sanluisinforma.com\/#website\",\"url\":\"https:\/\/sanluisinforma.com\/\",\"name\":\"sanluisinforma.com\",\"description\":\"Periodico San Luis Informa\",\"publisher\":{\"@id\":\"https:\/\/sanluisinforma.com\/#organization\"},\"potentialAction\":[{\"@type\":\"SearchAction\",\"target\":{\"@type\":\"EntryPoint\",\"urlTemplate\":\"https:\/\/sanluisinforma.com\/?s={search_term_string}\"},\"query-input\":{\"@type\":\"PropertyValueSpecification\",\"valueRequired\":true,\"valueName\":\"search_term_string\"}}],\"inLanguage\":\"es\"},{\"@type\":\"Organization\",\"@id\":\"https:\/\/sanluisinforma.com\/#organization\",\"name\":\"sanluisinforma.com\",\"url\":\"https:\/\/sanluisinforma.com\/\",\"logo\":{\"@type\":\"ImageObject\",\"inLanguage\":\"es\",\"@id\":\"https:\/\/sanluisinforma.com\/#\/schema\/logo\/image\/\",\"url\":\"https:\/\/sanluisinforma.com\/wp-content\/uploads\/2026\/03\/sanluisinforma-V.jpg\",\"contentUrl\":\"https:\/\/sanluisinforma.com\/wp-content\/uploads\/2026\/03\/sanluisinforma-V.jpg\",\"width\":500,\"height\":156,\"caption\":\"sanluisinforma.com\"},\"image\":{\"@id\":\"https:\/\/sanluisinforma.com\/#\/schema\/logo\/image\/\"}},{\"@type\":\"Person\",\"@id\":\"https:\/\/sanluisinforma.com\/#\/schema\/person\/c30648f71476be533b6f59d092905c8b\",\"name\":\"sanluisinforma.com\",\"image\":{\"@type\":\"ImageObject\",\"inLanguage\":\"es\",\"@id\":\"https:\/\/sanluisinforma.com\/#\/schema\/person\/image\/\",\"url\":\"https:\/\/secure.gravatar.com\/avatar\/86e3114e34a1eecefb963e0a02f0093f93b092dddb2fe1517596343751081a87?s=96&d=mm&r=g\",\"contentUrl\":\"https:\/\/secure.gravatar.com\/avatar\/86e3114e34a1eecefb963e0a02f0093f93b092dddb2fe1517596343751081a87?s=96&d=mm&r=g\",\"caption\":\"sanluisinforma.com\"},\"url\":\"https:\/\/sanluisinforma.com\/?author=2\"}]}<\/script>\n<!-- \/ Yoast SEO plugin. -->","yoast_head_json":{"title":"En conmemoraci\u00f3n de Fundaci\u00f3n de San Luis Capital, Alcalde Galindo cancela timbre postal - sanluisinforma.com","robots":{"index":"index","follow":"follow","max-snippet":"max-snippet:-1","max-image-preview":"max-image-preview:large","max-video-preview":"max-video-preview:-1"},"canonical":"https:\/\/sanluisinforma.com\/?p=2096","og_locale":"es_MX","og_type":"article","og_title":"En conmemoraci\u00f3n de Fundaci\u00f3n de San Luis Capital, Alcalde Galindo cancela timbre postal - sanluisinforma.com","og_description":"En ceremonia p\u00fablica de cancelaci\u00f3n del timbre postal por el 430 Aniversario de la Fundaci\u00f3n de nuestra Ciudad, el Alcalde","og_url":"https:\/\/sanluisinforma.com\/?p=2096","og_site_name":"sanluisinforma.com","article_published_time":"2023-11-05T06:50:00+00:00","article_modified_time":"2023-11-05T01:40:30+00:00","og_image":[{"width":520,"height":346,"url":"https:\/\/sanluisinforma.com\/wp-content\/uploads\/2023\/11\/5a09ff4f-d4e9-4706-8d50-46515ca8bed9.jpg","type":"image\/jpeg"}],"author":"sanluisinforma.com","twitter_card":"summary_large_image","twitter_misc":{"Escrito por":"sanluisinforma.com","Tiempo de lectura":"3 minutos"},"schema":{"@context":"https:\/\/schema.org","@graph":[{"@type":"Article","@id":"https:\/\/sanluisinforma.com\/?p=2096#article","isPartOf":{"@id":"https:\/\/sanluisinforma.com\/?p=2096"},"author":{"name":"sanluisinforma.com","@id":"https:\/\/sanluisinforma.com\/#\/schema\/person\/c30648f71476be533b6f59d092905c8b"},"headline":"En conmemoraci\u00f3n de Fundaci\u00f3n de San Luis Capital, Alcalde Galindo cancela timbre postal","datePublished":"2023-11-05T06:50:00+00:00","dateModified":"2023-11-05T01:40:30+00:00","mainEntityOfPage":{"@id":"https:\/\/sanluisinforma.com\/?p=2096"},"wordCount":568,"commentCount":0,"publisher":{"@id":"https:\/\/sanluisinforma.com\/#organization"},"image":{"@id":"https:\/\/sanluisinforma.com\/?p=2096#primaryimage"},"thumbnailUrl":"https:\/\/sanluisinforma.com\/wp-content\/uploads\/2023\/11\/5a09ff4f-d4e9-4706-8d50-46515ca8bed9.jpg","articleSection":["Local","Portada"],"inLanguage":"es","potentialAction":[{"@type":"CommentAction","name":"Comment","target":["https:\/\/sanluisinforma.com\/?p=2096#respond"]}]},{"@type":"WebPage","@id":"https:\/\/sanluisinforma.com\/?p=2096","url":"https:\/\/sanluisinforma.com\/?p=2096","name":"En conmemoraci\u00f3n de Fundaci\u00f3n de San Luis Capital, Alcalde Galindo cancela timbre postal - sanluisinforma.com","isPartOf":{"@id":"https:\/\/sanluisinforma.com\/#website"},"primaryImageOfPage":{"@id":"https:\/\/sanluisinforma.com\/?p=2096#primaryimage"},"image":{"@id":"https:\/\/sanluisinforma.com\/?p=2096#primaryimage"},"thumbnailUrl":"https:\/\/sanluisinforma.com\/wp-content\/uploads\/2023\/11\/5a09ff4f-d4e9-4706-8d50-46515ca8bed9.jpg","datePublished":"2023-11-05T06:50:00+00:00","dateModified":"2023-11-05T01:40:30+00:00","breadcrumb":{"@id":"https:\/\/sanluisinforma.com\/?p=2096#breadcrumb"},"inLanguage":"es","potentialAction":[{"@type":"ReadAction","target":["https:\/\/sanluisinforma.com\/?p=2096"]}]},{"@type":"ImageObject","inLanguage":"es","@id":"https:\/\/sanluisinforma.com\/?p=2096#primaryimage","url":"https:\/\/sanluisinforma.com\/wp-content\/uploads\/2023\/11\/5a09ff4f-d4e9-4706-8d50-46515ca8bed9.jpg","contentUrl":"https:\/\/sanluisinforma.com\/wp-content\/uploads\/2023\/11\/5a09ff4f-d4e9-4706-8d50-46515ca8bed9.jpg","width":520,"height":346},{"@type":"BreadcrumbList","@id":"https:\/\/sanluisinforma.com\/?p=2096#breadcrumb","itemListElement":[{"@type":"ListItem","position":1,"name":"Inicio","item":"https:\/\/sanluisinforma.com\/"},{"@type":"ListItem","position":2,"name":"En conmemoraci\u00f3n de Fundaci\u00f3n de San Luis Capital, Alcalde Galindo cancela timbre postal"}]},{"@type":"WebSite","@id":"https:\/\/sanluisinforma.com\/#website","url":"https:\/\/sanluisinforma.com\/","name":"sanluisinforma.com","description":"Periodico San Luis Informa","publisher":{"@id":"https:\/\/sanluisinforma.com\/#organization"},"potentialAction":[{"@type":"SearchAction","target":{"@type":"EntryPoint","urlTemplate":"https:\/\/sanluisinforma.com\/?s={search_term_string}"},"query-input":{"@type":"PropertyValueSpecification","valueRequired":true,"valueName":"search_term_string"}}],"inLanguage":"es"},{"@type":"Organization","@id":"https:\/\/sanluisinforma.com\/#organization","name":"sanluisinforma.com","url":"https:\/\/sanluisinforma.com\/","logo":{"@type":"ImageObject","inLanguage":"es","@id":"https:\/\/sanluisinforma.com\/#\/schema\/logo\/image\/","url":"https:\/\/sanluisinforma.com\/wp-content\/uploads\/2026\/03\/sanluisinforma-V.jpg","contentUrl":"https:\/\/sanluisinforma.com\/wp-content\/uploads\/2026\/03\/sanluisinforma-V.jpg","width":500,"height":156,"caption":"sanluisinforma.com"},"image":{"@id":"https:\/\/sanluisinforma.com\/#\/schema\/logo\/image\/"}},{"@type":"Person","@id":"https:\/\/sanluisinforma.com\/#\/schema\/person\/c30648f71476be533b6f59d092905c8b","name":"sanluisinforma.com","image":{"@type":"ImageObject","inLanguage":"es","@id":"https:\/\/sanluisinforma.com\/#\/schema\/person\/image\/","url":"https:\/\/secure.gravatar.com\/avatar\/86e3114e34a1eecefb963e0a02f0093f93b092dddb2fe1517596343751081a87?s=96&d=mm&r=g","contentUrl":"https:\/\/secure.gravatar.com\/avatar\/86e3114e34a1eecefb963e0a02f0093f93b092dddb2fe1517596343751081a87?s=96&d=mm&r=g","caption":"sanluisinforma.com"},"url":"https:\/\/sanluisinforma.com\/?author=2"}]}},"_links":{"self":[{"href":"https:\/\/sanluisinforma.com\/index.php?rest_route=\/wp\/v2\/posts\/2096","targetHints":{"allow":["GET"]}}],"collection":[{"href":"https:\/\/sanluisinforma.com\/index.php?rest_route=\/wp\/v2\/posts"}],"about":[{"href":"https:\/\/sanluisinforma.com\/index.php?rest_route=\/wp\/v2\/types\/post"}],"author":[{"embeddable":true,"href":"https:\/\/sanluisinforma.com\/index.php?rest_route=\/wp\/v2\/users\/2"}],"replies":[{"embeddable":true,"href":"https:\/\/sanluisinforma.com\/index.php?rest_route=%2Fwp%2Fv2%2Fcomments&post=2096"}],"version-history":[{"count":1,"href":"https:\/\/sanluisinforma.com\/index.php?rest_route=\/wp\/v2\/posts\/2096\/revisions"}],"predecessor-version":[{"id":2099,"href":"https:\/\/sanluisinforma.com\/index.php?rest_route=\/wp\/v2\/posts\/2096\/revisions\/2099"}],"wp:featuredmedia":[{"embeddable":true,"href":"https:\/\/sanluisinforma.com\/index.php?rest_route=\/wp\/v2\/media\/2098"}],"wp:attachment":[{"href":"https:\/\/sanluisinforma.com\/index.php?rest_route=%2Fwp%2Fv2%2Fmedia&parent=2096"}],"wp:term":[{"taxonomy":"category","embeddable":true,"href":"https:\/\/sanluisinforma.com\/index.php?rest_route=%2Fwp%2Fv2%2Fcategories&post=2096"},{"taxonomy":"post_tag","embeddable":true,"href":"https:\/\/sanluisinforma.com\/index.php?rest_route=%2Fwp%2Fv2%2Ftags&post=2096"}],"curies":[{"name":"wp","href":"https:\/\/api.w.org\/{rel}","templated":true}]}}