{"id":2100,"date":"2023-11-05T00:45:00","date_gmt":"2023-11-05T06:45:00","guid":{"rendered":"https:\/\/sanluisinforma.com\/?p=2100"},"modified":"2023-11-04T20:25:52","modified_gmt":"2023-11-05T02:25:52","slug":"gracias-a-todos-los-y-las-que-se-sumaron-con-sus-donativos-para-los-damnificados-por-otis-estela-arriaga-presidenta-dif-municipal","status":"publish","type":"post","link":"https:\/\/sanluisinforma.com\/?p=2100","title":{"rendered":"&#8220;Gracias a todos los y las que se sumaron con sus donativos para los damnificados por Otis&#8221;: Estela Arriaga, Presidenta DIF Municipal"},"content":{"rendered":"\n<p>V\u00edveres y diversos art\u00edculos se entregaron a Protecci\u00f3n Civil Municipal para su traslado.<\/p>\n\n\n\n<p>SLP.- La Presidenta del Sistema Municipal DIF, Estela Arriaga M\u00e1rquez, agradeci\u00f3 el apoyo que brind\u00f3 la poblaci\u00f3n potosina en favor de las personas damnificadas por el hurac\u00e1n &#8220;Otis&#8221;, categor\u00eda 5, que recientemente afect\u00f3 las costas de Guerrero.<\/p>\n\n\n\n<p>&#8220;Agradezco la gran respuesta que tuvimos en cuanto abrimos el Centro de Acopio para reunir ropa, calzado, art\u00edculos de higiene \u00edntima y personal, agua embotellada, cobijas y alimentos no perecederos. Siempre es posible apoyar a quienes menos tienen y una vez m\u00e1s, las y los potosinos dieron muestra de su solidaridad y apoyo&#8221;, dijo la titular del organismo, Estela Arriaga.<\/p>\n\n\n\n<p>Agreg\u00f3 que conforme llegan los donativos al DIF de San Luis Capital, estos se revisan y clasifican para una mejor entrega a las y los beneficiarios: &#8220;nos cercioramos de que est\u00e9n en buen estado y limpios, todo se clasifica para que en situaciones de emergencia, se haga una entrega m\u00e1s r\u00e1pida a quien lo requiera&#8221;, puntualiz\u00f3.<\/p>\n\n\n\n<p>La coordinaci\u00f3n para hacer llegar los v\u00edveres y dem\u00e1s productos, se hizo con Protecci\u00f3n Civil Municipal, dependencia que trasladar\u00e1 al lugar de los hechos a llevar los donativos antes mencionados.<\/p>\n","protected":false},"excerpt":{"rendered":"<p>V\u00edveres y diversos art\u00edculos se entregaron a Protecci\u00f3n Civil Municipal para su traslado. SLP.- La Presidenta del Sistema Municipal DIF,<\/p>\n","protected":false},"author":2,"featured_media":2101,"comment_status":"open","ping_status":"open","sticky":false,"template":"","format":"standard","meta":{"footnotes":""},"categories":[25,30],"tags":[],"class_list":["post-2100","post","type-post","status-publish","format-standard","has-post-thumbnail","hentry","category-local","category-portada"],"yoast_head":"<!-- This site is optimized with the Yoast SEO plugin v24.1 - https:\/\/yoast.com\/wordpress\/plugins\/seo\/ -->\n<title>&quot;Gracias a todos los y las que se sumaron con sus donativos para los damnificados por Otis&quot;: Estela Arriaga, Presidenta DIF Municipal - sanluisinforma.com<\/title>\n<meta name=\"robots\" content=\"index, follow, max-snippet:-1, max-image-preview:large, max-video-preview:-1\" \/>\n<link rel=\"canonical\" href=\"https:\/\/sanluisinforma.com\/?p=2100\" \/>\n<meta property=\"og:locale\" content=\"es_MX\" \/>\n<meta property=\"og:type\" content=\"article\" \/>\n<meta property=\"og:title\" content=\"&quot;Gracias a todos los y las que se sumaron con sus donativos para los damnificados por Otis&quot;: Estela Arriaga, Presidenta DIF Municipal - sanluisinforma.com\" \/>\n<meta property=\"og:description\" content=\"V\u00edveres y diversos art\u00edculos se entregaron a Protecci\u00f3n Civil Municipal para su traslado. SLP.- La Presidenta del Sistema Municipal DIF,\" \/>\n<meta property=\"og:url\" content=\"https:\/\/sanluisinforma.com\/?p=2100\" \/>\n<meta property=\"og:site_name\" content=\"sanluisinforma.com\" \/>\n<meta property=\"article:published_time\" content=\"2023-11-05T06:45:00+00:00\" \/>\n<meta property=\"article:modified_time\" content=\"2023-11-05T02:25:52+00:00\" \/>\n<meta property=\"og:image\" content=\"https:\/\/sanluisinforma.com\/wp-content\/uploads\/2023\/11\/e4dfc56d-aba9-455a-b12b-1c8597c59400.jpg\" \/>\n\t<meta property=\"og:image:width\" content=\"520\" \/>\n\t<meta property=\"og:image:height\" content=\"390\" \/>\n\t<meta property=\"og:image:type\" content=\"image\/jpeg\" \/>\n<meta name=\"author\" content=\"sanluisinforma.com\" \/>\n<meta name=\"twitter:card\" content=\"summary_large_image\" \/>\n<meta name=\"twitter:label1\" content=\"Escrito por\" \/>\n\t<meta name=\"twitter:data1\" content=\"sanluisinforma.com\" \/>\n\t<meta name=\"twitter:label2\" content=\"Tiempo de lectura\" \/>\n\t<meta name=\"twitter:data2\" content=\"1 minuto\" \/>\n<script type=\"application\/ld+json\" class=\"yoast-schema-graph\">{\"@context\":\"https:\/\/schema.org\",\"@graph\":[{\"@type\":\"Article\",\"@id\":\"https:\/\/sanluisinforma.com\/?p=2100#article\",\"isPartOf\":{\"@id\":\"https:\/\/sanluisinforma.com\/?p=2100\"},\"author\":{\"name\":\"sanluisinforma.com\",\"@id\":\"https:\/\/sanluisinforma.com\/#\/schema\/person\/c30648f71476be533b6f59d092905c8b\"},\"headline\":\"&#8220;Gracias a todos los y las que se sumaron con sus donativos para los damnificados por Otis&#8221;: Estela Arriaga, Presidenta DIF Municipal\",\"datePublished\":\"2023-11-05T06:45:00+00:00\",\"dateModified\":\"2023-11-05T02:25:52+00:00\",\"mainEntityOfPage\":{\"@id\":\"https:\/\/sanluisinforma.com\/?p=2100\"},\"wordCount\":234,\"commentCount\":0,\"publisher\":{\"@id\":\"https:\/\/sanluisinforma.com\/#organization\"},\"image\":{\"@id\":\"https:\/\/sanluisinforma.com\/?p=2100#primaryimage\"},\"thumbnailUrl\":\"https:\/\/sanluisinforma.com\/wp-content\/uploads\/2023\/11\/e4dfc56d-aba9-455a-b12b-1c8597c59400.jpg\",\"articleSection\":[\"Local\",\"Portada\"],\"inLanguage\":\"es\",\"potentialAction\":[{\"@type\":\"CommentAction\",\"name\":\"Comment\",\"target\":[\"https:\/\/sanluisinforma.com\/?p=2100#respond\"]}]},{\"@type\":\"WebPage\",\"@id\":\"https:\/\/sanluisinforma.com\/?p=2100\",\"url\":\"https:\/\/sanluisinforma.com\/?p=2100\",\"name\":\"\\\"Gracias a todos los y las que se sumaron con sus donativos para los damnificados por Otis\\\": Estela Arriaga, Presidenta DIF Municipal - sanluisinforma.com\",\"isPartOf\":{\"@id\":\"https:\/\/sanluisinforma.com\/#website\"},\"primaryImageOfPage\":{\"@id\":\"https:\/\/sanluisinforma.com\/?p=2100#primaryimage\"},\"image\":{\"@id\":\"https:\/\/sanluisinforma.com\/?p=2100#primaryimage\"},\"thumbnailUrl\":\"https:\/\/sanluisinforma.com\/wp-content\/uploads\/2023\/11\/e4dfc56d-aba9-455a-b12b-1c8597c59400.jpg\",\"datePublished\":\"2023-11-05T06:45:00+00:00\",\"dateModified\":\"2023-11-05T02:25:52+00:00\",\"breadcrumb\":{\"@id\":\"https:\/\/sanluisinforma.com\/?p=2100#breadcrumb\"},\"inLanguage\":\"es\",\"potentialAction\":[{\"@type\":\"ReadAction\",\"target\":[\"https:\/\/sanluisinforma.com\/?p=2100\"]}]},{\"@type\":\"ImageObject\",\"inLanguage\":\"es\",\"@id\":\"https:\/\/sanluisinforma.com\/?p=2100#primaryimage\",\"url\":\"https:\/\/sanluisinforma.com\/wp-content\/uploads\/2023\/11\/e4dfc56d-aba9-455a-b12b-1c8597c59400.jpg\",\"contentUrl\":\"https:\/\/sanluisinforma.com\/wp-content\/uploads\/2023\/11\/e4dfc56d-aba9-455a-b12b-1c8597c59400.jpg\",\"width\":520,\"height\":390},{\"@type\":\"BreadcrumbList\",\"@id\":\"https:\/\/sanluisinforma.com\/?p=2100#breadcrumb\",\"itemListElement\":[{\"@type\":\"ListItem\",\"position\":1,\"name\":\"Inicio\",\"item\":\"https:\/\/sanluisinforma.com\/\"},{\"@type\":\"ListItem\",\"position\":2,\"name\":\"&#8220;Gracias a todos los y las que se sumaron con sus donativos para los damnificados por Otis&#8221;: Estela Arriaga, Presidenta DIF Municipal\"}]},{\"@type\":\"WebSite\",\"@id\":\"https:\/\/sanluisinforma.com\/#website\",\"url\":\"https:\/\/sanluisinforma.com\/\",\"name\":\"sanluisinforma.com\",\"description\":\"Periodico San Luis Informa\",\"publisher\":{\"@id\":\"https:\/\/sanluisinforma.com\/#organization\"},\"potentialAction\":[{\"@type\":\"SearchAction\",\"target\":{\"@type\":\"EntryPoint\",\"urlTemplate\":\"https:\/\/sanluisinforma.com\/?s={search_term_string}\"},\"query-input\":{\"@type\":\"PropertyValueSpecification\",\"valueRequired\":true,\"valueName\":\"search_term_string\"}}],\"inLanguage\":\"es\"},{\"@type\":\"Organization\",\"@id\":\"https:\/\/sanluisinforma.com\/#organization\",\"name\":\"sanluisinforma.com\",\"url\":\"https:\/\/sanluisinforma.com\/\",\"logo\":{\"@type\":\"ImageObject\",\"inLanguage\":\"es\",\"@id\":\"https:\/\/sanluisinforma.com\/#\/schema\/logo\/image\/\",\"url\":\"https:\/\/sanluisinforma.com\/wp-content\/uploads\/2026\/03\/sanluisinforma-V.jpg\",\"contentUrl\":\"https:\/\/sanluisinforma.com\/wp-content\/uploads\/2026\/03\/sanluisinforma-V.jpg\",\"width\":500,\"height\":156,\"caption\":\"sanluisinforma.com\"},\"image\":{\"@id\":\"https:\/\/sanluisinforma.com\/#\/schema\/logo\/image\/\"}},{\"@type\":\"Person\",\"@id\":\"https:\/\/sanluisinforma.com\/#\/schema\/person\/c30648f71476be533b6f59d092905c8b\",\"name\":\"sanluisinforma.com\",\"image\":{\"@type\":\"ImageObject\",\"inLanguage\":\"es\",\"@id\":\"https:\/\/sanluisinforma.com\/#\/schema\/person\/image\/\",\"url\":\"https:\/\/secure.gravatar.com\/avatar\/86e3114e34a1eecefb963e0a02f0093f93b092dddb2fe1517596343751081a87?s=96&d=mm&r=g\",\"contentUrl\":\"https:\/\/secure.gravatar.com\/avatar\/86e3114e34a1eecefb963e0a02f0093f93b092dddb2fe1517596343751081a87?s=96&d=mm&r=g\",\"caption\":\"sanluisinforma.com\"},\"url\":\"https:\/\/sanluisinforma.com\/?author=2\"}]}<\/script>\n<!-- \/ Yoast SEO plugin. -->","yoast_head_json":{"title":"\"Gracias a todos los y las que se sumaron con sus donativos para los damnificados por Otis\": Estela Arriaga, Presidenta DIF Municipal - sanluisinforma.com","robots":{"index":"index","follow":"follow","max-snippet":"max-snippet:-1","max-image-preview":"max-image-preview:large","max-video-preview":"max-video-preview:-1"},"canonical":"https:\/\/sanluisinforma.com\/?p=2100","og_locale":"es_MX","og_type":"article","og_title":"\"Gracias a todos los y las que se sumaron con sus donativos para los damnificados por Otis\": Estela Arriaga, Presidenta DIF Municipal - sanluisinforma.com","og_description":"V\u00edveres y diversos art\u00edculos se entregaron a Protecci\u00f3n Civil Municipal para su traslado. SLP.- La Presidenta del Sistema Municipal DIF,","og_url":"https:\/\/sanluisinforma.com\/?p=2100","og_site_name":"sanluisinforma.com","article_published_time":"2023-11-05T06:45:00+00:00","article_modified_time":"2023-11-05T02:25:52+00:00","og_image":[{"width":520,"height":390,"url":"https:\/\/sanluisinforma.com\/wp-content\/uploads\/2023\/11\/e4dfc56d-aba9-455a-b12b-1c8597c59400.jpg","type":"image\/jpeg"}],"author":"sanluisinforma.com","twitter_card":"summary_large_image","twitter_misc":{"Escrito por":"sanluisinforma.com","Tiempo de lectura":"1 minuto"},"schema":{"@context":"https:\/\/schema.org","@graph":[{"@type":"Article","@id":"https:\/\/sanluisinforma.com\/?p=2100#article","isPartOf":{"@id":"https:\/\/sanluisinforma.com\/?p=2100"},"author":{"name":"sanluisinforma.com","@id":"https:\/\/sanluisinforma.com\/#\/schema\/person\/c30648f71476be533b6f59d092905c8b"},"headline":"&#8220;Gracias a todos los y las que se sumaron con sus donativos para los damnificados por Otis&#8221;: Estela Arriaga, Presidenta DIF Municipal","datePublished":"2023-11-05T06:45:00+00:00","dateModified":"2023-11-05T02:25:52+00:00","mainEntityOfPage":{"@id":"https:\/\/sanluisinforma.com\/?p=2100"},"wordCount":234,"commentCount":0,"publisher":{"@id":"https:\/\/sanluisinforma.com\/#organization"},"image":{"@id":"https:\/\/sanluisinforma.com\/?p=2100#primaryimage"},"thumbnailUrl":"https:\/\/sanluisinforma.com\/wp-content\/uploads\/2023\/11\/e4dfc56d-aba9-455a-b12b-1c8597c59400.jpg","articleSection":["Local","Portada"],"inLanguage":"es","potentialAction":[{"@type":"CommentAction","name":"Comment","target":["https:\/\/sanluisinforma.com\/?p=2100#respond"]}]},{"@type":"WebPage","@id":"https:\/\/sanluisinforma.com\/?p=2100","url":"https:\/\/sanluisinforma.com\/?p=2100","name":"\"Gracias a todos los y las que se sumaron con sus donativos para los damnificados por Otis\": Estela Arriaga, Presidenta DIF Municipal - sanluisinforma.com","isPartOf":{"@id":"https:\/\/sanluisinforma.com\/#website"},"primaryImageOfPage":{"@id":"https:\/\/sanluisinforma.com\/?p=2100#primaryimage"},"image":{"@id":"https:\/\/sanluisinforma.com\/?p=2100#primaryimage"},"thumbnailUrl":"https:\/\/sanluisinforma.com\/wp-content\/uploads\/2023\/11\/e4dfc56d-aba9-455a-b12b-1c8597c59400.jpg","datePublished":"2023-11-05T06:45:00+00:00","dateModified":"2023-11-05T02:25:52+00:00","breadcrumb":{"@id":"https:\/\/sanluisinforma.com\/?p=2100#breadcrumb"},"inLanguage":"es","potentialAction":[{"@type":"ReadAction","target":["https:\/\/sanluisinforma.com\/?p=2100"]}]},{"@type":"ImageObject","inLanguage":"es","@id":"https:\/\/sanluisinforma.com\/?p=2100#primaryimage","url":"https:\/\/sanluisinforma.com\/wp-content\/uploads\/2023\/11\/e4dfc56d-aba9-455a-b12b-1c8597c59400.jpg","contentUrl":"https:\/\/sanluisinforma.com\/wp-content\/uploads\/2023\/11\/e4dfc56d-aba9-455a-b12b-1c8597c59400.jpg","width":520,"height":390},{"@type":"BreadcrumbList","@id":"https:\/\/sanluisinforma.com\/?p=2100#breadcrumb","itemListElement":[{"@type":"ListItem","position":1,"name":"Inicio","item":"https:\/\/sanluisinforma.com\/"},{"@type":"ListItem","position":2,"name":"&#8220;Gracias a todos los y las que se sumaron con sus donativos para los damnificados por Otis&#8221;: Estela Arriaga, Presidenta DIF Municipal"}]},{"@type":"WebSite","@id":"https:\/\/sanluisinforma.com\/#website","url":"https:\/\/sanluisinforma.com\/","name":"sanluisinforma.com","description":"Periodico San Luis Informa","publisher":{"@id":"https:\/\/sanluisinforma.com\/#organization"},"potentialAction":[{"@type":"SearchAction","target":{"@type":"EntryPoint","urlTemplate":"https:\/\/sanluisinforma.com\/?s={search_term_string}"},"query-input":{"@type":"PropertyValueSpecification","valueRequired":true,"valueName":"search_term_string"}}],"inLanguage":"es"},{"@type":"Organization","@id":"https:\/\/sanluisinforma.com\/#organization","name":"sanluisinforma.com","url":"https:\/\/sanluisinforma.com\/","logo":{"@type":"ImageObject","inLanguage":"es","@id":"https:\/\/sanluisinforma.com\/#\/schema\/logo\/image\/","url":"https:\/\/sanluisinforma.com\/wp-content\/uploads\/2026\/03\/sanluisinforma-V.jpg","contentUrl":"https:\/\/sanluisinforma.com\/wp-content\/uploads\/2026\/03\/sanluisinforma-V.jpg","width":500,"height":156,"caption":"sanluisinforma.com"},"image":{"@id":"https:\/\/sanluisinforma.com\/#\/schema\/logo\/image\/"}},{"@type":"Person","@id":"https:\/\/sanluisinforma.com\/#\/schema\/person\/c30648f71476be533b6f59d092905c8b","name":"sanluisinforma.com","image":{"@type":"ImageObject","inLanguage":"es","@id":"https:\/\/sanluisinforma.com\/#\/schema\/person\/image\/","url":"https:\/\/secure.gravatar.com\/avatar\/86e3114e34a1eecefb963e0a02f0093f93b092dddb2fe1517596343751081a87?s=96&d=mm&r=g","contentUrl":"https:\/\/secure.gravatar.com\/avatar\/86e3114e34a1eecefb963e0a02f0093f93b092dddb2fe1517596343751081a87?s=96&d=mm&r=g","caption":"sanluisinforma.com"},"url":"https:\/\/sanluisinforma.com\/?author=2"}]}},"_links":{"self":[{"href":"https:\/\/sanluisinforma.com\/index.php?rest_route=\/wp\/v2\/posts\/2100","targetHints":{"allow":["GET"]}}],"collection":[{"href":"https:\/\/sanluisinforma.com\/index.php?rest_route=\/wp\/v2\/posts"}],"about":[{"href":"https:\/\/sanluisinforma.com\/index.php?rest_route=\/wp\/v2\/types\/post"}],"author":[{"embeddable":true,"href":"https:\/\/sanluisinforma.com\/index.php?rest_route=\/wp\/v2\/users\/2"}],"replies":[{"embeddable":true,"href":"https:\/\/sanluisinforma.com\/index.php?rest_route=%2Fwp%2Fv2%2Fcomments&post=2100"}],"version-history":[{"count":1,"href":"https:\/\/sanluisinforma.com\/index.php?rest_route=\/wp\/v2\/posts\/2100\/revisions"}],"predecessor-version":[{"id":2102,"href":"https:\/\/sanluisinforma.com\/index.php?rest_route=\/wp\/v2\/posts\/2100\/revisions\/2102"}],"wp:featuredmedia":[{"embeddable":true,"href":"https:\/\/sanluisinforma.com\/index.php?rest_route=\/wp\/v2\/media\/2101"}],"wp:attachment":[{"href":"https:\/\/sanluisinforma.com\/index.php?rest_route=%2Fwp%2Fv2%2Fmedia&parent=2100"}],"wp:term":[{"taxonomy":"category","embeddable":true,"href":"https:\/\/sanluisinforma.com\/index.php?rest_route=%2Fwp%2Fv2%2Fcategories&post=2100"},{"taxonomy":"post_tag","embeddable":true,"href":"https:\/\/sanluisinforma.com\/index.php?rest_route=%2Fwp%2Fv2%2Ftags&post=2100"}],"curies":[{"name":"wp","href":"https:\/\/api.w.org\/{rel}","templated":true}]}}