{"id":2154,"date":"2023-11-09T02:58:00","date_gmt":"2023-11-09T08:58:00","guid":{"rendered":"https:\/\/sanluisinforma.com\/?p=2154"},"modified":"2023-11-09T01:34:00","modified_gmt":"2023-11-09T07:34:00","slug":"inaugura-ricardo-gallardo-congreso-nacional-de-charreria-2023-en-san-luis-potosi","status":"publish","type":"post","link":"https:\/\/sanluisinforma.com\/?p=2154","title":{"rendered":"Inaugura Ricardo Gallardo, Congreso Nacional de Charrer\u00eda 2023 en San Luis Potos\u00ed"},"content":{"rendered":"\n<p>Por cerca de un mes, m\u00e1s de 228 equipos de charros de todo M\u00e9xico, har\u00e1n de San Luis Potos\u00ed su casa en una competencia deportiva de primer nivel, proyectando a nivel mundial al Estado y generando una derrama de m\u00e1s de 200 millones de pesos&nbsp;<\/p>\n\n\n\n<p>Con una celebraci\u00f3n llena de tradici\u00f3n que reuni\u00f3 a charros y escaramuzas de todas partes de M\u00e9xico, el Gobernador de San Luis Potos\u00ed, Ricardo Gallardo Cardona, arranc\u00f3 oficialmente el LXXIX Congreso y Campeonato Nacional Charro 2023 \u201cJorge Negrete\u201d, que celebra una de las tradiciones m\u00e1s arraigadas del pa\u00eds y homenaje a la cultura mexicana, del 8 de noviembre al 3 de diciembre, con la participaci\u00f3n de 16 charros completos, 168 elencos femeniles y 228 equipos de todo el pa\u00eds con apoyo del Gobierno del Estado.<\/p>\n\n\n\n<p>Portando con orgullo el traje charro de gala, el Mandatario Estatal dio a la bienvenida a San Luis Potos\u00ed a miles de personas que atra\u00edas por un evento \u00fanico de talla internacional, acudir\u00e1n a los m\u00faltiples eventos que se desarrollar\u00e1n en el Estadio 20 de Noviembre, y reconoci\u00f3 que el Estado ya despeg\u00f3 en la consolidaci\u00f3n de torneos en todas las disciplinas deportivas, gracias al empuje que se ha logrado por el Gobierno del apoyo.<\/p>\n\n\n\n<p>Agreg\u00f3 que esta gran fiesta de la charrer\u00eda, ser\u00e1 un motor econ\u00f3mico estatal con la derrama de m\u00e1s de 200 millones de pesos, por lo que confi\u00f3 en que los hoteles, restaurantes y comercios locales se beneficiar\u00e1n ampliamente con la afluencia de turistas de todo el pa\u00eds e incluso del extranjero, \u201cSan Luis Potos\u00ed ser\u00e1 la casa de las y los participantes durante casi un mes, y con ello podr\u00e1n constatar todo el desarrollo que hemos conseguido\u201d, dijo.<\/p>\n\n\n\n<p>Gallardo Cardona destac\u00f3 la importancia de este evento, pues adem\u00e1s de fortalecer la identidad cultural del Estado, tambi\u00e9n lo proyecta a nivel internacional tur\u00edsticamente, ya que muchas personas que asisten a la capital, ya tienen reservados algunos d\u00edas para conocer las cuatro regiones del Estado, lo que detona el desarrollo de los 58 municipios.&nbsp;<\/p>\n\n\n\n<p>Finalmente, el Gobernador del Estado, acompa\u00f1ado del presidente de la Federaci\u00f3n Mexicana de Charrer\u00eda, Jos\u00e9 Antonio Salcedo, agradeci\u00f3 la consolidaci\u00f3n por primera vez en la historia de la charrer\u00eda potosina de este Congreso Nacional, que representa el anhelo de d\u00e9cadas de las y los potosinos, adem\u00e1s de ser una celebraci\u00f3n digna por un siglo de la Asociaci\u00f3n Potosina de Charros, una de las m\u00e1s antiguas de todo M\u00e9xico.<\/p>\n\n\n\n<p>Con todo lo anterior, San Luis Potos\u00ed est\u00e1 listo para cuatro semanas de pasi\u00f3n, tradici\u00f3n y destreza ecuestre, que representa una oportunidad para compartir la riqueza de la cultura mexicana.<\/p>\n","protected":false},"excerpt":{"rendered":"<p>Por cerca de un mes, m\u00e1s de 228 equipos de charros de todo M\u00e9xico, har\u00e1n de San Luis Potos\u00ed su<\/p>\n","protected":false},"author":2,"featured_media":2155,"comment_status":"closed","ping_status":"closed","sticky":false,"template":"","format":"standard","meta":{"footnotes":""},"categories":[25,30],"tags":[],"class_list":["post-2154","post","type-post","status-publish","format-standard","has-post-thumbnail","hentry","category-local","category-portada"],"yoast_head":"<!-- This site is optimized with the Yoast SEO plugin v24.1 - https:\/\/yoast.com\/wordpress\/plugins\/seo\/ -->\n<title>Inaugura Ricardo Gallardo, Congreso Nacional de Charrer\u00eda 2023 en San Luis Potos\u00ed - sanluisinforma.com<\/title>\n<meta name=\"robots\" content=\"index, follow, max-snippet:-1, max-image-preview:large, max-video-preview:-1\" \/>\n<link rel=\"canonical\" href=\"https:\/\/sanluisinforma.com\/?p=2154\" \/>\n<meta property=\"og:locale\" content=\"es_MX\" \/>\n<meta property=\"og:type\" content=\"article\" \/>\n<meta property=\"og:title\" content=\"Inaugura Ricardo Gallardo, Congreso Nacional de Charrer\u00eda 2023 en San Luis Potos\u00ed - sanluisinforma.com\" \/>\n<meta property=\"og:description\" content=\"Por cerca de un mes, m\u00e1s de 228 equipos de charros de todo M\u00e9xico, har\u00e1n de San Luis Potos\u00ed su\" \/>\n<meta property=\"og:url\" content=\"https:\/\/sanluisinforma.com\/?p=2154\" \/>\n<meta property=\"og:site_name\" content=\"sanluisinforma.com\" \/>\n<meta property=\"article:published_time\" content=\"2023-11-09T08:58:00+00:00\" \/>\n<meta property=\"article:modified_time\" content=\"2023-11-09T07:34:00+00:00\" \/>\n<meta property=\"og:image\" content=\"https:\/\/sanluisinforma.com\/wp-content\/uploads\/2023\/11\/505c0da0-0f2a-4711-8aa2-62a4e12fba19.jpg\" \/>\n\t<meta property=\"og:image:width\" content=\"520\" \/>\n\t<meta property=\"og:image:height\" content=\"346\" \/>\n\t<meta property=\"og:image:type\" content=\"image\/jpeg\" \/>\n<meta name=\"author\" content=\"sanluisinforma.com\" \/>\n<meta name=\"twitter:card\" content=\"summary_large_image\" \/>\n<meta name=\"twitter:label1\" content=\"Escrito por\" \/>\n\t<meta name=\"twitter:data1\" content=\"sanluisinforma.com\" \/>\n\t<meta name=\"twitter:label2\" content=\"Tiempo de lectura\" \/>\n\t<meta name=\"twitter:data2\" content=\"2 minutos\" \/>\n<script type=\"application\/ld+json\" class=\"yoast-schema-graph\">{\"@context\":\"https:\/\/schema.org\",\"@graph\":[{\"@type\":\"Article\",\"@id\":\"https:\/\/sanluisinforma.com\/?p=2154#article\",\"isPartOf\":{\"@id\":\"https:\/\/sanluisinforma.com\/?p=2154\"},\"author\":{\"name\":\"sanluisinforma.com\",\"@id\":\"https:\/\/sanluisinforma.com\/#\/schema\/person\/c30648f71476be533b6f59d092905c8b\"},\"headline\":\"Inaugura Ricardo Gallardo, Congreso Nacional de Charrer\u00eda 2023 en San Luis Potos\u00ed\",\"datePublished\":\"2023-11-09T08:58:00+00:00\",\"dateModified\":\"2023-11-09T07:34:00+00:00\",\"mainEntityOfPage\":{\"@id\":\"https:\/\/sanluisinforma.com\/?p=2154\"},\"wordCount\":477,\"publisher\":{\"@id\":\"https:\/\/sanluisinforma.com\/#organization\"},\"image\":{\"@id\":\"https:\/\/sanluisinforma.com\/?p=2154#primaryimage\"},\"thumbnailUrl\":\"https:\/\/sanluisinforma.com\/wp-content\/uploads\/2023\/11\/505c0da0-0f2a-4711-8aa2-62a4e12fba19.jpg\",\"articleSection\":[\"Local\",\"Portada\"],\"inLanguage\":\"es\"},{\"@type\":\"WebPage\",\"@id\":\"https:\/\/sanluisinforma.com\/?p=2154\",\"url\":\"https:\/\/sanluisinforma.com\/?p=2154\",\"name\":\"Inaugura Ricardo Gallardo, Congreso Nacional de Charrer\u00eda 2023 en San Luis Potos\u00ed - sanluisinforma.com\",\"isPartOf\":{\"@id\":\"https:\/\/sanluisinforma.com\/#website\"},\"primaryImageOfPage\":{\"@id\":\"https:\/\/sanluisinforma.com\/?p=2154#primaryimage\"},\"image\":{\"@id\":\"https:\/\/sanluisinforma.com\/?p=2154#primaryimage\"},\"thumbnailUrl\":\"https:\/\/sanluisinforma.com\/wp-content\/uploads\/2023\/11\/505c0da0-0f2a-4711-8aa2-62a4e12fba19.jpg\",\"datePublished\":\"2023-11-09T08:58:00+00:00\",\"dateModified\":\"2023-11-09T07:34:00+00:00\",\"breadcrumb\":{\"@id\":\"https:\/\/sanluisinforma.com\/?p=2154#breadcrumb\"},\"inLanguage\":\"es\",\"potentialAction\":[{\"@type\":\"ReadAction\",\"target\":[\"https:\/\/sanluisinforma.com\/?p=2154\"]}]},{\"@type\":\"ImageObject\",\"inLanguage\":\"es\",\"@id\":\"https:\/\/sanluisinforma.com\/?p=2154#primaryimage\",\"url\":\"https:\/\/sanluisinforma.com\/wp-content\/uploads\/2023\/11\/505c0da0-0f2a-4711-8aa2-62a4e12fba19.jpg\",\"contentUrl\":\"https:\/\/sanluisinforma.com\/wp-content\/uploads\/2023\/11\/505c0da0-0f2a-4711-8aa2-62a4e12fba19.jpg\",\"width\":520,\"height\":346},{\"@type\":\"BreadcrumbList\",\"@id\":\"https:\/\/sanluisinforma.com\/?p=2154#breadcrumb\",\"itemListElement\":[{\"@type\":\"ListItem\",\"position\":1,\"name\":\"Inicio\",\"item\":\"https:\/\/sanluisinforma.com\/\"},{\"@type\":\"ListItem\",\"position\":2,\"name\":\"Inaugura Ricardo Gallardo, Congreso Nacional de Charrer\u00eda 2023 en San Luis Potos\u00ed\"}]},{\"@type\":\"WebSite\",\"@id\":\"https:\/\/sanluisinforma.com\/#website\",\"url\":\"https:\/\/sanluisinforma.com\/\",\"name\":\"sanluisinforma.com\",\"description\":\"Periodico San Luis Informa\",\"publisher\":{\"@id\":\"https:\/\/sanluisinforma.com\/#organization\"},\"potentialAction\":[{\"@type\":\"SearchAction\",\"target\":{\"@type\":\"EntryPoint\",\"urlTemplate\":\"https:\/\/sanluisinforma.com\/?s={search_term_string}\"},\"query-input\":{\"@type\":\"PropertyValueSpecification\",\"valueRequired\":true,\"valueName\":\"search_term_string\"}}],\"inLanguage\":\"es\"},{\"@type\":\"Organization\",\"@id\":\"https:\/\/sanluisinforma.com\/#organization\",\"name\":\"sanluisinforma.com\",\"url\":\"https:\/\/sanluisinforma.com\/\",\"logo\":{\"@type\":\"ImageObject\",\"inLanguage\":\"es\",\"@id\":\"https:\/\/sanluisinforma.com\/#\/schema\/logo\/image\/\",\"url\":\"https:\/\/sanluisinforma.com\/wp-content\/uploads\/2026\/03\/sanluisinforma-V.jpg\",\"contentUrl\":\"https:\/\/sanluisinforma.com\/wp-content\/uploads\/2026\/03\/sanluisinforma-V.jpg\",\"width\":500,\"height\":156,\"caption\":\"sanluisinforma.com\"},\"image\":{\"@id\":\"https:\/\/sanluisinforma.com\/#\/schema\/logo\/image\/\"}},{\"@type\":\"Person\",\"@id\":\"https:\/\/sanluisinforma.com\/#\/schema\/person\/c30648f71476be533b6f59d092905c8b\",\"name\":\"sanluisinforma.com\",\"image\":{\"@type\":\"ImageObject\",\"inLanguage\":\"es\",\"@id\":\"https:\/\/sanluisinforma.com\/#\/schema\/person\/image\/\",\"url\":\"https:\/\/secure.gravatar.com\/avatar\/86e3114e34a1eecefb963e0a02f0093f93b092dddb2fe1517596343751081a87?s=96&d=mm&r=g\",\"contentUrl\":\"https:\/\/secure.gravatar.com\/avatar\/86e3114e34a1eecefb963e0a02f0093f93b092dddb2fe1517596343751081a87?s=96&d=mm&r=g\",\"caption\":\"sanluisinforma.com\"},\"url\":\"https:\/\/sanluisinforma.com\/?author=2\"}]}<\/script>\n<!-- \/ Yoast SEO plugin. -->","yoast_head_json":{"title":"Inaugura Ricardo Gallardo, Congreso Nacional de Charrer\u00eda 2023 en San Luis Potos\u00ed - sanluisinforma.com","robots":{"index":"index","follow":"follow","max-snippet":"max-snippet:-1","max-image-preview":"max-image-preview:large","max-video-preview":"max-video-preview:-1"},"canonical":"https:\/\/sanluisinforma.com\/?p=2154","og_locale":"es_MX","og_type":"article","og_title":"Inaugura Ricardo Gallardo, Congreso Nacional de Charrer\u00eda 2023 en San Luis Potos\u00ed - sanluisinforma.com","og_description":"Por cerca de un mes, m\u00e1s de 228 equipos de charros de todo M\u00e9xico, har\u00e1n de San Luis Potos\u00ed su","og_url":"https:\/\/sanluisinforma.com\/?p=2154","og_site_name":"sanluisinforma.com","article_published_time":"2023-11-09T08:58:00+00:00","article_modified_time":"2023-11-09T07:34:00+00:00","og_image":[{"width":520,"height":346,"url":"https:\/\/sanluisinforma.com\/wp-content\/uploads\/2023\/11\/505c0da0-0f2a-4711-8aa2-62a4e12fba19.jpg","type":"image\/jpeg"}],"author":"sanluisinforma.com","twitter_card":"summary_large_image","twitter_misc":{"Escrito por":"sanluisinforma.com","Tiempo de lectura":"2 minutos"},"schema":{"@context":"https:\/\/schema.org","@graph":[{"@type":"Article","@id":"https:\/\/sanluisinforma.com\/?p=2154#article","isPartOf":{"@id":"https:\/\/sanluisinforma.com\/?p=2154"},"author":{"name":"sanluisinforma.com","@id":"https:\/\/sanluisinforma.com\/#\/schema\/person\/c30648f71476be533b6f59d092905c8b"},"headline":"Inaugura Ricardo Gallardo, Congreso Nacional de Charrer\u00eda 2023 en San Luis Potos\u00ed","datePublished":"2023-11-09T08:58:00+00:00","dateModified":"2023-11-09T07:34:00+00:00","mainEntityOfPage":{"@id":"https:\/\/sanluisinforma.com\/?p=2154"},"wordCount":477,"publisher":{"@id":"https:\/\/sanluisinforma.com\/#organization"},"image":{"@id":"https:\/\/sanluisinforma.com\/?p=2154#primaryimage"},"thumbnailUrl":"https:\/\/sanluisinforma.com\/wp-content\/uploads\/2023\/11\/505c0da0-0f2a-4711-8aa2-62a4e12fba19.jpg","articleSection":["Local","Portada"],"inLanguage":"es"},{"@type":"WebPage","@id":"https:\/\/sanluisinforma.com\/?p=2154","url":"https:\/\/sanluisinforma.com\/?p=2154","name":"Inaugura Ricardo Gallardo, Congreso Nacional de Charrer\u00eda 2023 en San Luis Potos\u00ed - sanluisinforma.com","isPartOf":{"@id":"https:\/\/sanluisinforma.com\/#website"},"primaryImageOfPage":{"@id":"https:\/\/sanluisinforma.com\/?p=2154#primaryimage"},"image":{"@id":"https:\/\/sanluisinforma.com\/?p=2154#primaryimage"},"thumbnailUrl":"https:\/\/sanluisinforma.com\/wp-content\/uploads\/2023\/11\/505c0da0-0f2a-4711-8aa2-62a4e12fba19.jpg","datePublished":"2023-11-09T08:58:00+00:00","dateModified":"2023-11-09T07:34:00+00:00","breadcrumb":{"@id":"https:\/\/sanluisinforma.com\/?p=2154#breadcrumb"},"inLanguage":"es","potentialAction":[{"@type":"ReadAction","target":["https:\/\/sanluisinforma.com\/?p=2154"]}]},{"@type":"ImageObject","inLanguage":"es","@id":"https:\/\/sanluisinforma.com\/?p=2154#primaryimage","url":"https:\/\/sanluisinforma.com\/wp-content\/uploads\/2023\/11\/505c0da0-0f2a-4711-8aa2-62a4e12fba19.jpg","contentUrl":"https:\/\/sanluisinforma.com\/wp-content\/uploads\/2023\/11\/505c0da0-0f2a-4711-8aa2-62a4e12fba19.jpg","width":520,"height":346},{"@type":"BreadcrumbList","@id":"https:\/\/sanluisinforma.com\/?p=2154#breadcrumb","itemListElement":[{"@type":"ListItem","position":1,"name":"Inicio","item":"https:\/\/sanluisinforma.com\/"},{"@type":"ListItem","position":2,"name":"Inaugura Ricardo Gallardo, Congreso Nacional de Charrer\u00eda 2023 en San Luis Potos\u00ed"}]},{"@type":"WebSite","@id":"https:\/\/sanluisinforma.com\/#website","url":"https:\/\/sanluisinforma.com\/","name":"sanluisinforma.com","description":"Periodico San Luis Informa","publisher":{"@id":"https:\/\/sanluisinforma.com\/#organization"},"potentialAction":[{"@type":"SearchAction","target":{"@type":"EntryPoint","urlTemplate":"https:\/\/sanluisinforma.com\/?s={search_term_string}"},"query-input":{"@type":"PropertyValueSpecification","valueRequired":true,"valueName":"search_term_string"}}],"inLanguage":"es"},{"@type":"Organization","@id":"https:\/\/sanluisinforma.com\/#organization","name":"sanluisinforma.com","url":"https:\/\/sanluisinforma.com\/","logo":{"@type":"ImageObject","inLanguage":"es","@id":"https:\/\/sanluisinforma.com\/#\/schema\/logo\/image\/","url":"https:\/\/sanluisinforma.com\/wp-content\/uploads\/2026\/03\/sanluisinforma-V.jpg","contentUrl":"https:\/\/sanluisinforma.com\/wp-content\/uploads\/2026\/03\/sanluisinforma-V.jpg","width":500,"height":156,"caption":"sanluisinforma.com"},"image":{"@id":"https:\/\/sanluisinforma.com\/#\/schema\/logo\/image\/"}},{"@type":"Person","@id":"https:\/\/sanluisinforma.com\/#\/schema\/person\/c30648f71476be533b6f59d092905c8b","name":"sanluisinforma.com","image":{"@type":"ImageObject","inLanguage":"es","@id":"https:\/\/sanluisinforma.com\/#\/schema\/person\/image\/","url":"https:\/\/secure.gravatar.com\/avatar\/86e3114e34a1eecefb963e0a02f0093f93b092dddb2fe1517596343751081a87?s=96&d=mm&r=g","contentUrl":"https:\/\/secure.gravatar.com\/avatar\/86e3114e34a1eecefb963e0a02f0093f93b092dddb2fe1517596343751081a87?s=96&d=mm&r=g","caption":"sanluisinforma.com"},"url":"https:\/\/sanluisinforma.com\/?author=2"}]}},"_links":{"self":[{"href":"https:\/\/sanluisinforma.com\/index.php?rest_route=\/wp\/v2\/posts\/2154","targetHints":{"allow":["GET"]}}],"collection":[{"href":"https:\/\/sanluisinforma.com\/index.php?rest_route=\/wp\/v2\/posts"}],"about":[{"href":"https:\/\/sanluisinforma.com\/index.php?rest_route=\/wp\/v2\/types\/post"}],"author":[{"embeddable":true,"href":"https:\/\/sanluisinforma.com\/index.php?rest_route=\/wp\/v2\/users\/2"}],"replies":[{"embeddable":true,"href":"https:\/\/sanluisinforma.com\/index.php?rest_route=%2Fwp%2Fv2%2Fcomments&post=2154"}],"version-history":[{"count":1,"href":"https:\/\/sanluisinforma.com\/index.php?rest_route=\/wp\/v2\/posts\/2154\/revisions"}],"predecessor-version":[{"id":2156,"href":"https:\/\/sanluisinforma.com\/index.php?rest_route=\/wp\/v2\/posts\/2154\/revisions\/2156"}],"wp:featuredmedia":[{"embeddable":true,"href":"https:\/\/sanluisinforma.com\/index.php?rest_route=\/wp\/v2\/media\/2155"}],"wp:attachment":[{"href":"https:\/\/sanluisinforma.com\/index.php?rest_route=%2Fwp%2Fv2%2Fmedia&parent=2154"}],"wp:term":[{"taxonomy":"category","embeddable":true,"href":"https:\/\/sanluisinforma.com\/index.php?rest_route=%2Fwp%2Fv2%2Fcategories&post=2154"},{"taxonomy":"post_tag","embeddable":true,"href":"https:\/\/sanluisinforma.com\/index.php?rest_route=%2Fwp%2Fv2%2Ftags&post=2154"}],"curies":[{"name":"wp","href":"https:\/\/api.w.org\/{rel}","templated":true}]}}