{"id":21584,"date":"2026-08-31T00:55:00","date_gmt":"2026-08-31T06:55:00","guid":{"rendered":"https:\/\/sanluisinforma.com\/?p=21584"},"modified":"2026-08-30T21:15:46","modified_gmt":"2026-08-31T03:15:46","slug":"san-luis-potosi-se-ubica-entre-los-estados-co-mayor-avance-laboral","status":"publish","type":"post","link":"https:\/\/sanluisinforma.com\/?p=21584","title":{"rendered":"San Luis Potos\u00ed se ubica entre los Estados co mayor avance laboral"},"content":{"rendered":"\n<p class=\"wp-block-paragraph\"> La entidad alcanz\u00f3 el tercer lugar nacional en reducci\u00f3n de pobreza laboral y el quinto en crecimiento de la masa salarial, de acuerdo con datos del segundo trimestre de 2026. <\/p>\n\n\n\n<p class=\"wp-block-paragraph\">San Luis Potos\u00ed registr\u00f3 uno de los mayores avances laborales del pa\u00eds, con una reducci\u00f3n de 9.3 puntos porcentuales en la pobreza laboral y un crecimiento de 20.3 por ciento en el ingreso laboral real por persona, de acuerdo con el reporte m\u00e1s reciente del Instituto Nacional de Estad\u00edstica y Geograf\u00eda correspondiente al segundo trimestre de 2026.<\/p>\n\n\n\n<p class=\"wp-block-paragraph\">La titular del Consejo Estatal de Poblaci\u00f3n (Coespo), Mayra Edith Vel\u00e1zquez Loera, inform\u00f3 que el estado logr\u00f3 el tercer lugar tanto en reducci\u00f3n de pobreza laboral como en crecimiento del ingreso real, mientras que alcanz\u00f3 la quinta posici\u00f3n en crecimiento de la masa salarial, con 38.8 por ciento.<\/p>\n\n\n\n<p class=\"wp-block-paragraph\"> Estos indicadores se atribuyen al trabajo del Gobernador Ricardo Gallardo Cardona, con una mejor\u00eda en los ingresos de las familias potosinas. El cambio que se vive tambi\u00e9n se refleja en los hogares, al generar mejores condiciones econ\u00f3micas para las personas que forman parte de la poblaci\u00f3n laboralmente activa y sus familias.<br><br><br><br><\/p>\n","protected":false},"excerpt":{"rendered":"<p>La entidad alcanz\u00f3 el tercer lugar nacional en reducci\u00f3n de pobreza laboral y el quinto en crecimiento de la masa<\/p>\n","protected":false},"author":2,"featured_media":21585,"comment_status":"closed","ping_status":"closed","sticky":false,"template":"","format":"standard","meta":{"footnotes":""},"categories":[25,30],"tags":[],"class_list":["post-21584","post","type-post","status-publish","format-standard","has-post-thumbnail","hentry","category-local","category-portada"],"yoast_head":"<!-- This site is optimized with the Yoast SEO plugin v24.1 - https:\/\/yoast.com\/wordpress\/plugins\/seo\/ -->\n<title>San Luis Potos\u00ed se ubica entre los Estados co mayor avance laboral - sanluisinforma.com<\/title>\n<meta name=\"robots\" content=\"index, follow, max-snippet:-1, max-image-preview:large, max-video-preview:-1\" \/>\n<link rel=\"canonical\" href=\"https:\/\/sanluisinforma.com\/?p=21584\" \/>\n<meta property=\"og:locale\" content=\"es_MX\" \/>\n<meta property=\"og:type\" content=\"article\" \/>\n<meta property=\"og:title\" content=\"San Luis Potos\u00ed se ubica entre los Estados co mayor avance laboral - sanluisinforma.com\" \/>\n<meta property=\"og:description\" content=\"La entidad alcanz\u00f3 el tercer lugar nacional en reducci\u00f3n de pobreza laboral y el quinto en crecimiento de la masa\" \/>\n<meta property=\"og:url\" content=\"https:\/\/sanluisinforma.com\/?p=21584\" \/>\n<meta property=\"og:site_name\" content=\"sanluisinforma.com\" \/>\n<meta property=\"article:published_time\" content=\"2026-08-31T06:55:00+00:00\" \/>\n<meta property=\"article:modified_time\" content=\"2026-08-31T03:15:46+00:00\" \/>\n<meta property=\"og:image\" content=\"https:\/\/sanluisinforma.com\/wp-content\/uploads\/2026\/08\/1-b.jpg\" \/>\n\t<meta property=\"og:image:width\" content=\"300\" \/>\n\t<meta property=\"og:image:height\" content=\"200\" \/>\n\t<meta property=\"og:image:type\" content=\"image\/jpeg\" \/>\n<meta name=\"author\" content=\"sanluisinforma.com\" \/>\n<meta name=\"twitter:card\" content=\"summary_large_image\" \/>\n<meta name=\"twitter:label1\" content=\"Escrito por\" \/>\n\t<meta name=\"twitter:data1\" content=\"sanluisinforma.com\" \/>\n\t<meta name=\"twitter:label2\" content=\"Tiempo de lectura\" \/>\n\t<meta name=\"twitter:data2\" content=\"2 minutos\" \/>\n<script type=\"application\/ld+json\" class=\"yoast-schema-graph\">{\"@context\":\"https:\/\/schema.org\",\"@graph\":[{\"@type\":\"Article\",\"@id\":\"https:\/\/sanluisinforma.com\/?p=21584#article\",\"isPartOf\":{\"@id\":\"https:\/\/sanluisinforma.com\/?p=21584\"},\"author\":{\"name\":\"sanluisinforma.com\",\"@id\":\"https:\/\/sanluisinforma.com\/#\/schema\/person\/c30648f71476be533b6f59d092905c8b\"},\"headline\":\"San Luis Potos\u00ed se ubica entre los Estados co mayor avance laboral\",\"datePublished\":\"2026-08-31T06:55:00+00:00\",\"dateModified\":\"2026-08-31T03:15:46+00:00\",\"mainEntityOfPage\":{\"@id\":\"https:\/\/sanluisinforma.com\/?p=21584\"},\"wordCount\":207,\"publisher\":{\"@id\":\"https:\/\/sanluisinforma.com\/#organization\"},\"image\":{\"@id\":\"https:\/\/sanluisinforma.com\/?p=21584#primaryimage\"},\"thumbnailUrl\":\"https:\/\/sanluisinforma.com\/wp-content\/uploads\/2026\/08\/1-b.jpg\",\"articleSection\":[\"Local\",\"Portada\"],\"inLanguage\":\"es\"},{\"@type\":\"WebPage\",\"@id\":\"https:\/\/sanluisinforma.com\/?p=21584\",\"url\":\"https:\/\/sanluisinforma.com\/?p=21584\",\"name\":\"San Luis Potos\u00ed se ubica entre los Estados co mayor avance laboral - sanluisinforma.com\",\"isPartOf\":{\"@id\":\"https:\/\/sanluisinforma.com\/#website\"},\"primaryImageOfPage\":{\"@id\":\"https:\/\/sanluisinforma.com\/?p=21584#primaryimage\"},\"image\":{\"@id\":\"https:\/\/sanluisinforma.com\/?p=21584#primaryimage\"},\"thumbnailUrl\":\"https:\/\/sanluisinforma.com\/wp-content\/uploads\/2026\/08\/1-b.jpg\",\"datePublished\":\"2026-08-31T06:55:00+00:00\",\"dateModified\":\"2026-08-31T03:15:46+00:00\",\"breadcrumb\":{\"@id\":\"https:\/\/sanluisinforma.com\/?p=21584#breadcrumb\"},\"inLanguage\":\"es\",\"potentialAction\":[{\"@type\":\"ReadAction\",\"target\":[\"https:\/\/sanluisinforma.com\/?p=21584\"]}]},{\"@type\":\"ImageObject\",\"inLanguage\":\"es\",\"@id\":\"https:\/\/sanluisinforma.com\/?p=21584#primaryimage\",\"url\":\"https:\/\/sanluisinforma.com\/wp-content\/uploads\/2026\/08\/1-b.jpg\",\"contentUrl\":\"https:\/\/sanluisinforma.com\/wp-content\/uploads\/2026\/08\/1-b.jpg\",\"width\":300,\"height\":200},{\"@type\":\"BreadcrumbList\",\"@id\":\"https:\/\/sanluisinforma.com\/?p=21584#breadcrumb\",\"itemListElement\":[{\"@type\":\"ListItem\",\"position\":1,\"name\":\"Inicio\",\"item\":\"https:\/\/sanluisinforma.com\/\"},{\"@type\":\"ListItem\",\"position\":2,\"name\":\"San Luis Potos\u00ed se ubica entre los Estados co mayor avance laboral\"}]},{\"@type\":\"WebSite\",\"@id\":\"https:\/\/sanluisinforma.com\/#website\",\"url\":\"https:\/\/sanluisinforma.com\/\",\"name\":\"sanluisinforma.com\",\"description\":\"Periodico San Luis Informa\",\"publisher\":{\"@id\":\"https:\/\/sanluisinforma.com\/#organization\"},\"potentialAction\":[{\"@type\":\"SearchAction\",\"target\":{\"@type\":\"EntryPoint\",\"urlTemplate\":\"https:\/\/sanluisinforma.com\/?s={search_term_string}\"},\"query-input\":{\"@type\":\"PropertyValueSpecification\",\"valueRequired\":true,\"valueName\":\"search_term_string\"}}],\"inLanguage\":\"es\"},{\"@type\":\"Organization\",\"@id\":\"https:\/\/sanluisinforma.com\/#organization\",\"name\":\"sanluisinforma.com\",\"url\":\"https:\/\/sanluisinforma.com\/\",\"logo\":{\"@type\":\"ImageObject\",\"inLanguage\":\"es\",\"@id\":\"https:\/\/sanluisinforma.com\/#\/schema\/logo\/image\/\",\"url\":\"https:\/\/sanluisinforma.com\/wp-content\/uploads\/2026\/03\/sanluisinforma-V.jpg\",\"contentUrl\":\"https:\/\/sanluisinforma.com\/wp-content\/uploads\/2026\/03\/sanluisinforma-V.jpg\",\"width\":500,\"height\":156,\"caption\":\"sanluisinforma.com\"},\"image\":{\"@id\":\"https:\/\/sanluisinforma.com\/#\/schema\/logo\/image\/\"}},{\"@type\":\"Person\",\"@id\":\"https:\/\/sanluisinforma.com\/#\/schema\/person\/c30648f71476be533b6f59d092905c8b\",\"name\":\"sanluisinforma.com\",\"image\":{\"@type\":\"ImageObject\",\"inLanguage\":\"es\",\"@id\":\"https:\/\/sanluisinforma.com\/#\/schema\/person\/image\/\",\"url\":\"https:\/\/secure.gravatar.com\/avatar\/86e3114e34a1eecefb963e0a02f0093f93b092dddb2fe1517596343751081a87?s=96&d=mm&r=g\",\"contentUrl\":\"https:\/\/secure.gravatar.com\/avatar\/86e3114e34a1eecefb963e0a02f0093f93b092dddb2fe1517596343751081a87?s=96&d=mm&r=g\",\"caption\":\"sanluisinforma.com\"},\"url\":\"https:\/\/sanluisinforma.com\/?author=2\"}]}<\/script>\n<!-- \/ Yoast SEO plugin. -->","yoast_head_json":{"title":"San Luis Potos\u00ed se ubica entre los Estados co mayor avance laboral - sanluisinforma.com","robots":{"index":"index","follow":"follow","max-snippet":"max-snippet:-1","max-image-preview":"max-image-preview:large","max-video-preview":"max-video-preview:-1"},"canonical":"https:\/\/sanluisinforma.com\/?p=21584","og_locale":"es_MX","og_type":"article","og_title":"San Luis Potos\u00ed se ubica entre los Estados co mayor avance laboral - sanluisinforma.com","og_description":"La entidad alcanz\u00f3 el tercer lugar nacional en reducci\u00f3n de pobreza laboral y el quinto en crecimiento de la masa","og_url":"https:\/\/sanluisinforma.com\/?p=21584","og_site_name":"sanluisinforma.com","article_published_time":"2026-08-31T06:55:00+00:00","article_modified_time":"2026-08-31T03:15:46+00:00","og_image":[{"width":300,"height":200,"url":"https:\/\/sanluisinforma.com\/wp-content\/uploads\/2026\/08\/1-b.jpg","type":"image\/jpeg"}],"author":"sanluisinforma.com","twitter_card":"summary_large_image","twitter_misc":{"Escrito por":"sanluisinforma.com","Tiempo de lectura":"2 minutos"},"schema":{"@context":"https:\/\/schema.org","@graph":[{"@type":"Article","@id":"https:\/\/sanluisinforma.com\/?p=21584#article","isPartOf":{"@id":"https:\/\/sanluisinforma.com\/?p=21584"},"author":{"name":"sanluisinforma.com","@id":"https:\/\/sanluisinforma.com\/#\/schema\/person\/c30648f71476be533b6f59d092905c8b"},"headline":"San Luis Potos\u00ed se ubica entre los Estados co mayor avance laboral","datePublished":"2026-08-31T06:55:00+00:00","dateModified":"2026-08-31T03:15:46+00:00","mainEntityOfPage":{"@id":"https:\/\/sanluisinforma.com\/?p=21584"},"wordCount":207,"publisher":{"@id":"https:\/\/sanluisinforma.com\/#organization"},"image":{"@id":"https:\/\/sanluisinforma.com\/?p=21584#primaryimage"},"thumbnailUrl":"https:\/\/sanluisinforma.com\/wp-content\/uploads\/2026\/08\/1-b.jpg","articleSection":["Local","Portada"],"inLanguage":"es"},{"@type":"WebPage","@id":"https:\/\/sanluisinforma.com\/?p=21584","url":"https:\/\/sanluisinforma.com\/?p=21584","name":"San Luis Potos\u00ed se ubica entre los Estados co mayor avance laboral - sanluisinforma.com","isPartOf":{"@id":"https:\/\/sanluisinforma.com\/#website"},"primaryImageOfPage":{"@id":"https:\/\/sanluisinforma.com\/?p=21584#primaryimage"},"image":{"@id":"https:\/\/sanluisinforma.com\/?p=21584#primaryimage"},"thumbnailUrl":"https:\/\/sanluisinforma.com\/wp-content\/uploads\/2026\/08\/1-b.jpg","datePublished":"2026-08-31T06:55:00+00:00","dateModified":"2026-08-31T03:15:46+00:00","breadcrumb":{"@id":"https:\/\/sanluisinforma.com\/?p=21584#breadcrumb"},"inLanguage":"es","potentialAction":[{"@type":"ReadAction","target":["https:\/\/sanluisinforma.com\/?p=21584"]}]},{"@type":"ImageObject","inLanguage":"es","@id":"https:\/\/sanluisinforma.com\/?p=21584#primaryimage","url":"https:\/\/sanluisinforma.com\/wp-content\/uploads\/2026\/08\/1-b.jpg","contentUrl":"https:\/\/sanluisinforma.com\/wp-content\/uploads\/2026\/08\/1-b.jpg","width":300,"height":200},{"@type":"BreadcrumbList","@id":"https:\/\/sanluisinforma.com\/?p=21584#breadcrumb","itemListElement":[{"@type":"ListItem","position":1,"name":"Inicio","item":"https:\/\/sanluisinforma.com\/"},{"@type":"ListItem","position":2,"name":"San Luis Potos\u00ed se ubica entre los Estados co mayor avance laboral"}]},{"@type":"WebSite","@id":"https:\/\/sanluisinforma.com\/#website","url":"https:\/\/sanluisinforma.com\/","name":"sanluisinforma.com","description":"Periodico San Luis Informa","publisher":{"@id":"https:\/\/sanluisinforma.com\/#organization"},"potentialAction":[{"@type":"SearchAction","target":{"@type":"EntryPoint","urlTemplate":"https:\/\/sanluisinforma.com\/?s={search_term_string}"},"query-input":{"@type":"PropertyValueSpecification","valueRequired":true,"valueName":"search_term_string"}}],"inLanguage":"es"},{"@type":"Organization","@id":"https:\/\/sanluisinforma.com\/#organization","name":"sanluisinforma.com","url":"https:\/\/sanluisinforma.com\/","logo":{"@type":"ImageObject","inLanguage":"es","@id":"https:\/\/sanluisinforma.com\/#\/schema\/logo\/image\/","url":"https:\/\/sanluisinforma.com\/wp-content\/uploads\/2026\/03\/sanluisinforma-V.jpg","contentUrl":"https:\/\/sanluisinforma.com\/wp-content\/uploads\/2026\/03\/sanluisinforma-V.jpg","width":500,"height":156,"caption":"sanluisinforma.com"},"image":{"@id":"https:\/\/sanluisinforma.com\/#\/schema\/logo\/image\/"}},{"@type":"Person","@id":"https:\/\/sanluisinforma.com\/#\/schema\/person\/c30648f71476be533b6f59d092905c8b","name":"sanluisinforma.com","image":{"@type":"ImageObject","inLanguage":"es","@id":"https:\/\/sanluisinforma.com\/#\/schema\/person\/image\/","url":"https:\/\/secure.gravatar.com\/avatar\/86e3114e34a1eecefb963e0a02f0093f93b092dddb2fe1517596343751081a87?s=96&d=mm&r=g","contentUrl":"https:\/\/secure.gravatar.com\/avatar\/86e3114e34a1eecefb963e0a02f0093f93b092dddb2fe1517596343751081a87?s=96&d=mm&r=g","caption":"sanluisinforma.com"},"url":"https:\/\/sanluisinforma.com\/?author=2"}]}},"_links":{"self":[{"href":"https:\/\/sanluisinforma.com\/index.php?rest_route=\/wp\/v2\/posts\/21584","targetHints":{"allow":["GET"]}}],"collection":[{"href":"https:\/\/sanluisinforma.com\/index.php?rest_route=\/wp\/v2\/posts"}],"about":[{"href":"https:\/\/sanluisinforma.com\/index.php?rest_route=\/wp\/v2\/types\/post"}],"author":[{"embeddable":true,"href":"https:\/\/sanluisinforma.com\/index.php?rest_route=\/wp\/v2\/users\/2"}],"replies":[{"embeddable":true,"href":"https:\/\/sanluisinforma.com\/index.php?rest_route=%2Fwp%2Fv2%2Fcomments&post=21584"}],"version-history":[{"count":1,"href":"https:\/\/sanluisinforma.com\/index.php?rest_route=\/wp\/v2\/posts\/21584\/revisions"}],"predecessor-version":[{"id":21586,"href":"https:\/\/sanluisinforma.com\/index.php?rest_route=\/wp\/v2\/posts\/21584\/revisions\/21586"}],"wp:featuredmedia":[{"embeddable":true,"href":"https:\/\/sanluisinforma.com\/index.php?rest_route=\/wp\/v2\/media\/21585"}],"wp:attachment":[{"href":"https:\/\/sanluisinforma.com\/index.php?rest_route=%2Fwp%2Fv2%2Fmedia&parent=21584"}],"wp:term":[{"taxonomy":"category","embeddable":true,"href":"https:\/\/sanluisinforma.com\/index.php?rest_route=%2Fwp%2Fv2%2Fcategories&post=21584"},{"taxonomy":"post_tag","embeddable":true,"href":"https:\/\/sanluisinforma.com\/index.php?rest_route=%2Fwp%2Fv2%2Ftags&post=21584"}],"curies":[{"name":"wp","href":"https:\/\/api.w.org\/{rel}","templated":true}]}}