{"id":21587,"date":"2026-08-31T00:35:00","date_gmt":"2026-08-31T06:35:00","guid":{"rendered":"https:\/\/sanluisinforma.com\/?p=21587"},"modified":"2026-08-30T21:05:13","modified_gmt":"2026-08-31T03:05:13","slug":"sspc-lista-paraq-el-regreso-a-clases-con-el-operativo-juventud-en-las-cuatro-regiones","status":"publish","type":"post","link":"https:\/\/sanluisinforma.com\/?p=21587","title":{"rendered":"SSPC lista paraq el regreso a clases con el Operativo Juventud en las cuatro regiones"},"content":{"rendered":"\n<p class=\"wp-block-paragraph\"> La Guardia Civil Estatal y su Divisi\u00f3n Caminos reforzar\u00e1n la vigilancia, prevenci\u00f3n y apoyo vial durante los horarios de entrada y salida de los planteles. Ante el regreso a clases este lunes 31 de agosto,<\/p>\n\n\n\n<p class=\"wp-block-paragraph\"> la Secretar\u00eda de Seguridad y Protecci\u00f3n Ciudadana del Estado (SSPC) tiene listo el Operativo Juventud 2026, que mantendr\u00e1 presencia en las inmediaciones de los planteles educativos, as\u00ed como en paraderos y principales rutas de transporte de las cuatro regiones, acorde con la instrucci\u00f3n del Gobernador Ricardo Gallardo Cardona. <\/p>\n\n\n\n<p class=\"wp-block-paragraph\">Lo anterior lo inform\u00f3 el titular de la dependencia, Jes\u00fas Ju\u00e1rez Hern\u00e1ndez, quien destac\u00f3 que la Guardia Civil Estatal (GCE) y su Divisi\u00f3n Caminos desplegar\u00e1n un operativo durante los horarios de entrada y salida de las escuelas, con recorridos de vigilancia, acciones de proximidad y apoyo vial en los puntos donde se registre mayor concentraci\u00f3n de estudiantes, madres y padres de familia. Asimismo, Ju\u00e1rez Hern\u00e1ndez hizo un llamado a la ciudadan\u00eda a respetar los se\u00f1alamientos y el reglamento de tr\u00e1nsito, conducir con precauci\u00f3n y atender las indicaciones de los agentes para contribuir a un regreso ordenado, tras recomendar a madres y padres de familia mantener comunicaci\u00f3n con sus hijas e hijos, verificar su ingreso y salida de los planteles y establecer mecanismos de contacto en caso de alg\u00fan cambio en sus horarios.<\/p>\n\n\n\n<p class=\"wp-block-paragraph\"> El titular de la SSPC resalt\u00f3 la Estrategia Integral de Seguridad que combina vigilancia y prevenci\u00f3n, sumado a las pol\u00edticas sociales impulsadas por el Gobernador Ricardo Gallardo, quien mantiene apoyos como la entrega de \u00fatiles escolares, mochilas y calzado para respaldar a las familias potosinas y becas alimentarias. Finalmente, Jes\u00fas Ju\u00e1rez agreg\u00f3 que, de manera paralela al Operativo Juventud, la GCE ya prepara el dispositivo Fiestas Patrias 2026, con presencia preventiva antes, durante y despu\u00e9s de las celebraciones del 15 y 16 de septiembre en las cuatro regiones del estado.<\/p>\n\n\n\n<p class=\"wp-block-paragraph\"><\/p>\n","protected":false},"excerpt":{"rendered":"<p>La Guardia Civil Estatal y su Divisi\u00f3n Caminos reforzar\u00e1n la vigilancia, prevenci\u00f3n y apoyo vial durante los horarios de entrada<\/p>\n","protected":false},"author":2,"featured_media":21588,"comment_status":"closed","ping_status":"closed","sticky":false,"template":"","format":"standard","meta":{"footnotes":""},"categories":[25],"tags":[],"class_list":["post-21587","post","type-post","status-publish","format-standard","has-post-thumbnail","hentry","category-local"],"yoast_head":"<!-- This site is optimized with the Yoast SEO plugin v24.1 - https:\/\/yoast.com\/wordpress\/plugins\/seo\/ -->\n<title>SSPC lista paraq el regreso a clases con el Operativo Juventud en las cuatro regiones - sanluisinforma.com<\/title>\n<meta name=\"robots\" content=\"index, follow, max-snippet:-1, max-image-preview:large, max-video-preview:-1\" \/>\n<link rel=\"canonical\" href=\"https:\/\/sanluisinforma.com\/?p=21587\" \/>\n<meta property=\"og:locale\" content=\"es_MX\" \/>\n<meta property=\"og:type\" content=\"article\" \/>\n<meta property=\"og:title\" content=\"SSPC lista paraq el regreso a clases con el Operativo Juventud en las cuatro regiones - sanluisinforma.com\" \/>\n<meta property=\"og:description\" content=\"La Guardia Civil Estatal y su Divisi\u00f3n Caminos reforzar\u00e1n la vigilancia, prevenci\u00f3n y apoyo vial durante los horarios de entrada\" \/>\n<meta property=\"og:url\" content=\"https:\/\/sanluisinforma.com\/?p=21587\" \/>\n<meta property=\"og:site_name\" content=\"sanluisinforma.com\" \/>\n<meta property=\"article:published_time\" content=\"2026-08-31T06:35:00+00:00\" \/>\n<meta property=\"article:modified_time\" content=\"2026-08-31T03:05:13+00:00\" \/>\n<meta property=\"og:image\" content=\"https:\/\/sanluisinforma.com\/wp-content\/uploads\/2026\/08\/cc-1.jpg\" \/>\n\t<meta property=\"og:image:width\" content=\"300\" \/>\n\t<meta property=\"og:image:height\" content=\"200\" \/>\n\t<meta property=\"og:image:type\" content=\"image\/jpeg\" \/>\n<meta name=\"author\" content=\"sanluisinforma.com\" \/>\n<meta name=\"twitter:card\" content=\"summary_large_image\" \/>\n<meta name=\"twitter:label1\" content=\"Escrito por\" \/>\n\t<meta name=\"twitter:data1\" content=\"sanluisinforma.com\" \/>\n\t<meta name=\"twitter:label2\" content=\"Tiempo de lectura\" \/>\n\t<meta name=\"twitter:data2\" content=\"2 minutos\" \/>\n<script type=\"application\/ld+json\" class=\"yoast-schema-graph\">{\"@context\":\"https:\/\/schema.org\",\"@graph\":[{\"@type\":\"Article\",\"@id\":\"https:\/\/sanluisinforma.com\/?p=21587#article\",\"isPartOf\":{\"@id\":\"https:\/\/sanluisinforma.com\/?p=21587\"},\"author\":{\"name\":\"sanluisinforma.com\",\"@id\":\"https:\/\/sanluisinforma.com\/#\/schema\/person\/c30648f71476be533b6f59d092905c8b\"},\"headline\":\"SSPC lista paraq el regreso a clases con el Operativo Juventud en las cuatro regiones\",\"datePublished\":\"2026-08-31T06:35:00+00:00\",\"dateModified\":\"2026-08-31T03:05:13+00:00\",\"mainEntityOfPage\":{\"@id\":\"https:\/\/sanluisinforma.com\/?p=21587\"},\"wordCount\":340,\"publisher\":{\"@id\":\"https:\/\/sanluisinforma.com\/#organization\"},\"image\":{\"@id\":\"https:\/\/sanluisinforma.com\/?p=21587#primaryimage\"},\"thumbnailUrl\":\"https:\/\/sanluisinforma.com\/wp-content\/uploads\/2026\/08\/cc-1.jpg\",\"articleSection\":[\"Local\"],\"inLanguage\":\"es\"},{\"@type\":\"WebPage\",\"@id\":\"https:\/\/sanluisinforma.com\/?p=21587\",\"url\":\"https:\/\/sanluisinforma.com\/?p=21587\",\"name\":\"SSPC lista paraq el regreso a clases con el Operativo Juventud en las cuatro regiones - sanluisinforma.com\",\"isPartOf\":{\"@id\":\"https:\/\/sanluisinforma.com\/#website\"},\"primaryImageOfPage\":{\"@id\":\"https:\/\/sanluisinforma.com\/?p=21587#primaryimage\"},\"image\":{\"@id\":\"https:\/\/sanluisinforma.com\/?p=21587#primaryimage\"},\"thumbnailUrl\":\"https:\/\/sanluisinforma.com\/wp-content\/uploads\/2026\/08\/cc-1.jpg\",\"datePublished\":\"2026-08-31T06:35:00+00:00\",\"dateModified\":\"2026-08-31T03:05:13+00:00\",\"breadcrumb\":{\"@id\":\"https:\/\/sanluisinforma.com\/?p=21587#breadcrumb\"},\"inLanguage\":\"es\",\"potentialAction\":[{\"@type\":\"ReadAction\",\"target\":[\"https:\/\/sanluisinforma.com\/?p=21587\"]}]},{\"@type\":\"ImageObject\",\"inLanguage\":\"es\",\"@id\":\"https:\/\/sanluisinforma.com\/?p=21587#primaryimage\",\"url\":\"https:\/\/sanluisinforma.com\/wp-content\/uploads\/2026\/08\/cc-1.jpg\",\"contentUrl\":\"https:\/\/sanluisinforma.com\/wp-content\/uploads\/2026\/08\/cc-1.jpg\",\"width\":300,\"height\":200},{\"@type\":\"BreadcrumbList\",\"@id\":\"https:\/\/sanluisinforma.com\/?p=21587#breadcrumb\",\"itemListElement\":[{\"@type\":\"ListItem\",\"position\":1,\"name\":\"Inicio\",\"item\":\"https:\/\/sanluisinforma.com\/\"},{\"@type\":\"ListItem\",\"position\":2,\"name\":\"SSPC lista paraq el regreso a clases con el Operativo Juventud en las cuatro regiones\"}]},{\"@type\":\"WebSite\",\"@id\":\"https:\/\/sanluisinforma.com\/#website\",\"url\":\"https:\/\/sanluisinforma.com\/\",\"name\":\"sanluisinforma.com\",\"description\":\"Periodico San Luis Informa\",\"publisher\":{\"@id\":\"https:\/\/sanluisinforma.com\/#organization\"},\"potentialAction\":[{\"@type\":\"SearchAction\",\"target\":{\"@type\":\"EntryPoint\",\"urlTemplate\":\"https:\/\/sanluisinforma.com\/?s={search_term_string}\"},\"query-input\":{\"@type\":\"PropertyValueSpecification\",\"valueRequired\":true,\"valueName\":\"search_term_string\"}}],\"inLanguage\":\"es\"},{\"@type\":\"Organization\",\"@id\":\"https:\/\/sanluisinforma.com\/#organization\",\"name\":\"sanluisinforma.com\",\"url\":\"https:\/\/sanluisinforma.com\/\",\"logo\":{\"@type\":\"ImageObject\",\"inLanguage\":\"es\",\"@id\":\"https:\/\/sanluisinforma.com\/#\/schema\/logo\/image\/\",\"url\":\"https:\/\/sanluisinforma.com\/wp-content\/uploads\/2026\/03\/sanluisinforma-V.jpg\",\"contentUrl\":\"https:\/\/sanluisinforma.com\/wp-content\/uploads\/2026\/03\/sanluisinforma-V.jpg\",\"width\":500,\"height\":156,\"caption\":\"sanluisinforma.com\"},\"image\":{\"@id\":\"https:\/\/sanluisinforma.com\/#\/schema\/logo\/image\/\"}},{\"@type\":\"Person\",\"@id\":\"https:\/\/sanluisinforma.com\/#\/schema\/person\/c30648f71476be533b6f59d092905c8b\",\"name\":\"sanluisinforma.com\",\"image\":{\"@type\":\"ImageObject\",\"inLanguage\":\"es\",\"@id\":\"https:\/\/sanluisinforma.com\/#\/schema\/person\/image\/\",\"url\":\"https:\/\/secure.gravatar.com\/avatar\/86e3114e34a1eecefb963e0a02f0093f93b092dddb2fe1517596343751081a87?s=96&d=mm&r=g\",\"contentUrl\":\"https:\/\/secure.gravatar.com\/avatar\/86e3114e34a1eecefb963e0a02f0093f93b092dddb2fe1517596343751081a87?s=96&d=mm&r=g\",\"caption\":\"sanluisinforma.com\"},\"url\":\"https:\/\/sanluisinforma.com\/?author=2\"}]}<\/script>\n<!-- \/ Yoast SEO plugin. -->","yoast_head_json":{"title":"SSPC lista paraq el regreso a clases con el Operativo Juventud en las cuatro regiones - sanluisinforma.com","robots":{"index":"index","follow":"follow","max-snippet":"max-snippet:-1","max-image-preview":"max-image-preview:large","max-video-preview":"max-video-preview:-1"},"canonical":"https:\/\/sanluisinforma.com\/?p=21587","og_locale":"es_MX","og_type":"article","og_title":"SSPC lista paraq el regreso a clases con el Operativo Juventud en las cuatro regiones - sanluisinforma.com","og_description":"La Guardia Civil Estatal y su Divisi\u00f3n Caminos reforzar\u00e1n la vigilancia, prevenci\u00f3n y apoyo vial durante los horarios de entrada","og_url":"https:\/\/sanluisinforma.com\/?p=21587","og_site_name":"sanluisinforma.com","article_published_time":"2026-08-31T06:35:00+00:00","article_modified_time":"2026-08-31T03:05:13+00:00","og_image":[{"width":300,"height":200,"url":"https:\/\/sanluisinforma.com\/wp-content\/uploads\/2026\/08\/cc-1.jpg","type":"image\/jpeg"}],"author":"sanluisinforma.com","twitter_card":"summary_large_image","twitter_misc":{"Escrito por":"sanluisinforma.com","Tiempo de lectura":"2 minutos"},"schema":{"@context":"https:\/\/schema.org","@graph":[{"@type":"Article","@id":"https:\/\/sanluisinforma.com\/?p=21587#article","isPartOf":{"@id":"https:\/\/sanluisinforma.com\/?p=21587"},"author":{"name":"sanluisinforma.com","@id":"https:\/\/sanluisinforma.com\/#\/schema\/person\/c30648f71476be533b6f59d092905c8b"},"headline":"SSPC lista paraq el regreso a clases con el Operativo Juventud en las cuatro regiones","datePublished":"2026-08-31T06:35:00+00:00","dateModified":"2026-08-31T03:05:13+00:00","mainEntityOfPage":{"@id":"https:\/\/sanluisinforma.com\/?p=21587"},"wordCount":340,"publisher":{"@id":"https:\/\/sanluisinforma.com\/#organization"},"image":{"@id":"https:\/\/sanluisinforma.com\/?p=21587#primaryimage"},"thumbnailUrl":"https:\/\/sanluisinforma.com\/wp-content\/uploads\/2026\/08\/cc-1.jpg","articleSection":["Local"],"inLanguage":"es"},{"@type":"WebPage","@id":"https:\/\/sanluisinforma.com\/?p=21587","url":"https:\/\/sanluisinforma.com\/?p=21587","name":"SSPC lista paraq el regreso a clases con el Operativo Juventud en las cuatro regiones - sanluisinforma.com","isPartOf":{"@id":"https:\/\/sanluisinforma.com\/#website"},"primaryImageOfPage":{"@id":"https:\/\/sanluisinforma.com\/?p=21587#primaryimage"},"image":{"@id":"https:\/\/sanluisinforma.com\/?p=21587#primaryimage"},"thumbnailUrl":"https:\/\/sanluisinforma.com\/wp-content\/uploads\/2026\/08\/cc-1.jpg","datePublished":"2026-08-31T06:35:00+00:00","dateModified":"2026-08-31T03:05:13+00:00","breadcrumb":{"@id":"https:\/\/sanluisinforma.com\/?p=21587#breadcrumb"},"inLanguage":"es","potentialAction":[{"@type":"ReadAction","target":["https:\/\/sanluisinforma.com\/?p=21587"]}]},{"@type":"ImageObject","inLanguage":"es","@id":"https:\/\/sanluisinforma.com\/?p=21587#primaryimage","url":"https:\/\/sanluisinforma.com\/wp-content\/uploads\/2026\/08\/cc-1.jpg","contentUrl":"https:\/\/sanluisinforma.com\/wp-content\/uploads\/2026\/08\/cc-1.jpg","width":300,"height":200},{"@type":"BreadcrumbList","@id":"https:\/\/sanluisinforma.com\/?p=21587#breadcrumb","itemListElement":[{"@type":"ListItem","position":1,"name":"Inicio","item":"https:\/\/sanluisinforma.com\/"},{"@type":"ListItem","position":2,"name":"SSPC lista paraq el regreso a clases con el Operativo Juventud en las cuatro regiones"}]},{"@type":"WebSite","@id":"https:\/\/sanluisinforma.com\/#website","url":"https:\/\/sanluisinforma.com\/","name":"sanluisinforma.com","description":"Periodico San Luis Informa","publisher":{"@id":"https:\/\/sanluisinforma.com\/#organization"},"potentialAction":[{"@type":"SearchAction","target":{"@type":"EntryPoint","urlTemplate":"https:\/\/sanluisinforma.com\/?s={search_term_string}"},"query-input":{"@type":"PropertyValueSpecification","valueRequired":true,"valueName":"search_term_string"}}],"inLanguage":"es"},{"@type":"Organization","@id":"https:\/\/sanluisinforma.com\/#organization","name":"sanluisinforma.com","url":"https:\/\/sanluisinforma.com\/","logo":{"@type":"ImageObject","inLanguage":"es","@id":"https:\/\/sanluisinforma.com\/#\/schema\/logo\/image\/","url":"https:\/\/sanluisinforma.com\/wp-content\/uploads\/2026\/03\/sanluisinforma-V.jpg","contentUrl":"https:\/\/sanluisinforma.com\/wp-content\/uploads\/2026\/03\/sanluisinforma-V.jpg","width":500,"height":156,"caption":"sanluisinforma.com"},"image":{"@id":"https:\/\/sanluisinforma.com\/#\/schema\/logo\/image\/"}},{"@type":"Person","@id":"https:\/\/sanluisinforma.com\/#\/schema\/person\/c30648f71476be533b6f59d092905c8b","name":"sanluisinforma.com","image":{"@type":"ImageObject","inLanguage":"es","@id":"https:\/\/sanluisinforma.com\/#\/schema\/person\/image\/","url":"https:\/\/secure.gravatar.com\/avatar\/86e3114e34a1eecefb963e0a02f0093f93b092dddb2fe1517596343751081a87?s=96&d=mm&r=g","contentUrl":"https:\/\/secure.gravatar.com\/avatar\/86e3114e34a1eecefb963e0a02f0093f93b092dddb2fe1517596343751081a87?s=96&d=mm&r=g","caption":"sanluisinforma.com"},"url":"https:\/\/sanluisinforma.com\/?author=2"}]}},"_links":{"self":[{"href":"https:\/\/sanluisinforma.com\/index.php?rest_route=\/wp\/v2\/posts\/21587","targetHints":{"allow":["GET"]}}],"collection":[{"href":"https:\/\/sanluisinforma.com\/index.php?rest_route=\/wp\/v2\/posts"}],"about":[{"href":"https:\/\/sanluisinforma.com\/index.php?rest_route=\/wp\/v2\/types\/post"}],"author":[{"embeddable":true,"href":"https:\/\/sanluisinforma.com\/index.php?rest_route=\/wp\/v2\/users\/2"}],"replies":[{"embeddable":true,"href":"https:\/\/sanluisinforma.com\/index.php?rest_route=%2Fwp%2Fv2%2Fcomments&post=21587"}],"version-history":[{"count":1,"href":"https:\/\/sanluisinforma.com\/index.php?rest_route=\/wp\/v2\/posts\/21587\/revisions"}],"predecessor-version":[{"id":21589,"href":"https:\/\/sanluisinforma.com\/index.php?rest_route=\/wp\/v2\/posts\/21587\/revisions\/21589"}],"wp:featuredmedia":[{"embeddable":true,"href":"https:\/\/sanluisinforma.com\/index.php?rest_route=\/wp\/v2\/media\/21588"}],"wp:attachment":[{"href":"https:\/\/sanluisinforma.com\/index.php?rest_route=%2Fwp%2Fv2%2Fmedia&parent=21587"}],"wp:term":[{"taxonomy":"category","embeddable":true,"href":"https:\/\/sanluisinforma.com\/index.php?rest_route=%2Fwp%2Fv2%2Fcategories&post=21587"},{"taxonomy":"post_tag","embeddable":true,"href":"https:\/\/sanluisinforma.com\/index.php?rest_route=%2Fwp%2Fv2%2Ftags&post=21587"}],"curies":[{"name":"wp","href":"https:\/\/api.w.org\/{rel}","templated":true}]}}