{"id":21591,"date":"2026-08-31T00:58:00","date_gmt":"2026-08-31T06:58:00","guid":{"rendered":"https:\/\/sanluisinforma.com\/?p=21591"},"modified":"2026-08-30T21:15:35","modified_gmt":"2026-08-31T03:15:35","slug":"asonafe-reconoce-al-gobernador-del-estado-ricardo-gallardo-cardona-por-consolidar-a-la-fenapo-como-la-mejor-feria-de-mexico","status":"publish","type":"post","link":"https:\/\/sanluisinforma.com\/?p=21591","title":{"rendered":"ASONAFE Reconoce al Gobernador del Estado Ricardo Gallardo Cardona, por consolidar a la Fenapo como la mejor feria de M\u00e9xico"},"content":{"rendered":"\n<p class=\"wp-block-paragraph\"><\/p>\n\n\n\n<p class=\"wp-block-paragraph\">La Asociaci\u00f3n Mexicana de Ferias, Fiestas, Expos y Eventos Masivos coloca a la Feria Nacional Potosina como n\u00famero uno del pa\u00eds, por encima de referentes tradicionales como la Feria Nacional de San Marcos por su gratuidad, inclusi\u00f3n, espect\u00e1culos de primer nivel y por convertirse en un modelo a seguir en ferias del pa\u00eds.<\/p>\n\n\n\n<p class=\"wp-block-paragraph\">&nbsp;La Asociaci\u00f3n Mexicana de Ferias, Fiestas, Expos y Eventos Masivos A.C. (ASONAFE) reconoci\u00f3 nuevamente a la Feria Nacional Potosina (FENAPO) como la mejor feria de M\u00e9xico, luego de evaluar su modelo integral de gratuidad, la calidad nacional e internacional de sus espect\u00e1culos, las atracciones familiares sin costo, las acciones de inclusi\u00f3n para sectores vulnerables, su contribuci\u00f3n a la convivencia y recomposici\u00f3n del tejido social, as\u00ed como el impacto generado en turismo, comercio, servicios, econom\u00eda y bienestar para las familias. \u201cHoy reconocemos al licenciado Ricardo Gallardo Cardona porque tuvo la visi\u00f3n de transformar una feria tradicional en un verdadero fen\u00f3meno social; la gratuidad, la inclusi\u00f3n, los espect\u00e1culos, la convivencia familiar y su impacto econ\u00f3mico y tur\u00edstico son caracter\u00edsticas que, evaluadas en conjunto, colocan nuevamente a la Feria Nacional Potosina como la n\u00famero uno de M\u00e9xico y como el modelo que hoy deben observar las dem\u00e1s ferias del pa\u00eds\u201d, afirm\u00f3 el presidente de ASONAFE, Julio C\u00e9sar Gonz\u00e1lez M\u00e9ndez.<\/p>\n\n\n\n<p class=\"wp-block-paragraph\">Asimismo, Gonz\u00e1lez M\u00e9ndez destac\u00f3 que San Luis Potos\u00ed y las familias potosinas deben sentirse orgullosas de contar con una feria que hoy marca la pauta nacional y que transform\u00f3 completamente la manera de entender estos grandes eventos populares.<\/p>\n\n\n\n<p class=\"wp-block-paragraph\">Se\u00f1al\u00f3 que la Fenapo dej\u00f3 atr\u00e1s el concepto de una feria limitada por la capacidad econ\u00f3mica de sus visitantes, construyendo un modelo donde todas y todos pueden disfrutar espect\u00e1culos, conciertos, entretenimiento, servicios y actividades de gran calidad.<\/p>\n\n\n\n<p class=\"wp-block-paragraph\">La asociaci\u00f3n resalt\u00f3 especialmente la pol\u00edtica de gratuidad implementada durante la administraci\u00f3n del Gobernador Ricardo Gallardo Cardona, que permite acercar a miles de familias espect\u00e1culos de talla internacional y atracciones que anteriormente representaban un gasto importante, a ello se suman actividades dirigidas a ni\u00f1as, ni\u00f1os, personas adultas mayores y distintos grupos sociales, consolidando una feria incluyente, familiar y de amplio alcance popular.<\/p>\n\n\n\n<p class=\"wp-block-paragraph\">Finalmente, Julio C\u00e9sar Gonz\u00e1lez M\u00e9ndez se\u00f1al\u00f3 que este modelo representa adem\u00e1s un motor econ\u00f3mico para San Luis Potos\u00ed por la llegada masiva de visitantes, el crecimiento de la actividad hotelera, restaurantera, comercial y de servicios, as\u00ed como la derrama que beneficia directamente a comerciantes, prestadores de servicios, empresarios y familias, y es por ello, que ASONAFE promover\u00e1 nacionalmente la experiencia de la FENAPO como un modelo que puede ser replicado por otras ferias y exposiciones del pa\u00eds.<\/p>\n","protected":false},"excerpt":{"rendered":"<p>La Asociaci\u00f3n Mexicana de Ferias, Fiestas, Expos y Eventos Masivos coloca a la Feria Nacional Potosina como n\u00famero uno del<\/p>\n","protected":false},"author":2,"featured_media":21594,"comment_status":"closed","ping_status":"closed","sticky":false,"template":"","format":"standard","meta":{"footnotes":""},"categories":[25,30],"tags":[],"class_list":["post-21591","post","type-post","status-publish","format-standard","has-post-thumbnail","hentry","category-local","category-portada"],"yoast_head":"<!-- This site is optimized with the Yoast SEO plugin v24.1 - https:\/\/yoast.com\/wordpress\/plugins\/seo\/ -->\n<title>ASONAFE Reconoce al Gobernador del Estado Ricardo Gallardo Cardona, por consolidar a la Fenapo como la mejor feria de M\u00e9xico - sanluisinforma.com<\/title>\n<meta name=\"robots\" content=\"index, follow, max-snippet:-1, max-image-preview:large, max-video-preview:-1\" \/>\n<link rel=\"canonical\" href=\"https:\/\/sanluisinforma.com\/?p=21591\" \/>\n<meta property=\"og:locale\" content=\"es_MX\" \/>\n<meta property=\"og:type\" content=\"article\" \/>\n<meta property=\"og:title\" content=\"ASONAFE Reconoce al Gobernador del Estado Ricardo Gallardo Cardona, por consolidar a la Fenapo como la mejor feria de M\u00e9xico - sanluisinforma.com\" \/>\n<meta property=\"og:description\" content=\"La Asociaci\u00f3n Mexicana de Ferias, Fiestas, Expos y Eventos Masivos coloca a la Feria Nacional Potosina como n\u00famero uno del\" \/>\n<meta property=\"og:url\" content=\"https:\/\/sanluisinforma.com\/?p=21591\" \/>\n<meta property=\"og:site_name\" content=\"sanluisinforma.com\" \/>\n<meta property=\"article:published_time\" content=\"2026-08-31T06:58:00+00:00\" \/>\n<meta property=\"article:modified_time\" content=\"2026-08-31T03:15:35+00:00\" \/>\n<meta property=\"og:image\" content=\"https:\/\/sanluisinforma.com\/wp-content\/uploads\/2026\/08\/f1.jpg\" \/>\n\t<meta property=\"og:image:width\" content=\"300\" \/>\n\t<meta property=\"og:image:height\" content=\"201\" \/>\n\t<meta property=\"og:image:type\" content=\"image\/jpeg\" \/>\n<meta name=\"author\" content=\"sanluisinforma.com\" \/>\n<meta name=\"twitter:card\" content=\"summary_large_image\" \/>\n<meta name=\"twitter:label1\" content=\"Escrito por\" \/>\n\t<meta name=\"twitter:data1\" content=\"sanluisinforma.com\" \/>\n\t<meta name=\"twitter:label2\" content=\"Tiempo de lectura\" \/>\n\t<meta name=\"twitter:data2\" content=\"3 minutos\" \/>\n<script type=\"application\/ld+json\" class=\"yoast-schema-graph\">{\"@context\":\"https:\/\/schema.org\",\"@graph\":[{\"@type\":\"Article\",\"@id\":\"https:\/\/sanluisinforma.com\/?p=21591#article\",\"isPartOf\":{\"@id\":\"https:\/\/sanluisinforma.com\/?p=21591\"},\"author\":{\"name\":\"sanluisinforma.com\",\"@id\":\"https:\/\/sanluisinforma.com\/#\/schema\/person\/c30648f71476be533b6f59d092905c8b\"},\"headline\":\"ASONAFE Reconoce al Gobernador del Estado Ricardo Gallardo Cardona, por consolidar a la Fenapo como la mejor feria de M\u00e9xico\",\"datePublished\":\"2026-08-31T06:58:00+00:00\",\"dateModified\":\"2026-08-31T03:15:35+00:00\",\"mainEntityOfPage\":{\"@id\":\"https:\/\/sanluisinforma.com\/?p=21591\"},\"wordCount\":492,\"publisher\":{\"@id\":\"https:\/\/sanluisinforma.com\/#organization\"},\"image\":{\"@id\":\"https:\/\/sanluisinforma.com\/?p=21591#primaryimage\"},\"thumbnailUrl\":\"https:\/\/sanluisinforma.com\/wp-content\/uploads\/2026\/08\/f1.jpg\",\"articleSection\":[\"Local\",\"Portada\"],\"inLanguage\":\"es\"},{\"@type\":\"WebPage\",\"@id\":\"https:\/\/sanluisinforma.com\/?p=21591\",\"url\":\"https:\/\/sanluisinforma.com\/?p=21591\",\"name\":\"ASONAFE Reconoce al Gobernador del Estado Ricardo Gallardo Cardona, por consolidar a la Fenapo como la mejor feria de M\u00e9xico - sanluisinforma.com\",\"isPartOf\":{\"@id\":\"https:\/\/sanluisinforma.com\/#website\"},\"primaryImageOfPage\":{\"@id\":\"https:\/\/sanluisinforma.com\/?p=21591#primaryimage\"},\"image\":{\"@id\":\"https:\/\/sanluisinforma.com\/?p=21591#primaryimage\"},\"thumbnailUrl\":\"https:\/\/sanluisinforma.com\/wp-content\/uploads\/2026\/08\/f1.jpg\",\"datePublished\":\"2026-08-31T06:58:00+00:00\",\"dateModified\":\"2026-08-31T03:15:35+00:00\",\"breadcrumb\":{\"@id\":\"https:\/\/sanluisinforma.com\/?p=21591#breadcrumb\"},\"inLanguage\":\"es\",\"potentialAction\":[{\"@type\":\"ReadAction\",\"target\":[\"https:\/\/sanluisinforma.com\/?p=21591\"]}]},{\"@type\":\"ImageObject\",\"inLanguage\":\"es\",\"@id\":\"https:\/\/sanluisinforma.com\/?p=21591#primaryimage\",\"url\":\"https:\/\/sanluisinforma.com\/wp-content\/uploads\/2026\/08\/f1.jpg\",\"contentUrl\":\"https:\/\/sanluisinforma.com\/wp-content\/uploads\/2026\/08\/f1.jpg\",\"width\":300,\"height\":201},{\"@type\":\"BreadcrumbList\",\"@id\":\"https:\/\/sanluisinforma.com\/?p=21591#breadcrumb\",\"itemListElement\":[{\"@type\":\"ListItem\",\"position\":1,\"name\":\"Inicio\",\"item\":\"https:\/\/sanluisinforma.com\/\"},{\"@type\":\"ListItem\",\"position\":2,\"name\":\"ASONAFE Reconoce al Gobernador del Estado Ricardo Gallardo Cardona, por consolidar a la Fenapo como la mejor feria de M\u00e9xico\"}]},{\"@type\":\"WebSite\",\"@id\":\"https:\/\/sanluisinforma.com\/#website\",\"url\":\"https:\/\/sanluisinforma.com\/\",\"name\":\"sanluisinforma.com\",\"description\":\"Periodico San Luis Informa\",\"publisher\":{\"@id\":\"https:\/\/sanluisinforma.com\/#organization\"},\"potentialAction\":[{\"@type\":\"SearchAction\",\"target\":{\"@type\":\"EntryPoint\",\"urlTemplate\":\"https:\/\/sanluisinforma.com\/?s={search_term_string}\"},\"query-input\":{\"@type\":\"PropertyValueSpecification\",\"valueRequired\":true,\"valueName\":\"search_term_string\"}}],\"inLanguage\":\"es\"},{\"@type\":\"Organization\",\"@id\":\"https:\/\/sanluisinforma.com\/#organization\",\"name\":\"sanluisinforma.com\",\"url\":\"https:\/\/sanluisinforma.com\/\",\"logo\":{\"@type\":\"ImageObject\",\"inLanguage\":\"es\",\"@id\":\"https:\/\/sanluisinforma.com\/#\/schema\/logo\/image\/\",\"url\":\"https:\/\/sanluisinforma.com\/wp-content\/uploads\/2026\/03\/sanluisinforma-V.jpg\",\"contentUrl\":\"https:\/\/sanluisinforma.com\/wp-content\/uploads\/2026\/03\/sanluisinforma-V.jpg\",\"width\":500,\"height\":156,\"caption\":\"sanluisinforma.com\"},\"image\":{\"@id\":\"https:\/\/sanluisinforma.com\/#\/schema\/logo\/image\/\"}},{\"@type\":\"Person\",\"@id\":\"https:\/\/sanluisinforma.com\/#\/schema\/person\/c30648f71476be533b6f59d092905c8b\",\"name\":\"sanluisinforma.com\",\"image\":{\"@type\":\"ImageObject\",\"inLanguage\":\"es\",\"@id\":\"https:\/\/sanluisinforma.com\/#\/schema\/person\/image\/\",\"url\":\"https:\/\/secure.gravatar.com\/avatar\/86e3114e34a1eecefb963e0a02f0093f93b092dddb2fe1517596343751081a87?s=96&d=mm&r=g\",\"contentUrl\":\"https:\/\/secure.gravatar.com\/avatar\/86e3114e34a1eecefb963e0a02f0093f93b092dddb2fe1517596343751081a87?s=96&d=mm&r=g\",\"caption\":\"sanluisinforma.com\"},\"url\":\"https:\/\/sanluisinforma.com\/?author=2\"}]}<\/script>\n<!-- \/ Yoast SEO plugin. -->","yoast_head_json":{"title":"ASONAFE Reconoce al Gobernador del Estado Ricardo Gallardo Cardona, por consolidar a la Fenapo como la mejor feria de M\u00e9xico - sanluisinforma.com","robots":{"index":"index","follow":"follow","max-snippet":"max-snippet:-1","max-image-preview":"max-image-preview:large","max-video-preview":"max-video-preview:-1"},"canonical":"https:\/\/sanluisinforma.com\/?p=21591","og_locale":"es_MX","og_type":"article","og_title":"ASONAFE Reconoce al Gobernador del Estado Ricardo Gallardo Cardona, por consolidar a la Fenapo como la mejor feria de M\u00e9xico - sanluisinforma.com","og_description":"La Asociaci\u00f3n Mexicana de Ferias, Fiestas, Expos y Eventos Masivos coloca a la Feria Nacional Potosina como n\u00famero uno del","og_url":"https:\/\/sanluisinforma.com\/?p=21591","og_site_name":"sanluisinforma.com","article_published_time":"2026-08-31T06:58:00+00:00","article_modified_time":"2026-08-31T03:15:35+00:00","og_image":[{"width":300,"height":201,"url":"https:\/\/sanluisinforma.com\/wp-content\/uploads\/2026\/08\/f1.jpg","type":"image\/jpeg"}],"author":"sanluisinforma.com","twitter_card":"summary_large_image","twitter_misc":{"Escrito por":"sanluisinforma.com","Tiempo de lectura":"3 minutos"},"schema":{"@context":"https:\/\/schema.org","@graph":[{"@type":"Article","@id":"https:\/\/sanluisinforma.com\/?p=21591#article","isPartOf":{"@id":"https:\/\/sanluisinforma.com\/?p=21591"},"author":{"name":"sanluisinforma.com","@id":"https:\/\/sanluisinforma.com\/#\/schema\/person\/c30648f71476be533b6f59d092905c8b"},"headline":"ASONAFE Reconoce al Gobernador del Estado Ricardo Gallardo Cardona, por consolidar a la Fenapo como la mejor feria de M\u00e9xico","datePublished":"2026-08-31T06:58:00+00:00","dateModified":"2026-08-31T03:15:35+00:00","mainEntityOfPage":{"@id":"https:\/\/sanluisinforma.com\/?p=21591"},"wordCount":492,"publisher":{"@id":"https:\/\/sanluisinforma.com\/#organization"},"image":{"@id":"https:\/\/sanluisinforma.com\/?p=21591#primaryimage"},"thumbnailUrl":"https:\/\/sanluisinforma.com\/wp-content\/uploads\/2026\/08\/f1.jpg","articleSection":["Local","Portada"],"inLanguage":"es"},{"@type":"WebPage","@id":"https:\/\/sanluisinforma.com\/?p=21591","url":"https:\/\/sanluisinforma.com\/?p=21591","name":"ASONAFE Reconoce al Gobernador del Estado Ricardo Gallardo Cardona, por consolidar a la Fenapo como la mejor feria de M\u00e9xico - sanluisinforma.com","isPartOf":{"@id":"https:\/\/sanluisinforma.com\/#website"},"primaryImageOfPage":{"@id":"https:\/\/sanluisinforma.com\/?p=21591#primaryimage"},"image":{"@id":"https:\/\/sanluisinforma.com\/?p=21591#primaryimage"},"thumbnailUrl":"https:\/\/sanluisinforma.com\/wp-content\/uploads\/2026\/08\/f1.jpg","datePublished":"2026-08-31T06:58:00+00:00","dateModified":"2026-08-31T03:15:35+00:00","breadcrumb":{"@id":"https:\/\/sanluisinforma.com\/?p=21591#breadcrumb"},"inLanguage":"es","potentialAction":[{"@type":"ReadAction","target":["https:\/\/sanluisinforma.com\/?p=21591"]}]},{"@type":"ImageObject","inLanguage":"es","@id":"https:\/\/sanluisinforma.com\/?p=21591#primaryimage","url":"https:\/\/sanluisinforma.com\/wp-content\/uploads\/2026\/08\/f1.jpg","contentUrl":"https:\/\/sanluisinforma.com\/wp-content\/uploads\/2026\/08\/f1.jpg","width":300,"height":201},{"@type":"BreadcrumbList","@id":"https:\/\/sanluisinforma.com\/?p=21591#breadcrumb","itemListElement":[{"@type":"ListItem","position":1,"name":"Inicio","item":"https:\/\/sanluisinforma.com\/"},{"@type":"ListItem","position":2,"name":"ASONAFE Reconoce al Gobernador del Estado Ricardo Gallardo Cardona, por consolidar a la Fenapo como la mejor feria de M\u00e9xico"}]},{"@type":"WebSite","@id":"https:\/\/sanluisinforma.com\/#website","url":"https:\/\/sanluisinforma.com\/","name":"sanluisinforma.com","description":"Periodico San Luis Informa","publisher":{"@id":"https:\/\/sanluisinforma.com\/#organization"},"potentialAction":[{"@type":"SearchAction","target":{"@type":"EntryPoint","urlTemplate":"https:\/\/sanluisinforma.com\/?s={search_term_string}"},"query-input":{"@type":"PropertyValueSpecification","valueRequired":true,"valueName":"search_term_string"}}],"inLanguage":"es"},{"@type":"Organization","@id":"https:\/\/sanluisinforma.com\/#organization","name":"sanluisinforma.com","url":"https:\/\/sanluisinforma.com\/","logo":{"@type":"ImageObject","inLanguage":"es","@id":"https:\/\/sanluisinforma.com\/#\/schema\/logo\/image\/","url":"https:\/\/sanluisinforma.com\/wp-content\/uploads\/2026\/03\/sanluisinforma-V.jpg","contentUrl":"https:\/\/sanluisinforma.com\/wp-content\/uploads\/2026\/03\/sanluisinforma-V.jpg","width":500,"height":156,"caption":"sanluisinforma.com"},"image":{"@id":"https:\/\/sanluisinforma.com\/#\/schema\/logo\/image\/"}},{"@type":"Person","@id":"https:\/\/sanluisinforma.com\/#\/schema\/person\/c30648f71476be533b6f59d092905c8b","name":"sanluisinforma.com","image":{"@type":"ImageObject","inLanguage":"es","@id":"https:\/\/sanluisinforma.com\/#\/schema\/person\/image\/","url":"https:\/\/secure.gravatar.com\/avatar\/86e3114e34a1eecefb963e0a02f0093f93b092dddb2fe1517596343751081a87?s=96&d=mm&r=g","contentUrl":"https:\/\/secure.gravatar.com\/avatar\/86e3114e34a1eecefb963e0a02f0093f93b092dddb2fe1517596343751081a87?s=96&d=mm&r=g","caption":"sanluisinforma.com"},"url":"https:\/\/sanluisinforma.com\/?author=2"}]}},"_links":{"self":[{"href":"https:\/\/sanluisinforma.com\/index.php?rest_route=\/wp\/v2\/posts\/21591","targetHints":{"allow":["GET"]}}],"collection":[{"href":"https:\/\/sanluisinforma.com\/index.php?rest_route=\/wp\/v2\/posts"}],"about":[{"href":"https:\/\/sanluisinforma.com\/index.php?rest_route=\/wp\/v2\/types\/post"}],"author":[{"embeddable":true,"href":"https:\/\/sanluisinforma.com\/index.php?rest_route=\/wp\/v2\/users\/2"}],"replies":[{"embeddable":true,"href":"https:\/\/sanluisinforma.com\/index.php?rest_route=%2Fwp%2Fv2%2Fcomments&post=21591"}],"version-history":[{"count":2,"href":"https:\/\/sanluisinforma.com\/index.php?rest_route=\/wp\/v2\/posts\/21591\/revisions"}],"predecessor-version":[{"id":21595,"href":"https:\/\/sanluisinforma.com\/index.php?rest_route=\/wp\/v2\/posts\/21591\/revisions\/21595"}],"wp:featuredmedia":[{"embeddable":true,"href":"https:\/\/sanluisinforma.com\/index.php?rest_route=\/wp\/v2\/media\/21594"}],"wp:attachment":[{"href":"https:\/\/sanluisinforma.com\/index.php?rest_route=%2Fwp%2Fv2%2Fmedia&parent=21591"}],"wp:term":[{"taxonomy":"category","embeddable":true,"href":"https:\/\/sanluisinforma.com\/index.php?rest_route=%2Fwp%2Fv2%2Fcategories&post=21591"},{"taxonomy":"post_tag","embeddable":true,"href":"https:\/\/sanluisinforma.com\/index.php?rest_route=%2Fwp%2Fv2%2Ftags&post=21591"}],"curies":[{"name":"wp","href":"https:\/\/api.w.org\/{rel}","templated":true}]}}