{"id":21596,"date":"2026-08-31T00:50:00","date_gmt":"2026-08-31T06:50:00","guid":{"rendered":"https:\/\/sanluisinforma.com\/?p=21596"},"modified":"2026-08-30T21:38:31","modified_gmt":"2026-08-31T03:38:31","slug":"enrique-galindo-encabeza-el-domingo-de-pilas-en-fraccionamiento-villa-rica","status":"publish","type":"post","link":"https:\/\/sanluisinforma.com\/?p=21596","title":{"rendered":"Enrique Galindo encabeza el Domingo de Pilas en Fraccionamiento Villa Rica"},"content":{"rendered":"\n<p class=\"wp-block-paragraph\"><\/p>\n\n\n\n<p class=\"wp-block-paragraph\">En la jornada 236 de Domingo de Pilas con tu Gobierno, el Presidente Municipal llev\u00f3 servicios, atenci\u00f3n y obras a las calles y espacios p\u00fablicos de la zona; adem\u00e1s, La Ruta de la Salud acerc\u00f3 servicios m\u00e9dicos gratuitos a las familias.<\/p>\n\n\n\n<p class=\"wp-block-paragraph\">Son estas labores las que ubican a nuestra Capital en los primeros lugares del pa\u00eds en iluminaci\u00f3n y en el cuidado de parques\u201d, destac\u00f3 el Alcalde.<\/p>\n\n\n\n<p class=\"wp-block-paragraph\">En la jornada 236 del programa Domingo de Pilas con tu Gobierno, el Alcalde Enrique Galindo Ceballos encabez\u00f3 acciones integrales para mejorar las condiciones urbanas del Fraccionamiento Villa Rica, con trabajos de mantenimiento en calles, \u00e1reas verdes y espacios p\u00fablicos, adem\u00e1s de acercar los servicios de la Ruta de la Salud del DIF Municipal. \u201cSon estas labores las que ubican a nuestra Capital en los primeros lugares del pa\u00eds en iluminaci\u00f3n y en el cuidado de parques\u201d, destac\u00f3 el Presidente Municipal.<\/p>\n\n\n\n<p class=\"wp-block-paragraph\">Durante el recorrido, el Alcalde atendi\u00f3 directamente las peticiones de las y los vecinos, entre ellas la reparaci\u00f3n de un socav\u00f3n y una fuga de agua potable, el mejoramiento del alumbrado p\u00fablico y la instalaci\u00f3n de aparatos ejercitadores para personas adultas mayores en el jard\u00edn ubicado entre las calles Villa de Montserrat, Villa de Santa In\u00e9s y Villa Rica. Con estas acciones, el Gobierno de la Capital fortalece la infraestructura urbana y recupera espacios para la convivencia y el bienestar de las familias.<\/p>\n\n\n\n<p class=\"wp-block-paragraph\">El Presidente Municipal resalt\u00f3 que el trabajo permanente en las colonias y fraccionamientos permite atender de manera puntual las necesidades de la ciudadan\u00eda y transformar los espacios p\u00fablicos. La jornada de Domingo de Pilas representa, as\u00ed, una presencia constante del Gobierno de la Capital en territorio, con acciones que mejoran la imagen urbana, fortalecen la seguridad y elevan la calidad de vida de quienes habitan San Luis Capital.<\/p>\n\n\n\n<p class=\"wp-block-paragraph\">Asimismo, Enrique Galindo invit\u00f3 a las familias de Villa Rica y sectores aleda\u00f1os a aprovechar los servicios de la Ruta de la Salud, que permite detectar oportunamente padecimientos como hipertensi\u00f3n, alteraciones en los niveles de glucosa y c\u00e1ncer de mama y pr\u00f3stata, entre otros. El Sistema Municipal DIF tambi\u00e9n realiz\u00f3 ex\u00e1menes gratuitos de la vista y el o\u00eddo, con entrega de lentes y aparatos auditivos sin costo para quienes los requieren.<\/p>\n\n\n\n<p class=\"wp-block-paragraph\">Vecinas y vecinos de Villa Rica y de la zona aleda\u00f1a de San Juan de Guadalupe reconocieron al Alcalde y al personal del Gobierno de la Capital por atender necesidades que durante a\u00f1os hab\u00edan permanecido pendientes. Con esta jornada, el Ayuntamiento refrenda que la transformaci\u00f3n de San Luis Capital se construye en las calles y colonias, con un Gobierno cercano que escucha, act\u00faa y convierte las demandas ciudadanas en resultados concretos para hacer de la Capital una ciudad cada vez m\u00e1s digna, funcional y habitable.<\/p>\n","protected":false},"excerpt":{"rendered":"<p>En la jornada 236 de Domingo de Pilas con tu Gobierno, el Presidente Municipal llev\u00f3 servicios, atenci\u00f3n y obras a<\/p>\n","protected":false},"author":2,"featured_media":21597,"comment_status":"closed","ping_status":"closed","sticky":false,"template":"","format":"standard","meta":{"footnotes":""},"categories":[25,30],"tags":[],"class_list":["post-21596","post","type-post","status-publish","format-standard","has-post-thumbnail","hentry","category-local","category-portada"],"yoast_head":"<!-- This site is optimized with the Yoast SEO plugin v24.1 - https:\/\/yoast.com\/wordpress\/plugins\/seo\/ -->\n<title>Enrique Galindo encabeza el Domingo de Pilas en Fraccionamiento Villa Rica - sanluisinforma.com<\/title>\n<meta name=\"robots\" content=\"index, follow, max-snippet:-1, max-image-preview:large, max-video-preview:-1\" \/>\n<link rel=\"canonical\" href=\"https:\/\/sanluisinforma.com\/?p=21596\" \/>\n<meta property=\"og:locale\" content=\"es_MX\" \/>\n<meta property=\"og:type\" content=\"article\" \/>\n<meta property=\"og:title\" content=\"Enrique Galindo encabeza el Domingo de Pilas en Fraccionamiento Villa Rica - sanluisinforma.com\" \/>\n<meta property=\"og:description\" content=\"En la jornada 236 de Domingo de Pilas con tu Gobierno, el Presidente Municipal llev\u00f3 servicios, atenci\u00f3n y obras a\" \/>\n<meta property=\"og:url\" content=\"https:\/\/sanluisinforma.com\/?p=21596\" \/>\n<meta property=\"og:site_name\" content=\"sanluisinforma.com\" \/>\n<meta property=\"article:published_time\" content=\"2026-08-31T06:50:00+00:00\" \/>\n<meta property=\"article:modified_time\" content=\"2026-08-31T03:38:31+00:00\" \/>\n<meta property=\"og:image\" content=\"https:\/\/sanluisinforma.com\/wp-content\/uploads\/2026\/08\/cc-2.jpg\" \/>\n\t<meta property=\"og:image:width\" content=\"300\" \/>\n\t<meta property=\"og:image:height\" content=\"199\" \/>\n\t<meta property=\"og:image:type\" content=\"image\/jpeg\" \/>\n<meta name=\"author\" content=\"sanluisinforma.com\" \/>\n<meta name=\"twitter:card\" content=\"summary_large_image\" \/>\n<meta name=\"twitter:label1\" content=\"Escrito por\" \/>\n\t<meta name=\"twitter:data1\" content=\"sanluisinforma.com\" \/>\n\t<meta name=\"twitter:label2\" content=\"Tiempo de lectura\" \/>\n\t<meta name=\"twitter:data2\" content=\"3 minutos\" \/>\n<script type=\"application\/ld+json\" class=\"yoast-schema-graph\">{\"@context\":\"https:\/\/schema.org\",\"@graph\":[{\"@type\":\"Article\",\"@id\":\"https:\/\/sanluisinforma.com\/?p=21596#article\",\"isPartOf\":{\"@id\":\"https:\/\/sanluisinforma.com\/?p=21596\"},\"author\":{\"name\":\"sanluisinforma.com\",\"@id\":\"https:\/\/sanluisinforma.com\/#\/schema\/person\/c30648f71476be533b6f59d092905c8b\"},\"headline\":\"Enrique Galindo encabeza el Domingo de Pilas en Fraccionamiento Villa Rica\",\"datePublished\":\"2026-08-31T06:50:00+00:00\",\"dateModified\":\"2026-08-31T03:38:31+00:00\",\"mainEntityOfPage\":{\"@id\":\"https:\/\/sanluisinforma.com\/?p=21596\"},\"wordCount\":495,\"publisher\":{\"@id\":\"https:\/\/sanluisinforma.com\/#organization\"},\"image\":{\"@id\":\"https:\/\/sanluisinforma.com\/?p=21596#primaryimage\"},\"thumbnailUrl\":\"https:\/\/sanluisinforma.com\/wp-content\/uploads\/2026\/08\/cc-2.jpg\",\"articleSection\":[\"Local\",\"Portada\"],\"inLanguage\":\"es\"},{\"@type\":\"WebPage\",\"@id\":\"https:\/\/sanluisinforma.com\/?p=21596\",\"url\":\"https:\/\/sanluisinforma.com\/?p=21596\",\"name\":\"Enrique Galindo encabeza el Domingo de Pilas en Fraccionamiento Villa Rica - sanluisinforma.com\",\"isPartOf\":{\"@id\":\"https:\/\/sanluisinforma.com\/#website\"},\"primaryImageOfPage\":{\"@id\":\"https:\/\/sanluisinforma.com\/?p=21596#primaryimage\"},\"image\":{\"@id\":\"https:\/\/sanluisinforma.com\/?p=21596#primaryimage\"},\"thumbnailUrl\":\"https:\/\/sanluisinforma.com\/wp-content\/uploads\/2026\/08\/cc-2.jpg\",\"datePublished\":\"2026-08-31T06:50:00+00:00\",\"dateModified\":\"2026-08-31T03:38:31+00:00\",\"breadcrumb\":{\"@id\":\"https:\/\/sanluisinforma.com\/?p=21596#breadcrumb\"},\"inLanguage\":\"es\",\"potentialAction\":[{\"@type\":\"ReadAction\",\"target\":[\"https:\/\/sanluisinforma.com\/?p=21596\"]}]},{\"@type\":\"ImageObject\",\"inLanguage\":\"es\",\"@id\":\"https:\/\/sanluisinforma.com\/?p=21596#primaryimage\",\"url\":\"https:\/\/sanluisinforma.com\/wp-content\/uploads\/2026\/08\/cc-2.jpg\",\"contentUrl\":\"https:\/\/sanluisinforma.com\/wp-content\/uploads\/2026\/08\/cc-2.jpg\",\"width\":300,\"height\":199},{\"@type\":\"BreadcrumbList\",\"@id\":\"https:\/\/sanluisinforma.com\/?p=21596#breadcrumb\",\"itemListElement\":[{\"@type\":\"ListItem\",\"position\":1,\"name\":\"Inicio\",\"item\":\"https:\/\/sanluisinforma.com\/\"},{\"@type\":\"ListItem\",\"position\":2,\"name\":\"Enrique Galindo encabeza el Domingo de Pilas en Fraccionamiento Villa Rica\"}]},{\"@type\":\"WebSite\",\"@id\":\"https:\/\/sanluisinforma.com\/#website\",\"url\":\"https:\/\/sanluisinforma.com\/\",\"name\":\"sanluisinforma.com\",\"description\":\"Periodico San Luis Informa\",\"publisher\":{\"@id\":\"https:\/\/sanluisinforma.com\/#organization\"},\"potentialAction\":[{\"@type\":\"SearchAction\",\"target\":{\"@type\":\"EntryPoint\",\"urlTemplate\":\"https:\/\/sanluisinforma.com\/?s={search_term_string}\"},\"query-input\":{\"@type\":\"PropertyValueSpecification\",\"valueRequired\":true,\"valueName\":\"search_term_string\"}}],\"inLanguage\":\"es\"},{\"@type\":\"Organization\",\"@id\":\"https:\/\/sanluisinforma.com\/#organization\",\"name\":\"sanluisinforma.com\",\"url\":\"https:\/\/sanluisinforma.com\/\",\"logo\":{\"@type\":\"ImageObject\",\"inLanguage\":\"es\",\"@id\":\"https:\/\/sanluisinforma.com\/#\/schema\/logo\/image\/\",\"url\":\"https:\/\/sanluisinforma.com\/wp-content\/uploads\/2026\/03\/sanluisinforma-V.jpg\",\"contentUrl\":\"https:\/\/sanluisinforma.com\/wp-content\/uploads\/2026\/03\/sanluisinforma-V.jpg\",\"width\":500,\"height\":156,\"caption\":\"sanluisinforma.com\"},\"image\":{\"@id\":\"https:\/\/sanluisinforma.com\/#\/schema\/logo\/image\/\"}},{\"@type\":\"Person\",\"@id\":\"https:\/\/sanluisinforma.com\/#\/schema\/person\/c30648f71476be533b6f59d092905c8b\",\"name\":\"sanluisinforma.com\",\"image\":{\"@type\":\"ImageObject\",\"inLanguage\":\"es\",\"@id\":\"https:\/\/sanluisinforma.com\/#\/schema\/person\/image\/\",\"url\":\"https:\/\/secure.gravatar.com\/avatar\/86e3114e34a1eecefb963e0a02f0093f93b092dddb2fe1517596343751081a87?s=96&d=mm&r=g\",\"contentUrl\":\"https:\/\/secure.gravatar.com\/avatar\/86e3114e34a1eecefb963e0a02f0093f93b092dddb2fe1517596343751081a87?s=96&d=mm&r=g\",\"caption\":\"sanluisinforma.com\"},\"url\":\"https:\/\/sanluisinforma.com\/?author=2\"}]}<\/script>\n<!-- \/ Yoast SEO plugin. -->","yoast_head_json":{"title":"Enrique Galindo encabeza el Domingo de Pilas en Fraccionamiento Villa Rica - sanluisinforma.com","robots":{"index":"index","follow":"follow","max-snippet":"max-snippet:-1","max-image-preview":"max-image-preview:large","max-video-preview":"max-video-preview:-1"},"canonical":"https:\/\/sanluisinforma.com\/?p=21596","og_locale":"es_MX","og_type":"article","og_title":"Enrique Galindo encabeza el Domingo de Pilas en Fraccionamiento Villa Rica - sanluisinforma.com","og_description":"En la jornada 236 de Domingo de Pilas con tu Gobierno, el Presidente Municipal llev\u00f3 servicios, atenci\u00f3n y obras a","og_url":"https:\/\/sanluisinforma.com\/?p=21596","og_site_name":"sanluisinforma.com","article_published_time":"2026-08-31T06:50:00+00:00","article_modified_time":"2026-08-31T03:38:31+00:00","og_image":[{"width":300,"height":199,"url":"https:\/\/sanluisinforma.com\/wp-content\/uploads\/2026\/08\/cc-2.jpg","type":"image\/jpeg"}],"author":"sanluisinforma.com","twitter_card":"summary_large_image","twitter_misc":{"Escrito por":"sanluisinforma.com","Tiempo de lectura":"3 minutos"},"schema":{"@context":"https:\/\/schema.org","@graph":[{"@type":"Article","@id":"https:\/\/sanluisinforma.com\/?p=21596#article","isPartOf":{"@id":"https:\/\/sanluisinforma.com\/?p=21596"},"author":{"name":"sanluisinforma.com","@id":"https:\/\/sanluisinforma.com\/#\/schema\/person\/c30648f71476be533b6f59d092905c8b"},"headline":"Enrique Galindo encabeza el Domingo de Pilas en Fraccionamiento Villa Rica","datePublished":"2026-08-31T06:50:00+00:00","dateModified":"2026-08-31T03:38:31+00:00","mainEntityOfPage":{"@id":"https:\/\/sanluisinforma.com\/?p=21596"},"wordCount":495,"publisher":{"@id":"https:\/\/sanluisinforma.com\/#organization"},"image":{"@id":"https:\/\/sanluisinforma.com\/?p=21596#primaryimage"},"thumbnailUrl":"https:\/\/sanluisinforma.com\/wp-content\/uploads\/2026\/08\/cc-2.jpg","articleSection":["Local","Portada"],"inLanguage":"es"},{"@type":"WebPage","@id":"https:\/\/sanluisinforma.com\/?p=21596","url":"https:\/\/sanluisinforma.com\/?p=21596","name":"Enrique Galindo encabeza el Domingo de Pilas en Fraccionamiento Villa Rica - sanluisinforma.com","isPartOf":{"@id":"https:\/\/sanluisinforma.com\/#website"},"primaryImageOfPage":{"@id":"https:\/\/sanluisinforma.com\/?p=21596#primaryimage"},"image":{"@id":"https:\/\/sanluisinforma.com\/?p=21596#primaryimage"},"thumbnailUrl":"https:\/\/sanluisinforma.com\/wp-content\/uploads\/2026\/08\/cc-2.jpg","datePublished":"2026-08-31T06:50:00+00:00","dateModified":"2026-08-31T03:38:31+00:00","breadcrumb":{"@id":"https:\/\/sanluisinforma.com\/?p=21596#breadcrumb"},"inLanguage":"es","potentialAction":[{"@type":"ReadAction","target":["https:\/\/sanluisinforma.com\/?p=21596"]}]},{"@type":"ImageObject","inLanguage":"es","@id":"https:\/\/sanluisinforma.com\/?p=21596#primaryimage","url":"https:\/\/sanluisinforma.com\/wp-content\/uploads\/2026\/08\/cc-2.jpg","contentUrl":"https:\/\/sanluisinforma.com\/wp-content\/uploads\/2026\/08\/cc-2.jpg","width":300,"height":199},{"@type":"BreadcrumbList","@id":"https:\/\/sanluisinforma.com\/?p=21596#breadcrumb","itemListElement":[{"@type":"ListItem","position":1,"name":"Inicio","item":"https:\/\/sanluisinforma.com\/"},{"@type":"ListItem","position":2,"name":"Enrique Galindo encabeza el Domingo de Pilas en Fraccionamiento Villa Rica"}]},{"@type":"WebSite","@id":"https:\/\/sanluisinforma.com\/#website","url":"https:\/\/sanluisinforma.com\/","name":"sanluisinforma.com","description":"Periodico San Luis Informa","publisher":{"@id":"https:\/\/sanluisinforma.com\/#organization"},"potentialAction":[{"@type":"SearchAction","target":{"@type":"EntryPoint","urlTemplate":"https:\/\/sanluisinforma.com\/?s={search_term_string}"},"query-input":{"@type":"PropertyValueSpecification","valueRequired":true,"valueName":"search_term_string"}}],"inLanguage":"es"},{"@type":"Organization","@id":"https:\/\/sanluisinforma.com\/#organization","name":"sanluisinforma.com","url":"https:\/\/sanluisinforma.com\/","logo":{"@type":"ImageObject","inLanguage":"es","@id":"https:\/\/sanluisinforma.com\/#\/schema\/logo\/image\/","url":"https:\/\/sanluisinforma.com\/wp-content\/uploads\/2026\/03\/sanluisinforma-V.jpg","contentUrl":"https:\/\/sanluisinforma.com\/wp-content\/uploads\/2026\/03\/sanluisinforma-V.jpg","width":500,"height":156,"caption":"sanluisinforma.com"},"image":{"@id":"https:\/\/sanluisinforma.com\/#\/schema\/logo\/image\/"}},{"@type":"Person","@id":"https:\/\/sanluisinforma.com\/#\/schema\/person\/c30648f71476be533b6f59d092905c8b","name":"sanluisinforma.com","image":{"@type":"ImageObject","inLanguage":"es","@id":"https:\/\/sanluisinforma.com\/#\/schema\/person\/image\/","url":"https:\/\/secure.gravatar.com\/avatar\/86e3114e34a1eecefb963e0a02f0093f93b092dddb2fe1517596343751081a87?s=96&d=mm&r=g","contentUrl":"https:\/\/secure.gravatar.com\/avatar\/86e3114e34a1eecefb963e0a02f0093f93b092dddb2fe1517596343751081a87?s=96&d=mm&r=g","caption":"sanluisinforma.com"},"url":"https:\/\/sanluisinforma.com\/?author=2"}]}},"_links":{"self":[{"href":"https:\/\/sanluisinforma.com\/index.php?rest_route=\/wp\/v2\/posts\/21596","targetHints":{"allow":["GET"]}}],"collection":[{"href":"https:\/\/sanluisinforma.com\/index.php?rest_route=\/wp\/v2\/posts"}],"about":[{"href":"https:\/\/sanluisinforma.com\/index.php?rest_route=\/wp\/v2\/types\/post"}],"author":[{"embeddable":true,"href":"https:\/\/sanluisinforma.com\/index.php?rest_route=\/wp\/v2\/users\/2"}],"replies":[{"embeddable":true,"href":"https:\/\/sanluisinforma.com\/index.php?rest_route=%2Fwp%2Fv2%2Fcomments&post=21596"}],"version-history":[{"count":1,"href":"https:\/\/sanluisinforma.com\/index.php?rest_route=\/wp\/v2\/posts\/21596\/revisions"}],"predecessor-version":[{"id":21598,"href":"https:\/\/sanluisinforma.com\/index.php?rest_route=\/wp\/v2\/posts\/21596\/revisions\/21598"}],"wp:featuredmedia":[{"embeddable":true,"href":"https:\/\/sanluisinforma.com\/index.php?rest_route=\/wp\/v2\/media\/21597"}],"wp:attachment":[{"href":"https:\/\/sanluisinforma.com\/index.php?rest_route=%2Fwp%2Fv2%2Fmedia&parent=21596"}],"wp:term":[{"taxonomy":"category","embeddable":true,"href":"https:\/\/sanluisinforma.com\/index.php?rest_route=%2Fwp%2Fv2%2Fcategories&post=21596"},{"taxonomy":"post_tag","embeddable":true,"href":"https:\/\/sanluisinforma.com\/index.php?rest_route=%2Fwp%2Fv2%2Ftags&post=21596"}],"curies":[{"name":"wp","href":"https:\/\/api.w.org\/{rel}","templated":true}]}}