{"id":21606,"date":"2026-09-01T00:50:00","date_gmt":"2026-09-01T06:50:00","guid":{"rendered":"https:\/\/sanluisinforma.com\/?p=21606"},"modified":"2026-08-31T23:45:37","modified_gmt":"2026-09-01T05:45:37","slug":"enrique-galindo-arranca-el-programa-escuela-codigo-amable","status":"publish","type":"post","link":"https:\/\/sanluisinforma.com\/?p=21606","title":{"rendered":"Enrique Galindo arranca el programa Escuela C\u00f3digo Amable"},"content":{"rendered":"\n<p class=\"wp-block-paragraph\"><\/p>\n\n\n\n<p class=\"wp-block-paragraph\">El Alcalde Enrique Galindo Ceballos destac\u00f3, durante el arranque del ciclo escolar, que este programa permitir\u00e1 identificar, actualizar y reciclar equipos de c\u00f3mputo en desuso para aprovechar sus componentes e incorporar sistemas de c\u00f3digo abierto y aplicaciones educativas que brinden a estudiantes de las escuelas municipales las herramientas necesarias para su formaci\u00f3n.<\/p>\n\n\n\n<p class=\"wp-block-paragraph\">En la Escuela Preparatoria Municipal Emiliano Zapata, el Alcalde Enrique Galindo Ceballos encabez\u00f3 el inicio del ciclo escolar 2026-2027 y puso en marcha \u201cEscuelas C\u00f3digo Amable\u201d, programa que beneficiar\u00e1 al Sistema Educativo Municipal de San Luis Capital mediante la actualizaci\u00f3n y aprovechamiento de equipos de c\u00f3mputo que se encuentran en desuso.<\/p>\n\n\n\n<p class=\"wp-block-paragraph\">El Alcalde explic\u00f3 que la estrategia permitir\u00e1 aprovechar computadoras que, aunque parecen obsoletas, todav\u00eda cuentan con componentes funcionales. A partir de estos equipos se realizar\u00e1n actualizaciones mediante sistemas operativos de c\u00f3digo abierto y aplicaciones educativas, con lo que se busca ampliar su vida \u00fatil, reducir la generaci\u00f3n de residuos electr\u00f3nicos y fortalecer el acceso a herramientas tecnol\u00f3gicas para ni\u00f1as, ni\u00f1os y j\u00f3venes de las escuelas municipales.<\/p>\n\n\n\n<p class=\"wp-block-paragraph\">La primera entrega contempla siete equipos de c\u00f3mputo para la Escuela Primaria \u201cEmiliano Zapata\u201d, como parte de esta estrategia que vincula educaci\u00f3n y protecci\u00f3n del medio ambiente. El Alcalde Enrique Galindo destac\u00f3 que la iniciativa surgi\u00f3 a partir del Premio al M\u00e9rito Ecol\u00f3gico y se\u00f1al\u00f3 que muchas computadoras no han llegado al final de su vida \u00fatil, sino que pueden volver a ser funcionales mediante la actualizaci\u00f3n de sus sistemas y programas.<\/p>\n\n\n\n<p class=\"wp-block-paragraph\">En el arranque de este programa stuvieron presentes representantes de instituciones de los tres \u00f3rdenes de Gobierno, entre ellos del Ej\u00e9rcito Mexicano, la Guardia Nacional, la Secretar\u00eda de Educaci\u00f3n de Gobierno del Estado (SEGE), el Sistema Educativo Estatal Regular (SEER) y la Oficina de Enlace Educativo de la Secretar\u00eda de Educaci\u00f3n P\u00fablica (SEP) en San Luis Potos\u00ed, as\u00ed como el Ing. Carlos Andr\u00e9s Rodr\u00edguez Barrientos, ganador del Premio al M\u00e9rito Ecol\u00f3gico 2026 en la categor\u00eda Personas Individuales y Comunidades por el proyecto \u201cEscuelas Linux o c\u00f3mo convertir la chatarra electr\u00f3nica en herramienta educativa escolar\u201d, y Diego Alejandro Navarro Araiza, Presidente del Cabildo Infantil de San Luis Potos\u00ed.<\/p>\n\n\n\n<p class=\"wp-block-paragraph\">Durante el arranque del ciclo escolar, el Alcalde tambi\u00e9n realiz\u00f3 la entrega de mochilas nuevas para estudiantes, como parte de las acciones dirigidas a la comunidad educativa, como parte de las acciones de la Secretar\u00eda de Bienestar Municipal en beneficio de la poblaci\u00f3n estudiantil.<\/p>\n\n\n\n<p class=\"wp-block-paragraph\">La Direcci\u00f3n de Gesti\u00f3n Ecol\u00f3gica y Manejo de Residuos coordinar\u00e1 la recepci\u00f3n, clasificaci\u00f3n y canalizaci\u00f3n de los equipos donados. Galindo Ceballos invit\u00f3 a las familias que tengan computadoras que ya no utilizan a sumarse al programa y entregarlas para su actualizaci\u00f3n y aprovechamiento, con la finalidad de que sus componentes puedan tener una nueva utilidad en las aulas y beneficiar a estudiantes que requieren herramientas tecnol\u00f3gicas para continuar con su formaci\u00f3n.<\/p>\n","protected":false},"excerpt":{"rendered":"<p>El Alcalde Enrique Galindo Ceballos destac\u00f3, durante el arranque del ciclo escolar, que este programa permitir\u00e1 identificar, actualizar y reciclar<\/p>\n","protected":false},"author":2,"featured_media":21607,"comment_status":"closed","ping_status":"closed","sticky":false,"template":"","format":"standard","meta":{"footnotes":""},"categories":[25,30],"tags":[],"class_list":["post-21606","post","type-post","status-publish","format-standard","has-post-thumbnail","hentry","category-local","category-portada"],"yoast_head":"<!-- This site is optimized with the Yoast SEO plugin v24.1 - https:\/\/yoast.com\/wordpress\/plugins\/seo\/ -->\n<title>Enrique Galindo arranca el programa Escuela C\u00f3digo Amable - sanluisinforma.com<\/title>\n<meta name=\"robots\" content=\"index, follow, max-snippet:-1, max-image-preview:large, max-video-preview:-1\" \/>\n<link rel=\"canonical\" href=\"https:\/\/sanluisinforma.com\/?p=21606\" \/>\n<meta property=\"og:locale\" content=\"es_MX\" \/>\n<meta property=\"og:type\" content=\"article\" \/>\n<meta property=\"og:title\" content=\"Enrique Galindo arranca el programa Escuela C\u00f3digo Amable - sanluisinforma.com\" \/>\n<meta property=\"og:description\" content=\"El Alcalde Enrique Galindo Ceballos destac\u00f3, durante el arranque del ciclo escolar, que este programa permitir\u00e1 identificar, actualizar y reciclar\" \/>\n<meta property=\"og:url\" content=\"https:\/\/sanluisinforma.com\/?p=21606\" \/>\n<meta property=\"og:site_name\" content=\"sanluisinforma.com\" \/>\n<meta property=\"article:published_time\" content=\"2026-09-01T06:50:00+00:00\" \/>\n<meta property=\"article:modified_time\" content=\"2026-09-01T05:45:37+00:00\" \/>\n<meta property=\"og:image\" content=\"https:\/\/sanluisinforma.com\/wp-content\/uploads\/2026\/08\/a1.jpg\" \/>\n\t<meta property=\"og:image:width\" content=\"300\" \/>\n\t<meta property=\"og:image:height\" content=\"199\" \/>\n\t<meta property=\"og:image:type\" content=\"image\/jpeg\" \/>\n<meta name=\"author\" content=\"sanluisinforma.com\" \/>\n<meta name=\"twitter:card\" content=\"summary_large_image\" \/>\n<meta name=\"twitter:label1\" content=\"Escrito por\" \/>\n\t<meta name=\"twitter:data1\" content=\"sanluisinforma.com\" \/>\n\t<meta name=\"twitter:label2\" content=\"Tiempo de lectura\" \/>\n\t<meta name=\"twitter:data2\" content=\"3 minutos\" \/>\n<script type=\"application\/ld+json\" class=\"yoast-schema-graph\">{\"@context\":\"https:\/\/schema.org\",\"@graph\":[{\"@type\":\"Article\",\"@id\":\"https:\/\/sanluisinforma.com\/?p=21606#article\",\"isPartOf\":{\"@id\":\"https:\/\/sanluisinforma.com\/?p=21606\"},\"author\":{\"name\":\"sanluisinforma.com\",\"@id\":\"https:\/\/sanluisinforma.com\/#\/schema\/person\/c30648f71476be533b6f59d092905c8b\"},\"headline\":\"Enrique Galindo arranca el programa Escuela C\u00f3digo Amable\",\"datePublished\":\"2026-09-01T06:50:00+00:00\",\"dateModified\":\"2026-09-01T05:45:37+00:00\",\"mainEntityOfPage\":{\"@id\":\"https:\/\/sanluisinforma.com\/?p=21606\"},\"wordCount\":518,\"publisher\":{\"@id\":\"https:\/\/sanluisinforma.com\/#organization\"},\"image\":{\"@id\":\"https:\/\/sanluisinforma.com\/?p=21606#primaryimage\"},\"thumbnailUrl\":\"https:\/\/sanluisinforma.com\/wp-content\/uploads\/2026\/08\/a1.jpg\",\"articleSection\":[\"Local\",\"Portada\"],\"inLanguage\":\"es\"},{\"@type\":\"WebPage\",\"@id\":\"https:\/\/sanluisinforma.com\/?p=21606\",\"url\":\"https:\/\/sanluisinforma.com\/?p=21606\",\"name\":\"Enrique Galindo arranca el programa Escuela C\u00f3digo Amable - sanluisinforma.com\",\"isPartOf\":{\"@id\":\"https:\/\/sanluisinforma.com\/#website\"},\"primaryImageOfPage\":{\"@id\":\"https:\/\/sanluisinforma.com\/?p=21606#primaryimage\"},\"image\":{\"@id\":\"https:\/\/sanluisinforma.com\/?p=21606#primaryimage\"},\"thumbnailUrl\":\"https:\/\/sanluisinforma.com\/wp-content\/uploads\/2026\/08\/a1.jpg\",\"datePublished\":\"2026-09-01T06:50:00+00:00\",\"dateModified\":\"2026-09-01T05:45:37+00:00\",\"breadcrumb\":{\"@id\":\"https:\/\/sanluisinforma.com\/?p=21606#breadcrumb\"},\"inLanguage\":\"es\",\"potentialAction\":[{\"@type\":\"ReadAction\",\"target\":[\"https:\/\/sanluisinforma.com\/?p=21606\"]}]},{\"@type\":\"ImageObject\",\"inLanguage\":\"es\",\"@id\":\"https:\/\/sanluisinforma.com\/?p=21606#primaryimage\",\"url\":\"https:\/\/sanluisinforma.com\/wp-content\/uploads\/2026\/08\/a1.jpg\",\"contentUrl\":\"https:\/\/sanluisinforma.com\/wp-content\/uploads\/2026\/08\/a1.jpg\",\"width\":300,\"height\":199},{\"@type\":\"BreadcrumbList\",\"@id\":\"https:\/\/sanluisinforma.com\/?p=21606#breadcrumb\",\"itemListElement\":[{\"@type\":\"ListItem\",\"position\":1,\"name\":\"Inicio\",\"item\":\"https:\/\/sanluisinforma.com\/\"},{\"@type\":\"ListItem\",\"position\":2,\"name\":\"Enrique Galindo arranca el programa Escuela C\u00f3digo Amable\"}]},{\"@type\":\"WebSite\",\"@id\":\"https:\/\/sanluisinforma.com\/#website\",\"url\":\"https:\/\/sanluisinforma.com\/\",\"name\":\"sanluisinforma.com\",\"description\":\"Periodico San Luis Informa\",\"publisher\":{\"@id\":\"https:\/\/sanluisinforma.com\/#organization\"},\"potentialAction\":[{\"@type\":\"SearchAction\",\"target\":{\"@type\":\"EntryPoint\",\"urlTemplate\":\"https:\/\/sanluisinforma.com\/?s={search_term_string}\"},\"query-input\":{\"@type\":\"PropertyValueSpecification\",\"valueRequired\":true,\"valueName\":\"search_term_string\"}}],\"inLanguage\":\"es\"},{\"@type\":\"Organization\",\"@id\":\"https:\/\/sanluisinforma.com\/#organization\",\"name\":\"sanluisinforma.com\",\"url\":\"https:\/\/sanluisinforma.com\/\",\"logo\":{\"@type\":\"ImageObject\",\"inLanguage\":\"es\",\"@id\":\"https:\/\/sanluisinforma.com\/#\/schema\/logo\/image\/\",\"url\":\"https:\/\/sanluisinforma.com\/wp-content\/uploads\/2026\/03\/sanluisinforma-V.jpg\",\"contentUrl\":\"https:\/\/sanluisinforma.com\/wp-content\/uploads\/2026\/03\/sanluisinforma-V.jpg\",\"width\":500,\"height\":156,\"caption\":\"sanluisinforma.com\"},\"image\":{\"@id\":\"https:\/\/sanluisinforma.com\/#\/schema\/logo\/image\/\"}},{\"@type\":\"Person\",\"@id\":\"https:\/\/sanluisinforma.com\/#\/schema\/person\/c30648f71476be533b6f59d092905c8b\",\"name\":\"sanluisinforma.com\",\"image\":{\"@type\":\"ImageObject\",\"inLanguage\":\"es\",\"@id\":\"https:\/\/sanluisinforma.com\/#\/schema\/person\/image\/\",\"url\":\"https:\/\/secure.gravatar.com\/avatar\/86e3114e34a1eecefb963e0a02f0093f93b092dddb2fe1517596343751081a87?s=96&d=mm&r=g\",\"contentUrl\":\"https:\/\/secure.gravatar.com\/avatar\/86e3114e34a1eecefb963e0a02f0093f93b092dddb2fe1517596343751081a87?s=96&d=mm&r=g\",\"caption\":\"sanluisinforma.com\"},\"url\":\"https:\/\/sanluisinforma.com\/?author=2\"}]}<\/script>\n<!-- \/ Yoast SEO plugin. -->","yoast_head_json":{"title":"Enrique Galindo arranca el programa Escuela C\u00f3digo Amable - sanluisinforma.com","robots":{"index":"index","follow":"follow","max-snippet":"max-snippet:-1","max-image-preview":"max-image-preview:large","max-video-preview":"max-video-preview:-1"},"canonical":"https:\/\/sanluisinforma.com\/?p=21606","og_locale":"es_MX","og_type":"article","og_title":"Enrique Galindo arranca el programa Escuela C\u00f3digo Amable - sanluisinforma.com","og_description":"El Alcalde Enrique Galindo Ceballos destac\u00f3, durante el arranque del ciclo escolar, que este programa permitir\u00e1 identificar, actualizar y reciclar","og_url":"https:\/\/sanluisinforma.com\/?p=21606","og_site_name":"sanluisinforma.com","article_published_time":"2026-09-01T06:50:00+00:00","article_modified_time":"2026-09-01T05:45:37+00:00","og_image":[{"width":300,"height":199,"url":"https:\/\/sanluisinforma.com\/wp-content\/uploads\/2026\/08\/a1.jpg","type":"image\/jpeg"}],"author":"sanluisinforma.com","twitter_card":"summary_large_image","twitter_misc":{"Escrito por":"sanluisinforma.com","Tiempo de lectura":"3 minutos"},"schema":{"@context":"https:\/\/schema.org","@graph":[{"@type":"Article","@id":"https:\/\/sanluisinforma.com\/?p=21606#article","isPartOf":{"@id":"https:\/\/sanluisinforma.com\/?p=21606"},"author":{"name":"sanluisinforma.com","@id":"https:\/\/sanluisinforma.com\/#\/schema\/person\/c30648f71476be533b6f59d092905c8b"},"headline":"Enrique Galindo arranca el programa Escuela C\u00f3digo Amable","datePublished":"2026-09-01T06:50:00+00:00","dateModified":"2026-09-01T05:45:37+00:00","mainEntityOfPage":{"@id":"https:\/\/sanluisinforma.com\/?p=21606"},"wordCount":518,"publisher":{"@id":"https:\/\/sanluisinforma.com\/#organization"},"image":{"@id":"https:\/\/sanluisinforma.com\/?p=21606#primaryimage"},"thumbnailUrl":"https:\/\/sanluisinforma.com\/wp-content\/uploads\/2026\/08\/a1.jpg","articleSection":["Local","Portada"],"inLanguage":"es"},{"@type":"WebPage","@id":"https:\/\/sanluisinforma.com\/?p=21606","url":"https:\/\/sanluisinforma.com\/?p=21606","name":"Enrique Galindo arranca el programa Escuela C\u00f3digo Amable - sanluisinforma.com","isPartOf":{"@id":"https:\/\/sanluisinforma.com\/#website"},"primaryImageOfPage":{"@id":"https:\/\/sanluisinforma.com\/?p=21606#primaryimage"},"image":{"@id":"https:\/\/sanluisinforma.com\/?p=21606#primaryimage"},"thumbnailUrl":"https:\/\/sanluisinforma.com\/wp-content\/uploads\/2026\/08\/a1.jpg","datePublished":"2026-09-01T06:50:00+00:00","dateModified":"2026-09-01T05:45:37+00:00","breadcrumb":{"@id":"https:\/\/sanluisinforma.com\/?p=21606#breadcrumb"},"inLanguage":"es","potentialAction":[{"@type":"ReadAction","target":["https:\/\/sanluisinforma.com\/?p=21606"]}]},{"@type":"ImageObject","inLanguage":"es","@id":"https:\/\/sanluisinforma.com\/?p=21606#primaryimage","url":"https:\/\/sanluisinforma.com\/wp-content\/uploads\/2026\/08\/a1.jpg","contentUrl":"https:\/\/sanluisinforma.com\/wp-content\/uploads\/2026\/08\/a1.jpg","width":300,"height":199},{"@type":"BreadcrumbList","@id":"https:\/\/sanluisinforma.com\/?p=21606#breadcrumb","itemListElement":[{"@type":"ListItem","position":1,"name":"Inicio","item":"https:\/\/sanluisinforma.com\/"},{"@type":"ListItem","position":2,"name":"Enrique Galindo arranca el programa Escuela C\u00f3digo Amable"}]},{"@type":"WebSite","@id":"https:\/\/sanluisinforma.com\/#website","url":"https:\/\/sanluisinforma.com\/","name":"sanluisinforma.com","description":"Periodico San Luis Informa","publisher":{"@id":"https:\/\/sanluisinforma.com\/#organization"},"potentialAction":[{"@type":"SearchAction","target":{"@type":"EntryPoint","urlTemplate":"https:\/\/sanluisinforma.com\/?s={search_term_string}"},"query-input":{"@type":"PropertyValueSpecification","valueRequired":true,"valueName":"search_term_string"}}],"inLanguage":"es"},{"@type":"Organization","@id":"https:\/\/sanluisinforma.com\/#organization","name":"sanluisinforma.com","url":"https:\/\/sanluisinforma.com\/","logo":{"@type":"ImageObject","inLanguage":"es","@id":"https:\/\/sanluisinforma.com\/#\/schema\/logo\/image\/","url":"https:\/\/sanluisinforma.com\/wp-content\/uploads\/2026\/03\/sanluisinforma-V.jpg","contentUrl":"https:\/\/sanluisinforma.com\/wp-content\/uploads\/2026\/03\/sanluisinforma-V.jpg","width":500,"height":156,"caption":"sanluisinforma.com"},"image":{"@id":"https:\/\/sanluisinforma.com\/#\/schema\/logo\/image\/"}},{"@type":"Person","@id":"https:\/\/sanluisinforma.com\/#\/schema\/person\/c30648f71476be533b6f59d092905c8b","name":"sanluisinforma.com","image":{"@type":"ImageObject","inLanguage":"es","@id":"https:\/\/sanluisinforma.com\/#\/schema\/person\/image\/","url":"https:\/\/secure.gravatar.com\/avatar\/86e3114e34a1eecefb963e0a02f0093f93b092dddb2fe1517596343751081a87?s=96&d=mm&r=g","contentUrl":"https:\/\/secure.gravatar.com\/avatar\/86e3114e34a1eecefb963e0a02f0093f93b092dddb2fe1517596343751081a87?s=96&d=mm&r=g","caption":"sanluisinforma.com"},"url":"https:\/\/sanluisinforma.com\/?author=2"}]}},"_links":{"self":[{"href":"https:\/\/sanluisinforma.com\/index.php?rest_route=\/wp\/v2\/posts\/21606","targetHints":{"allow":["GET"]}}],"collection":[{"href":"https:\/\/sanluisinforma.com\/index.php?rest_route=\/wp\/v2\/posts"}],"about":[{"href":"https:\/\/sanluisinforma.com\/index.php?rest_route=\/wp\/v2\/types\/post"}],"author":[{"embeddable":true,"href":"https:\/\/sanluisinforma.com\/index.php?rest_route=\/wp\/v2\/users\/2"}],"replies":[{"embeddable":true,"href":"https:\/\/sanluisinforma.com\/index.php?rest_route=%2Fwp%2Fv2%2Fcomments&post=21606"}],"version-history":[{"count":1,"href":"https:\/\/sanluisinforma.com\/index.php?rest_route=\/wp\/v2\/posts\/21606\/revisions"}],"predecessor-version":[{"id":21608,"href":"https:\/\/sanluisinforma.com\/index.php?rest_route=\/wp\/v2\/posts\/21606\/revisions\/21608"}],"wp:featuredmedia":[{"embeddable":true,"href":"https:\/\/sanluisinforma.com\/index.php?rest_route=\/wp\/v2\/media\/21607"}],"wp:attachment":[{"href":"https:\/\/sanluisinforma.com\/index.php?rest_route=%2Fwp%2Fv2%2Fmedia&parent=21606"}],"wp:term":[{"taxonomy":"category","embeddable":true,"href":"https:\/\/sanluisinforma.com\/index.php?rest_route=%2Fwp%2Fv2%2Fcategories&post=21606"},{"taxonomy":"post_tag","embeddable":true,"href":"https:\/\/sanluisinforma.com\/index.php?rest_route=%2Fwp%2Fv2%2Ftags&post=21606"}],"curies":[{"name":"wp","href":"https:\/\/api.w.org\/{rel}","templated":true}]}}