{"id":21609,"date":"2026-09-01T00:45:00","date_gmt":"2026-09-01T06:45:00","guid":{"rendered":"https:\/\/sanluisinforma.com\/?p=21609"},"modified":"2026-08-31T23:45:49","modified_gmt":"2026-09-01T05:45:49","slug":"cabildo-municipal-reconoce-y-premia-a-bomberas-y-bomberos-del-ano","status":"publish","type":"post","link":"https:\/\/sanluisinforma.com\/?p=21609","title":{"rendered":"Cabildo Municipal reconoce y premia a Bomberas y Bomberos del a\u00f1o"},"content":{"rendered":"\n<p class=\"wp-block-paragraph\"><\/p>\n\n\n\n<ul class=\"wp-block-list\">\n<li>En sesi\u00f3n ordinaria de este lunes, el Alcalde Enrique Galindo Ceballos entreg\u00f3 los reconocimientos a Mar\u00eda de los \u00c1ngeles Garc\u00eda D\u00edaz y Adri\u00e1n Ibarra Garc\u00eda, ganadores del Premio Municipal de Bomberas y Bomberos \u201c\u00d3scar Francisco Benavente Li\u00f1\u00e1n\u201d 2026, as\u00ed como a Enrique Castillo Moreno y Juan Francisco Grimaldo Guti\u00e9rrez, por sus 30 a\u00f1os de servicio.<\/li>\n<\/ul>\n\n\n\n<p class=\"wp-block-paragraph\">El Cabildo de San Luis Potos\u00ed entreg\u00f3 a Mar\u00eda de los \u00c1ngeles Garc\u00eda D\u00edaz y Adri\u00e1n Ibarra Garc\u00eda el Premio Municipal de Bomberas y Bomberos \u201c\u00d3scar Francisco Benavente Li\u00f1\u00e1n\u201d 2026, en reconocimiento a su destacada labor, m\u00e9ritos y sacrificio diario en favor de las potosinas y potosinos. En el acto, el Alcalde Enrique Galindo Ceballos destac\u00f3 la vocaci\u00f3n y trayectoria de quienes integran el Heroico Cuerpo de Bomberos y su labor no solo en beneficio de la Capital, sino de toda la entidad e incluso de otros estados.<\/p>\n\n\n\n<p class=\"wp-block-paragraph\">El Alcalde Enrique Galindo Ceballos se\u00f1al\u00f3 que este reconocimiento, otorgado en representaci\u00f3n de toda la ciudad, hace justicia a una instituci\u00f3n cuyos integrantes protegen a San Luis Potos\u00ed y a sus habitantes con responsabilidad, entrega y una trayectoria de servicio. \u201cPor eso esperamos estar a la altura de las necesidades de este Heroico Cuerpo\u201d, expres\u00f3.<\/p>\n\n\n\n<p class=\"wp-block-paragraph\">Asimismo, el Cabildo en pleno, a petici\u00f3n del Regidor Rub\u00e9n Omar L\u00e1rraga Benavente, reconoci\u00f3 a los bomberos F\u00e9lix Enrique Castillo Moreno y Juan Francisco Grimaldo Guti\u00e9rrez por 30 a\u00f1os de servicio ininterrumpido, trayectoria en la que destacan las vidas salvadas y el legado que han construido en favor de la ciudadan\u00eda.<\/p>\n\n\n\n<p class=\"wp-block-paragraph\">Las personas ganadoras del Premio Municipal de Bomberas y Bomberos \u201c\u00d3scar Francisco Benavente Li\u00f1\u00e1n\u201d 2026 recibieron tambi\u00e9n un est\u00edmulo econ\u00f3mico, como parte de este reconocimiento a su trayectoria y m\u00e9ritos en el servicio.<\/p>\n\n\n\n<p class=\"wp-block-paragraph\">En sesi\u00f3n anterior de Cabildo se aprobaron pensiones de personal que cumpli\u00f3 28 y 30 a\u00f1os de servicio, presentadas por la Comisi\u00f3n de Pensiones y Asuntos Laborales, as\u00ed como las desincorporaciones de las Regidoras Beatriz Adriana Urbina Aguilar y Luz Magdalena Cisneros Jim\u00e9nez, y del Regidor Alejandro Fern\u00e1ndez Hern\u00e1ndez.<\/p>\n","protected":false},"excerpt":{"rendered":"<p>El Cabildo de San Luis Potos\u00ed entreg\u00f3 a Mar\u00eda de los \u00c1ngeles Garc\u00eda D\u00edaz y Adri\u00e1n Ibarra Garc\u00eda el Premio<\/p>\n","protected":false},"author":2,"featured_media":21610,"comment_status":"closed","ping_status":"closed","sticky":false,"template":"","format":"standard","meta":{"footnotes":""},"categories":[25,30],"tags":[],"class_list":["post-21609","post","type-post","status-publish","format-standard","has-post-thumbnail","hentry","category-local","category-portada"],"yoast_head":"<!-- This site is optimized with the Yoast SEO plugin v24.1 - https:\/\/yoast.com\/wordpress\/plugins\/seo\/ -->\n<title>Cabildo Municipal reconoce y premia a Bomberas y Bomberos del a\u00f1o - sanluisinforma.com<\/title>\n<meta name=\"robots\" content=\"index, follow, max-snippet:-1, max-image-preview:large, max-video-preview:-1\" \/>\n<link rel=\"canonical\" href=\"https:\/\/sanluisinforma.com\/?p=21609\" \/>\n<meta property=\"og:locale\" content=\"es_MX\" \/>\n<meta property=\"og:type\" content=\"article\" \/>\n<meta property=\"og:title\" content=\"Cabildo Municipal reconoce y premia a Bomberas y Bomberos del a\u00f1o - sanluisinforma.com\" \/>\n<meta property=\"og:description\" content=\"El Cabildo de San Luis Potos\u00ed entreg\u00f3 a Mar\u00eda de los \u00c1ngeles Garc\u00eda D\u00edaz y Adri\u00e1n Ibarra Garc\u00eda el Premio\" \/>\n<meta property=\"og:url\" content=\"https:\/\/sanluisinforma.com\/?p=21609\" \/>\n<meta property=\"og:site_name\" content=\"sanluisinforma.com\" \/>\n<meta property=\"article:published_time\" content=\"2026-09-01T06:45:00+00:00\" \/>\n<meta property=\"article:modified_time\" content=\"2026-09-01T05:45:49+00:00\" \/>\n<meta property=\"og:image\" content=\"https:\/\/sanluisinforma.com\/wp-content\/uploads\/2026\/08\/vb-1.jpg\" \/>\n\t<meta property=\"og:image:width\" content=\"300\" \/>\n\t<meta property=\"og:image:height\" content=\"199\" \/>\n\t<meta property=\"og:image:type\" content=\"image\/jpeg\" \/>\n<meta name=\"author\" content=\"sanluisinforma.com\" \/>\n<meta name=\"twitter:card\" content=\"summary_large_image\" \/>\n<meta name=\"twitter:label1\" content=\"Escrito por\" \/>\n\t<meta name=\"twitter:data1\" content=\"sanluisinforma.com\" \/>\n\t<meta name=\"twitter:label2\" content=\"Tiempo de lectura\" \/>\n\t<meta name=\"twitter:data2\" content=\"2 minutos\" \/>\n<script type=\"application\/ld+json\" class=\"yoast-schema-graph\">{\"@context\":\"https:\/\/schema.org\",\"@graph\":[{\"@type\":\"Article\",\"@id\":\"https:\/\/sanluisinforma.com\/?p=21609#article\",\"isPartOf\":{\"@id\":\"https:\/\/sanluisinforma.com\/?p=21609\"},\"author\":{\"name\":\"sanluisinforma.com\",\"@id\":\"https:\/\/sanluisinforma.com\/#\/schema\/person\/c30648f71476be533b6f59d092905c8b\"},\"headline\":\"Cabildo Municipal reconoce y premia a Bomberas y Bomberos del a\u00f1o\",\"datePublished\":\"2026-09-01T06:45:00+00:00\",\"dateModified\":\"2026-09-01T05:45:49+00:00\",\"mainEntityOfPage\":{\"@id\":\"https:\/\/sanluisinforma.com\/?p=21609\"},\"wordCount\":374,\"publisher\":{\"@id\":\"https:\/\/sanluisinforma.com\/#organization\"},\"image\":{\"@id\":\"https:\/\/sanluisinforma.com\/?p=21609#primaryimage\"},\"thumbnailUrl\":\"https:\/\/sanluisinforma.com\/wp-content\/uploads\/2026\/08\/vb-1.jpg\",\"articleSection\":[\"Local\",\"Portada\"],\"inLanguage\":\"es\"},{\"@type\":\"WebPage\",\"@id\":\"https:\/\/sanluisinforma.com\/?p=21609\",\"url\":\"https:\/\/sanluisinforma.com\/?p=21609\",\"name\":\"Cabildo Municipal reconoce y premia a Bomberas y Bomberos del a\u00f1o - sanluisinforma.com\",\"isPartOf\":{\"@id\":\"https:\/\/sanluisinforma.com\/#website\"},\"primaryImageOfPage\":{\"@id\":\"https:\/\/sanluisinforma.com\/?p=21609#primaryimage\"},\"image\":{\"@id\":\"https:\/\/sanluisinforma.com\/?p=21609#primaryimage\"},\"thumbnailUrl\":\"https:\/\/sanluisinforma.com\/wp-content\/uploads\/2026\/08\/vb-1.jpg\",\"datePublished\":\"2026-09-01T06:45:00+00:00\",\"dateModified\":\"2026-09-01T05:45:49+00:00\",\"breadcrumb\":{\"@id\":\"https:\/\/sanluisinforma.com\/?p=21609#breadcrumb\"},\"inLanguage\":\"es\",\"potentialAction\":[{\"@type\":\"ReadAction\",\"target\":[\"https:\/\/sanluisinforma.com\/?p=21609\"]}]},{\"@type\":\"ImageObject\",\"inLanguage\":\"es\",\"@id\":\"https:\/\/sanluisinforma.com\/?p=21609#primaryimage\",\"url\":\"https:\/\/sanluisinforma.com\/wp-content\/uploads\/2026\/08\/vb-1.jpg\",\"contentUrl\":\"https:\/\/sanluisinforma.com\/wp-content\/uploads\/2026\/08\/vb-1.jpg\",\"width\":300,\"height\":199},{\"@type\":\"BreadcrumbList\",\"@id\":\"https:\/\/sanluisinforma.com\/?p=21609#breadcrumb\",\"itemListElement\":[{\"@type\":\"ListItem\",\"position\":1,\"name\":\"Inicio\",\"item\":\"https:\/\/sanluisinforma.com\/\"},{\"@type\":\"ListItem\",\"position\":2,\"name\":\"Cabildo Municipal reconoce y premia a Bomberas y Bomberos del a\u00f1o\"}]},{\"@type\":\"WebSite\",\"@id\":\"https:\/\/sanluisinforma.com\/#website\",\"url\":\"https:\/\/sanluisinforma.com\/\",\"name\":\"sanluisinforma.com\",\"description\":\"Periodico San Luis Informa\",\"publisher\":{\"@id\":\"https:\/\/sanluisinforma.com\/#organization\"},\"potentialAction\":[{\"@type\":\"SearchAction\",\"target\":{\"@type\":\"EntryPoint\",\"urlTemplate\":\"https:\/\/sanluisinforma.com\/?s={search_term_string}\"},\"query-input\":{\"@type\":\"PropertyValueSpecification\",\"valueRequired\":true,\"valueName\":\"search_term_string\"}}],\"inLanguage\":\"es\"},{\"@type\":\"Organization\",\"@id\":\"https:\/\/sanluisinforma.com\/#organization\",\"name\":\"sanluisinforma.com\",\"url\":\"https:\/\/sanluisinforma.com\/\",\"logo\":{\"@type\":\"ImageObject\",\"inLanguage\":\"es\",\"@id\":\"https:\/\/sanluisinforma.com\/#\/schema\/logo\/image\/\",\"url\":\"https:\/\/sanluisinforma.com\/wp-content\/uploads\/2026\/03\/sanluisinforma-V.jpg\",\"contentUrl\":\"https:\/\/sanluisinforma.com\/wp-content\/uploads\/2026\/03\/sanluisinforma-V.jpg\",\"width\":500,\"height\":156,\"caption\":\"sanluisinforma.com\"},\"image\":{\"@id\":\"https:\/\/sanluisinforma.com\/#\/schema\/logo\/image\/\"}},{\"@type\":\"Person\",\"@id\":\"https:\/\/sanluisinforma.com\/#\/schema\/person\/c30648f71476be533b6f59d092905c8b\",\"name\":\"sanluisinforma.com\",\"image\":{\"@type\":\"ImageObject\",\"inLanguage\":\"es\",\"@id\":\"https:\/\/sanluisinforma.com\/#\/schema\/person\/image\/\",\"url\":\"https:\/\/secure.gravatar.com\/avatar\/86e3114e34a1eecefb963e0a02f0093f93b092dddb2fe1517596343751081a87?s=96&d=mm&r=g\",\"contentUrl\":\"https:\/\/secure.gravatar.com\/avatar\/86e3114e34a1eecefb963e0a02f0093f93b092dddb2fe1517596343751081a87?s=96&d=mm&r=g\",\"caption\":\"sanluisinforma.com\"},\"url\":\"https:\/\/sanluisinforma.com\/?author=2\"}]}<\/script>\n<!-- \/ Yoast SEO plugin. -->","yoast_head_json":{"title":"Cabildo Municipal reconoce y premia a Bomberas y Bomberos del a\u00f1o - sanluisinforma.com","robots":{"index":"index","follow":"follow","max-snippet":"max-snippet:-1","max-image-preview":"max-image-preview:large","max-video-preview":"max-video-preview:-1"},"canonical":"https:\/\/sanluisinforma.com\/?p=21609","og_locale":"es_MX","og_type":"article","og_title":"Cabildo Municipal reconoce y premia a Bomberas y Bomberos del a\u00f1o - sanluisinforma.com","og_description":"El Cabildo de San Luis Potos\u00ed entreg\u00f3 a Mar\u00eda de los \u00c1ngeles Garc\u00eda D\u00edaz y Adri\u00e1n Ibarra Garc\u00eda el Premio","og_url":"https:\/\/sanluisinforma.com\/?p=21609","og_site_name":"sanluisinforma.com","article_published_time":"2026-09-01T06:45:00+00:00","article_modified_time":"2026-09-01T05:45:49+00:00","og_image":[{"width":300,"height":199,"url":"https:\/\/sanluisinforma.com\/wp-content\/uploads\/2026\/08\/vb-1.jpg","type":"image\/jpeg"}],"author":"sanluisinforma.com","twitter_card":"summary_large_image","twitter_misc":{"Escrito por":"sanluisinforma.com","Tiempo de lectura":"2 minutos"},"schema":{"@context":"https:\/\/schema.org","@graph":[{"@type":"Article","@id":"https:\/\/sanluisinforma.com\/?p=21609#article","isPartOf":{"@id":"https:\/\/sanluisinforma.com\/?p=21609"},"author":{"name":"sanluisinforma.com","@id":"https:\/\/sanluisinforma.com\/#\/schema\/person\/c30648f71476be533b6f59d092905c8b"},"headline":"Cabildo Municipal reconoce y premia a Bomberas y Bomberos del a\u00f1o","datePublished":"2026-09-01T06:45:00+00:00","dateModified":"2026-09-01T05:45:49+00:00","mainEntityOfPage":{"@id":"https:\/\/sanluisinforma.com\/?p=21609"},"wordCount":374,"publisher":{"@id":"https:\/\/sanluisinforma.com\/#organization"},"image":{"@id":"https:\/\/sanluisinforma.com\/?p=21609#primaryimage"},"thumbnailUrl":"https:\/\/sanluisinforma.com\/wp-content\/uploads\/2026\/08\/vb-1.jpg","articleSection":["Local","Portada"],"inLanguage":"es"},{"@type":"WebPage","@id":"https:\/\/sanluisinforma.com\/?p=21609","url":"https:\/\/sanluisinforma.com\/?p=21609","name":"Cabildo Municipal reconoce y premia a Bomberas y Bomberos del a\u00f1o - sanluisinforma.com","isPartOf":{"@id":"https:\/\/sanluisinforma.com\/#website"},"primaryImageOfPage":{"@id":"https:\/\/sanluisinforma.com\/?p=21609#primaryimage"},"image":{"@id":"https:\/\/sanluisinforma.com\/?p=21609#primaryimage"},"thumbnailUrl":"https:\/\/sanluisinforma.com\/wp-content\/uploads\/2026\/08\/vb-1.jpg","datePublished":"2026-09-01T06:45:00+00:00","dateModified":"2026-09-01T05:45:49+00:00","breadcrumb":{"@id":"https:\/\/sanluisinforma.com\/?p=21609#breadcrumb"},"inLanguage":"es","potentialAction":[{"@type":"ReadAction","target":["https:\/\/sanluisinforma.com\/?p=21609"]}]},{"@type":"ImageObject","inLanguage":"es","@id":"https:\/\/sanluisinforma.com\/?p=21609#primaryimage","url":"https:\/\/sanluisinforma.com\/wp-content\/uploads\/2026\/08\/vb-1.jpg","contentUrl":"https:\/\/sanluisinforma.com\/wp-content\/uploads\/2026\/08\/vb-1.jpg","width":300,"height":199},{"@type":"BreadcrumbList","@id":"https:\/\/sanluisinforma.com\/?p=21609#breadcrumb","itemListElement":[{"@type":"ListItem","position":1,"name":"Inicio","item":"https:\/\/sanluisinforma.com\/"},{"@type":"ListItem","position":2,"name":"Cabildo Municipal reconoce y premia a Bomberas y Bomberos del a\u00f1o"}]},{"@type":"WebSite","@id":"https:\/\/sanluisinforma.com\/#website","url":"https:\/\/sanluisinforma.com\/","name":"sanluisinforma.com","description":"Periodico San Luis Informa","publisher":{"@id":"https:\/\/sanluisinforma.com\/#organization"},"potentialAction":[{"@type":"SearchAction","target":{"@type":"EntryPoint","urlTemplate":"https:\/\/sanluisinforma.com\/?s={search_term_string}"},"query-input":{"@type":"PropertyValueSpecification","valueRequired":true,"valueName":"search_term_string"}}],"inLanguage":"es"},{"@type":"Organization","@id":"https:\/\/sanluisinforma.com\/#organization","name":"sanluisinforma.com","url":"https:\/\/sanluisinforma.com\/","logo":{"@type":"ImageObject","inLanguage":"es","@id":"https:\/\/sanluisinforma.com\/#\/schema\/logo\/image\/","url":"https:\/\/sanluisinforma.com\/wp-content\/uploads\/2026\/03\/sanluisinforma-V.jpg","contentUrl":"https:\/\/sanluisinforma.com\/wp-content\/uploads\/2026\/03\/sanluisinforma-V.jpg","width":500,"height":156,"caption":"sanluisinforma.com"},"image":{"@id":"https:\/\/sanluisinforma.com\/#\/schema\/logo\/image\/"}},{"@type":"Person","@id":"https:\/\/sanluisinforma.com\/#\/schema\/person\/c30648f71476be533b6f59d092905c8b","name":"sanluisinforma.com","image":{"@type":"ImageObject","inLanguage":"es","@id":"https:\/\/sanluisinforma.com\/#\/schema\/person\/image\/","url":"https:\/\/secure.gravatar.com\/avatar\/86e3114e34a1eecefb963e0a02f0093f93b092dddb2fe1517596343751081a87?s=96&d=mm&r=g","contentUrl":"https:\/\/secure.gravatar.com\/avatar\/86e3114e34a1eecefb963e0a02f0093f93b092dddb2fe1517596343751081a87?s=96&d=mm&r=g","caption":"sanluisinforma.com"},"url":"https:\/\/sanluisinforma.com\/?author=2"}]}},"_links":{"self":[{"href":"https:\/\/sanluisinforma.com\/index.php?rest_route=\/wp\/v2\/posts\/21609","targetHints":{"allow":["GET"]}}],"collection":[{"href":"https:\/\/sanluisinforma.com\/index.php?rest_route=\/wp\/v2\/posts"}],"about":[{"href":"https:\/\/sanluisinforma.com\/index.php?rest_route=\/wp\/v2\/types\/post"}],"author":[{"embeddable":true,"href":"https:\/\/sanluisinforma.com\/index.php?rest_route=\/wp\/v2\/users\/2"}],"replies":[{"embeddable":true,"href":"https:\/\/sanluisinforma.com\/index.php?rest_route=%2Fwp%2Fv2%2Fcomments&post=21609"}],"version-history":[{"count":1,"href":"https:\/\/sanluisinforma.com\/index.php?rest_route=\/wp\/v2\/posts\/21609\/revisions"}],"predecessor-version":[{"id":21611,"href":"https:\/\/sanluisinforma.com\/index.php?rest_route=\/wp\/v2\/posts\/21609\/revisions\/21611"}],"wp:featuredmedia":[{"embeddable":true,"href":"https:\/\/sanluisinforma.com\/index.php?rest_route=\/wp\/v2\/media\/21610"}],"wp:attachment":[{"href":"https:\/\/sanluisinforma.com\/index.php?rest_route=%2Fwp%2Fv2%2Fmedia&parent=21609"}],"wp:term":[{"taxonomy":"category","embeddable":true,"href":"https:\/\/sanluisinforma.com\/index.php?rest_route=%2Fwp%2Fv2%2Fcategories&post=21609"},{"taxonomy":"post_tag","embeddable":true,"href":"https:\/\/sanluisinforma.com\/index.php?rest_route=%2Fwp%2Fv2%2Ftags&post=21609"}],"curies":[{"name":"wp","href":"https:\/\/api.w.org\/{rel}","templated":true}]}}